{"id":8802,"date":"2017-05-03T12:41:53","date_gmt":"2017-05-03T12:41:53","guid":{"rendered":"https:\/\/www.cfm.co.mz\/2017\/05\/03\/cfm-lanca-concurso-infantil-em-celebracao-aos-dias-do-trabalhador-e-da-crianca\/"},"modified":"2017-05-03T12:41:53","modified_gmt":"2017-05-03T12:41:53","slug":"cfm-lanca-concurso-infantil-em-celebracao-aos-dias-do-trabalhador-e-da-crianca","status":"publish","type":"post","link":"https:\/\/www.cfm.co.mz\/en\/2017\/05\/03\/cfm-lanca-concurso-infantil-em-celebracao-aos-dias-do-trabalhador-e-da-crianca\/","title":{"rendered":"CFM lan\u00e7a concurso infantil em celebra\u00e7\u00e3o aos dias do Trabalhador e da Crian\u00e7a"},"content":{"rendered":"<p style=\"text-align: justify;\"><a class=\"jcepopup icon-bottom-right\" type=\"image\" href=\"http:\/\/www.cfm.co.mz\/wp-content\/uploads\/2017\/05\/1_de_Junho_Segunda_Foto-scaled.jpg\" target=\"_blank\" data-mediabox=\"width[800]\" rel=\"noopener\"><img decoding=\"async\" style=\"margin: 5px; float: left;\" src=\"http:\/\/www.cfm.co.mz\/wp-content\/uploads\/2017\/05\/1_de_Junho_Segunda_Foto-scaled.jpg\" alt=\"1 de Junho Segunda Foto\" width=\"250\" height=\"175\" \/><\/a>Sob <em>slogan<\/em> <strong>\u201cEu gosto da profiss\u00e3o do meu pai\/m\u00e3e\u201d<\/strong>, a empresa Portos e Caminhos de Ferro de Mo\u00e7ambique (CFM) est\u00e1 a lan\u00e7ar um concurso nacional de Desenho\/Pintura ou Escrita (poesia) destinado aos filhos e netos dos trabalhadores dos CFM, um acto que se entende como homenagem aos trabalhadores por ocasi\u00e3o do Dia Internacional dos Trabalhadores.<\/p>\n<p><!--more--><\/p>\n<p style=\"text-align: justify;\">A iniciativa que abrange crian\u00e7as com idade compreendida entre os 7 e 12 anos, pretende motivar e valorizar as profiss\u00f5es do trabalhador ferro-portu\u00e1rio, bem como despertar voca\u00e7\u00f5es profissionais das crian\u00e7as de tenra idade no campo ferro-portu\u00e1rio. Constitui ainda um acto de cidadania e de promo\u00e7\u00e3o de auto-estima nas crian\u00e7as e nos adultos pelo que fazem para o desenvolvimento do seu pa\u00eds.<br \/><a class=\"jcepopup icon-bottom-right\" type=\"image\" href=\"http:\/\/www.cfm.co.mz\/wp-content\/uploads\/2017\/05\/1_de_Junho_Primeira_Foto-scaled.jpg\" target=\"_blank\" data-mediabox=\"width[800]\" rel=\"noopener\"><img decoding=\"async\" style=\"margin: 5px; float: right;\" src=\"http:\/\/www.cfm.co.mz\/wp-content\/uploads\/2017\/05\/1_de_Junho_Primeira_Foto-scaled.jpg\" alt=\"1 de Junho Primeira Foto\" width=\"250\" height=\"167\" \/><\/a>Os interessados em participar dever\u00e3o apresentar os seus trabalhos em apenas uma das duas categorias acima mencionadas, retratando, de forma in\u00e9dita e com recurso a todo o tipo de materiais e t\u00e9cnicas de execu\u00e7\u00e3o, sobre um tema relacionado com qualquer actividade que o pai ou a m\u00e3e ou ainda av\u00f4 executa nos CFM.<br \/>Os trabalhos dever\u00e3o ser enviados at\u00e9 o dia 22 de Maio do ano em curso junto do Gabinete de Comunica\u00e7\u00e3o e Imagem em Maputo, e nas Direc\u00e7\u00f5es Executivas da Beira e Nampula nas zonas Centro e Norte, respectivamente.<br \/>Para assegurar maior objectividade ao concurso, os trabalhos devem ser em dois exemplares assinados no verso com um pseud\u00f3nimo (sem indicar o nome pr\u00f3prio) e apresenta-los em envelopes fechados e assinados com o nome verdadeiro em que no acto de entrega, os concorrentes receber\u00e3o um c\u00f3digo que \u00e9 recomendado a ser conservado num lugar seguro pelo concorrente.<br \/>O an\u00fancio dos vencedores e entrega dos pr\u00e9mios ser\u00e1 no dia 1 de Junho, Dia Internacional da Crian\u00e7a e mais detalhes sobre o concurso est\u00e3o afixados nas direc\u00e7\u00f5es regionais dos CFM.<\/p>","protected":false},"excerpt":{"rendered":"<p>Sob slogan \u201cEu gosto da profiss\u00e3o do meu pai\/m\u00e3e\u201d, a empresa Portos e Caminhos de Ferro de Mo\u00e7ambique (CFM) est\u00e1 a lan\u00e7ar um concurso nacional de Desenho\/Pintura ou Escrita (poesia) destinado aos filhos e netos dos trabalhadores dos CFM, um acto que se entende como homenagem aos trabalhadores por ocasi\u00e3o do Dia Internacional dos Trabalhadores.<\/p>","protected":false},"author":94,"featured_media":8800,"comment_status":"open","ping_status":"open","sticky":false,"template":"","format":"standard","meta":{"_acf_changed":false,"pgc_sgb_lightbox_settings":"","footnotes":""},"categories":[680],"tags":[],"class_list":["post-8802","post","type-post","status-publish","format-standard","has-post-thumbnail","hentry","category-noticias"],"acf":[],"yoast_head":"<!-- This site is optimized with the Yoast SEO plugin v26.5 - https:\/\/yoast.com\/wordpress\/plugins\/seo\/ -->\n<title>CFM lan\u00e7a concurso infantil em celebra\u00e7\u00e3o aos dias do Trabalhador e da Crian\u00e7a - CFM - Caminhos De Ferros de Mo\u00e7ambique<\/title>\n<meta name=\"robots\" content=\"index, follow, max-snippet:-1, max-image-preview:large, max-video-preview:-1\" \/>\n<link rel=\"canonical\" href=\"https:\/\/www.cfm.co.mz\/en\/2017\/05\/03\/cfm-lanca-concurso-infantil-em-celebracao-aos-dias-do-trabalhador-e-da-crianca\/\" \/>\n<meta property=\"og:locale\" content=\"en_US\" \/>\n<meta property=\"og:type\" content=\"article\" \/>\n<meta property=\"og:title\" content=\"CFM lan\u00e7a concurso infantil em celebra\u00e7\u00e3o aos dias do Trabalhador e da Crian\u00e7a - CFM - Caminhos De Ferros de Mo\u00e7ambique\" \/>\n<meta property=\"og:description\" content=\"Sob slogan \u201cEu gosto da profiss\u00e3o do meu pai\/m\u00e3e\u201d, a empresa Portos e Caminhos de Ferro de Mo\u00e7ambique (CFM) est\u00e1 a lan\u00e7ar um concurso nacional de Desenho\/Pintura ou Escrita (poesia) destinado aos filhos e netos dos trabalhadores dos CFM, um acto que se entende como homenagem aos trabalhadores por ocasi\u00e3o do Dia Internacional dos Trabalhadores.\" \/>\n<meta property=\"og:url\" content=\"https:\/\/www.cfm.co.mz\/en\/2017\/05\/03\/cfm-lanca-concurso-infantil-em-celebracao-aos-dias-do-trabalhador-e-da-crianca\/\" \/>\n<meta property=\"og:site_name\" content=\"CFM - Caminhos De Ferros de Mo\u00e7ambique\" \/>\n<meta property=\"article:publisher\" content=\"https:\/\/www.facebook.com\/CFMMoz\" \/>\n<meta property=\"article:published_time\" content=\"2017-05-03T12:41:53+00:00\" \/>\n<meta property=\"og:image\" content=\"https:\/\/www.cfm.co.mz\/wp-content\/uploads\/2017\/05\/1_de_Junho_Segunda_Foto-scaled.jpg\" \/>\n\t<meta property=\"og:image:width\" content=\"2560\" \/>\n\t<meta property=\"og:image:height\" content=\"1795\" \/>\n\t<meta property=\"og:image:type\" content=\"image\/jpeg\" \/>\n<meta name=\"author\" content=\"D\u00e9rcio Badru\" \/>\n<meta name=\"twitter:card\" content=\"summary_large_image\" \/>\n<meta name=\"twitter:label1\" content=\"Written by\" \/>\n\t<meta name=\"twitter:data1\" content=\"D\u00e9rcio Badru\" \/>\n\t<meta name=\"twitter:label2\" content=\"Est. reading time\" \/>\n\t<meta name=\"twitter:data2\" content=\"2 minutes\" \/>\n<script type=\"application\/ld+json\" class=\"yoast-schema-graph\">{\"@context\":\"https:\/\/schema.org\",\"@graph\":[{\"@type\":\"Article\",\"@id\":\"https:\/\/www.cfm.co.mz\/2017\/05\/03\/cfm-lanca-concurso-infantil-em-celebracao-aos-dias-do-trabalhador-e-da-crianca\/#article\",\"isPartOf\":{\"@id\":\"https:\/\/www.cfm.co.mz\/2017\/05\/03\/cfm-lanca-concurso-infantil-em-celebracao-aos-dias-do-trabalhador-e-da-crianca\/\"},\"author\":{\"name\":\"D\u00e9rcio Badru\",\"@id\":\"https:\/\/www.cfm.co.mz\/#\/schema\/person\/1bb663f3c59dc61900f6f9b1c2b53552\"},\"headline\":\"CFM lan\u00e7a concurso infantil em celebra\u00e7\u00e3o aos dias do Trabalhador e da Crian\u00e7a\",\"datePublished\":\"2017-05-03T12:41:53+00:00\",\"mainEntityOfPage\":{\"@id\":\"https:\/\/www.cfm.co.mz\/2017\/05\/03\/cfm-lanca-concurso-infantil-em-celebracao-aos-dias-do-trabalhador-e-da-crianca\/\"},\"wordCount\":339,\"commentCount\":0,\"publisher\":{\"@id\":\"https:\/\/www.cfm.co.mz\/#organization\"},\"image\":{\"@id\":\"https:\/\/www.cfm.co.mz\/2017\/05\/03\/cfm-lanca-concurso-infantil-em-celebracao-aos-dias-do-trabalhador-e-da-crianca\/#primaryimage\"},\"thumbnailUrl\":\"https:\/\/www.cfm.co.mz\/wp-content\/uploads\/2017\/05\/1_de_Junho_Segunda_Foto-scaled.jpg\",\"articleSection\":[\"Noticias\"],\"inLanguage\":\"en-US\",\"potentialAction\":[{\"@type\":\"CommentAction\",\"name\":\"Comment\",\"target\":[\"https:\/\/www.cfm.co.mz\/2017\/05\/03\/cfm-lanca-concurso-infantil-em-celebracao-aos-dias-do-trabalhador-e-da-crianca\/#respond\"]}]},{\"@type\":\"WebPage\",\"@id\":\"https:\/\/www.cfm.co.mz\/2017\/05\/03\/cfm-lanca-concurso-infantil-em-celebracao-aos-dias-do-trabalhador-e-da-crianca\/\",\"url\":\"https:\/\/www.cfm.co.mz\/2017\/05\/03\/cfm-lanca-concurso-infantil-em-celebracao-aos-dias-do-trabalhador-e-da-crianca\/\",\"name\":\"CFM lan\u00e7a concurso infantil em celebra\u00e7\u00e3o aos dias do Trabalhador e da Crian\u00e7a - CFM - Caminhos De Ferros de Mo\u00e7ambique\",\"isPartOf\":{\"@id\":\"https:\/\/www.cfm.co.mz\/#website\"},\"primaryImageOfPage\":{\"@id\":\"https:\/\/www.cfm.co.mz\/2017\/05\/03\/cfm-lanca-concurso-infantil-em-celebracao-aos-dias-do-trabalhador-e-da-crianca\/#primaryimage\"},\"image\":{\"@id\":\"https:\/\/www.cfm.co.mz\/2017\/05\/03\/cfm-lanca-concurso-infantil-em-celebracao-aos-dias-do-trabalhador-e-da-crianca\/#primaryimage\"},\"thumbnailUrl\":\"https:\/\/www.cfm.co.mz\/wp-content\/uploads\/2017\/05\/1_de_Junho_Segunda_Foto-scaled.jpg\",\"datePublished\":\"2017-05-03T12:41:53+00:00\",\"breadcrumb\":{\"@id\":\"https:\/\/www.cfm.co.mz\/2017\/05\/03\/cfm-lanca-concurso-infantil-em-celebracao-aos-dias-do-trabalhador-e-da-crianca\/#breadcrumb\"},\"inLanguage\":\"en-US\",\"potentialAction\":[{\"@type\":\"ReadAction\",\"target\":[\"https:\/\/www.cfm.co.mz\/2017\/05\/03\/cfm-lanca-concurso-infantil-em-celebracao-aos-dias-do-trabalhador-e-da-crianca\/\"]}]},{\"@type\":\"ImageObject\",\"inLanguage\":\"en-US\",\"@id\":\"https:\/\/www.cfm.co.mz\/2017\/05\/03\/cfm-lanca-concurso-infantil-em-celebracao-aos-dias-do-trabalhador-e-da-crianca\/#primaryimage\",\"url\":\"https:\/\/www.cfm.co.mz\/wp-content\/uploads\/2017\/05\/1_de_Junho_Segunda_Foto-scaled.jpg\",\"contentUrl\":\"https:\/\/www.cfm.co.mz\/wp-content\/uploads\/2017\/05\/1_de_Junho_Segunda_Foto-scaled.jpg\",\"width\":2560,\"height\":1795,\"caption\":\"1 de Junho Segunda Foto\"},{\"@type\":\"BreadcrumbList\",\"@id\":\"https:\/\/www.cfm.co.mz\/2017\/05\/03\/cfm-lanca-concurso-infantil-em-celebracao-aos-dias-do-trabalhador-e-da-crianca\/#breadcrumb\",\"itemListElement\":[{\"@type\":\"ListItem\",\"position\":1,\"name\":\"Home\",\"item\":\"https:\/\/www.cfm.co.mz\/\"},{\"@type\":\"ListItem\",\"position\":2,\"name\":\"CFM lan\u00e7a concurso infantil em celebra\u00e7\u00e3o aos dias do Trabalhador e da Crian\u00e7a\"}]},{\"@type\":\"WebSite\",\"@id\":\"https:\/\/www.cfm.co.mz\/#website\",\"url\":\"https:\/\/www.cfm.co.mz\/\",\"name\":\"CFM - Caminhos De Ferros de Mo\u00e7ambique\",\"description\":\"Ampliando Horizontes\",\"publisher\":{\"@id\":\"https:\/\/www.cfm.co.mz\/#organization\"},\"potentialAction\":[{\"@type\":\"SearchAction\",\"target\":{\"@type\":\"EntryPoint\",\"urlTemplate\":\"https:\/\/www.cfm.co.mz\/?s={search_term_string}\"},\"query-input\":{\"@type\":\"PropertyValueSpecification\",\"valueRequired\":true,\"valueName\":\"search_term_string\"}}],\"inLanguage\":\"en-US\"},{\"@type\":\"Organization\",\"@id\":\"https:\/\/www.cfm.co.mz\/#organization\",\"name\":\"CFM - Caminhos De Ferros de Mo\u00e7ambique\",\"url\":\"https:\/\/www.cfm.co.mz\/\",\"logo\":{\"@type\":\"ImageObject\",\"inLanguage\":\"en-US\",\"@id\":\"https:\/\/www.cfm.co.mz\/#\/schema\/logo\/image\/\",\"url\":\"https:\/\/www.cfm.co.mz\/wp-content\/uploads\/2025\/07\/be5f0679-4f5b-4d02-9719-a26ceed29162.jpg\",\"contentUrl\":\"https:\/\/www.cfm.co.mz\/wp-content\/uploads\/2025\/07\/be5f0679-4f5b-4d02-9719-a26ceed29162.jpg\",\"width\":400,\"height\":65,\"caption\":\"CFM - Caminhos De Ferros de Mo\u00e7ambique\"},\"image\":{\"@id\":\"https:\/\/www.cfm.co.mz\/#\/schema\/logo\/image\/\"},\"sameAs\":[\"https:\/\/www.facebook.com\/CFMMoz\",\"https:\/\/www.linkedin.com\/company\/caminhos-de-ferro-de-moambique\/\"]},{\"@type\":\"Person\",\"@id\":\"https:\/\/www.cfm.co.mz\/#\/schema\/person\/1bb663f3c59dc61900f6f9b1c2b53552\",\"name\":\"D\u00e9rcio Badru\",\"image\":{\"@type\":\"ImageObject\",\"inLanguage\":\"en-US\",\"@id\":\"https:\/\/www.cfm.co.mz\/#\/schema\/person\/image\/\",\"url\":\"https:\/\/www.cfm.co.mz\/wp-content\/litespeed\/avatar\/be89d6955942d7259ef76de4577d21b3.jpg?ver=1777454359\",\"contentUrl\":\"https:\/\/www.cfm.co.mz\/wp-content\/litespeed\/avatar\/be89d6955942d7259ef76de4577d21b3.jpg?ver=1777454359\",\"caption\":\"D\u00e9rcio Badru\"},\"url\":\"https:\/\/www.cfm.co.mz\/en\/author\/dercio\/\"}]}<\/script>\n<!-- \/ Yoast SEO plugin. -->","yoast_head_json":{"title":"CFM lan\u00e7a concurso infantil em celebra\u00e7\u00e3o aos dias do Trabalhador e da Crian\u00e7a - CFM - Caminhos De Ferros de Mo\u00e7ambique","robots":{"index":"index","follow":"follow","max-snippet":"max-snippet:-1","max-image-preview":"max-image-preview:large","max-video-preview":"max-video-preview:-1"},"canonical":"https:\/\/www.cfm.co.mz\/en\/2017\/05\/03\/cfm-lanca-concurso-infantil-em-celebracao-aos-dias-do-trabalhador-e-da-crianca\/","og_locale":"en_US","og_type":"article","og_title":"CFM lan\u00e7a concurso infantil em celebra\u00e7\u00e3o aos dias do Trabalhador e da Crian\u00e7a - CFM - Caminhos De Ferros de Mo\u00e7ambique","og_description":"Sob slogan \u201cEu gosto da profiss\u00e3o do meu pai\/m\u00e3e\u201d, a empresa Portos e Caminhos de Ferro de Mo\u00e7ambique (CFM) est\u00e1 a lan\u00e7ar um concurso nacional de Desenho\/Pintura ou Escrita (poesia) destinado aos filhos e netos dos trabalhadores dos CFM, um acto que se entende como homenagem aos trabalhadores por ocasi\u00e3o do Dia Internacional dos Trabalhadores.","og_url":"https:\/\/www.cfm.co.mz\/en\/2017\/05\/03\/cfm-lanca-concurso-infantil-em-celebracao-aos-dias-do-trabalhador-e-da-crianca\/","og_site_name":"CFM - Caminhos De Ferros de Mo\u00e7ambique","article_publisher":"https:\/\/www.facebook.com\/CFMMoz","article_published_time":"2017-05-03T12:41:53+00:00","og_image":[{"width":2560,"height":1795,"url":"https:\/\/www.cfm.co.mz\/wp-content\/uploads\/2017\/05\/1_de_Junho_Segunda_Foto-scaled.jpg","type":"image\/jpeg"}],"author":"D\u00e9rcio Badru","twitter_card":"summary_large_image","twitter_misc":{"Written by":"D\u00e9rcio Badru","Est. reading time":"2 minutes"},"schema":{"@context":"https:\/\/schema.org","@graph":[{"@type":"Article","@id":"https:\/\/www.cfm.co.mz\/2017\/05\/03\/cfm-lanca-concurso-infantil-em-celebracao-aos-dias-do-trabalhador-e-da-crianca\/#article","isPartOf":{"@id":"https:\/\/www.cfm.co.mz\/2017\/05\/03\/cfm-lanca-concurso-infantil-em-celebracao-aos-dias-do-trabalhador-e-da-crianca\/"},"author":{"name":"D\u00e9rcio Badru","@id":"https:\/\/www.cfm.co.mz\/#\/schema\/person\/1bb663f3c59dc61900f6f9b1c2b53552"},"headline":"CFM lan\u00e7a concurso infantil em celebra\u00e7\u00e3o aos dias do Trabalhador e da Crian\u00e7a","datePublished":"2017-05-03T12:41:53+00:00","mainEntityOfPage":{"@id":"https:\/\/www.cfm.co.mz\/2017\/05\/03\/cfm-lanca-concurso-infantil-em-celebracao-aos-dias-do-trabalhador-e-da-crianca\/"},"wordCount":339,"commentCount":0,"publisher":{"@id":"https:\/\/www.cfm.co.mz\/#organization"},"image":{"@id":"https:\/\/www.cfm.co.mz\/2017\/05\/03\/cfm-lanca-concurso-infantil-em-celebracao-aos-dias-do-trabalhador-e-da-crianca\/#primaryimage"},"thumbnailUrl":"https:\/\/www.cfm.co.mz\/wp-content\/uploads\/2017\/05\/1_de_Junho_Segunda_Foto-scaled.jpg","articleSection":["Noticias"],"inLanguage":"en-US","potentialAction":[{"@type":"CommentAction","name":"Comment","target":["https:\/\/www.cfm.co.mz\/2017\/05\/03\/cfm-lanca-concurso-infantil-em-celebracao-aos-dias-do-trabalhador-e-da-crianca\/#respond"]}]},{"@type":"WebPage","@id":"https:\/\/www.cfm.co.mz\/2017\/05\/03\/cfm-lanca-concurso-infantil-em-celebracao-aos-dias-do-trabalhador-e-da-crianca\/","url":"https:\/\/www.cfm.co.mz\/2017\/05\/03\/cfm-lanca-concurso-infantil-em-celebracao-aos-dias-do-trabalhador-e-da-crianca\/","name":"CFM lan\u00e7a concurso infantil em celebra\u00e7\u00e3o aos dias do Trabalhador e da Crian\u00e7a - CFM - Caminhos De Ferros de Mo\u00e7ambique","isPartOf":{"@id":"https:\/\/www.cfm.co.mz\/#website"},"primaryImageOfPage":{"@id":"https:\/\/www.cfm.co.mz\/2017\/05\/03\/cfm-lanca-concurso-infantil-em-celebracao-aos-dias-do-trabalhador-e-da-crianca\/#primaryimage"},"image":{"@id":"https:\/\/www.cfm.co.mz\/2017\/05\/03\/cfm-lanca-concurso-infantil-em-celebracao-aos-dias-do-trabalhador-e-da-crianca\/#primaryimage"},"thumbnailUrl":"https:\/\/www.cfm.co.mz\/wp-content\/uploads\/2017\/05\/1_de_Junho_Segunda_Foto-scaled.jpg","datePublished":"2017-05-03T12:41:53+00:00","breadcrumb":{"@id":"https:\/\/www.cfm.co.mz\/2017\/05\/03\/cfm-lanca-concurso-infantil-em-celebracao-aos-dias-do-trabalhador-e-da-crianca\/#breadcrumb"},"inLanguage":"en-US","potentialAction":[{"@type":"ReadAction","target":["https:\/\/www.cfm.co.mz\/2017\/05\/03\/cfm-lanca-concurso-infantil-em-celebracao-aos-dias-do-trabalhador-e-da-crianca\/"]}]},{"@type":"ImageObject","inLanguage":"en-US","@id":"https:\/\/www.cfm.co.mz\/2017\/05\/03\/cfm-lanca-concurso-infantil-em-celebracao-aos-dias-do-trabalhador-e-da-crianca\/#primaryimage","url":"https:\/\/www.cfm.co.mz\/wp-content\/uploads\/2017\/05\/1_de_Junho_Segunda_Foto-scaled.jpg","contentUrl":"https:\/\/www.cfm.co.mz\/wp-content\/uploads\/2017\/05\/1_de_Junho_Segunda_Foto-scaled.jpg","width":2560,"height":1795,"caption":"1 de Junho Segunda Foto"},{"@type":"BreadcrumbList","@id":"https:\/\/www.cfm.co.mz\/2017\/05\/03\/cfm-lanca-concurso-infantil-em-celebracao-aos-dias-do-trabalhador-e-da-crianca\/#breadcrumb","itemListElement":[{"@type":"ListItem","position":1,"name":"Home","item":"https:\/\/www.cfm.co.mz\/"},{"@type":"ListItem","position":2,"name":"CFM lan\u00e7a concurso infantil em celebra\u00e7\u00e3o aos dias do Trabalhador e da Crian\u00e7a"}]},{"@type":"WebSite","@id":"https:\/\/www.cfm.co.mz\/#website","url":"https:\/\/www.cfm.co.mz\/","name":"CFM - Caminhos De Ferros de Mo\u00e7ambique","description":"Ampliando Horizontes","publisher":{"@id":"https:\/\/www.cfm.co.mz\/#organization"},"potentialAction":[{"@type":"SearchAction","target":{"@type":"EntryPoint","urlTemplate":"https:\/\/www.cfm.co.mz\/?s={search_term_string}"},"query-input":{"@type":"PropertyValueSpecification","valueRequired":true,"valueName":"search_term_string"}}],"inLanguage":"en-US"},{"@type":"Organization","@id":"https:\/\/www.cfm.co.mz\/#organization","name":"CFM - Caminhos De Ferros de Mo\u00e7ambique","url":"https:\/\/www.cfm.co.mz\/","logo":{"@type":"ImageObject","inLanguage":"en-US","@id":"https:\/\/www.cfm.co.mz\/#\/schema\/logo\/image\/","url":"https:\/\/www.cfm.co.mz\/wp-content\/uploads\/2025\/07\/be5f0679-4f5b-4d02-9719-a26ceed29162.jpg","contentUrl":"https:\/\/www.cfm.co.mz\/wp-content\/uploads\/2025\/07\/be5f0679-4f5b-4d02-9719-a26ceed29162.jpg","width":400,"height":65,"caption":"CFM - Caminhos De Ferros de Mo\u00e7ambique"},"image":{"@id":"https:\/\/www.cfm.co.mz\/#\/schema\/logo\/image\/"},"sameAs":["https:\/\/www.facebook.com\/CFMMoz","https:\/\/www.linkedin.com\/company\/caminhos-de-ferro-de-moambique\/"]},{"@type":"Person","@id":"https:\/\/www.cfm.co.mz\/#\/schema\/person\/1bb663f3c59dc61900f6f9b1c2b53552","name":"D\u00e9rcio Badru","image":{"@type":"ImageObject","inLanguage":"en-US","@id":"https:\/\/www.cfm.co.mz\/#\/schema\/person\/image\/","url":"https:\/\/www.cfm.co.mz\/wp-content\/litespeed\/avatar\/be89d6955942d7259ef76de4577d21b3.jpg?ver=1777454359","contentUrl":"https:\/\/www.cfm.co.mz\/wp-content\/litespeed\/avatar\/be89d6955942d7259ef76de4577d21b3.jpg?ver=1777454359","caption":"D\u00e9rcio Badru"},"url":"https:\/\/www.cfm.co.mz\/en\/author\/dercio\/"}]}},"_links":{"self":[{"href":"https:\/\/www.cfm.co.mz\/en\/wp-json\/wp\/v2\/posts\/8802","targetHints":{"allow":["GET"]}}],"collection":[{"href":"https:\/\/www.cfm.co.mz\/en\/wp-json\/wp\/v2\/posts"}],"about":[{"href":"https:\/\/www.cfm.co.mz\/en\/wp-json\/wp\/v2\/types\/post"}],"author":[{"embeddable":true,"href":"https:\/\/www.cfm.co.mz\/en\/wp-json\/wp\/v2\/users\/94"}],"replies":[{"embeddable":true,"href":"https:\/\/www.cfm.co.mz\/en\/wp-json\/wp\/v2\/comments?post=8802"}],"version-history":[{"count":0,"href":"https:\/\/www.cfm.co.mz\/en\/wp-json\/wp\/v2\/posts\/8802\/revisions"}],"wp:featuredmedia":[{"embeddable":true,"href":"https:\/\/www.cfm.co.mz\/en\/wp-json\/wp\/v2\/media\/8800"}],"wp:attachment":[{"href":"https:\/\/www.cfm.co.mz\/en\/wp-json\/wp\/v2\/media?parent=8802"}],"wp:term":[{"taxonomy":"category","embeddable":true,"href":"https:\/\/www.cfm.co.mz\/en\/wp-json\/wp\/v2\/categories?post=8802"},{"taxonomy":"post_tag","embeddable":true,"href":"https:\/\/www.cfm.co.mz\/en\/wp-json\/wp\/v2\/tags?post=8802"}],"curies":[{"name":"wp","href":"https:\/\/api.w.org\/{rel}","templated":true}]}}