{"id":8797,"date":"2017-04-10T14:12:42","date_gmt":"2017-04-10T14:12:42","guid":{"rendered":"https:\/\/www.cfm.co.mz\/2017\/04\/10\/pca-dos-cfm-homenageia-a-mulher-ferro-portuaria\/"},"modified":"2017-04-10T14:12:42","modified_gmt":"2017-04-10T14:12:42","slug":"pca-dos-cfm-homenageia-a-mulher-ferro-portuaria","status":"publish","type":"post","link":"https:\/\/www.cfm.co.mz\/en\/2017\/04\/10\/pca-dos-cfm-homenageia-a-mulher-ferro-portuaria\/","title":{"rendered":"PCA dos CFM homenageia \u00e0 mulher ferro-portu\u00e1ria"},"content":{"rendered":"<p style=\"text-align: justify;\"><a class=\"jcepopup icon-bottom-right\" type=\"image\" href=\"http:\/\/www.cfm.co.mz\/wp-content\/uploads\/2017\/04\/Homenagem-a-mulher_06_04_2017.jpg\" target=\"_blank\" data-mediabox=\"width[800]\" rel=\"noopener\"><img decoding=\"async\" style=\"margin: 5px; float: left;\" src=\"http:\/\/www.cfm.co.mz\/wp-content\/uploads\/2017\/04\/Homenagem-a-mulher_06_04_2017.jpg\" alt=\"Homenagem \u00e0 mulher 06 04 2017\" width=\"250\" height=\"167\" \/><\/a>O Presidente do Conselho de Administra\u00e7\u00e3o dos Portos e Caminhos de Ferro de Mo\u00e7ambique (CFM), Eng. Miguel Matabel, homenageou, no passado dia 6 de Abril de 2017, na Sede da empresa, na Cidade de Maputo, \u00e0 <strong>mulher ferro-portu\u00e1ria<\/strong> como sinal de reconhecimento pelo contributo colectivo e individual que cada uma presta na consolida\u00e7\u00e3o da actividade da empresa em diferentes \u00e1reas, desde a Operacional, Manuten\u00e7\u00e3o, Via e obra, Sinaliza\u00e7\u00e3o, apenas para mencionar algumas.<\/p>\n<p><!--more--><\/p>\n<p style=\"text-align: justify;\">Na ocasi\u00e3o, o Eng. Miguel Matabel reiterou o compromisso da empresa CFM de sempre respeitar e encorajar as conquistas na empresa. Citou como exemplos, maquinistas mulheres, engenheiras de \u00e1reas espec\u00edficas, entre outras tarefas que eram normalmente desenvolvidas por homens, tendo frisado que <strong><em>\u201cisso \u00e9 gratificante\u201d<\/em><\/strong>.<\/p>\n<p style=\"text-align: justify;\">A homenagem \u00e0 mulher ferro-portu\u00e1ria esteve inserida nas celebra\u00e7\u00f5es do 7 de Abril, dia consagrado \u00e0 Mulher Mo\u00e7ambicana, em homenagem \u00e0 grande heroina, Josina Machel que, como outros her\u00f3is, lutou para a liberta\u00e7\u00e3o desta nossa p\u00e1tria amada.<\/p>\n<p style=\"text-align: justify;\">O PCA recordou que se concebeu esta data como s\u00edmbolo da emancipa\u00e7\u00e3o da mulher na luta para a constru\u00e7\u00e3o e desenvolvimento de Mo\u00e7ambique, uma miss\u00e3o na qual os CFM s\u00e3o uma parte fundamental, contribuindo para um desenvolvimento sustent\u00e1vel e inclusivo, n\u00e3o s\u00f3 para o crescimento da economia nacional, mas tamb\u00e9m da regi\u00e3o, sobretudo nos pa\u00edses do interland sem acesso directo ao mar. Neste processo, a empresa esteve e est\u00e1 sempre com a mulher, lado a lado com o homem, para a constru\u00e7\u00e3o do nosso Pa\u00eds.<\/p>\n<p style=\"text-align: justify;\"><a class=\"jcepopup icon-bottom-right\" type=\"image\" href=\"http:\/\/www.cfm.co.mz\/wp-content\/uploads\/2017\/04\/Homenagem_Trabalhadoras-do-CFM-CENTRO.jpg\" target=\"_blank\" data-mediabox=\"width[800];caption[Trabalhadoras do CFM CENTRO]\" rel=\"noopener\"><img decoding=\"async\" style=\"margin: 5px; float: right;\" src=\"http:\/\/www.cfm.co.mz\/wp-content\/uploads\/2017\/04\/Homenagem_Trabalhadoras-do-CFM-CENTRO.jpg\" alt=\"Homenagem Trabalhadoras do CFM CENTRO\" width=\"250\" height=\"167\" \/><\/a>Do total de pouco mais de 5 mil trabalhadores que a empresa CFM possui a n\u00edvel nacional, mais de 400 s\u00e3o mulheres, o que equivale 7,8 por cento, cifra que tende a crescer progressivamente merc\u00ea da pol\u00edtica de promo\u00e7\u00e3o de equidade de g\u00e9nero que \u00e9 seguida pela empresa.<\/p>\n<p style=\"text-align: justify;\">Neste ano, o Dia da Mulher Mo\u00e7ambicana celebrou-se sob lema: \u201cjusti\u00e7a e trabalho digno, homens e mulheres unidos no combate a viol\u00eancia.<\/p>","protected":false},"excerpt":{"rendered":"<p>O Presidente do Conselho de Administra\u00e7\u00e3o dos Portos e Caminhos de Ferro de Mo\u00e7ambique (CFM), Eng. Miguel Matabel, homenageou, no passado dia 6 de Abril de 2017, na Sede da empresa, na Cidade de Maputo, \u00e0 mulher ferro-portu\u00e1ria como sinal de reconhecimento pelo contributo colectivo e individual que cada uma presta na consolida\u00e7\u00e3o da actividade da empresa em diferentes \u00e1reas, desde a Operacional, Manuten\u00e7\u00e3o, Via e obra, Sinaliza\u00e7\u00e3o, apenas para mencionar algumas.<\/p>","protected":false},"author":94,"featured_media":8795,"comment_status":"open","ping_status":"open","sticky":false,"template":"","format":"standard","meta":{"_acf_changed":false,"pgc_sgb_lightbox_settings":"","footnotes":""},"categories":[680],"tags":[],"class_list":["post-8797","post","type-post","status-publish","format-standard","has-post-thumbnail","hentry","category-noticias"],"acf":[],"yoast_head":"<!-- This site is optimized with the Yoast SEO plugin v26.5 - https:\/\/yoast.com\/wordpress\/plugins\/seo\/ -->\n<title>PCA dos CFM homenageia \u00e0 mulher ferro-portu\u00e1ria - CFM - Caminhos De Ferros de Mo\u00e7ambique<\/title>\n<meta name=\"robots\" content=\"index, follow, max-snippet:-1, max-image-preview:large, max-video-preview:-1\" \/>\n<link rel=\"canonical\" href=\"https:\/\/www.cfm.co.mz\/en\/2017\/04\/10\/pca-dos-cfm-homenageia-a-mulher-ferro-portuaria\/\" \/>\n<meta property=\"og:locale\" content=\"en_US\" \/>\n<meta property=\"og:type\" content=\"article\" \/>\n<meta property=\"og:title\" content=\"PCA dos CFM homenageia \u00e0 mulher ferro-portu\u00e1ria - CFM - Caminhos De Ferros de Mo\u00e7ambique\" \/>\n<meta property=\"og:description\" content=\"O Presidente do Conselho de Administra\u00e7\u00e3o dos Portos e Caminhos de Ferro de Mo\u00e7ambique (CFM), Eng. Miguel Matabel, homenageou, no passado dia 6 de Abril de 2017, na Sede da empresa, na Cidade de Maputo, \u00e0 mulher ferro-portu\u00e1ria como sinal de reconhecimento pelo contributo colectivo e individual que cada uma presta na consolida\u00e7\u00e3o da actividade da empresa em diferentes \u00e1reas, desde a Operacional, Manuten\u00e7\u00e3o, Via e obra, Sinaliza\u00e7\u00e3o, apenas para mencionar algumas.\" \/>\n<meta property=\"og:url\" content=\"https:\/\/www.cfm.co.mz\/en\/2017\/04\/10\/pca-dos-cfm-homenageia-a-mulher-ferro-portuaria\/\" \/>\n<meta property=\"og:site_name\" content=\"CFM - Caminhos De Ferros de Mo\u00e7ambique\" \/>\n<meta property=\"article:publisher\" content=\"https:\/\/www.facebook.com\/CFMMoz\" \/>\n<meta property=\"article:published_time\" content=\"2017-04-10T14:12:42+00:00\" \/>\n<meta property=\"og:image\" content=\"https:\/\/www.cfm.co.mz\/wp-content\/uploads\/2017\/04\/Homenagem-a-mulher_06_04_2017.jpg\" \/>\n\t<meta property=\"og:image:width\" content=\"1800\" \/>\n\t<meta property=\"og:image:height\" content=\"1200\" \/>\n\t<meta property=\"og:image:type\" content=\"image\/jpeg\" \/>\n<meta name=\"author\" content=\"D\u00e9rcio Badru\" \/>\n<meta name=\"twitter:card\" content=\"summary_large_image\" \/>\n<meta name=\"twitter:label1\" content=\"Written by\" \/>\n\t<meta name=\"twitter:data1\" content=\"D\u00e9rcio Badru\" \/>\n\t<meta name=\"twitter:label2\" content=\"Est. reading time\" \/>\n\t<meta name=\"twitter:data2\" content=\"2 minutes\" \/>\n<script type=\"application\/ld+json\" class=\"yoast-schema-graph\">{\"@context\":\"https:\/\/schema.org\",\"@graph\":[{\"@type\":\"Article\",\"@id\":\"https:\/\/www.cfm.co.mz\/2017\/04\/10\/pca-dos-cfm-homenageia-a-mulher-ferro-portuaria\/#article\",\"isPartOf\":{\"@id\":\"https:\/\/www.cfm.co.mz\/2017\/04\/10\/pca-dos-cfm-homenageia-a-mulher-ferro-portuaria\/\"},\"author\":{\"name\":\"D\u00e9rcio Badru\",\"@id\":\"https:\/\/www.cfm.co.mz\/#\/schema\/person\/1bb663f3c59dc61900f6f9b1c2b53552\"},\"headline\":\"PCA dos CFM homenageia \u00e0 mulher ferro-portu\u00e1ria\",\"datePublished\":\"2017-04-10T14:12:42+00:00\",\"mainEntityOfPage\":{\"@id\":\"https:\/\/www.cfm.co.mz\/2017\/04\/10\/pca-dos-cfm-homenageia-a-mulher-ferro-portuaria\/\"},\"wordCount\":339,\"commentCount\":0,\"publisher\":{\"@id\":\"https:\/\/www.cfm.co.mz\/#organization\"},\"image\":{\"@id\":\"https:\/\/www.cfm.co.mz\/2017\/04\/10\/pca-dos-cfm-homenageia-a-mulher-ferro-portuaria\/#primaryimage\"},\"thumbnailUrl\":\"https:\/\/www.cfm.co.mz\/wp-content\/uploads\/2017\/04\/Homenagem-a-mulher_06_04_2017.jpg\",\"articleSection\":[\"Noticias\"],\"inLanguage\":\"en-US\",\"potentialAction\":[{\"@type\":\"CommentAction\",\"name\":\"Comment\",\"target\":[\"https:\/\/www.cfm.co.mz\/2017\/04\/10\/pca-dos-cfm-homenageia-a-mulher-ferro-portuaria\/#respond\"]}]},{\"@type\":\"WebPage\",\"@id\":\"https:\/\/www.cfm.co.mz\/2017\/04\/10\/pca-dos-cfm-homenageia-a-mulher-ferro-portuaria\/\",\"url\":\"https:\/\/www.cfm.co.mz\/2017\/04\/10\/pca-dos-cfm-homenageia-a-mulher-ferro-portuaria\/\",\"name\":\"PCA dos CFM homenageia \u00e0 mulher ferro-portu\u00e1ria - CFM - Caminhos De Ferros de Mo\u00e7ambique\",\"isPartOf\":{\"@id\":\"https:\/\/www.cfm.co.mz\/#website\"},\"primaryImageOfPage\":{\"@id\":\"https:\/\/www.cfm.co.mz\/2017\/04\/10\/pca-dos-cfm-homenageia-a-mulher-ferro-portuaria\/#primaryimage\"},\"image\":{\"@id\":\"https:\/\/www.cfm.co.mz\/2017\/04\/10\/pca-dos-cfm-homenageia-a-mulher-ferro-portuaria\/#primaryimage\"},\"thumbnailUrl\":\"https:\/\/www.cfm.co.mz\/wp-content\/uploads\/2017\/04\/Homenagem-a-mulher_06_04_2017.jpg\",\"datePublished\":\"2017-04-10T14:12:42+00:00\",\"breadcrumb\":{\"@id\":\"https:\/\/www.cfm.co.mz\/2017\/04\/10\/pca-dos-cfm-homenageia-a-mulher-ferro-portuaria\/#breadcrumb\"},\"inLanguage\":\"en-US\",\"potentialAction\":[{\"@type\":\"ReadAction\",\"target\":[\"https:\/\/www.cfm.co.mz\/2017\/04\/10\/pca-dos-cfm-homenageia-a-mulher-ferro-portuaria\/\"]}]},{\"@type\":\"ImageObject\",\"inLanguage\":\"en-US\",\"@id\":\"https:\/\/www.cfm.co.mz\/2017\/04\/10\/pca-dos-cfm-homenageia-a-mulher-ferro-portuaria\/#primaryimage\",\"url\":\"https:\/\/www.cfm.co.mz\/wp-content\/uploads\/2017\/04\/Homenagem-a-mulher_06_04_2017.jpg\",\"contentUrl\":\"https:\/\/www.cfm.co.mz\/wp-content\/uploads\/2017\/04\/Homenagem-a-mulher_06_04_2017.jpg\",\"width\":1800,\"height\":1200,\"caption\":\"Homenagem \u00e0 mulher 06 04 2017\"},{\"@type\":\"BreadcrumbList\",\"@id\":\"https:\/\/www.cfm.co.mz\/2017\/04\/10\/pca-dos-cfm-homenageia-a-mulher-ferro-portuaria\/#breadcrumb\",\"itemListElement\":[{\"@type\":\"ListItem\",\"position\":1,\"name\":\"Home\",\"item\":\"https:\/\/www.cfm.co.mz\/\"},{\"@type\":\"ListItem\",\"position\":2,\"name\":\"PCA dos CFM homenageia \u00e0 mulher ferro-portu\u00e1ria\"}]},{\"@type\":\"WebSite\",\"@id\":\"https:\/\/www.cfm.co.mz\/#website\",\"url\":\"https:\/\/www.cfm.co.mz\/\",\"name\":\"CFM - Caminhos De Ferros de Mo\u00e7ambique\",\"description\":\"Ampliando Horizontes\",\"publisher\":{\"@id\":\"https:\/\/www.cfm.co.mz\/#organization\"},\"potentialAction\":[{\"@type\":\"SearchAction\",\"target\":{\"@type\":\"EntryPoint\",\"urlTemplate\":\"https:\/\/www.cfm.co.mz\/?s={search_term_string}\"},\"query-input\":{\"@type\":\"PropertyValueSpecification\",\"valueRequired\":true,\"valueName\":\"search_term_string\"}}],\"inLanguage\":\"en-US\"},{\"@type\":\"Organization\",\"@id\":\"https:\/\/www.cfm.co.mz\/#organization\",\"name\":\"CFM - Caminhos De Ferros de Mo\u00e7ambique\",\"url\":\"https:\/\/www.cfm.co.mz\/\",\"logo\":{\"@type\":\"ImageObject\",\"inLanguage\":\"en-US\",\"@id\":\"https:\/\/www.cfm.co.mz\/#\/schema\/logo\/image\/\",\"url\":\"https:\/\/www.cfm.co.mz\/wp-content\/uploads\/2025\/07\/be5f0679-4f5b-4d02-9719-a26ceed29162.jpg\",\"contentUrl\":\"https:\/\/www.cfm.co.mz\/wp-content\/uploads\/2025\/07\/be5f0679-4f5b-4d02-9719-a26ceed29162.jpg\",\"width\":400,\"height\":65,\"caption\":\"CFM - Caminhos De Ferros de Mo\u00e7ambique\"},\"image\":{\"@id\":\"https:\/\/www.cfm.co.mz\/#\/schema\/logo\/image\/\"},\"sameAs\":[\"https:\/\/www.facebook.com\/CFMMoz\",\"https:\/\/www.linkedin.com\/company\/caminhos-de-ferro-de-moambique\/\"]},{\"@type\":\"Person\",\"@id\":\"https:\/\/www.cfm.co.mz\/#\/schema\/person\/1bb663f3c59dc61900f6f9b1c2b53552\",\"name\":\"D\u00e9rcio Badru\",\"image\":{\"@type\":\"ImageObject\",\"inLanguage\":\"en-US\",\"@id\":\"https:\/\/www.cfm.co.mz\/#\/schema\/person\/image\/\",\"url\":\"https:\/\/www.cfm.co.mz\/wp-content\/litespeed\/avatar\/be89d6955942d7259ef76de4577d21b3.jpg?ver=1777454359\",\"contentUrl\":\"https:\/\/www.cfm.co.mz\/wp-content\/litespeed\/avatar\/be89d6955942d7259ef76de4577d21b3.jpg?ver=1777454359\",\"caption\":\"D\u00e9rcio Badru\"},\"url\":\"https:\/\/www.cfm.co.mz\/en\/author\/dercio\/\"}]}<\/script>\n<!-- \/ Yoast SEO plugin. -->","yoast_head_json":{"title":"PCA dos CFM homenageia \u00e0 mulher ferro-portu\u00e1ria - CFM - Caminhos De Ferros de Mo\u00e7ambique","robots":{"index":"index","follow":"follow","max-snippet":"max-snippet:-1","max-image-preview":"max-image-preview:large","max-video-preview":"max-video-preview:-1"},"canonical":"https:\/\/www.cfm.co.mz\/en\/2017\/04\/10\/pca-dos-cfm-homenageia-a-mulher-ferro-portuaria\/","og_locale":"en_US","og_type":"article","og_title":"PCA dos CFM homenageia \u00e0 mulher ferro-portu\u00e1ria - CFM - Caminhos De Ferros de Mo\u00e7ambique","og_description":"O Presidente do Conselho de Administra\u00e7\u00e3o dos Portos e Caminhos de Ferro de Mo\u00e7ambique (CFM), Eng. Miguel Matabel, homenageou, no passado dia 6 de Abril de 2017, na Sede da empresa, na Cidade de Maputo, \u00e0 mulher ferro-portu\u00e1ria como sinal de reconhecimento pelo contributo colectivo e individual que cada uma presta na consolida\u00e7\u00e3o da actividade da empresa em diferentes \u00e1reas, desde a Operacional, Manuten\u00e7\u00e3o, Via e obra, Sinaliza\u00e7\u00e3o, apenas para mencionar algumas.","og_url":"https:\/\/www.cfm.co.mz\/en\/2017\/04\/10\/pca-dos-cfm-homenageia-a-mulher-ferro-portuaria\/","og_site_name":"CFM - Caminhos De Ferros de Mo\u00e7ambique","article_publisher":"https:\/\/www.facebook.com\/CFMMoz","article_published_time":"2017-04-10T14:12:42+00:00","og_image":[{"width":1800,"height":1200,"url":"https:\/\/www.cfm.co.mz\/wp-content\/uploads\/2017\/04\/Homenagem-a-mulher_06_04_2017.jpg","type":"image\/jpeg"}],"author":"D\u00e9rcio Badru","twitter_card":"summary_large_image","twitter_misc":{"Written by":"D\u00e9rcio Badru","Est. reading time":"2 minutes"},"schema":{"@context":"https:\/\/schema.org","@graph":[{"@type":"Article","@id":"https:\/\/www.cfm.co.mz\/2017\/04\/10\/pca-dos-cfm-homenageia-a-mulher-ferro-portuaria\/#article","isPartOf":{"@id":"https:\/\/www.cfm.co.mz\/2017\/04\/10\/pca-dos-cfm-homenageia-a-mulher-ferro-portuaria\/"},"author":{"name":"D\u00e9rcio Badru","@id":"https:\/\/www.cfm.co.mz\/#\/schema\/person\/1bb663f3c59dc61900f6f9b1c2b53552"},"headline":"PCA dos CFM homenageia \u00e0 mulher ferro-portu\u00e1ria","datePublished":"2017-04-10T14:12:42+00:00","mainEntityOfPage":{"@id":"https:\/\/www.cfm.co.mz\/2017\/04\/10\/pca-dos-cfm-homenageia-a-mulher-ferro-portuaria\/"},"wordCount":339,"commentCount":0,"publisher":{"@id":"https:\/\/www.cfm.co.mz\/#organization"},"image":{"@id":"https:\/\/www.cfm.co.mz\/2017\/04\/10\/pca-dos-cfm-homenageia-a-mulher-ferro-portuaria\/#primaryimage"},"thumbnailUrl":"https:\/\/www.cfm.co.mz\/wp-content\/uploads\/2017\/04\/Homenagem-a-mulher_06_04_2017.jpg","articleSection":["Noticias"],"inLanguage":"en-US","potentialAction":[{"@type":"CommentAction","name":"Comment","target":["https:\/\/www.cfm.co.mz\/2017\/04\/10\/pca-dos-cfm-homenageia-a-mulher-ferro-portuaria\/#respond"]}]},{"@type":"WebPage","@id":"https:\/\/www.cfm.co.mz\/2017\/04\/10\/pca-dos-cfm-homenageia-a-mulher-ferro-portuaria\/","url":"https:\/\/www.cfm.co.mz\/2017\/04\/10\/pca-dos-cfm-homenageia-a-mulher-ferro-portuaria\/","name":"PCA dos CFM homenageia \u00e0 mulher ferro-portu\u00e1ria - CFM - Caminhos De Ferros de Mo\u00e7ambique","isPartOf":{"@id":"https:\/\/www.cfm.co.mz\/#website"},"primaryImageOfPage":{"@id":"https:\/\/www.cfm.co.mz\/2017\/04\/10\/pca-dos-cfm-homenageia-a-mulher-ferro-portuaria\/#primaryimage"},"image":{"@id":"https:\/\/www.cfm.co.mz\/2017\/04\/10\/pca-dos-cfm-homenageia-a-mulher-ferro-portuaria\/#primaryimage"},"thumbnailUrl":"https:\/\/www.cfm.co.mz\/wp-content\/uploads\/2017\/04\/Homenagem-a-mulher_06_04_2017.jpg","datePublished":"2017-04-10T14:12:42+00:00","breadcrumb":{"@id":"https:\/\/www.cfm.co.mz\/2017\/04\/10\/pca-dos-cfm-homenageia-a-mulher-ferro-portuaria\/#breadcrumb"},"inLanguage":"en-US","potentialAction":[{"@type":"ReadAction","target":["https:\/\/www.cfm.co.mz\/2017\/04\/10\/pca-dos-cfm-homenageia-a-mulher-ferro-portuaria\/"]}]},{"@type":"ImageObject","inLanguage":"en-US","@id":"https:\/\/www.cfm.co.mz\/2017\/04\/10\/pca-dos-cfm-homenageia-a-mulher-ferro-portuaria\/#primaryimage","url":"https:\/\/www.cfm.co.mz\/wp-content\/uploads\/2017\/04\/Homenagem-a-mulher_06_04_2017.jpg","contentUrl":"https:\/\/www.cfm.co.mz\/wp-content\/uploads\/2017\/04\/Homenagem-a-mulher_06_04_2017.jpg","width":1800,"height":1200,"caption":"Homenagem \u00e0 mulher 06 04 2017"},{"@type":"BreadcrumbList","@id":"https:\/\/www.cfm.co.mz\/2017\/04\/10\/pca-dos-cfm-homenageia-a-mulher-ferro-portuaria\/#breadcrumb","itemListElement":[{"@type":"ListItem","position":1,"name":"Home","item":"https:\/\/www.cfm.co.mz\/"},{"@type":"ListItem","position":2,"name":"PCA dos CFM homenageia \u00e0 mulher ferro-portu\u00e1ria"}]},{"@type":"WebSite","@id":"https:\/\/www.cfm.co.mz\/#website","url":"https:\/\/www.cfm.co.mz\/","name":"CFM - Caminhos De Ferros de Mo\u00e7ambique","description":"Ampliando Horizontes","publisher":{"@id":"https:\/\/www.cfm.co.mz\/#organization"},"potentialAction":[{"@type":"SearchAction","target":{"@type":"EntryPoint","urlTemplate":"https:\/\/www.cfm.co.mz\/?s={search_term_string}"},"query-input":{"@type":"PropertyValueSpecification","valueRequired":true,"valueName":"search_term_string"}}],"inLanguage":"en-US"},{"@type":"Organization","@id":"https:\/\/www.cfm.co.mz\/#organization","name":"CFM - Caminhos De Ferros de Mo\u00e7ambique","url":"https:\/\/www.cfm.co.mz\/","logo":{"@type":"ImageObject","inLanguage":"en-US","@id":"https:\/\/www.cfm.co.mz\/#\/schema\/logo\/image\/","url":"https:\/\/www.cfm.co.mz\/wp-content\/uploads\/2025\/07\/be5f0679-4f5b-4d02-9719-a26ceed29162.jpg","contentUrl":"https:\/\/www.cfm.co.mz\/wp-content\/uploads\/2025\/07\/be5f0679-4f5b-4d02-9719-a26ceed29162.jpg","width":400,"height":65,"caption":"CFM - Caminhos De Ferros de Mo\u00e7ambique"},"image":{"@id":"https:\/\/www.cfm.co.mz\/#\/schema\/logo\/image\/"},"sameAs":["https:\/\/www.facebook.com\/CFMMoz","https:\/\/www.linkedin.com\/company\/caminhos-de-ferro-de-moambique\/"]},{"@type":"Person","@id":"https:\/\/www.cfm.co.mz\/#\/schema\/person\/1bb663f3c59dc61900f6f9b1c2b53552","name":"D\u00e9rcio Badru","image":{"@type":"ImageObject","inLanguage":"en-US","@id":"https:\/\/www.cfm.co.mz\/#\/schema\/person\/image\/","url":"https:\/\/www.cfm.co.mz\/wp-content\/litespeed\/avatar\/be89d6955942d7259ef76de4577d21b3.jpg?ver=1777454359","contentUrl":"https:\/\/www.cfm.co.mz\/wp-content\/litespeed\/avatar\/be89d6955942d7259ef76de4577d21b3.jpg?ver=1777454359","caption":"D\u00e9rcio Badru"},"url":"https:\/\/www.cfm.co.mz\/en\/author\/dercio\/"}]}},"_links":{"self":[{"href":"https:\/\/www.cfm.co.mz\/en\/wp-json\/wp\/v2\/posts\/8797","targetHints":{"allow":["GET"]}}],"collection":[{"href":"https:\/\/www.cfm.co.mz\/en\/wp-json\/wp\/v2\/posts"}],"about":[{"href":"https:\/\/www.cfm.co.mz\/en\/wp-json\/wp\/v2\/types\/post"}],"author":[{"embeddable":true,"href":"https:\/\/www.cfm.co.mz\/en\/wp-json\/wp\/v2\/users\/94"}],"replies":[{"embeddable":true,"href":"https:\/\/www.cfm.co.mz\/en\/wp-json\/wp\/v2\/comments?post=8797"}],"version-history":[{"count":0,"href":"https:\/\/www.cfm.co.mz\/en\/wp-json\/wp\/v2\/posts\/8797\/revisions"}],"wp:featuredmedia":[{"embeddable":true,"href":"https:\/\/www.cfm.co.mz\/en\/wp-json\/wp\/v2\/media\/8795"}],"wp:attachment":[{"href":"https:\/\/www.cfm.co.mz\/en\/wp-json\/wp\/v2\/media?parent=8797"}],"wp:term":[{"taxonomy":"category","embeddable":true,"href":"https:\/\/www.cfm.co.mz\/en\/wp-json\/wp\/v2\/categories?post=8797"},{"taxonomy":"post_tag","embeddable":true,"href":"https:\/\/www.cfm.co.mz\/en\/wp-json\/wp\/v2\/tags?post=8797"}],"curies":[{"name":"wp","href":"https:\/\/api.w.org\/{rel}","templated":true}]}}