{"id":8766,"date":"2016-11-08T06:55:16","date_gmt":"2016-11-08T06:55:16","guid":{"rendered":"https:\/\/www.cfm.co.mz\/2016\/11\/08\/comboio-volta-a-circular-na-linha-ferrea-cuamba-lichinga\/"},"modified":"2016-11-08T06:55:16","modified_gmt":"2016-11-08T06:55:16","slug":"comboio-volta-a-circular-na-linha-ferrea-cuamba-lichinga","status":"publish","type":"post","link":"https:\/\/www.cfm.co.mz\/en\/2016\/11\/08\/comboio-volta-a-circular-na-linha-ferrea-cuamba-lichinga\/","title":{"rendered":"Comboio volta a circular na linha f\u00e9rrea Cuamba-Lichinga"},"content":{"rendered":"<p style=\"text-align: justify;\"><a class=\"jcepopup icon-bottom-right\" type=\"image\" href=\"http:\/\/www.cfm.co.mz\/wp-content\/uploads\/2016\/11\/Cuamba_Lichinga_Nyusi.jpg\" target=\"_blank\" data-mediabox=\"width[800];caption[Momento da queima das fitas]\" rel=\"noopener\"><img decoding=\"async\" style=\"margin: 5px; float: left;\" src=\"http:\/\/www.cfm.co.mz\/wp-content\/uploads\/2016\/11\/Cuamba_Lichinga_Nyusi.jpg\" alt=\"Cuamba Lichinga Nyusi\" width=\"250\" height=\"167\" \/><\/a>O Presidente da Rep\u00fablica, Filipe Jacinto Nyusi, inaugurou no passado dia 3 de Novembro, a linha f\u00e9rrea Cuamba-Lichinga, localizada na prov\u00edncia do Niassa.<\/p>\n<p style=\"text-align: justify;\">Depois de cerca de 6 anos fora de uso, a nova linha que parte de Cuamba e estende-se at\u00e9 Lichinga, operacionalizada pelo Corredor de Desenvolvimento do Norte (CDN), ir\u00e1 possibilitar o transporte de carga geral e de passageiros de Nampula-Cuamba-Lichinga e vice-versa. O projecto de reabilita\u00e7\u00e3o desta linha enquadra-se no \u00e2mbito da responsabilidade da Vale Mo\u00e7ambique no que se refere ao desenvolvimento daquele ponto do pa\u00eds.<\/p>\n<p><!--more--><\/p>\n<p style=\"text-align: justify;\"><img decoding=\"async\" class=\"alignright size-full wp-image-8764\" style=\"margin: 5px; float: right;\" src=\"http:\/\/www.cfm.co.mz\/wp-content\/uploads\/2016\/11\/Cuamba_Lichinga_Linha.jpg\" alt=\"Cuamba Lichinga Linha\" width=\"250\" height=\"167\" srcset=\"https:\/\/www.cfm.co.mz\/wp-content\/uploads\/2016\/11\/Cuamba_Lichinga_Linha.jpg 1800w, https:\/\/www.cfm.co.mz\/wp-content\/uploads\/2016\/11\/Cuamba_Lichinga_Linha-300x200.jpg 300w, https:\/\/www.cfm.co.mz\/wp-content\/uploads\/2016\/11\/Cuamba_Lichinga_Linha-1024x683.jpg 1024w, https:\/\/www.cfm.co.mz\/wp-content\/uploads\/2016\/11\/Cuamba_Lichinga_Linha-768x512.jpg 768w, https:\/\/www.cfm.co.mz\/wp-content\/uploads\/2016\/11\/Cuamba_Lichinga_Linha-1536x1024.jpg 1536w\" sizes=\"(max-width: 250px) 100vw, 250px\" \/>A reabilita\u00e7\u00e3o da linha, com um tro\u00e7o de 260 km, consistiu na coloca\u00e7\u00e3o de travessas met\u00e1licas em alguns tro\u00e7os, trabalhos de constru\u00e7\u00e3o de novas pontes, desminagem, mitiga\u00e7\u00e3o dos efeitos da eros\u00e3o e desmatamento, pois a maior parte deste tro\u00e7o fora tomada pela vegeta\u00e7\u00e3o, propiciando o surgimento de v\u00e1rios tipos de obst\u00e1culos na pr\u00f3pria linha.<br \/>Para al\u00e9m da coloca\u00e7\u00e3o de travessas met\u00e1licas em alguns tro\u00e7os, a reabilita\u00e7\u00e3o desta linha incluiu trabalhos de constru\u00e7\u00e3o de novas pontes, desminagem, mitiga\u00e7\u00e3o dos efeitos da eros\u00e3o e desmatamento.<\/p>\n<p style=\"text-align: justify;\"><img decoding=\"async\" class=\"alignleft size-full wp-image-8765\" style=\"margin: 5px; float: left;\" src=\"http:\/\/www.cfm.co.mz\/wp-content\/uploads\/2016\/11\/Cuamba_Lichinga_Kilometros.jpg\" alt=\"Cuamba Lichinga Kilometros\" width=\"250\" height=\"167\" srcset=\"https:\/\/www.cfm.co.mz\/wp-content\/uploads\/2016\/11\/Cuamba_Lichinga_Kilometros.jpg 1800w, https:\/\/www.cfm.co.mz\/wp-content\/uploads\/2016\/11\/Cuamba_Lichinga_Kilometros-300x200.jpg 300w, https:\/\/www.cfm.co.mz\/wp-content\/uploads\/2016\/11\/Cuamba_Lichinga_Kilometros-1024x683.jpg 1024w, https:\/\/www.cfm.co.mz\/wp-content\/uploads\/2016\/11\/Cuamba_Lichinga_Kilometros-768x512.jpg 768w, https:\/\/www.cfm.co.mz\/wp-content\/uploads\/2016\/11\/Cuamba_Lichinga_Kilometros-1536x1024.jpg 1536w\" sizes=\"(max-width: 250px) 100vw, 250px\" \/>A reabilita\u00e7\u00e3o abrangeu cerca de 240 quil\u00f3metros de ferrovia, que j\u00e1 n\u00e3o oferecia seguran\u00e7a para circula\u00e7\u00e3o de comboios, cujos trabalhos estiveram divididos em duas fases, sendo a primeira Cuamba\/Mitande e, a segunda, Mitande\/Lichinga.<\/p>\n<p style=\"text-align: justify;\">Antes da reabilita\u00e7\u00e3o o comboio levava no m\u00e1ximo 10 vag\u00f5es de carga geral e ap\u00f3s a obra, por ter v\u00e1rias linhas de cruzamento, pode levar at\u00e9 25 vag\u00f5es.<br \/>Espera-se que a linha contribua para o escoamento da produ\u00e7\u00e3o agr\u00edcola da prov\u00edncia do Niassa para toda a regi\u00e3o norte, bem como impulsionar as transac\u00e7\u00f5es comerciais entre a prov\u00edncia e os pa\u00edses do interland.<\/p>\n<p style=\"text-align: justify;\">Filipe Nyusi mencionou as vantagens econ\u00f3micas que a linha vai trazer para a prov\u00edncia e prometeu que, em breve, come\u00e7ar\u00e3o, igualmente, os trabalhos de reabilita\u00e7\u00e3o da Estrada Lichinga \u00e0 Cuamba. O chefe do Estado enalteceu a parceria p\u00fablico-privada, referindo-se, especificamente, entre a empresa CFM e o grupo vale\/CDN na viabili\u00e7\u00e3o deste projecto.<\/p>","protected":false},"excerpt":{"rendered":"<p>O Presidente da Rep\u00fablica, Filipe Jacinto Nyusi, inaugurou no passado dia 3 de Novembro, a linha f\u00e9rrea Cuamba-Lichinga, localizada na prov\u00edncia do Niassa. Depois de cerca de 6 anos fora de uso, a nova linha que parte de Cuamba e estende-se at\u00e9 Lichinga, operacionalizada pelo Corredor de Desenvolvimento do Norte (CDN), ir\u00e1 possibilitar o transporte de carga geral e de passageiros de Nampula-Cuamba-Lichinga e vice-versa. O projecto de reabilita\u00e7\u00e3o desta linha enquadra-se no \u00e2mbito da responsabilidade da Vale Mo\u00e7ambique no que se refere ao desenvolvimento daquele ponto do pa\u00eds.<\/p>","protected":false},"author":94,"featured_media":8763,"comment_status":"open","ping_status":"open","sticky":false,"template":"","format":"standard","meta":{"_acf_changed":false,"pgc_sgb_lightbox_settings":"","footnotes":""},"categories":[680],"tags":[],"class_list":["post-8766","post","type-post","status-publish","format-standard","has-post-thumbnail","hentry","category-noticias"],"acf":[],"yoast_head":"<!-- This site is optimized with the Yoast SEO plugin v26.5 - https:\/\/yoast.com\/wordpress\/plugins\/seo\/ -->\n<title>Comboio volta a circular na linha f\u00e9rrea Cuamba-Lichinga - CFM - Caminhos De Ferros de Mo\u00e7ambique<\/title>\n<meta name=\"robots\" content=\"index, follow, max-snippet:-1, max-image-preview:large, max-video-preview:-1\" \/>\n<link rel=\"canonical\" href=\"https:\/\/www.cfm.co.mz\/en\/2016\/11\/08\/comboio-volta-a-circular-na-linha-ferrea-cuamba-lichinga\/\" \/>\n<meta property=\"og:locale\" content=\"en_US\" \/>\n<meta property=\"og:type\" content=\"article\" \/>\n<meta property=\"og:title\" content=\"Comboio volta a circular na linha f\u00e9rrea Cuamba-Lichinga - CFM - Caminhos De Ferros de Mo\u00e7ambique\" \/>\n<meta property=\"og:description\" content=\"O Presidente da Rep\u00fablica, Filipe Jacinto Nyusi, inaugurou no passado dia 3 de Novembro, a linha f\u00e9rrea Cuamba-Lichinga, localizada na prov\u00edncia do Niassa. Depois de cerca de 6 anos fora de uso, a nova linha que parte de Cuamba e estende-se at\u00e9 Lichinga, operacionalizada pelo Corredor de Desenvolvimento do Norte (CDN), ir\u00e1 possibilitar o transporte de carga geral e de passageiros de Nampula-Cuamba-Lichinga e vice-versa. O projecto de reabilita\u00e7\u00e3o desta linha enquadra-se no \u00e2mbito da responsabilidade da Vale Mo\u00e7ambique no que se refere ao desenvolvimento daquele ponto do pa\u00eds.\" \/>\n<meta property=\"og:url\" content=\"https:\/\/www.cfm.co.mz\/en\/2016\/11\/08\/comboio-volta-a-circular-na-linha-ferrea-cuamba-lichinga\/\" \/>\n<meta property=\"og:site_name\" content=\"CFM - Caminhos De Ferros de Mo\u00e7ambique\" \/>\n<meta property=\"article:publisher\" content=\"https:\/\/www.facebook.com\/CFMMoz\" \/>\n<meta property=\"article:published_time\" content=\"2016-11-08T06:55:16+00:00\" \/>\n<meta property=\"og:image\" content=\"https:\/\/www.cfm.co.mz\/wp-content\/uploads\/2016\/11\/Cuamba_Lichinga_Nyusi.jpg\" \/>\n\t<meta property=\"og:image:width\" content=\"1800\" \/>\n\t<meta property=\"og:image:height\" content=\"1200\" \/>\n\t<meta property=\"og:image:type\" content=\"image\/jpeg\" \/>\n<meta name=\"author\" content=\"D\u00e9rcio Badru\" \/>\n<meta name=\"twitter:card\" content=\"summary_large_image\" \/>\n<meta name=\"twitter:label1\" content=\"Written by\" \/>\n\t<meta name=\"twitter:data1\" content=\"D\u00e9rcio Badru\" \/>\n\t<meta name=\"twitter:label2\" content=\"Est. reading time\" \/>\n\t<meta name=\"twitter:data2\" content=\"2 minutes\" \/>\n<script type=\"application\/ld+json\" class=\"yoast-schema-graph\">{\"@context\":\"https:\/\/schema.org\",\"@graph\":[{\"@type\":\"Article\",\"@id\":\"https:\/\/www.cfm.co.mz\/2016\/11\/08\/comboio-volta-a-circular-na-linha-ferrea-cuamba-lichinga\/#article\",\"isPartOf\":{\"@id\":\"https:\/\/www.cfm.co.mz\/2016\/11\/08\/comboio-volta-a-circular-na-linha-ferrea-cuamba-lichinga\/\"},\"author\":{\"name\":\"D\u00e9rcio Badru\",\"@id\":\"https:\/\/www.cfm.co.mz\/#\/schema\/person\/1bb663f3c59dc61900f6f9b1c2b53552\"},\"headline\":\"Comboio volta a circular na linha f\u00e9rrea Cuamba-Lichinga\",\"datePublished\":\"2016-11-08T06:55:16+00:00\",\"mainEntityOfPage\":{\"@id\":\"https:\/\/www.cfm.co.mz\/2016\/11\/08\/comboio-volta-a-circular-na-linha-ferrea-cuamba-lichinga\/\"},\"wordCount\":376,\"commentCount\":0,\"publisher\":{\"@id\":\"https:\/\/www.cfm.co.mz\/#organization\"},\"image\":{\"@id\":\"https:\/\/www.cfm.co.mz\/2016\/11\/08\/comboio-volta-a-circular-na-linha-ferrea-cuamba-lichinga\/#primaryimage\"},\"thumbnailUrl\":\"https:\/\/www.cfm.co.mz\/wp-content\/uploads\/2016\/11\/Cuamba_Lichinga_Nyusi.jpg\",\"articleSection\":[\"Noticias\"],\"inLanguage\":\"en-US\",\"potentialAction\":[{\"@type\":\"CommentAction\",\"name\":\"Comment\",\"target\":[\"https:\/\/www.cfm.co.mz\/2016\/11\/08\/comboio-volta-a-circular-na-linha-ferrea-cuamba-lichinga\/#respond\"]}]},{\"@type\":\"WebPage\",\"@id\":\"https:\/\/www.cfm.co.mz\/2016\/11\/08\/comboio-volta-a-circular-na-linha-ferrea-cuamba-lichinga\/\",\"url\":\"https:\/\/www.cfm.co.mz\/2016\/11\/08\/comboio-volta-a-circular-na-linha-ferrea-cuamba-lichinga\/\",\"name\":\"Comboio volta a circular na linha f\u00e9rrea Cuamba-Lichinga - CFM - Caminhos De Ferros de Mo\u00e7ambique\",\"isPartOf\":{\"@id\":\"https:\/\/www.cfm.co.mz\/#website\"},\"primaryImageOfPage\":{\"@id\":\"https:\/\/www.cfm.co.mz\/2016\/11\/08\/comboio-volta-a-circular-na-linha-ferrea-cuamba-lichinga\/#primaryimage\"},\"image\":{\"@id\":\"https:\/\/www.cfm.co.mz\/2016\/11\/08\/comboio-volta-a-circular-na-linha-ferrea-cuamba-lichinga\/#primaryimage\"},\"thumbnailUrl\":\"https:\/\/www.cfm.co.mz\/wp-content\/uploads\/2016\/11\/Cuamba_Lichinga_Nyusi.jpg\",\"datePublished\":\"2016-11-08T06:55:16+00:00\",\"breadcrumb\":{\"@id\":\"https:\/\/www.cfm.co.mz\/2016\/11\/08\/comboio-volta-a-circular-na-linha-ferrea-cuamba-lichinga\/#breadcrumb\"},\"inLanguage\":\"en-US\",\"potentialAction\":[{\"@type\":\"ReadAction\",\"target\":[\"https:\/\/www.cfm.co.mz\/2016\/11\/08\/comboio-volta-a-circular-na-linha-ferrea-cuamba-lichinga\/\"]}]},{\"@type\":\"ImageObject\",\"inLanguage\":\"en-US\",\"@id\":\"https:\/\/www.cfm.co.mz\/2016\/11\/08\/comboio-volta-a-circular-na-linha-ferrea-cuamba-lichinga\/#primaryimage\",\"url\":\"https:\/\/www.cfm.co.mz\/wp-content\/uploads\/2016\/11\/Cuamba_Lichinga_Nyusi.jpg\",\"contentUrl\":\"https:\/\/www.cfm.co.mz\/wp-content\/uploads\/2016\/11\/Cuamba_Lichinga_Nyusi.jpg\",\"width\":1800,\"height\":1200,\"caption\":\"Cuamba Lichinga Nyusi\"},{\"@type\":\"BreadcrumbList\",\"@id\":\"https:\/\/www.cfm.co.mz\/2016\/11\/08\/comboio-volta-a-circular-na-linha-ferrea-cuamba-lichinga\/#breadcrumb\",\"itemListElement\":[{\"@type\":\"ListItem\",\"position\":1,\"name\":\"Home\",\"item\":\"https:\/\/www.cfm.co.mz\/\"},{\"@type\":\"ListItem\",\"position\":2,\"name\":\"Comboio volta a circular na linha f\u00e9rrea Cuamba-Lichinga\"}]},{\"@type\":\"WebSite\",\"@id\":\"https:\/\/www.cfm.co.mz\/#website\",\"url\":\"https:\/\/www.cfm.co.mz\/\",\"name\":\"CFM - Caminhos De Ferros de Mo\u00e7ambique\",\"description\":\"Ampliando Horizontes\",\"publisher\":{\"@id\":\"https:\/\/www.cfm.co.mz\/#organization\"},\"potentialAction\":[{\"@type\":\"SearchAction\",\"target\":{\"@type\":\"EntryPoint\",\"urlTemplate\":\"https:\/\/www.cfm.co.mz\/?s={search_term_string}\"},\"query-input\":{\"@type\":\"PropertyValueSpecification\",\"valueRequired\":true,\"valueName\":\"search_term_string\"}}],\"inLanguage\":\"en-US\"},{\"@type\":\"Organization\",\"@id\":\"https:\/\/www.cfm.co.mz\/#organization\",\"name\":\"CFM - Caminhos De Ferros de Mo\u00e7ambique\",\"url\":\"https:\/\/www.cfm.co.mz\/\",\"logo\":{\"@type\":\"ImageObject\",\"inLanguage\":\"en-US\",\"@id\":\"https:\/\/www.cfm.co.mz\/#\/schema\/logo\/image\/\",\"url\":\"https:\/\/www.cfm.co.mz\/wp-content\/uploads\/2025\/07\/be5f0679-4f5b-4d02-9719-a26ceed29162.jpg\",\"contentUrl\":\"https:\/\/www.cfm.co.mz\/wp-content\/uploads\/2025\/07\/be5f0679-4f5b-4d02-9719-a26ceed29162.jpg\",\"width\":400,\"height\":65,\"caption\":\"CFM - Caminhos De Ferros de Mo\u00e7ambique\"},\"image\":{\"@id\":\"https:\/\/www.cfm.co.mz\/#\/schema\/logo\/image\/\"},\"sameAs\":[\"https:\/\/www.facebook.com\/CFMMoz\",\"https:\/\/www.linkedin.com\/company\/caminhos-de-ferro-de-moambique\/\"]},{\"@type\":\"Person\",\"@id\":\"https:\/\/www.cfm.co.mz\/#\/schema\/person\/1bb663f3c59dc61900f6f9b1c2b53552\",\"name\":\"D\u00e9rcio Badru\",\"image\":{\"@type\":\"ImageObject\",\"inLanguage\":\"en-US\",\"@id\":\"https:\/\/www.cfm.co.mz\/#\/schema\/person\/image\/\",\"url\":\"https:\/\/www.cfm.co.mz\/wp-content\/litespeed\/avatar\/be89d6955942d7259ef76de4577d21b3.jpg?ver=1777454359\",\"contentUrl\":\"https:\/\/www.cfm.co.mz\/wp-content\/litespeed\/avatar\/be89d6955942d7259ef76de4577d21b3.jpg?ver=1777454359\",\"caption\":\"D\u00e9rcio Badru\"},\"url\":\"https:\/\/www.cfm.co.mz\/en\/author\/dercio\/\"}]}<\/script>\n<!-- \/ Yoast SEO plugin. -->","yoast_head_json":{"title":"Comboio volta a circular na linha f\u00e9rrea Cuamba-Lichinga - CFM - Caminhos De Ferros de Mo\u00e7ambique","robots":{"index":"index","follow":"follow","max-snippet":"max-snippet:-1","max-image-preview":"max-image-preview:large","max-video-preview":"max-video-preview:-1"},"canonical":"https:\/\/www.cfm.co.mz\/en\/2016\/11\/08\/comboio-volta-a-circular-na-linha-ferrea-cuamba-lichinga\/","og_locale":"en_US","og_type":"article","og_title":"Comboio volta a circular na linha f\u00e9rrea Cuamba-Lichinga - CFM - Caminhos De Ferros de Mo\u00e7ambique","og_description":"O Presidente da Rep\u00fablica, Filipe Jacinto Nyusi, inaugurou no passado dia 3 de Novembro, a linha f\u00e9rrea Cuamba-Lichinga, localizada na prov\u00edncia do Niassa. Depois de cerca de 6 anos fora de uso, a nova linha que parte de Cuamba e estende-se at\u00e9 Lichinga, operacionalizada pelo Corredor de Desenvolvimento do Norte (CDN), ir\u00e1 possibilitar o transporte de carga geral e de passageiros de Nampula-Cuamba-Lichinga e vice-versa. O projecto de reabilita\u00e7\u00e3o desta linha enquadra-se no \u00e2mbito da responsabilidade da Vale Mo\u00e7ambique no que se refere ao desenvolvimento daquele ponto do pa\u00eds.","og_url":"https:\/\/www.cfm.co.mz\/en\/2016\/11\/08\/comboio-volta-a-circular-na-linha-ferrea-cuamba-lichinga\/","og_site_name":"CFM - Caminhos De Ferros de Mo\u00e7ambique","article_publisher":"https:\/\/www.facebook.com\/CFMMoz","article_published_time":"2016-11-08T06:55:16+00:00","og_image":[{"width":1800,"height":1200,"url":"https:\/\/www.cfm.co.mz\/wp-content\/uploads\/2016\/11\/Cuamba_Lichinga_Nyusi.jpg","type":"image\/jpeg"}],"author":"D\u00e9rcio Badru","twitter_card":"summary_large_image","twitter_misc":{"Written by":"D\u00e9rcio Badru","Est. reading time":"2 minutes"},"schema":{"@context":"https:\/\/schema.org","@graph":[{"@type":"Article","@id":"https:\/\/www.cfm.co.mz\/2016\/11\/08\/comboio-volta-a-circular-na-linha-ferrea-cuamba-lichinga\/#article","isPartOf":{"@id":"https:\/\/www.cfm.co.mz\/2016\/11\/08\/comboio-volta-a-circular-na-linha-ferrea-cuamba-lichinga\/"},"author":{"name":"D\u00e9rcio Badru","@id":"https:\/\/www.cfm.co.mz\/#\/schema\/person\/1bb663f3c59dc61900f6f9b1c2b53552"},"headline":"Comboio volta a circular na linha f\u00e9rrea Cuamba-Lichinga","datePublished":"2016-11-08T06:55:16+00:00","mainEntityOfPage":{"@id":"https:\/\/www.cfm.co.mz\/2016\/11\/08\/comboio-volta-a-circular-na-linha-ferrea-cuamba-lichinga\/"},"wordCount":376,"commentCount":0,"publisher":{"@id":"https:\/\/www.cfm.co.mz\/#organization"},"image":{"@id":"https:\/\/www.cfm.co.mz\/2016\/11\/08\/comboio-volta-a-circular-na-linha-ferrea-cuamba-lichinga\/#primaryimage"},"thumbnailUrl":"https:\/\/www.cfm.co.mz\/wp-content\/uploads\/2016\/11\/Cuamba_Lichinga_Nyusi.jpg","articleSection":["Noticias"],"inLanguage":"en-US","potentialAction":[{"@type":"CommentAction","name":"Comment","target":["https:\/\/www.cfm.co.mz\/2016\/11\/08\/comboio-volta-a-circular-na-linha-ferrea-cuamba-lichinga\/#respond"]}]},{"@type":"WebPage","@id":"https:\/\/www.cfm.co.mz\/2016\/11\/08\/comboio-volta-a-circular-na-linha-ferrea-cuamba-lichinga\/","url":"https:\/\/www.cfm.co.mz\/2016\/11\/08\/comboio-volta-a-circular-na-linha-ferrea-cuamba-lichinga\/","name":"Comboio volta a circular na linha f\u00e9rrea Cuamba-Lichinga - CFM - Caminhos De Ferros de Mo\u00e7ambique","isPartOf":{"@id":"https:\/\/www.cfm.co.mz\/#website"},"primaryImageOfPage":{"@id":"https:\/\/www.cfm.co.mz\/2016\/11\/08\/comboio-volta-a-circular-na-linha-ferrea-cuamba-lichinga\/#primaryimage"},"image":{"@id":"https:\/\/www.cfm.co.mz\/2016\/11\/08\/comboio-volta-a-circular-na-linha-ferrea-cuamba-lichinga\/#primaryimage"},"thumbnailUrl":"https:\/\/www.cfm.co.mz\/wp-content\/uploads\/2016\/11\/Cuamba_Lichinga_Nyusi.jpg","datePublished":"2016-11-08T06:55:16+00:00","breadcrumb":{"@id":"https:\/\/www.cfm.co.mz\/2016\/11\/08\/comboio-volta-a-circular-na-linha-ferrea-cuamba-lichinga\/#breadcrumb"},"inLanguage":"en-US","potentialAction":[{"@type":"ReadAction","target":["https:\/\/www.cfm.co.mz\/2016\/11\/08\/comboio-volta-a-circular-na-linha-ferrea-cuamba-lichinga\/"]}]},{"@type":"ImageObject","inLanguage":"en-US","@id":"https:\/\/www.cfm.co.mz\/2016\/11\/08\/comboio-volta-a-circular-na-linha-ferrea-cuamba-lichinga\/#primaryimage","url":"https:\/\/www.cfm.co.mz\/wp-content\/uploads\/2016\/11\/Cuamba_Lichinga_Nyusi.jpg","contentUrl":"https:\/\/www.cfm.co.mz\/wp-content\/uploads\/2016\/11\/Cuamba_Lichinga_Nyusi.jpg","width":1800,"height":1200,"caption":"Cuamba Lichinga Nyusi"},{"@type":"BreadcrumbList","@id":"https:\/\/www.cfm.co.mz\/2016\/11\/08\/comboio-volta-a-circular-na-linha-ferrea-cuamba-lichinga\/#breadcrumb","itemListElement":[{"@type":"ListItem","position":1,"name":"Home","item":"https:\/\/www.cfm.co.mz\/"},{"@type":"ListItem","position":2,"name":"Comboio volta a circular na linha f\u00e9rrea Cuamba-Lichinga"}]},{"@type":"WebSite","@id":"https:\/\/www.cfm.co.mz\/#website","url":"https:\/\/www.cfm.co.mz\/","name":"CFM - Caminhos De Ferros de Mo\u00e7ambique","description":"Ampliando Horizontes","publisher":{"@id":"https:\/\/www.cfm.co.mz\/#organization"},"potentialAction":[{"@type":"SearchAction","target":{"@type":"EntryPoint","urlTemplate":"https:\/\/www.cfm.co.mz\/?s={search_term_string}"},"query-input":{"@type":"PropertyValueSpecification","valueRequired":true,"valueName":"search_term_string"}}],"inLanguage":"en-US"},{"@type":"Organization","@id":"https:\/\/www.cfm.co.mz\/#organization","name":"CFM - Caminhos De Ferros de Mo\u00e7ambique","url":"https:\/\/www.cfm.co.mz\/","logo":{"@type":"ImageObject","inLanguage":"en-US","@id":"https:\/\/www.cfm.co.mz\/#\/schema\/logo\/image\/","url":"https:\/\/www.cfm.co.mz\/wp-content\/uploads\/2025\/07\/be5f0679-4f5b-4d02-9719-a26ceed29162.jpg","contentUrl":"https:\/\/www.cfm.co.mz\/wp-content\/uploads\/2025\/07\/be5f0679-4f5b-4d02-9719-a26ceed29162.jpg","width":400,"height":65,"caption":"CFM - Caminhos De Ferros de Mo\u00e7ambique"},"image":{"@id":"https:\/\/www.cfm.co.mz\/#\/schema\/logo\/image\/"},"sameAs":["https:\/\/www.facebook.com\/CFMMoz","https:\/\/www.linkedin.com\/company\/caminhos-de-ferro-de-moambique\/"]},{"@type":"Person","@id":"https:\/\/www.cfm.co.mz\/#\/schema\/person\/1bb663f3c59dc61900f6f9b1c2b53552","name":"D\u00e9rcio Badru","image":{"@type":"ImageObject","inLanguage":"en-US","@id":"https:\/\/www.cfm.co.mz\/#\/schema\/person\/image\/","url":"https:\/\/www.cfm.co.mz\/wp-content\/litespeed\/avatar\/be89d6955942d7259ef76de4577d21b3.jpg?ver=1777454359","contentUrl":"https:\/\/www.cfm.co.mz\/wp-content\/litespeed\/avatar\/be89d6955942d7259ef76de4577d21b3.jpg?ver=1777454359","caption":"D\u00e9rcio Badru"},"url":"https:\/\/www.cfm.co.mz\/en\/author\/dercio\/"}]}},"_links":{"self":[{"href":"https:\/\/www.cfm.co.mz\/en\/wp-json\/wp\/v2\/posts\/8766","targetHints":{"allow":["GET"]}}],"collection":[{"href":"https:\/\/www.cfm.co.mz\/en\/wp-json\/wp\/v2\/posts"}],"about":[{"href":"https:\/\/www.cfm.co.mz\/en\/wp-json\/wp\/v2\/types\/post"}],"author":[{"embeddable":true,"href":"https:\/\/www.cfm.co.mz\/en\/wp-json\/wp\/v2\/users\/94"}],"replies":[{"embeddable":true,"href":"https:\/\/www.cfm.co.mz\/en\/wp-json\/wp\/v2\/comments?post=8766"}],"version-history":[{"count":0,"href":"https:\/\/www.cfm.co.mz\/en\/wp-json\/wp\/v2\/posts\/8766\/revisions"}],"wp:featuredmedia":[{"embeddable":true,"href":"https:\/\/www.cfm.co.mz\/en\/wp-json\/wp\/v2\/media\/8763"}],"wp:attachment":[{"href":"https:\/\/www.cfm.co.mz\/en\/wp-json\/wp\/v2\/media?parent=8766"}],"wp:term":[{"taxonomy":"category","embeddable":true,"href":"https:\/\/www.cfm.co.mz\/en\/wp-json\/wp\/v2\/categories?post=8766"},{"taxonomy":"post_tag","embeddable":true,"href":"https:\/\/www.cfm.co.mz\/en\/wp-json\/wp\/v2\/tags?post=8766"}],"curies":[{"name":"wp","href":"https:\/\/api.w.org\/{rel}","templated":true}]}}