{"id":8762,"date":"2016-10-20T12:48:13","date_gmt":"2016-10-20T12:48:13","guid":{"rendered":"https:\/\/www.cfm.co.mz\/2016\/10\/20\/samora-machel-nos-cfm\/"},"modified":"2016-10-20T12:48:13","modified_gmt":"2016-10-20T12:48:13","slug":"samora-machel-nos-cfm","status":"publish","type":"post","link":"https:\/\/www.cfm.co.mz\/en\/2016\/10\/20\/samora-machel-nos-cfm\/","title":{"rendered":"Samora Machel nos CFM"},"content":{"rendered":"<p style=\"text-align: justify;\"><a class=\"jcepopup icon-bottom-right\" type=\"image\" href=\"http:\/\/www.cfm.co.mz\/wp-content\/uploads\/2016\/10\/Expo_Samora_30_anos.jpg\" target=\"_blank\" data-mediabox=\"width[800];caption[Visitantes da Exposi\u00e7\u00e3o]\" rel=\"noopener\"><img decoding=\"async\" style=\"margin: 5px; float: left;\" src=\"http:\/\/www.cfm.co.mz\/wp-content\/uploads\/2016\/10\/Expo_Samora_30_anos.jpg\" alt=\"Expo Samora 30 anos\" width=\"250\" height=\"167\" \/><\/a>O Museu da Empresa Portos e Caminhos de Ferro de Mo\u00e7ambique- CFM, promove, desde o dia 19 de Outubro corrente, uma exposi\u00e7\u00e3o em homenagem ao 30\u2070 anivers\u00e1rio da morte do primeiro Presidente de Mo\u00e7ambique independente.<\/p>\n<p style=\"text-align: justify;\">A Exposi\u00e7\u00e3o, sob o lema <em>\u201cSAMORA MACHEL E OS PORTOS E CAMINHOS DE FERRO DE MO\u00c7AMBIQUE\u201d<\/em> est\u00e1 patente no \u00e1trio da Esta\u00e7\u00e3o dos CFM, na cidade de Maputo, at\u00e9 finais do corrente ano.<\/p>\n<p>&nbsp;<\/p>\n<p><!--more--><\/p>\n<p style=\"text-align: justify;\"><a class=\"jcepopup icon-bottom-right\" type=\"image\" href=\"http:\/\/www.cfm.co.mz\/wp-content\/uploads\/2016\/10\/Expo_Samora_Beira.jpg\" target=\"_blank\" data-mediabox=\"width[800];caption[1980 - Visita do Presidente Samora Machel ao Porto da Beira]\" rel=\"noopener\"><img decoding=\"async\" style=\"margin: 5px; float: right;\" src=\"http:\/\/www.cfm.co.mz\/wp-content\/uploads\/2016\/10\/Expo_Samora_Beira.jpg\" alt=\"Expo Samora Beira\" width=\"250\" height=\"167\" \/><\/a>Esta Exposi\u00e7\u00e3o que resulta de uma imensa recolha de imagens das v\u00e1rias visitas efectuadas pelo Presidente Samora Machel aos Portos e Caminhos de Ferro de Mo\u00e7ambique, conta uma parte importante da hist\u00f3ria do nosso Pa\u00eds.<br \/>A nossa fonte do Museu dos CFM narra que, a 23 de Mar\u00e7o de 1977, Samora visitou o Porto de Maputo. No in\u00edcio de 1980, esteve no Complexo Ferro-Portu\u00e1rio de Maputo e, posteriormente, visitou os Portos da Beira e de Nacala, ao longo dos anos 80.<\/p>\n<p style=\"text-align: justify;\">&nbsp;<\/p>\n<p style=\"text-align: justify;\"><em>\u201cA 8 de Outubro de 1986, onze dias antes da sua tr\u00e1gica morte em Mbuzini, o Presidente Samora foi ao Porto de Nacala. Estes s\u00e3o algumas das refer\u00eancias hist\u00f3ricas que ligam os CFM ao Presidente Samora Machel. Factos que poderiam parecer epis\u00f3dios isolados, mas que sublinham a import\u00e2ncia que este sector estrat\u00e9gico tinha na afirma\u00e7\u00e3o de um novo Estado e num contexto de liberta\u00e7\u00e3o do Zimbabwe ou do combate ao Apartheid na \u00c1frica do Sul.\u201d Os tr\u00e1fegos ferro-portu\u00e1rios tamb\u00e9m fazem, ao longo destes anos, o registo gr\u00e1fico da hist\u00f3rica pol\u00edtica, econ\u00f3mica, social e cultural de Mo\u00e7ambique e da \u00c1frica Austral. A fonte adianta que \u201co Presidente Samora Machel intuiu sempre e interpretou a import\u00e2ncia decisiva dos Portos e Caminhos de Ferro para o nosso Pa\u00eds e os pa\u00edses do seu hinterland natural, mas n\u00e3o s\u00f3. Utilizou este e outros instrumentos para a afirma\u00e7\u00e3o ascensional de Mo\u00e7ambique e dos valores mais altos da liberdade pol\u00edtica e econ\u00f3mica, social e cultural, desta p\u00e1tria pela qual verteria o seu sangue a 19 de Outubro de 1986.\u201d<\/em><\/p>","protected":false},"excerpt":{"rendered":"<p>O Museu da Empresa Portos e Caminhos de Ferro de Mo\u00e7ambique- CFM, promove, desde o dia 19 de Outubro corrente, uma exposi\u00e7\u00e3o em homenagem ao 30\u2070 anivers\u00e1rio da morte do primeiro Presidente de Mo\u00e7ambique independente. A Exposi\u00e7\u00e3o, sob o lema \u201cSAMORA MACHEL E OS PORTOS E CAMINHOS DE FERRO DE MO\u00c7AMBIQUE\u201d est\u00e1 patente no \u00e1trio da Esta\u00e7\u00e3o dos CFM, na cidade de Maputo, at\u00e9 finais do corrente ano. &nbsp;<\/p>","protected":false},"author":94,"featured_media":8760,"comment_status":"open","ping_status":"open","sticky":false,"template":"","format":"standard","meta":{"_acf_changed":false,"pgc_sgb_lightbox_settings":"","footnotes":""},"categories":[680],"tags":[],"class_list":["post-8762","post","type-post","status-publish","format-standard","has-post-thumbnail","hentry","category-noticias"],"acf":[],"yoast_head":"<!-- This site is optimized with the Yoast SEO plugin v26.5 - https:\/\/yoast.com\/wordpress\/plugins\/seo\/ -->\n<title>Samora Machel nos CFM - CFM - Caminhos De Ferros de Mo\u00e7ambique<\/title>\n<meta name=\"robots\" content=\"index, follow, max-snippet:-1, max-image-preview:large, max-video-preview:-1\" \/>\n<link rel=\"canonical\" href=\"https:\/\/www.cfm.co.mz\/en\/2016\/10\/20\/samora-machel-nos-cfm\/\" \/>\n<meta property=\"og:locale\" content=\"en_US\" \/>\n<meta property=\"og:type\" content=\"article\" \/>\n<meta property=\"og:title\" content=\"Samora Machel nos CFM - CFM - Caminhos De Ferros de Mo\u00e7ambique\" \/>\n<meta property=\"og:description\" content=\"O Museu da Empresa Portos e Caminhos de Ferro de Mo\u00e7ambique- CFM, promove, desde o dia 19 de Outubro corrente, uma exposi\u00e7\u00e3o em homenagem ao 30\u2070 anivers\u00e1rio da morte do primeiro Presidente de Mo\u00e7ambique independente. A Exposi\u00e7\u00e3o, sob o lema \u201cSAMORA MACHEL E OS PORTOS E CAMINHOS DE FERRO DE MO\u00c7AMBIQUE\u201d est\u00e1 patente no \u00e1trio da Esta\u00e7\u00e3o dos CFM, na cidade de Maputo, at\u00e9 finais do corrente ano. &nbsp;\" \/>\n<meta property=\"og:url\" content=\"https:\/\/www.cfm.co.mz\/en\/2016\/10\/20\/samora-machel-nos-cfm\/\" \/>\n<meta property=\"og:site_name\" content=\"CFM - Caminhos De Ferros de Mo\u00e7ambique\" \/>\n<meta property=\"article:publisher\" content=\"https:\/\/www.facebook.com\/CFMMoz\" \/>\n<meta property=\"article:published_time\" content=\"2016-10-20T12:48:13+00:00\" \/>\n<meta property=\"og:image\" content=\"https:\/\/www.cfm.co.mz\/wp-content\/uploads\/2016\/10\/Expo_Samora_30_anos.jpg\" \/>\n\t<meta property=\"og:image:width\" content=\"1800\" \/>\n\t<meta property=\"og:image:height\" content=\"1200\" \/>\n\t<meta property=\"og:image:type\" content=\"image\/jpeg\" \/>\n<meta name=\"author\" content=\"D\u00e9rcio Badru\" \/>\n<meta name=\"twitter:card\" content=\"summary_large_image\" \/>\n<meta name=\"twitter:label1\" content=\"Written by\" \/>\n\t<meta name=\"twitter:data1\" content=\"D\u00e9rcio Badru\" \/>\n\t<meta name=\"twitter:label2\" content=\"Est. reading time\" \/>\n\t<meta name=\"twitter:data2\" content=\"2 minutes\" \/>\n<script type=\"application\/ld+json\" class=\"yoast-schema-graph\">{\"@context\":\"https:\/\/schema.org\",\"@graph\":[{\"@type\":\"Article\",\"@id\":\"https:\/\/www.cfm.co.mz\/2016\/10\/20\/samora-machel-nos-cfm\/#article\",\"isPartOf\":{\"@id\":\"https:\/\/www.cfm.co.mz\/2016\/10\/20\/samora-machel-nos-cfm\/\"},\"author\":{\"name\":\"D\u00e9rcio Badru\",\"@id\":\"https:\/\/www.cfm.co.mz\/#\/schema\/person\/1bb663f3c59dc61900f6f9b1c2b53552\"},\"headline\":\"Samora Machel nos CFM\",\"datePublished\":\"2016-10-20T12:48:13+00:00\",\"mainEntityOfPage\":{\"@id\":\"https:\/\/www.cfm.co.mz\/2016\/10\/20\/samora-machel-nos-cfm\/\"},\"wordCount\":359,\"commentCount\":0,\"publisher\":{\"@id\":\"https:\/\/www.cfm.co.mz\/#organization\"},\"image\":{\"@id\":\"https:\/\/www.cfm.co.mz\/2016\/10\/20\/samora-machel-nos-cfm\/#primaryimage\"},\"thumbnailUrl\":\"https:\/\/www.cfm.co.mz\/wp-content\/uploads\/2016\/10\/Expo_Samora_30_anos.jpg\",\"articleSection\":[\"Noticias\"],\"inLanguage\":\"en-US\",\"potentialAction\":[{\"@type\":\"CommentAction\",\"name\":\"Comment\",\"target\":[\"https:\/\/www.cfm.co.mz\/2016\/10\/20\/samora-machel-nos-cfm\/#respond\"]}]},{\"@type\":\"WebPage\",\"@id\":\"https:\/\/www.cfm.co.mz\/2016\/10\/20\/samora-machel-nos-cfm\/\",\"url\":\"https:\/\/www.cfm.co.mz\/2016\/10\/20\/samora-machel-nos-cfm\/\",\"name\":\"Samora Machel nos CFM - CFM - Caminhos De Ferros de Mo\u00e7ambique\",\"isPartOf\":{\"@id\":\"https:\/\/www.cfm.co.mz\/#website\"},\"primaryImageOfPage\":{\"@id\":\"https:\/\/www.cfm.co.mz\/2016\/10\/20\/samora-machel-nos-cfm\/#primaryimage\"},\"image\":{\"@id\":\"https:\/\/www.cfm.co.mz\/2016\/10\/20\/samora-machel-nos-cfm\/#primaryimage\"},\"thumbnailUrl\":\"https:\/\/www.cfm.co.mz\/wp-content\/uploads\/2016\/10\/Expo_Samora_30_anos.jpg\",\"datePublished\":\"2016-10-20T12:48:13+00:00\",\"breadcrumb\":{\"@id\":\"https:\/\/www.cfm.co.mz\/2016\/10\/20\/samora-machel-nos-cfm\/#breadcrumb\"},\"inLanguage\":\"en-US\",\"potentialAction\":[{\"@type\":\"ReadAction\",\"target\":[\"https:\/\/www.cfm.co.mz\/2016\/10\/20\/samora-machel-nos-cfm\/\"]}]},{\"@type\":\"ImageObject\",\"inLanguage\":\"en-US\",\"@id\":\"https:\/\/www.cfm.co.mz\/2016\/10\/20\/samora-machel-nos-cfm\/#primaryimage\",\"url\":\"https:\/\/www.cfm.co.mz\/wp-content\/uploads\/2016\/10\/Expo_Samora_30_anos.jpg\",\"contentUrl\":\"https:\/\/www.cfm.co.mz\/wp-content\/uploads\/2016\/10\/Expo_Samora_30_anos.jpg\",\"width\":1800,\"height\":1200,\"caption\":\"Expo Samora 30 anos\"},{\"@type\":\"BreadcrumbList\",\"@id\":\"https:\/\/www.cfm.co.mz\/2016\/10\/20\/samora-machel-nos-cfm\/#breadcrumb\",\"itemListElement\":[{\"@type\":\"ListItem\",\"position\":1,\"name\":\"Home\",\"item\":\"https:\/\/www.cfm.co.mz\/\"},{\"@type\":\"ListItem\",\"position\":2,\"name\":\"Samora Machel nos CFM\"}]},{\"@type\":\"WebSite\",\"@id\":\"https:\/\/www.cfm.co.mz\/#website\",\"url\":\"https:\/\/www.cfm.co.mz\/\",\"name\":\"CFM - Caminhos De Ferros de Mo\u00e7ambique\",\"description\":\"Ampliando Horizontes\",\"publisher\":{\"@id\":\"https:\/\/www.cfm.co.mz\/#organization\"},\"potentialAction\":[{\"@type\":\"SearchAction\",\"target\":{\"@type\":\"EntryPoint\",\"urlTemplate\":\"https:\/\/www.cfm.co.mz\/?s={search_term_string}\"},\"query-input\":{\"@type\":\"PropertyValueSpecification\",\"valueRequired\":true,\"valueName\":\"search_term_string\"}}],\"inLanguage\":\"en-US\"},{\"@type\":\"Organization\",\"@id\":\"https:\/\/www.cfm.co.mz\/#organization\",\"name\":\"CFM - Caminhos De Ferros de Mo\u00e7ambique\",\"url\":\"https:\/\/www.cfm.co.mz\/\",\"logo\":{\"@type\":\"ImageObject\",\"inLanguage\":\"en-US\",\"@id\":\"https:\/\/www.cfm.co.mz\/#\/schema\/logo\/image\/\",\"url\":\"https:\/\/www.cfm.co.mz\/wp-content\/uploads\/2025\/07\/be5f0679-4f5b-4d02-9719-a26ceed29162.jpg\",\"contentUrl\":\"https:\/\/www.cfm.co.mz\/wp-content\/uploads\/2025\/07\/be5f0679-4f5b-4d02-9719-a26ceed29162.jpg\",\"width\":400,\"height\":65,\"caption\":\"CFM - Caminhos De Ferros de Mo\u00e7ambique\"},\"image\":{\"@id\":\"https:\/\/www.cfm.co.mz\/#\/schema\/logo\/image\/\"},\"sameAs\":[\"https:\/\/www.facebook.com\/CFMMoz\",\"https:\/\/www.linkedin.com\/company\/caminhos-de-ferro-de-moambique\/\"]},{\"@type\":\"Person\",\"@id\":\"https:\/\/www.cfm.co.mz\/#\/schema\/person\/1bb663f3c59dc61900f6f9b1c2b53552\",\"name\":\"D\u00e9rcio Badru\",\"image\":{\"@type\":\"ImageObject\",\"inLanguage\":\"en-US\",\"@id\":\"https:\/\/www.cfm.co.mz\/#\/schema\/person\/image\/\",\"url\":\"https:\/\/www.cfm.co.mz\/wp-content\/litespeed\/avatar\/be89d6955942d7259ef76de4577d21b3.jpg?ver=1777454359\",\"contentUrl\":\"https:\/\/www.cfm.co.mz\/wp-content\/litespeed\/avatar\/be89d6955942d7259ef76de4577d21b3.jpg?ver=1777454359\",\"caption\":\"D\u00e9rcio Badru\"},\"url\":\"https:\/\/www.cfm.co.mz\/en\/author\/dercio\/\"}]}<\/script>\n<!-- \/ Yoast SEO plugin. -->","yoast_head_json":{"title":"Samora Machel nos CFM - CFM - Caminhos De Ferros de Mo\u00e7ambique","robots":{"index":"index","follow":"follow","max-snippet":"max-snippet:-1","max-image-preview":"max-image-preview:large","max-video-preview":"max-video-preview:-1"},"canonical":"https:\/\/www.cfm.co.mz\/en\/2016\/10\/20\/samora-machel-nos-cfm\/","og_locale":"en_US","og_type":"article","og_title":"Samora Machel nos CFM - CFM - Caminhos De Ferros de Mo\u00e7ambique","og_description":"O Museu da Empresa Portos e Caminhos de Ferro de Mo\u00e7ambique- CFM, promove, desde o dia 19 de Outubro corrente, uma exposi\u00e7\u00e3o em homenagem ao 30\u2070 anivers\u00e1rio da morte do primeiro Presidente de Mo\u00e7ambique independente. A Exposi\u00e7\u00e3o, sob o lema \u201cSAMORA MACHEL E OS PORTOS E CAMINHOS DE FERRO DE MO\u00c7AMBIQUE\u201d est\u00e1 patente no \u00e1trio da Esta\u00e7\u00e3o dos CFM, na cidade de Maputo, at\u00e9 finais do corrente ano. &nbsp;","og_url":"https:\/\/www.cfm.co.mz\/en\/2016\/10\/20\/samora-machel-nos-cfm\/","og_site_name":"CFM - Caminhos De Ferros de Mo\u00e7ambique","article_publisher":"https:\/\/www.facebook.com\/CFMMoz","article_published_time":"2016-10-20T12:48:13+00:00","og_image":[{"width":1800,"height":1200,"url":"https:\/\/www.cfm.co.mz\/wp-content\/uploads\/2016\/10\/Expo_Samora_30_anos.jpg","type":"image\/jpeg"}],"author":"D\u00e9rcio Badru","twitter_card":"summary_large_image","twitter_misc":{"Written by":"D\u00e9rcio Badru","Est. reading time":"2 minutes"},"schema":{"@context":"https:\/\/schema.org","@graph":[{"@type":"Article","@id":"https:\/\/www.cfm.co.mz\/2016\/10\/20\/samora-machel-nos-cfm\/#article","isPartOf":{"@id":"https:\/\/www.cfm.co.mz\/2016\/10\/20\/samora-machel-nos-cfm\/"},"author":{"name":"D\u00e9rcio Badru","@id":"https:\/\/www.cfm.co.mz\/#\/schema\/person\/1bb663f3c59dc61900f6f9b1c2b53552"},"headline":"Samora Machel nos CFM","datePublished":"2016-10-20T12:48:13+00:00","mainEntityOfPage":{"@id":"https:\/\/www.cfm.co.mz\/2016\/10\/20\/samora-machel-nos-cfm\/"},"wordCount":359,"commentCount":0,"publisher":{"@id":"https:\/\/www.cfm.co.mz\/#organization"},"image":{"@id":"https:\/\/www.cfm.co.mz\/2016\/10\/20\/samora-machel-nos-cfm\/#primaryimage"},"thumbnailUrl":"https:\/\/www.cfm.co.mz\/wp-content\/uploads\/2016\/10\/Expo_Samora_30_anos.jpg","articleSection":["Noticias"],"inLanguage":"en-US","potentialAction":[{"@type":"CommentAction","name":"Comment","target":["https:\/\/www.cfm.co.mz\/2016\/10\/20\/samora-machel-nos-cfm\/#respond"]}]},{"@type":"WebPage","@id":"https:\/\/www.cfm.co.mz\/2016\/10\/20\/samora-machel-nos-cfm\/","url":"https:\/\/www.cfm.co.mz\/2016\/10\/20\/samora-machel-nos-cfm\/","name":"Samora Machel nos CFM - CFM - Caminhos De Ferros de Mo\u00e7ambique","isPartOf":{"@id":"https:\/\/www.cfm.co.mz\/#website"},"primaryImageOfPage":{"@id":"https:\/\/www.cfm.co.mz\/2016\/10\/20\/samora-machel-nos-cfm\/#primaryimage"},"image":{"@id":"https:\/\/www.cfm.co.mz\/2016\/10\/20\/samora-machel-nos-cfm\/#primaryimage"},"thumbnailUrl":"https:\/\/www.cfm.co.mz\/wp-content\/uploads\/2016\/10\/Expo_Samora_30_anos.jpg","datePublished":"2016-10-20T12:48:13+00:00","breadcrumb":{"@id":"https:\/\/www.cfm.co.mz\/2016\/10\/20\/samora-machel-nos-cfm\/#breadcrumb"},"inLanguage":"en-US","potentialAction":[{"@type":"ReadAction","target":["https:\/\/www.cfm.co.mz\/2016\/10\/20\/samora-machel-nos-cfm\/"]}]},{"@type":"ImageObject","inLanguage":"en-US","@id":"https:\/\/www.cfm.co.mz\/2016\/10\/20\/samora-machel-nos-cfm\/#primaryimage","url":"https:\/\/www.cfm.co.mz\/wp-content\/uploads\/2016\/10\/Expo_Samora_30_anos.jpg","contentUrl":"https:\/\/www.cfm.co.mz\/wp-content\/uploads\/2016\/10\/Expo_Samora_30_anos.jpg","width":1800,"height":1200,"caption":"Expo Samora 30 anos"},{"@type":"BreadcrumbList","@id":"https:\/\/www.cfm.co.mz\/2016\/10\/20\/samora-machel-nos-cfm\/#breadcrumb","itemListElement":[{"@type":"ListItem","position":1,"name":"Home","item":"https:\/\/www.cfm.co.mz\/"},{"@type":"ListItem","position":2,"name":"Samora Machel nos CFM"}]},{"@type":"WebSite","@id":"https:\/\/www.cfm.co.mz\/#website","url":"https:\/\/www.cfm.co.mz\/","name":"CFM - Caminhos De Ferros de Mo\u00e7ambique","description":"Ampliando Horizontes","publisher":{"@id":"https:\/\/www.cfm.co.mz\/#organization"},"potentialAction":[{"@type":"SearchAction","target":{"@type":"EntryPoint","urlTemplate":"https:\/\/www.cfm.co.mz\/?s={search_term_string}"},"query-input":{"@type":"PropertyValueSpecification","valueRequired":true,"valueName":"search_term_string"}}],"inLanguage":"en-US"},{"@type":"Organization","@id":"https:\/\/www.cfm.co.mz\/#organization","name":"CFM - Caminhos De Ferros de Mo\u00e7ambique","url":"https:\/\/www.cfm.co.mz\/","logo":{"@type":"ImageObject","inLanguage":"en-US","@id":"https:\/\/www.cfm.co.mz\/#\/schema\/logo\/image\/","url":"https:\/\/www.cfm.co.mz\/wp-content\/uploads\/2025\/07\/be5f0679-4f5b-4d02-9719-a26ceed29162.jpg","contentUrl":"https:\/\/www.cfm.co.mz\/wp-content\/uploads\/2025\/07\/be5f0679-4f5b-4d02-9719-a26ceed29162.jpg","width":400,"height":65,"caption":"CFM - Caminhos De Ferros de Mo\u00e7ambique"},"image":{"@id":"https:\/\/www.cfm.co.mz\/#\/schema\/logo\/image\/"},"sameAs":["https:\/\/www.facebook.com\/CFMMoz","https:\/\/www.linkedin.com\/company\/caminhos-de-ferro-de-moambique\/"]},{"@type":"Person","@id":"https:\/\/www.cfm.co.mz\/#\/schema\/person\/1bb663f3c59dc61900f6f9b1c2b53552","name":"D\u00e9rcio Badru","image":{"@type":"ImageObject","inLanguage":"en-US","@id":"https:\/\/www.cfm.co.mz\/#\/schema\/person\/image\/","url":"https:\/\/www.cfm.co.mz\/wp-content\/litespeed\/avatar\/be89d6955942d7259ef76de4577d21b3.jpg?ver=1777454359","contentUrl":"https:\/\/www.cfm.co.mz\/wp-content\/litespeed\/avatar\/be89d6955942d7259ef76de4577d21b3.jpg?ver=1777454359","caption":"D\u00e9rcio Badru"},"url":"https:\/\/www.cfm.co.mz\/en\/author\/dercio\/"}]}},"_links":{"self":[{"href":"https:\/\/www.cfm.co.mz\/en\/wp-json\/wp\/v2\/posts\/8762","targetHints":{"allow":["GET"]}}],"collection":[{"href":"https:\/\/www.cfm.co.mz\/en\/wp-json\/wp\/v2\/posts"}],"about":[{"href":"https:\/\/www.cfm.co.mz\/en\/wp-json\/wp\/v2\/types\/post"}],"author":[{"embeddable":true,"href":"https:\/\/www.cfm.co.mz\/en\/wp-json\/wp\/v2\/users\/94"}],"replies":[{"embeddable":true,"href":"https:\/\/www.cfm.co.mz\/en\/wp-json\/wp\/v2\/comments?post=8762"}],"version-history":[{"count":0,"href":"https:\/\/www.cfm.co.mz\/en\/wp-json\/wp\/v2\/posts\/8762\/revisions"}],"wp:featuredmedia":[{"embeddable":true,"href":"https:\/\/www.cfm.co.mz\/en\/wp-json\/wp\/v2\/media\/8760"}],"wp:attachment":[{"href":"https:\/\/www.cfm.co.mz\/en\/wp-json\/wp\/v2\/media?parent=8762"}],"wp:term":[{"taxonomy":"category","embeddable":true,"href":"https:\/\/www.cfm.co.mz\/en\/wp-json\/wp\/v2\/categories?post=8762"},{"taxonomy":"post_tag","embeddable":true,"href":"https:\/\/www.cfm.co.mz\/en\/wp-json\/wp\/v2\/tags?post=8762"}],"curies":[{"name":"wp","href":"https:\/\/api.w.org\/{rel}","templated":true}]}}