{"id":8759,"date":"2016-09-30T13:40:24","date_gmt":"2016-09-30T13:40:24","guid":{"rendered":"https:\/\/www.cfm.co.mz\/2016\/09\/30\/nyusi-inaugura-ponte-ferroviaria-em-boane\/"},"modified":"2016-09-30T13:40:24","modified_gmt":"2016-09-30T13:40:24","slug":"nyusi-inaugura-ponte-ferroviaria-em-boane","status":"publish","type":"post","link":"https:\/\/www.cfm.co.mz\/en\/2016\/09\/30\/nyusi-inaugura-ponte-ferroviaria-em-boane\/","title":{"rendered":"Nyusi Inaugura Ponte Ferrovi\u00e1ria em Boane"},"content":{"rendered":"<p><a class=\"jcepopup icon-bottom-right\" type=\"image\" href=\"http:\/\/www.cfm.co.mz\/wp-content\/uploads\/2016\/09\/Inauguracao_Ponte_Boane.jpg\" target=\"_blank\" data-mediabox=\"width[800];caption[Momento do Descerramento da L\u00e1pide]\" rel=\"noopener\"><img decoding=\"async\" style=\"margin: 5px; float: left;\" src=\"http:\/\/www.cfm.co.mz\/wp-content\/uploads\/2016\/09\/Inauguracao_Ponte_Boane.jpg\" alt=\"Inauguracao Ponte Boane\" width=\"250\" height=\"166\" \/><\/a>O Presidente da Rep\u00fablica, Filipe Jacinto Nyusi, inaugurou no passado dia 28 de Setembro, a nova Ponte Ferrovi\u00e1ria localizada em Boane, sobre o rio Umbel\u00fazi- Prov\u00edncia de Maputo, uma infraestrutura qua vai permitir o aumento da capacidade de cargas para 5 milh\u00f5es de Toneladas por ano, na Linha de Goba.<\/p>\n<p>Avaliada em pouco mais de 588 milh\u00f5es de Meticais- fundos pr\u00f3prios dos CFM-, esta Ponte \u00e9 a maior infraestrutura do g\u00e9nero constru\u00edda ap\u00f3s \u00e0 Independ\u00eancia Nacional.<\/p>\n<p>&nbsp;<\/p>\n<p><!--more--><\/p>\n<p><img decoding=\"async\" class=\"alignright size-full wp-image-8754\" style=\"margin: 5px; float: right;\" src=\"http:\/\/www.cfm.co.mz\/wp-content\/uploads\/2016\/09\/Inauguracao_Ponte_Boane_Carruagens.jpg\" alt=\"Inauguracao Ponte Boane Carruagens\" width=\"250\" height=\"167\" srcset=\"https:\/\/www.cfm.co.mz\/wp-content\/uploads\/2016\/09\/Inauguracao_Ponte_Boane_Carruagens.jpg 1800w, https:\/\/www.cfm.co.mz\/wp-content\/uploads\/2016\/09\/Inauguracao_Ponte_Boane_Carruagens-300x200.jpg 300w, https:\/\/www.cfm.co.mz\/wp-content\/uploads\/2016\/09\/Inauguracao_Ponte_Boane_Carruagens-1024x683.jpg 1024w, https:\/\/www.cfm.co.mz\/wp-content\/uploads\/2016\/09\/Inauguracao_Ponte_Boane_Carruagens-768x512.jpg 768w, https:\/\/www.cfm.co.mz\/wp-content\/uploads\/2016\/09\/Inauguracao_Ponte_Boane_Carruagens-1536x1024.jpg 1536w\" sizes=\"(max-width: 250px) 100vw, 250px\" \/><a class=\"jcepopup\" type=\"image\" href=\"http:\/\/www.cfm.co.mz\/wp-content\/uploads\/2016\/09\/Aguns-dados-sobre-a-Ponte.jpg\" target=\"_blank\" rel=\"noopener\">A Ponte tem 362 metros de extens\u00e3o e assenta em cinco pilares de bet\u00e3o armado e estrutura met\u00e1lica, com uma altura que varia entre os 7 e 11.5 metros<\/a>. Poder\u00e1 suportar 27 toneladas por eixo, contra as anteriores 18.5 toneladas, facto que ir\u00e1 permitir a circula\u00e7\u00e3o de Locomotivas com maior capacidade e composi\u00e7\u00f5es acima de 100 vag\u00f5es, contra 50 vag\u00f5es da antiga Ponte.<\/p>\n<p>&nbsp;<\/p>\n<p>&nbsp;<\/p>\n<p><a class=\"jcepopup icon-bottom-right\" type=\"image\" href=\"http:\/\/www.cfm.co.mz\/wp-content\/uploads\/2016\/09\/Inauguracao_Ponte_Boane_PR.jpg\" target=\"_blank\" data-mediabox=\"width[800];caption[Discurso do Chefe do Estado]\" rel=\"noopener\"><img decoding=\"async\" style=\"margin: 5px; float: left;\" src=\"http:\/\/www.cfm.co.mz\/wp-content\/uploads\/2016\/09\/Inauguracao_Ponte_Boane_PR.jpg\" alt=\"Inauguracao Ponte Boane PR\" width=\"250\" \/><\/a>Intervindo na ocasi\u00e3o, o Presidente Nyusi destacou o facto de a ponte ser de grande import\u00e2ncia para o crescimento da economia nacional e regional, salientando que \u201c<strong><em>a inaugura\u00e7\u00e3o desta ponte ferrovi\u00e1ria \u00e9 sinal do manifesto da nossa agenda comum, a de constru\u00e7\u00e3o do bem-estar social e inclusivo para todos. Com uma infraestrutura desta magnitude nesta linha de Goba, os diferentes operadores e agentes econ\u00f3micos nacionais e estrangeiros passam a ter ao seu dispor uma obra moderna e de qualidade, que vai garantir o transporte de pessoas e bens em condi\u00e7\u00f5es seguras e em maiores quantidades\u201d, <\/em><\/strong>disse Nyusi, que apelou ainda ao CFM a ser<strong> <em>\u201ccomercialmente agressiva na mobiliza\u00e7\u00e3o do tr\u00e1fego para que a ponte atinja o objectivo para o qual foi concebida e garanta o retorno r\u00e1pido do investimento realizado<\/em><\/strong>\u201d.<\/p>\n<p><a class=\"jcepopup icon-bottom-right\" type=\"image\" href=\"http:\/\/www.cfm.co.mz\/wp-content\/uploads\/2016\/09\/Inauguracao_Ponte_Boane_Carlos_Mesquita.jpg\" target=\"_blank\" data-mediabox=\"width[800];caption[Carlos Mesquita, Ministro dos Transportes e Comunica\u00e7\u00f5es]\" rel=\"noopener\"><img decoding=\"async\" style=\"margin: 5px; float: right;\" src=\"http:\/\/www.cfm.co.mz\/wp-content\/uploads\/2016\/09\/Inauguracao_Ponte_Boane_Carlos_Mesquita.jpg\" alt=\"Inauguracao Ponte Boane Carlos Mesquita\" width=\"250\" height=\"167\" \/><\/a>Por seu turno, o Ministro dos Transportes e Comunica\u00e7\u00f5es, Carlos Mesquita, n\u00e3o escondeu a satisfa\u00e7\u00e3o desta infraestrutura que acabamos de inaugurar. Trata-se \u201c<strong><em>do primeiro maior empreendimento de raiz de uma ponte ferrovi\u00e1ria desde a independ\u00eancia nacional, num contexto em que o sector dos Transportes e Comunica\u00e7\u00f5es \u00e9 chamado a mobilizar a sua capacidade para a moderniza\u00e7\u00e3o e amplia\u00e7\u00e3o da sua rede ferrovi\u00e1ria nacional e internacional, para responder ao novo quadro do aumento do tr\u00e1fego ferrovi\u00e1rio em quase todas as nossas linhas.\u201d<\/em><\/strong>&#8211; salientou Mesquita.<\/p>\n<p>Para responder a este novo quadro, segundo o Ministro, o sector dos Transportes e Comunica\u00e7\u00f5es est\u00e1 a implementar um vasto programa de amplia\u00e7\u00e3o das infraestruturas ferrovi\u00e1rias noutras frentes, como os estudos para a amplia\u00e7\u00e3o de capacidade da linha de Ressano Garcia, obras de amplia\u00e7\u00e3o da linha f\u00e9rrea de Sena, consolida\u00e7\u00e3o das opera\u00e7\u00f5es no Porto de Nacala-a-velha, entre outras ac\u00e7\u00f5es programadas.<\/p>\n<p><a class=\"jcepopup icon-bottom-right\" type=\"image\" href=\"http:\/\/www.cfm.co.mz\/wp-content\/uploads\/2016\/09\/Inauguracao_Ponte_Boane_PCA.jpg\" target=\"_blank\" data-mediabox=\"width[800];caption[Victor Gomes, PCA do CFM]\" rel=\"noopener\"><img loading=\"lazy\" decoding=\"async\" style=\"margin: 5px; float: left;\" src=\"http:\/\/www.cfm.co.mz\/wp-content\/uploads\/2016\/09\/Inauguracao_Ponte_Boane_PCA.jpg\" alt=\"Inauguracao Ponte Boane PCA\" width=\"250\" height=\"167\" \/><\/a>Na mesma ocasi\u00e3o, o PCA do CFM, Victor Pedro Gomes, fez saber que \u201c<strong><em>atrav\u00e9s desta Ponte, poder\u00e3o passar cargas para o Porto de Maputo, como o calc\u00e1rio da zona de Salamanga, estimado em cerca de 600 mil toneladas por ano, o a\u00e7\u00facar da Suazil\u00e2ndia, estimado em cerca de 300 mil toneladas por ano, para al\u00e9m, obviamente, do nosso servi\u00e7o de transporte de passageiros que assumimos como Responsabilidade Social dos CFM<\/em><\/strong>\u201d. Acrescentando que, ainda neste \u00e2mbito, durante a constru\u00e7\u00e3o da Ponte, pelo menos \u201c<strong><em>300 estudantes do curso de Engenharia da Universidade Eduardo Mondlane e do Instituto Industrial de Maputo usaram o empreendimento como um laborat\u00f3rio para aulas pr\u00e1ticas, o que lhes permitiu aliar o conhecimento te\u00f3rico \u00e0 pr\u00e1tica\u201d.<\/em><\/strong><\/p>\n<p>Victor Gomes aproveitou para anunciar, no \u00e2mbito da pol\u00edtica de Responsabilidade Social da Empresa, a constru\u00e7\u00e3o de um bloco de duas salas de aulas, na Escola Prim\u00e1ria Completa Antigos Combatentes, e uma Maternidade, ambos no bairro Paulo Samuel Kankhomba, no Distrito de Boane.<\/p>","protected":false},"excerpt":{"rendered":"<p>O Presidente da Rep\u00fablica, Filipe Jacinto Nyusi, inaugurou no passado dia 28 de Setembro, a nova Ponte Ferrovi\u00e1ria localizada em Boane, sobre o rio Umbel\u00fazi- Prov\u00edncia de Maputo, uma infraestrutura qua vai permitir o aumento da capacidade de cargas para 5 milh\u00f5es de Toneladas por ano, na Linha de Goba. Avaliada em pouco mais de 588 milh\u00f5es de Meticais- fundos pr\u00f3prios dos CFM-, esta Ponte \u00e9 a maior infraestrutura do g\u00e9nero constru\u00edda ap\u00f3s \u00e0 Independ\u00eancia Nacional. &nbsp;<\/p>","protected":false},"author":94,"featured_media":8753,"comment_status":"open","ping_status":"open","sticky":false,"template":"","format":"standard","meta":{"_acf_changed":false,"pgc_sgb_lightbox_settings":"","footnotes":""},"categories":[680],"tags":[],"class_list":["post-8759","post","type-post","status-publish","format-standard","has-post-thumbnail","hentry","category-noticias"],"acf":[],"yoast_head":"<!-- This site is optimized with the Yoast SEO plugin v26.5 - https:\/\/yoast.com\/wordpress\/plugins\/seo\/ -->\n<title>Nyusi Inaugura Ponte Ferrovi\u00e1ria em Boane - CFM - Caminhos De Ferros de Mo\u00e7ambique<\/title>\n<meta name=\"robots\" content=\"index, follow, max-snippet:-1, max-image-preview:large, max-video-preview:-1\" \/>\n<link rel=\"canonical\" href=\"https:\/\/www.cfm.co.mz\/en\/2016\/09\/30\/nyusi-inaugura-ponte-ferroviaria-em-boane\/\" \/>\n<meta property=\"og:locale\" content=\"en_US\" \/>\n<meta property=\"og:type\" content=\"article\" \/>\n<meta property=\"og:title\" content=\"Nyusi Inaugura Ponte Ferrovi\u00e1ria em Boane - CFM - Caminhos De Ferros de Mo\u00e7ambique\" \/>\n<meta property=\"og:description\" content=\"O Presidente da Rep\u00fablica, Filipe Jacinto Nyusi, inaugurou no passado dia 28 de Setembro, a nova Ponte Ferrovi\u00e1ria localizada em Boane, sobre o rio Umbel\u00fazi- Prov\u00edncia de Maputo, uma infraestrutura qua vai permitir o aumento da capacidade de cargas para 5 milh\u00f5es de Toneladas por ano, na Linha de Goba. Avaliada em pouco mais de 588 milh\u00f5es de Meticais- fundos pr\u00f3prios dos CFM-, esta Ponte \u00e9 a maior infraestrutura do g\u00e9nero constru\u00edda ap\u00f3s \u00e0 Independ\u00eancia Nacional. &nbsp;\" \/>\n<meta property=\"og:url\" content=\"https:\/\/www.cfm.co.mz\/en\/2016\/09\/30\/nyusi-inaugura-ponte-ferroviaria-em-boane\/\" \/>\n<meta property=\"og:site_name\" content=\"CFM - Caminhos De Ferros de Mo\u00e7ambique\" \/>\n<meta property=\"article:publisher\" content=\"https:\/\/www.facebook.com\/CFMMoz\" \/>\n<meta property=\"article:published_time\" content=\"2016-09-30T13:40:24+00:00\" \/>\n<meta property=\"og:image\" content=\"https:\/\/www.cfm.co.mz\/wp-content\/uploads\/2016\/09\/Inauguracao_Ponte_Boane.jpg\" \/>\n\t<meta property=\"og:image:width\" content=\"1280\" \/>\n\t<meta property=\"og:image:height\" content=\"850\" \/>\n\t<meta property=\"og:image:type\" content=\"image\/jpeg\" \/>\n<meta name=\"author\" content=\"D\u00e9rcio Badru\" \/>\n<meta name=\"twitter:card\" content=\"summary_large_image\" \/>\n<meta name=\"twitter:label1\" content=\"Written by\" \/>\n\t<meta name=\"twitter:data1\" content=\"D\u00e9rcio Badru\" \/>\n\t<meta name=\"twitter:label2\" content=\"Est. reading time\" \/>\n\t<meta name=\"twitter:data2\" content=\"3 minutes\" \/>\n<script type=\"application\/ld+json\" class=\"yoast-schema-graph\">{\"@context\":\"https:\/\/schema.org\",\"@graph\":[{\"@type\":\"Article\",\"@id\":\"https:\/\/www.cfm.co.mz\/2016\/09\/30\/nyusi-inaugura-ponte-ferroviaria-em-boane\/#article\",\"isPartOf\":{\"@id\":\"https:\/\/www.cfm.co.mz\/2016\/09\/30\/nyusi-inaugura-ponte-ferroviaria-em-boane\/\"},\"author\":{\"name\":\"D\u00e9rcio Badru\",\"@id\":\"https:\/\/www.cfm.co.mz\/#\/schema\/person\/1bb663f3c59dc61900f6f9b1c2b53552\"},\"headline\":\"Nyusi Inaugura Ponte Ferrovi\u00e1ria em Boane\",\"datePublished\":\"2016-09-30T13:40:24+00:00\",\"mainEntityOfPage\":{\"@id\":\"https:\/\/www.cfm.co.mz\/2016\/09\/30\/nyusi-inaugura-ponte-ferroviaria-em-boane\/\"},\"wordCount\":629,\"commentCount\":0,\"publisher\":{\"@id\":\"https:\/\/www.cfm.co.mz\/#organization\"},\"image\":{\"@id\":\"https:\/\/www.cfm.co.mz\/2016\/09\/30\/nyusi-inaugura-ponte-ferroviaria-em-boane\/#primaryimage\"},\"thumbnailUrl\":\"https:\/\/www.cfm.co.mz\/wp-content\/uploads\/2016\/09\/Inauguracao_Ponte_Boane.jpg\",\"articleSection\":[\"Noticias\"],\"inLanguage\":\"en-US\",\"potentialAction\":[{\"@type\":\"CommentAction\",\"name\":\"Comment\",\"target\":[\"https:\/\/www.cfm.co.mz\/2016\/09\/30\/nyusi-inaugura-ponte-ferroviaria-em-boane\/#respond\"]}]},{\"@type\":\"WebPage\",\"@id\":\"https:\/\/www.cfm.co.mz\/2016\/09\/30\/nyusi-inaugura-ponte-ferroviaria-em-boane\/\",\"url\":\"https:\/\/www.cfm.co.mz\/2016\/09\/30\/nyusi-inaugura-ponte-ferroviaria-em-boane\/\",\"name\":\"Nyusi Inaugura Ponte Ferrovi\u00e1ria em Boane - CFM - Caminhos De Ferros de Mo\u00e7ambique\",\"isPartOf\":{\"@id\":\"https:\/\/www.cfm.co.mz\/#website\"},\"primaryImageOfPage\":{\"@id\":\"https:\/\/www.cfm.co.mz\/2016\/09\/30\/nyusi-inaugura-ponte-ferroviaria-em-boane\/#primaryimage\"},\"image\":{\"@id\":\"https:\/\/www.cfm.co.mz\/2016\/09\/30\/nyusi-inaugura-ponte-ferroviaria-em-boane\/#primaryimage\"},\"thumbnailUrl\":\"https:\/\/www.cfm.co.mz\/wp-content\/uploads\/2016\/09\/Inauguracao_Ponte_Boane.jpg\",\"datePublished\":\"2016-09-30T13:40:24+00:00\",\"breadcrumb\":{\"@id\":\"https:\/\/www.cfm.co.mz\/2016\/09\/30\/nyusi-inaugura-ponte-ferroviaria-em-boane\/#breadcrumb\"},\"inLanguage\":\"en-US\",\"potentialAction\":[{\"@type\":\"ReadAction\",\"target\":[\"https:\/\/www.cfm.co.mz\/2016\/09\/30\/nyusi-inaugura-ponte-ferroviaria-em-boane\/\"]}]},{\"@type\":\"ImageObject\",\"inLanguage\":\"en-US\",\"@id\":\"https:\/\/www.cfm.co.mz\/2016\/09\/30\/nyusi-inaugura-ponte-ferroviaria-em-boane\/#primaryimage\",\"url\":\"https:\/\/www.cfm.co.mz\/wp-content\/uploads\/2016\/09\/Inauguracao_Ponte_Boane.jpg\",\"contentUrl\":\"https:\/\/www.cfm.co.mz\/wp-content\/uploads\/2016\/09\/Inauguracao_Ponte_Boane.jpg\",\"width\":1280,\"height\":850,\"caption\":\"Inauguracao Ponte Boane\"},{\"@type\":\"BreadcrumbList\",\"@id\":\"https:\/\/www.cfm.co.mz\/2016\/09\/30\/nyusi-inaugura-ponte-ferroviaria-em-boane\/#breadcrumb\",\"itemListElement\":[{\"@type\":\"ListItem\",\"position\":1,\"name\":\"Home\",\"item\":\"https:\/\/www.cfm.co.mz\/\"},{\"@type\":\"ListItem\",\"position\":2,\"name\":\"Nyusi Inaugura Ponte Ferrovi\u00e1ria em Boane\"}]},{\"@type\":\"WebSite\",\"@id\":\"https:\/\/www.cfm.co.mz\/#website\",\"url\":\"https:\/\/www.cfm.co.mz\/\",\"name\":\"CFM - Caminhos De Ferros de Mo\u00e7ambique\",\"description\":\"Ampliando Horizontes\",\"publisher\":{\"@id\":\"https:\/\/www.cfm.co.mz\/#organization\"},\"potentialAction\":[{\"@type\":\"SearchAction\",\"target\":{\"@type\":\"EntryPoint\",\"urlTemplate\":\"https:\/\/www.cfm.co.mz\/?s={search_term_string}\"},\"query-input\":{\"@type\":\"PropertyValueSpecification\",\"valueRequired\":true,\"valueName\":\"search_term_string\"}}],\"inLanguage\":\"en-US\"},{\"@type\":\"Organization\",\"@id\":\"https:\/\/www.cfm.co.mz\/#organization\",\"name\":\"CFM - Caminhos De Ferros de Mo\u00e7ambique\",\"url\":\"https:\/\/www.cfm.co.mz\/\",\"logo\":{\"@type\":\"ImageObject\",\"inLanguage\":\"en-US\",\"@id\":\"https:\/\/www.cfm.co.mz\/#\/schema\/logo\/image\/\",\"url\":\"https:\/\/www.cfm.co.mz\/wp-content\/uploads\/2025\/07\/be5f0679-4f5b-4d02-9719-a26ceed29162.jpg\",\"contentUrl\":\"https:\/\/www.cfm.co.mz\/wp-content\/uploads\/2025\/07\/be5f0679-4f5b-4d02-9719-a26ceed29162.jpg\",\"width\":400,\"height\":65,\"caption\":\"CFM - Caminhos De Ferros de Mo\u00e7ambique\"},\"image\":{\"@id\":\"https:\/\/www.cfm.co.mz\/#\/schema\/logo\/image\/\"},\"sameAs\":[\"https:\/\/www.facebook.com\/CFMMoz\",\"https:\/\/www.linkedin.com\/company\/caminhos-de-ferro-de-moambique\/\"]},{\"@type\":\"Person\",\"@id\":\"https:\/\/www.cfm.co.mz\/#\/schema\/person\/1bb663f3c59dc61900f6f9b1c2b53552\",\"name\":\"D\u00e9rcio Badru\",\"image\":{\"@type\":\"ImageObject\",\"inLanguage\":\"en-US\",\"@id\":\"https:\/\/www.cfm.co.mz\/#\/schema\/person\/image\/\",\"url\":\"https:\/\/www.cfm.co.mz\/wp-content\/litespeed\/avatar\/be89d6955942d7259ef76de4577d21b3.jpg?ver=1777454359\",\"contentUrl\":\"https:\/\/www.cfm.co.mz\/wp-content\/litespeed\/avatar\/be89d6955942d7259ef76de4577d21b3.jpg?ver=1777454359\",\"caption\":\"D\u00e9rcio Badru\"},\"url\":\"https:\/\/www.cfm.co.mz\/en\/author\/dercio\/\"}]}<\/script>\n<!-- \/ Yoast SEO plugin. -->","yoast_head_json":{"title":"Nyusi Inaugura Ponte Ferrovi\u00e1ria em Boane - CFM - Caminhos De Ferros de Mo\u00e7ambique","robots":{"index":"index","follow":"follow","max-snippet":"max-snippet:-1","max-image-preview":"max-image-preview:large","max-video-preview":"max-video-preview:-1"},"canonical":"https:\/\/www.cfm.co.mz\/en\/2016\/09\/30\/nyusi-inaugura-ponte-ferroviaria-em-boane\/","og_locale":"en_US","og_type":"article","og_title":"Nyusi Inaugura Ponte Ferrovi\u00e1ria em Boane - CFM - Caminhos De Ferros de Mo\u00e7ambique","og_description":"O Presidente da Rep\u00fablica, Filipe Jacinto Nyusi, inaugurou no passado dia 28 de Setembro, a nova Ponte Ferrovi\u00e1ria localizada em Boane, sobre o rio Umbel\u00fazi- Prov\u00edncia de Maputo, uma infraestrutura qua vai permitir o aumento da capacidade de cargas para 5 milh\u00f5es de Toneladas por ano, na Linha de Goba. Avaliada em pouco mais de 588 milh\u00f5es de Meticais- fundos pr\u00f3prios dos CFM-, esta Ponte \u00e9 a maior infraestrutura do g\u00e9nero constru\u00edda ap\u00f3s \u00e0 Independ\u00eancia Nacional. &nbsp;","og_url":"https:\/\/www.cfm.co.mz\/en\/2016\/09\/30\/nyusi-inaugura-ponte-ferroviaria-em-boane\/","og_site_name":"CFM - Caminhos De Ferros de Mo\u00e7ambique","article_publisher":"https:\/\/www.facebook.com\/CFMMoz","article_published_time":"2016-09-30T13:40:24+00:00","og_image":[{"width":1280,"height":850,"url":"https:\/\/www.cfm.co.mz\/wp-content\/uploads\/2016\/09\/Inauguracao_Ponte_Boane.jpg","type":"image\/jpeg"}],"author":"D\u00e9rcio Badru","twitter_card":"summary_large_image","twitter_misc":{"Written by":"D\u00e9rcio Badru","Est. reading time":"3 minutes"},"schema":{"@context":"https:\/\/schema.org","@graph":[{"@type":"Article","@id":"https:\/\/www.cfm.co.mz\/2016\/09\/30\/nyusi-inaugura-ponte-ferroviaria-em-boane\/#article","isPartOf":{"@id":"https:\/\/www.cfm.co.mz\/2016\/09\/30\/nyusi-inaugura-ponte-ferroviaria-em-boane\/"},"author":{"name":"D\u00e9rcio Badru","@id":"https:\/\/www.cfm.co.mz\/#\/schema\/person\/1bb663f3c59dc61900f6f9b1c2b53552"},"headline":"Nyusi Inaugura Ponte Ferrovi\u00e1ria em Boane","datePublished":"2016-09-30T13:40:24+00:00","mainEntityOfPage":{"@id":"https:\/\/www.cfm.co.mz\/2016\/09\/30\/nyusi-inaugura-ponte-ferroviaria-em-boane\/"},"wordCount":629,"commentCount":0,"publisher":{"@id":"https:\/\/www.cfm.co.mz\/#organization"},"image":{"@id":"https:\/\/www.cfm.co.mz\/2016\/09\/30\/nyusi-inaugura-ponte-ferroviaria-em-boane\/#primaryimage"},"thumbnailUrl":"https:\/\/www.cfm.co.mz\/wp-content\/uploads\/2016\/09\/Inauguracao_Ponte_Boane.jpg","articleSection":["Noticias"],"inLanguage":"en-US","potentialAction":[{"@type":"CommentAction","name":"Comment","target":["https:\/\/www.cfm.co.mz\/2016\/09\/30\/nyusi-inaugura-ponte-ferroviaria-em-boane\/#respond"]}]},{"@type":"WebPage","@id":"https:\/\/www.cfm.co.mz\/2016\/09\/30\/nyusi-inaugura-ponte-ferroviaria-em-boane\/","url":"https:\/\/www.cfm.co.mz\/2016\/09\/30\/nyusi-inaugura-ponte-ferroviaria-em-boane\/","name":"Nyusi Inaugura Ponte Ferrovi\u00e1ria em Boane - CFM - Caminhos De Ferros de Mo\u00e7ambique","isPartOf":{"@id":"https:\/\/www.cfm.co.mz\/#website"},"primaryImageOfPage":{"@id":"https:\/\/www.cfm.co.mz\/2016\/09\/30\/nyusi-inaugura-ponte-ferroviaria-em-boane\/#primaryimage"},"image":{"@id":"https:\/\/www.cfm.co.mz\/2016\/09\/30\/nyusi-inaugura-ponte-ferroviaria-em-boane\/#primaryimage"},"thumbnailUrl":"https:\/\/www.cfm.co.mz\/wp-content\/uploads\/2016\/09\/Inauguracao_Ponte_Boane.jpg","datePublished":"2016-09-30T13:40:24+00:00","breadcrumb":{"@id":"https:\/\/www.cfm.co.mz\/2016\/09\/30\/nyusi-inaugura-ponte-ferroviaria-em-boane\/#breadcrumb"},"inLanguage":"en-US","potentialAction":[{"@type":"ReadAction","target":["https:\/\/www.cfm.co.mz\/2016\/09\/30\/nyusi-inaugura-ponte-ferroviaria-em-boane\/"]}]},{"@type":"ImageObject","inLanguage":"en-US","@id":"https:\/\/www.cfm.co.mz\/2016\/09\/30\/nyusi-inaugura-ponte-ferroviaria-em-boane\/#primaryimage","url":"https:\/\/www.cfm.co.mz\/wp-content\/uploads\/2016\/09\/Inauguracao_Ponte_Boane.jpg","contentUrl":"https:\/\/www.cfm.co.mz\/wp-content\/uploads\/2016\/09\/Inauguracao_Ponte_Boane.jpg","width":1280,"height":850,"caption":"Inauguracao Ponte Boane"},{"@type":"BreadcrumbList","@id":"https:\/\/www.cfm.co.mz\/2016\/09\/30\/nyusi-inaugura-ponte-ferroviaria-em-boane\/#breadcrumb","itemListElement":[{"@type":"ListItem","position":1,"name":"Home","item":"https:\/\/www.cfm.co.mz\/"},{"@type":"ListItem","position":2,"name":"Nyusi Inaugura Ponte Ferrovi\u00e1ria em Boane"}]},{"@type":"WebSite","@id":"https:\/\/www.cfm.co.mz\/#website","url":"https:\/\/www.cfm.co.mz\/","name":"CFM - Caminhos De Ferros de Mo\u00e7ambique","description":"Ampliando Horizontes","publisher":{"@id":"https:\/\/www.cfm.co.mz\/#organization"},"potentialAction":[{"@type":"SearchAction","target":{"@type":"EntryPoint","urlTemplate":"https:\/\/www.cfm.co.mz\/?s={search_term_string}"},"query-input":{"@type":"PropertyValueSpecification","valueRequired":true,"valueName":"search_term_string"}}],"inLanguage":"en-US"},{"@type":"Organization","@id":"https:\/\/www.cfm.co.mz\/#organization","name":"CFM - Caminhos De Ferros de Mo\u00e7ambique","url":"https:\/\/www.cfm.co.mz\/","logo":{"@type":"ImageObject","inLanguage":"en-US","@id":"https:\/\/www.cfm.co.mz\/#\/schema\/logo\/image\/","url":"https:\/\/www.cfm.co.mz\/wp-content\/uploads\/2025\/07\/be5f0679-4f5b-4d02-9719-a26ceed29162.jpg","contentUrl":"https:\/\/www.cfm.co.mz\/wp-content\/uploads\/2025\/07\/be5f0679-4f5b-4d02-9719-a26ceed29162.jpg","width":400,"height":65,"caption":"CFM - Caminhos De Ferros de Mo\u00e7ambique"},"image":{"@id":"https:\/\/www.cfm.co.mz\/#\/schema\/logo\/image\/"},"sameAs":["https:\/\/www.facebook.com\/CFMMoz","https:\/\/www.linkedin.com\/company\/caminhos-de-ferro-de-moambique\/"]},{"@type":"Person","@id":"https:\/\/www.cfm.co.mz\/#\/schema\/person\/1bb663f3c59dc61900f6f9b1c2b53552","name":"D\u00e9rcio Badru","image":{"@type":"ImageObject","inLanguage":"en-US","@id":"https:\/\/www.cfm.co.mz\/#\/schema\/person\/image\/","url":"https:\/\/www.cfm.co.mz\/wp-content\/litespeed\/avatar\/be89d6955942d7259ef76de4577d21b3.jpg?ver=1777454359","contentUrl":"https:\/\/www.cfm.co.mz\/wp-content\/litespeed\/avatar\/be89d6955942d7259ef76de4577d21b3.jpg?ver=1777454359","caption":"D\u00e9rcio Badru"},"url":"https:\/\/www.cfm.co.mz\/en\/author\/dercio\/"}]}},"_links":{"self":[{"href":"https:\/\/www.cfm.co.mz\/en\/wp-json\/wp\/v2\/posts\/8759","targetHints":{"allow":["GET"]}}],"collection":[{"href":"https:\/\/www.cfm.co.mz\/en\/wp-json\/wp\/v2\/posts"}],"about":[{"href":"https:\/\/www.cfm.co.mz\/en\/wp-json\/wp\/v2\/types\/post"}],"author":[{"embeddable":true,"href":"https:\/\/www.cfm.co.mz\/en\/wp-json\/wp\/v2\/users\/94"}],"replies":[{"embeddable":true,"href":"https:\/\/www.cfm.co.mz\/en\/wp-json\/wp\/v2\/comments?post=8759"}],"version-history":[{"count":0,"href":"https:\/\/www.cfm.co.mz\/en\/wp-json\/wp\/v2\/posts\/8759\/revisions"}],"wp:featuredmedia":[{"embeddable":true,"href":"https:\/\/www.cfm.co.mz\/en\/wp-json\/wp\/v2\/media\/8753"}],"wp:attachment":[{"href":"https:\/\/www.cfm.co.mz\/en\/wp-json\/wp\/v2\/media?parent=8759"}],"wp:term":[{"taxonomy":"category","embeddable":true,"href":"https:\/\/www.cfm.co.mz\/en\/wp-json\/wp\/v2\/categories?post=8759"},{"taxonomy":"post_tag","embeddable":true,"href":"https:\/\/www.cfm.co.mz\/en\/wp-json\/wp\/v2\/tags?post=8759"}],"curies":[{"name":"wp","href":"https:\/\/api.w.org\/{rel}","templated":true}]}}