{"id":8751,"date":"2016-09-06T13:48:16","date_gmt":"2016-09-06T13:48:16","guid":{"rendered":"https:\/\/www.cfm.co.mz\/2016\/09\/06\/cfm-introduz-nova-carreira-na-linha-de-sena\/"},"modified":"2016-09-06T13:48:16","modified_gmt":"2016-09-06T13:48:16","slug":"cfm-introduz-nova-carreira-na-linha-de-sena","status":"publish","type":"post","link":"https:\/\/www.cfm.co.mz\/en\/2016\/09\/06\/cfm-introduz-nova-carreira-na-linha-de-sena\/","title":{"rendered":"CFM introduz nova carreira na Linha de Sena"},"content":{"rendered":"<p><a class=\"jcepopup icon-bottom-right\" type=\"image\" href=\"http:\/\/www.cfm.co.mz\/wp-content\/uploads\/2016\/09\/CFM-Centro-Nova-Carreira.jpg\" target=\"_blank\" data-mediabox=\"width[800]\" rel=\"noopener\"><img decoding=\"async\" style=\"margin: 5px; float: left;\" src=\"http:\/\/www.cfm.co.mz\/wp-content\/uploads\/2016\/09\/CFM-Centro-Nova-Carreira.jpg\" alt=\"CFM Centro Nova Carreira\" width=\"250\" height=\"187\" \/><\/a>A Empresa Portos e Caminhos de Ferro de Mo\u00e7ambique- CFM vai introduzir, a partir do pr\u00f3ximo dia 14 de Setembro, o segundo comboio para Marromeu, em resposta&nbsp;\u00e0 solicita\u00e7\u00e3o da popula\u00e7\u00e3o ao Chefe do Estado durante a sua visita a Prov\u00edncia de Sofala.<\/p>\n<p>Associado a isso, a Empresa introduziu, a t\u00edtulo experimental, na \u00faltima 6\u00aa Feira, a carruagem da 1\u00aa Classe para&nbsp; o mesmo trajecto. A mesma carruagem ir\u00e1 ser alternada com a rota Beira\/Moatize \u00e0s 3as feiras, ou seja, &#8220;<em>teremos esta carruagem no comboio da 6\u00aa feira para Marromeu e para Moatize \u00e0s 3\u00aa Feiras<\/em>&#8220;- Referiu uma Fonte do CFM- Centro.<\/p>\n<p>A carruagem da&nbsp;1\u00aa Classe&nbsp; tem a capacidade de 26 passageiros e est\u00e1 munida de um sistema de frio (Ar condicionado) e dois WC com banheiros.<\/p>\n<p><!--more--><\/p>\n<p>&nbsp;Ainda relacionado com o servi\u00e7o de transporte de Passageiros, a Empresa est\u00e1 a preparar um Vag\u00e3o- restaurante que ser\u00e1 introduzido nos comboios de passageiros, para venda de refei\u00e7\u00f5es aos viajantes durante o percurso.<\/p>\n<p>Para al\u00e9m da carruagem da 1\u00aa Classe, &#8220;os nossos comboios t\u00eam circulado em m\u00e9dia com 1 a 2 carruagens da 2\u00aa Classe, com capacidade de 42 lugares e 14 Carruagens da 3\u00aa Classe, com capacidade de 150 lugares, totalizando uma oferta de 2,210 passageiros sentados&#8221;.<\/p>\n<p>Refira-se que o CFM adquiriu, no ano passado cerca de<a href=\"index.php?option=com_content&amp;view=article&amp;id=252;cfm-inaugura-novas-carruagens-de-transporte-de-passageiros&amp;catid=79;noticias&amp;Itemid=583\"> 70 carruagens <\/a>para refor\u00e7ar a frota, tanto no CFM -Sul, como na Regi\u00e3o Centro.&nbsp;<\/p>\n<p>&nbsp;<\/p>","protected":false},"excerpt":{"rendered":"<p>A Empresa Portos e Caminhos de Ferro de Mo\u00e7ambique- CFM vai introduzir, a partir do pr\u00f3ximo dia 14 de Setembro, o segundo comboio para Marromeu, em resposta&nbsp;\u00e0 solicita\u00e7\u00e3o da popula\u00e7\u00e3o ao Chefe do Estado durante a sua visita a Prov\u00edncia de Sofala. Associado a isso, a Empresa introduziu, a t\u00edtulo experimental, na \u00faltima 6\u00aa Feira, a carruagem da 1\u00aa Classe para&nbsp; o mesmo trajecto. A mesma carruagem ir\u00e1 ser alternada com a rota Beira\/Moatize \u00e0s 3as feiras, ou seja, &#8220;teremos esta carruagem no comboio da 6\u00aa feira para Marromeu e para Moatize \u00e0s 3\u00aa Feiras&#8220;- Referiu uma Fonte do CFM- Centro. A carruagem da&nbsp;1\u00aa Classe&nbsp; tem a capacidade de 26 passageiros e est\u00e1 munida de um sistema de frio (Ar condicionado) e dois WC com banheiros.<\/p>","protected":false},"author":94,"featured_media":8750,"comment_status":"open","ping_status":"open","sticky":false,"template":"","format":"standard","meta":{"_acf_changed":false,"pgc_sgb_lightbox_settings":"","footnotes":""},"categories":[680],"tags":[],"class_list":["post-8751","post","type-post","status-publish","format-standard","has-post-thumbnail","hentry","category-noticias"],"acf":[],"yoast_head":"<!-- This site is optimized with the Yoast SEO plugin v26.5 - https:\/\/yoast.com\/wordpress\/plugins\/seo\/ -->\n<title>CFM introduz nova carreira na Linha de Sena - CFM - Caminhos De Ferros de Mo\u00e7ambique<\/title>\n<meta name=\"robots\" content=\"index, follow, max-snippet:-1, max-image-preview:large, max-video-preview:-1\" \/>\n<link rel=\"canonical\" href=\"https:\/\/www.cfm.co.mz\/en\/2016\/09\/06\/cfm-introduz-nova-carreira-na-linha-de-sena\/\" \/>\n<meta property=\"og:locale\" content=\"en_US\" \/>\n<meta property=\"og:type\" content=\"article\" \/>\n<meta property=\"og:title\" content=\"CFM introduz nova carreira na Linha de Sena - CFM - Caminhos De Ferros de Mo\u00e7ambique\" \/>\n<meta property=\"og:description\" content=\"A Empresa Portos e Caminhos de Ferro de Mo\u00e7ambique- CFM vai introduzir, a partir do pr\u00f3ximo dia 14 de Setembro, o segundo comboio para Marromeu, em resposta&nbsp;\u00e0 solicita\u00e7\u00e3o da popula\u00e7\u00e3o ao Chefe do Estado durante a sua visita a Prov\u00edncia de Sofala. Associado a isso, a Empresa introduziu, a t\u00edtulo experimental, na \u00faltima 6\u00aa Feira, a carruagem da 1\u00aa Classe para&nbsp; o mesmo trajecto. A mesma carruagem ir\u00e1 ser alternada com a rota Beira\/Moatize \u00e0s 3as feiras, ou seja, &#8220;teremos esta carruagem no comboio da 6\u00aa feira para Marromeu e para Moatize \u00e0s 3\u00aa Feiras&#8220;- Referiu uma Fonte do CFM- Centro. A carruagem da&nbsp;1\u00aa Classe&nbsp; tem a capacidade de 26 passageiros e est\u00e1 munida de um sistema de frio (Ar condicionado) e dois WC com banheiros.\" \/>\n<meta property=\"og:url\" content=\"https:\/\/www.cfm.co.mz\/en\/2016\/09\/06\/cfm-introduz-nova-carreira-na-linha-de-sena\/\" \/>\n<meta property=\"og:site_name\" content=\"CFM - Caminhos De Ferros de Mo\u00e7ambique\" \/>\n<meta property=\"article:publisher\" content=\"https:\/\/www.facebook.com\/CFMMoz\" \/>\n<meta property=\"article:published_time\" content=\"2016-09-06T13:48:16+00:00\" \/>\n<meta property=\"og:image\" content=\"https:\/\/www.cfm.co.mz\/wp-content\/uploads\/2016\/09\/CFM-Centro-Nova-Carreira.jpg\" \/>\n\t<meta property=\"og:image:width\" content=\"1890\" \/>\n\t<meta property=\"og:image:height\" content=\"1417\" \/>\n\t<meta property=\"og:image:type\" content=\"image\/jpeg\" \/>\n<meta name=\"author\" content=\"D\u00e9rcio Badru\" \/>\n<meta name=\"twitter:card\" content=\"summary_large_image\" \/>\n<meta name=\"twitter:label1\" content=\"Written by\" \/>\n\t<meta name=\"twitter:data1\" content=\"D\u00e9rcio Badru\" \/>\n\t<meta name=\"twitter:label2\" content=\"Est. reading time\" \/>\n\t<meta name=\"twitter:data2\" content=\"1 minute\" \/>\n<script type=\"application\/ld+json\" class=\"yoast-schema-graph\">{\"@context\":\"https:\/\/schema.org\",\"@graph\":[{\"@type\":\"Article\",\"@id\":\"https:\/\/www.cfm.co.mz\/2016\/09\/06\/cfm-introduz-nova-carreira-na-linha-de-sena\/#article\",\"isPartOf\":{\"@id\":\"https:\/\/www.cfm.co.mz\/2016\/09\/06\/cfm-introduz-nova-carreira-na-linha-de-sena\/\"},\"author\":{\"name\":\"D\u00e9rcio Badru\",\"@id\":\"https:\/\/www.cfm.co.mz\/#\/schema\/person\/1bb663f3c59dc61900f6f9b1c2b53552\"},\"headline\":\"CFM introduz nova carreira na Linha de Sena\",\"datePublished\":\"2016-09-06T13:48:16+00:00\",\"mainEntityOfPage\":{\"@id\":\"https:\/\/www.cfm.co.mz\/2016\/09\/06\/cfm-introduz-nova-carreira-na-linha-de-sena\/\"},\"wordCount\":243,\"commentCount\":0,\"publisher\":{\"@id\":\"https:\/\/www.cfm.co.mz\/#organization\"},\"image\":{\"@id\":\"https:\/\/www.cfm.co.mz\/2016\/09\/06\/cfm-introduz-nova-carreira-na-linha-de-sena\/#primaryimage\"},\"thumbnailUrl\":\"https:\/\/www.cfm.co.mz\/wp-content\/uploads\/2016\/09\/CFM-Centro-Nova-Carreira.jpg\",\"articleSection\":[\"Noticias\"],\"inLanguage\":\"en-US\",\"potentialAction\":[{\"@type\":\"CommentAction\",\"name\":\"Comment\",\"target\":[\"https:\/\/www.cfm.co.mz\/2016\/09\/06\/cfm-introduz-nova-carreira-na-linha-de-sena\/#respond\"]}]},{\"@type\":\"WebPage\",\"@id\":\"https:\/\/www.cfm.co.mz\/2016\/09\/06\/cfm-introduz-nova-carreira-na-linha-de-sena\/\",\"url\":\"https:\/\/www.cfm.co.mz\/2016\/09\/06\/cfm-introduz-nova-carreira-na-linha-de-sena\/\",\"name\":\"CFM introduz nova carreira na Linha de Sena - CFM - Caminhos De Ferros de Mo\u00e7ambique\",\"isPartOf\":{\"@id\":\"https:\/\/www.cfm.co.mz\/#website\"},\"primaryImageOfPage\":{\"@id\":\"https:\/\/www.cfm.co.mz\/2016\/09\/06\/cfm-introduz-nova-carreira-na-linha-de-sena\/#primaryimage\"},\"image\":{\"@id\":\"https:\/\/www.cfm.co.mz\/2016\/09\/06\/cfm-introduz-nova-carreira-na-linha-de-sena\/#primaryimage\"},\"thumbnailUrl\":\"https:\/\/www.cfm.co.mz\/wp-content\/uploads\/2016\/09\/CFM-Centro-Nova-Carreira.jpg\",\"datePublished\":\"2016-09-06T13:48:16+00:00\",\"breadcrumb\":{\"@id\":\"https:\/\/www.cfm.co.mz\/2016\/09\/06\/cfm-introduz-nova-carreira-na-linha-de-sena\/#breadcrumb\"},\"inLanguage\":\"en-US\",\"potentialAction\":[{\"@type\":\"ReadAction\",\"target\":[\"https:\/\/www.cfm.co.mz\/2016\/09\/06\/cfm-introduz-nova-carreira-na-linha-de-sena\/\"]}]},{\"@type\":\"ImageObject\",\"inLanguage\":\"en-US\",\"@id\":\"https:\/\/www.cfm.co.mz\/2016\/09\/06\/cfm-introduz-nova-carreira-na-linha-de-sena\/#primaryimage\",\"url\":\"https:\/\/www.cfm.co.mz\/wp-content\/uploads\/2016\/09\/CFM-Centro-Nova-Carreira.jpg\",\"contentUrl\":\"https:\/\/www.cfm.co.mz\/wp-content\/uploads\/2016\/09\/CFM-Centro-Nova-Carreira.jpg\",\"width\":1890,\"height\":1417,\"caption\":\"CFM Centro Nova Carreira\"},{\"@type\":\"BreadcrumbList\",\"@id\":\"https:\/\/www.cfm.co.mz\/2016\/09\/06\/cfm-introduz-nova-carreira-na-linha-de-sena\/#breadcrumb\",\"itemListElement\":[{\"@type\":\"ListItem\",\"position\":1,\"name\":\"Home\",\"item\":\"https:\/\/www.cfm.co.mz\/\"},{\"@type\":\"ListItem\",\"position\":2,\"name\":\"CFM introduz nova carreira na Linha de Sena\"}]},{\"@type\":\"WebSite\",\"@id\":\"https:\/\/www.cfm.co.mz\/#website\",\"url\":\"https:\/\/www.cfm.co.mz\/\",\"name\":\"CFM - Caminhos De Ferros de Mo\u00e7ambique\",\"description\":\"Ampliando Horizontes\",\"publisher\":{\"@id\":\"https:\/\/www.cfm.co.mz\/#organization\"},\"potentialAction\":[{\"@type\":\"SearchAction\",\"target\":{\"@type\":\"EntryPoint\",\"urlTemplate\":\"https:\/\/www.cfm.co.mz\/?s={search_term_string}\"},\"query-input\":{\"@type\":\"PropertyValueSpecification\",\"valueRequired\":true,\"valueName\":\"search_term_string\"}}],\"inLanguage\":\"en-US\"},{\"@type\":\"Organization\",\"@id\":\"https:\/\/www.cfm.co.mz\/#organization\",\"name\":\"CFM - Caminhos De Ferros de Mo\u00e7ambique\",\"url\":\"https:\/\/www.cfm.co.mz\/\",\"logo\":{\"@type\":\"ImageObject\",\"inLanguage\":\"en-US\",\"@id\":\"https:\/\/www.cfm.co.mz\/#\/schema\/logo\/image\/\",\"url\":\"https:\/\/www.cfm.co.mz\/wp-content\/uploads\/2025\/07\/be5f0679-4f5b-4d02-9719-a26ceed29162.jpg\",\"contentUrl\":\"https:\/\/www.cfm.co.mz\/wp-content\/uploads\/2025\/07\/be5f0679-4f5b-4d02-9719-a26ceed29162.jpg\",\"width\":400,\"height\":65,\"caption\":\"CFM - Caminhos De Ferros de Mo\u00e7ambique\"},\"image\":{\"@id\":\"https:\/\/www.cfm.co.mz\/#\/schema\/logo\/image\/\"},\"sameAs\":[\"https:\/\/www.facebook.com\/CFMMoz\",\"https:\/\/www.linkedin.com\/company\/caminhos-de-ferro-de-moambique\/\"]},{\"@type\":\"Person\",\"@id\":\"https:\/\/www.cfm.co.mz\/#\/schema\/person\/1bb663f3c59dc61900f6f9b1c2b53552\",\"name\":\"D\u00e9rcio Badru\",\"image\":{\"@type\":\"ImageObject\",\"inLanguage\":\"en-US\",\"@id\":\"https:\/\/www.cfm.co.mz\/#\/schema\/person\/image\/\",\"url\":\"https:\/\/www.cfm.co.mz\/wp-content\/litespeed\/avatar\/be89d6955942d7259ef76de4577d21b3.jpg?ver=1777454359\",\"contentUrl\":\"https:\/\/www.cfm.co.mz\/wp-content\/litespeed\/avatar\/be89d6955942d7259ef76de4577d21b3.jpg?ver=1777454359\",\"caption\":\"D\u00e9rcio Badru\"},\"url\":\"https:\/\/www.cfm.co.mz\/en\/author\/dercio\/\"}]}<\/script>\n<!-- \/ Yoast SEO plugin. -->","yoast_head_json":{"title":"CFM introduz nova carreira na Linha de Sena - CFM - Caminhos De Ferros de Mo\u00e7ambique","robots":{"index":"index","follow":"follow","max-snippet":"max-snippet:-1","max-image-preview":"max-image-preview:large","max-video-preview":"max-video-preview:-1"},"canonical":"https:\/\/www.cfm.co.mz\/en\/2016\/09\/06\/cfm-introduz-nova-carreira-na-linha-de-sena\/","og_locale":"en_US","og_type":"article","og_title":"CFM introduz nova carreira na Linha de Sena - CFM - Caminhos De Ferros de Mo\u00e7ambique","og_description":"A Empresa Portos e Caminhos de Ferro de Mo\u00e7ambique- CFM vai introduzir, a partir do pr\u00f3ximo dia 14 de Setembro, o segundo comboio para Marromeu, em resposta&nbsp;\u00e0 solicita\u00e7\u00e3o da popula\u00e7\u00e3o ao Chefe do Estado durante a sua visita a Prov\u00edncia de Sofala. Associado a isso, a Empresa introduziu, a t\u00edtulo experimental, na \u00faltima 6\u00aa Feira, a carruagem da 1\u00aa Classe para&nbsp; o mesmo trajecto. A mesma carruagem ir\u00e1 ser alternada com a rota Beira\/Moatize \u00e0s 3as feiras, ou seja, &#8220;teremos esta carruagem no comboio da 6\u00aa feira para Marromeu e para Moatize \u00e0s 3\u00aa Feiras&#8220;- Referiu uma Fonte do CFM- Centro. A carruagem da&nbsp;1\u00aa Classe&nbsp; tem a capacidade de 26 passageiros e est\u00e1 munida de um sistema de frio (Ar condicionado) e dois WC com banheiros.","og_url":"https:\/\/www.cfm.co.mz\/en\/2016\/09\/06\/cfm-introduz-nova-carreira-na-linha-de-sena\/","og_site_name":"CFM - Caminhos De Ferros de Mo\u00e7ambique","article_publisher":"https:\/\/www.facebook.com\/CFMMoz","article_published_time":"2016-09-06T13:48:16+00:00","og_image":[{"width":1890,"height":1417,"url":"https:\/\/www.cfm.co.mz\/wp-content\/uploads\/2016\/09\/CFM-Centro-Nova-Carreira.jpg","type":"image\/jpeg"}],"author":"D\u00e9rcio Badru","twitter_card":"summary_large_image","twitter_misc":{"Written by":"D\u00e9rcio Badru","Est. reading time":"1 minute"},"schema":{"@context":"https:\/\/schema.org","@graph":[{"@type":"Article","@id":"https:\/\/www.cfm.co.mz\/2016\/09\/06\/cfm-introduz-nova-carreira-na-linha-de-sena\/#article","isPartOf":{"@id":"https:\/\/www.cfm.co.mz\/2016\/09\/06\/cfm-introduz-nova-carreira-na-linha-de-sena\/"},"author":{"name":"D\u00e9rcio Badru","@id":"https:\/\/www.cfm.co.mz\/#\/schema\/person\/1bb663f3c59dc61900f6f9b1c2b53552"},"headline":"CFM introduz nova carreira na Linha de Sena","datePublished":"2016-09-06T13:48:16+00:00","mainEntityOfPage":{"@id":"https:\/\/www.cfm.co.mz\/2016\/09\/06\/cfm-introduz-nova-carreira-na-linha-de-sena\/"},"wordCount":243,"commentCount":0,"publisher":{"@id":"https:\/\/www.cfm.co.mz\/#organization"},"image":{"@id":"https:\/\/www.cfm.co.mz\/2016\/09\/06\/cfm-introduz-nova-carreira-na-linha-de-sena\/#primaryimage"},"thumbnailUrl":"https:\/\/www.cfm.co.mz\/wp-content\/uploads\/2016\/09\/CFM-Centro-Nova-Carreira.jpg","articleSection":["Noticias"],"inLanguage":"en-US","potentialAction":[{"@type":"CommentAction","name":"Comment","target":["https:\/\/www.cfm.co.mz\/2016\/09\/06\/cfm-introduz-nova-carreira-na-linha-de-sena\/#respond"]}]},{"@type":"WebPage","@id":"https:\/\/www.cfm.co.mz\/2016\/09\/06\/cfm-introduz-nova-carreira-na-linha-de-sena\/","url":"https:\/\/www.cfm.co.mz\/2016\/09\/06\/cfm-introduz-nova-carreira-na-linha-de-sena\/","name":"CFM introduz nova carreira na Linha de Sena - CFM - Caminhos De Ferros de Mo\u00e7ambique","isPartOf":{"@id":"https:\/\/www.cfm.co.mz\/#website"},"primaryImageOfPage":{"@id":"https:\/\/www.cfm.co.mz\/2016\/09\/06\/cfm-introduz-nova-carreira-na-linha-de-sena\/#primaryimage"},"image":{"@id":"https:\/\/www.cfm.co.mz\/2016\/09\/06\/cfm-introduz-nova-carreira-na-linha-de-sena\/#primaryimage"},"thumbnailUrl":"https:\/\/www.cfm.co.mz\/wp-content\/uploads\/2016\/09\/CFM-Centro-Nova-Carreira.jpg","datePublished":"2016-09-06T13:48:16+00:00","breadcrumb":{"@id":"https:\/\/www.cfm.co.mz\/2016\/09\/06\/cfm-introduz-nova-carreira-na-linha-de-sena\/#breadcrumb"},"inLanguage":"en-US","potentialAction":[{"@type":"ReadAction","target":["https:\/\/www.cfm.co.mz\/2016\/09\/06\/cfm-introduz-nova-carreira-na-linha-de-sena\/"]}]},{"@type":"ImageObject","inLanguage":"en-US","@id":"https:\/\/www.cfm.co.mz\/2016\/09\/06\/cfm-introduz-nova-carreira-na-linha-de-sena\/#primaryimage","url":"https:\/\/www.cfm.co.mz\/wp-content\/uploads\/2016\/09\/CFM-Centro-Nova-Carreira.jpg","contentUrl":"https:\/\/www.cfm.co.mz\/wp-content\/uploads\/2016\/09\/CFM-Centro-Nova-Carreira.jpg","width":1890,"height":1417,"caption":"CFM Centro Nova Carreira"},{"@type":"BreadcrumbList","@id":"https:\/\/www.cfm.co.mz\/2016\/09\/06\/cfm-introduz-nova-carreira-na-linha-de-sena\/#breadcrumb","itemListElement":[{"@type":"ListItem","position":1,"name":"Home","item":"https:\/\/www.cfm.co.mz\/"},{"@type":"ListItem","position":2,"name":"CFM introduz nova carreira na Linha de Sena"}]},{"@type":"WebSite","@id":"https:\/\/www.cfm.co.mz\/#website","url":"https:\/\/www.cfm.co.mz\/","name":"CFM - Caminhos De Ferros de Mo\u00e7ambique","description":"Ampliando Horizontes","publisher":{"@id":"https:\/\/www.cfm.co.mz\/#organization"},"potentialAction":[{"@type":"SearchAction","target":{"@type":"EntryPoint","urlTemplate":"https:\/\/www.cfm.co.mz\/?s={search_term_string}"},"query-input":{"@type":"PropertyValueSpecification","valueRequired":true,"valueName":"search_term_string"}}],"inLanguage":"en-US"},{"@type":"Organization","@id":"https:\/\/www.cfm.co.mz\/#organization","name":"CFM - Caminhos De Ferros de Mo\u00e7ambique","url":"https:\/\/www.cfm.co.mz\/","logo":{"@type":"ImageObject","inLanguage":"en-US","@id":"https:\/\/www.cfm.co.mz\/#\/schema\/logo\/image\/","url":"https:\/\/www.cfm.co.mz\/wp-content\/uploads\/2025\/07\/be5f0679-4f5b-4d02-9719-a26ceed29162.jpg","contentUrl":"https:\/\/www.cfm.co.mz\/wp-content\/uploads\/2025\/07\/be5f0679-4f5b-4d02-9719-a26ceed29162.jpg","width":400,"height":65,"caption":"CFM - Caminhos De Ferros de Mo\u00e7ambique"},"image":{"@id":"https:\/\/www.cfm.co.mz\/#\/schema\/logo\/image\/"},"sameAs":["https:\/\/www.facebook.com\/CFMMoz","https:\/\/www.linkedin.com\/company\/caminhos-de-ferro-de-moambique\/"]},{"@type":"Person","@id":"https:\/\/www.cfm.co.mz\/#\/schema\/person\/1bb663f3c59dc61900f6f9b1c2b53552","name":"D\u00e9rcio Badru","image":{"@type":"ImageObject","inLanguage":"en-US","@id":"https:\/\/www.cfm.co.mz\/#\/schema\/person\/image\/","url":"https:\/\/www.cfm.co.mz\/wp-content\/litespeed\/avatar\/be89d6955942d7259ef76de4577d21b3.jpg?ver=1777454359","contentUrl":"https:\/\/www.cfm.co.mz\/wp-content\/litespeed\/avatar\/be89d6955942d7259ef76de4577d21b3.jpg?ver=1777454359","caption":"D\u00e9rcio Badru"},"url":"https:\/\/www.cfm.co.mz\/en\/author\/dercio\/"}]}},"_links":{"self":[{"href":"https:\/\/www.cfm.co.mz\/en\/wp-json\/wp\/v2\/posts\/8751","targetHints":{"allow":["GET"]}}],"collection":[{"href":"https:\/\/www.cfm.co.mz\/en\/wp-json\/wp\/v2\/posts"}],"about":[{"href":"https:\/\/www.cfm.co.mz\/en\/wp-json\/wp\/v2\/types\/post"}],"author":[{"embeddable":true,"href":"https:\/\/www.cfm.co.mz\/en\/wp-json\/wp\/v2\/users\/94"}],"replies":[{"embeddable":true,"href":"https:\/\/www.cfm.co.mz\/en\/wp-json\/wp\/v2\/comments?post=8751"}],"version-history":[{"count":0,"href":"https:\/\/www.cfm.co.mz\/en\/wp-json\/wp\/v2\/posts\/8751\/revisions"}],"wp:featuredmedia":[{"embeddable":true,"href":"https:\/\/www.cfm.co.mz\/en\/wp-json\/wp\/v2\/media\/8750"}],"wp:attachment":[{"href":"https:\/\/www.cfm.co.mz\/en\/wp-json\/wp\/v2\/media?parent=8751"}],"wp:term":[{"taxonomy":"category","embeddable":true,"href":"https:\/\/www.cfm.co.mz\/en\/wp-json\/wp\/v2\/categories?post=8751"},{"taxonomy":"post_tag","embeddable":true,"href":"https:\/\/www.cfm.co.mz\/en\/wp-json\/wp\/v2\/tags?post=8751"}],"curies":[{"name":"wp","href":"https:\/\/api.w.org\/{rel}","templated":true}]}}