{"id":8749,"date":"2016-08-24T08:34:14","date_gmt":"2016-08-24T08:34:14","guid":{"rendered":"https:\/\/www.cfm.co.mz\/2016\/08\/24\/nyusi-inaugura-terminal-de-triagem-de-camioes-do-porto-da-beira\/"},"modified":"2016-08-24T08:34:14","modified_gmt":"2016-08-24T08:34:14","slug":"nyusi-inaugura-terminal-de-triagem-de-camioes-do-porto-da-beira","status":"publish","type":"post","link":"https:\/\/www.cfm.co.mz\/en\/2016\/08\/24\/nyusi-inaugura-terminal-de-triagem-de-camioes-do-porto-da-beira\/","title":{"rendered":"Nyusi Inaugura Terminal de Triagem de Cami\u00f5es do Porto da Beira"},"content":{"rendered":"<p><a class=\"jcepopup icon-bottom-right\" type=\"image\" href=\"http:\/\/www.cfm.co.mz\/wp-content\/uploads\/2016\/08\/Terminal_de_Triagem_de_Camioes_Beira_Momento-do-Descerramento-da-Lapide.jpg\" target=\"_blank\" data-mediabox=\"width[800];caption[Momento do Descerramento da L\u00e1pide]\" rel=\"noopener\"><img decoding=\"async\" style=\"margin: 5px; float: left;\" src=\"http:\/\/www.cfm.co.mz\/wp-content\/uploads\/2016\/08\/Terminal_de_Triagem_de_Camioes_Beira_Momento-do-Descerramento-da-Lapide.jpg\" alt=\"Terminal de Triagem de Cami\u00f5es Beira Momento do Descerramento da L\u00e1pide\" width=\"250\" height=\"167\" \/><\/a>O Presidente da Rep\u00fablica, Filipe Jacinto Nyusi inaugurou, no passado dia 22 de Agosto de 2016, o <strong>Terminal de Triagem de Cami\u00f5es (TCC)<\/strong>, localizado no Porto da Beira.<\/p>\n<p>Avaliado em 225 milh\u00f5es de Meticais \u2013 fundos pr\u00f3prios dos CFM -, a constru\u00e7\u00e3o deste Terminal muito contribuir\u00e1 para a facilita\u00e7\u00e3o dos processos de desembara\u00e7o de documenta\u00e7\u00e3o para o carregamento no recinto Portu\u00e1rio, incluindo nas gasolineiras.<\/p>\n<p><!--more--><\/p>\n<p>Falando para a nossa Redac\u00e7\u00e3o, o PCA do CFM, Victor Pedro Gomes, referiu que a Empresa, ao optar pelo investimento para a constru\u00e7\u00e3o desta Infra-estrutura, \u201c<em>f\u00ea-lo na perspectiva de facilitar a \u201cvida\u201d dos clientes, atra\u00edndo mais Utilizadores das nossas instala\u00e7\u00f5es, onde poder\u00e3o circular com maior flexibilidade e seguran\u00e7a, facto que, obviamente, permite a entrada de dinheiro na nossa tesouraria\u201d<\/em>.<\/p>\n<p>&nbsp;<\/p>\n<p><a class=\"jcepopup icon-bottom-right\" type=\"image\" href=\"http:\/\/www.cfm.co.mz\/wp-content\/uploads\/2016\/08\/Terminal_de_Triagem_de_Camioes_Beira_Participantes-da-Cerimonia.jpg\" target=\"_blank\" data-mediabox=\"width[800];caption[Participantes da Cerim\u00f3nia]\" rel=\"noopener\"><img decoding=\"async\" style=\"margin: 5px; float: right;\" src=\"http:\/\/www.cfm.co.mz\/wp-content\/uploads\/2016\/08\/Terminal_de_Triagem_de_Camioes_Beira_Participantes-da-Cerimonia.jpg\" alt=\"Terminal de Triagem de Cami\u00f5es Beira Participantes da Cerim\u00f3nia\" width=\"250\" height=\"167\" \/><\/a>Estiveram presentes na Cerim\u00f3nia, para al\u00e9m do Ministro dos Transportes e Comunica\u00e7\u00f5es, Carlos Mesquita e da Governadora da Prov\u00edncia de Sofala, Maria Helena Taipo, altos funcion\u00e1rios do Governo Central e da Prov\u00edncia, bem como clientes e parceiros, com destaque para a <a href=\"http:\/\/www.cornelder.co.mz\/\" target=\"_blank\" rel=\"noopener\">Cornelder de Mo\u00e7ambique<\/a> , operadora do Porto da Beira.<\/p>\n<p>&nbsp;<\/p>\n<p>&nbsp;<\/p>\n<p><a class=\"jcepopup icon-bottom-right\" type=\"image\" href=\"http:\/\/www.cfm.co.mz\/wp-content\/uploads\/2016\/08\/Terminal_de_Triagem_de_Camioes_Beira_Vista-Geral-do-Terminal.jpg\" target=\"_blank\" data-mediabox=\"width[800];caption[Vista Geral do Terminal]\" rel=\"noopener\"><img decoding=\"async\" style=\"margin: 5px; float: left;\" src=\"http:\/\/www.cfm.co.mz\/wp-content\/uploads\/2016\/08\/Terminal_de_Triagem_de_Camioes_Beira_Vista-Geral-do-Terminal.jpg\" alt=\"Terminal de Triagem de Cami\u00f5es Beira Vista Geral do Terminal\" width=\"250\" height=\"167\" \/><\/a>O Terminal ora inaugurado ocupa 32.000m2 e est\u00e1 associado ao Scan da Kudumba, atendendo mais de 127 cami\u00f5es que circulam em 4 faixas, numa extens\u00e3o de 1.250 metros .<\/p>\n<p>A explica\u00e7\u00e3o dos detalhes t\u00e9cnicos da obra foi feita pelo Director Executivo- Centro, Eng\u00ba C\u00e2ndido Jone, tendo causado boa impress\u00e3o do Presidente da Rep\u00fablica, que felicitou a Empresa pela obra.<\/p>","protected":false},"excerpt":{"rendered":"<p>O Presidente da Rep\u00fablica, Filipe Jacinto Nyusi inaugurou, no passado dia 22 de Agosto de 2016, o Terminal de Triagem de Cami\u00f5es (TCC), localizado no Porto da Beira. Avaliado em 225 milh\u00f5es de Meticais \u2013 fundos pr\u00f3prios dos CFM -, a constru\u00e7\u00e3o deste Terminal muito contribuir\u00e1 para a facilita\u00e7\u00e3o dos processos de desembara\u00e7o de documenta\u00e7\u00e3o para o carregamento no recinto Portu\u00e1rio, incluindo nas gasolineiras.<\/p>","protected":false},"author":94,"featured_media":8746,"comment_status":"open","ping_status":"open","sticky":false,"template":"","format":"standard","meta":{"_acf_changed":false,"pgc_sgb_lightbox_settings":"","footnotes":""},"categories":[680],"tags":[],"class_list":["post-8749","post","type-post","status-publish","format-standard","has-post-thumbnail","hentry","category-noticias"],"acf":[],"yoast_head":"<!-- This site is optimized with the Yoast SEO plugin v26.5 - https:\/\/yoast.com\/wordpress\/plugins\/seo\/ -->\n<title>Nyusi Inaugura Terminal de Triagem de Cami\u00f5es do Porto da Beira - CFM - Caminhos De Ferros de Mo\u00e7ambique<\/title>\n<meta name=\"robots\" content=\"index, follow, max-snippet:-1, max-image-preview:large, max-video-preview:-1\" \/>\n<link rel=\"canonical\" href=\"https:\/\/www.cfm.co.mz\/en\/2016\/08\/24\/nyusi-inaugura-terminal-de-triagem-de-camioes-do-porto-da-beira\/\" \/>\n<meta property=\"og:locale\" content=\"en_US\" \/>\n<meta property=\"og:type\" content=\"article\" \/>\n<meta property=\"og:title\" content=\"Nyusi Inaugura Terminal de Triagem de Cami\u00f5es do Porto da Beira - CFM - Caminhos De Ferros de Mo\u00e7ambique\" \/>\n<meta property=\"og:description\" content=\"O Presidente da Rep\u00fablica, Filipe Jacinto Nyusi inaugurou, no passado dia 22 de Agosto de 2016, o Terminal de Triagem de Cami\u00f5es (TCC), localizado no Porto da Beira. Avaliado em 225 milh\u00f5es de Meticais \u2013 fundos pr\u00f3prios dos CFM -, a constru\u00e7\u00e3o deste Terminal muito contribuir\u00e1 para a facilita\u00e7\u00e3o dos processos de desembara\u00e7o de documenta\u00e7\u00e3o para o carregamento no recinto Portu\u00e1rio, incluindo nas gasolineiras.\" \/>\n<meta property=\"og:url\" content=\"https:\/\/www.cfm.co.mz\/en\/2016\/08\/24\/nyusi-inaugura-terminal-de-triagem-de-camioes-do-porto-da-beira\/\" \/>\n<meta property=\"og:site_name\" content=\"CFM - Caminhos De Ferros de Mo\u00e7ambique\" \/>\n<meta property=\"article:publisher\" content=\"https:\/\/www.facebook.com\/CFMMoz\" \/>\n<meta property=\"article:published_time\" content=\"2016-08-24T08:34:14+00:00\" \/>\n<meta property=\"og:image\" content=\"https:\/\/www.cfm.co.mz\/wp-content\/uploads\/2016\/08\/Terminal_de_Triagem_de_Camioes_Beira_Momento-do-Descerramento-da-Lapide.jpg\" \/>\n\t<meta property=\"og:image:width\" content=\"1800\" \/>\n\t<meta property=\"og:image:height\" content=\"1200\" \/>\n\t<meta property=\"og:image:type\" content=\"image\/jpeg\" \/>\n<meta name=\"author\" content=\"D\u00e9rcio Badru\" \/>\n<meta name=\"twitter:card\" content=\"summary_large_image\" \/>\n<meta name=\"twitter:label1\" content=\"Written by\" \/>\n\t<meta name=\"twitter:data1\" content=\"D\u00e9rcio Badru\" \/>\n\t<meta name=\"twitter:label2\" content=\"Est. reading time\" \/>\n\t<meta name=\"twitter:data2\" content=\"1 minute\" \/>\n<script type=\"application\/ld+json\" class=\"yoast-schema-graph\">{\"@context\":\"https:\/\/schema.org\",\"@graph\":[{\"@type\":\"Article\",\"@id\":\"https:\/\/www.cfm.co.mz\/2016\/08\/24\/nyusi-inaugura-terminal-de-triagem-de-camioes-do-porto-da-beira\/#article\",\"isPartOf\":{\"@id\":\"https:\/\/www.cfm.co.mz\/2016\/08\/24\/nyusi-inaugura-terminal-de-triagem-de-camioes-do-porto-da-beira\/\"},\"author\":{\"name\":\"D\u00e9rcio Badru\",\"@id\":\"https:\/\/www.cfm.co.mz\/#\/schema\/person\/1bb663f3c59dc61900f6f9b1c2b53552\"},\"headline\":\"Nyusi Inaugura Terminal de Triagem de Cami\u00f5es do Porto da Beira\",\"datePublished\":\"2016-08-24T08:34:14+00:00\",\"mainEntityOfPage\":{\"@id\":\"https:\/\/www.cfm.co.mz\/2016\/08\/24\/nyusi-inaugura-terminal-de-triagem-de-camioes-do-porto-da-beira\/\"},\"wordCount\":268,\"commentCount\":0,\"publisher\":{\"@id\":\"https:\/\/www.cfm.co.mz\/#organization\"},\"image\":{\"@id\":\"https:\/\/www.cfm.co.mz\/2016\/08\/24\/nyusi-inaugura-terminal-de-triagem-de-camioes-do-porto-da-beira\/#primaryimage\"},\"thumbnailUrl\":\"https:\/\/www.cfm.co.mz\/wp-content\/uploads\/2016\/08\/Terminal_de_Triagem_de_Camioes_Beira_Momento-do-Descerramento-da-Lapide.jpg\",\"articleSection\":[\"Noticias\"],\"inLanguage\":\"en-US\",\"potentialAction\":[{\"@type\":\"CommentAction\",\"name\":\"Comment\",\"target\":[\"https:\/\/www.cfm.co.mz\/2016\/08\/24\/nyusi-inaugura-terminal-de-triagem-de-camioes-do-porto-da-beira\/#respond\"]}]},{\"@type\":\"WebPage\",\"@id\":\"https:\/\/www.cfm.co.mz\/2016\/08\/24\/nyusi-inaugura-terminal-de-triagem-de-camioes-do-porto-da-beira\/\",\"url\":\"https:\/\/www.cfm.co.mz\/2016\/08\/24\/nyusi-inaugura-terminal-de-triagem-de-camioes-do-porto-da-beira\/\",\"name\":\"Nyusi Inaugura Terminal de Triagem de Cami\u00f5es do Porto da Beira - CFM - Caminhos De Ferros de Mo\u00e7ambique\",\"isPartOf\":{\"@id\":\"https:\/\/www.cfm.co.mz\/#website\"},\"primaryImageOfPage\":{\"@id\":\"https:\/\/www.cfm.co.mz\/2016\/08\/24\/nyusi-inaugura-terminal-de-triagem-de-camioes-do-porto-da-beira\/#primaryimage\"},\"image\":{\"@id\":\"https:\/\/www.cfm.co.mz\/2016\/08\/24\/nyusi-inaugura-terminal-de-triagem-de-camioes-do-porto-da-beira\/#primaryimage\"},\"thumbnailUrl\":\"https:\/\/www.cfm.co.mz\/wp-content\/uploads\/2016\/08\/Terminal_de_Triagem_de_Camioes_Beira_Momento-do-Descerramento-da-Lapide.jpg\",\"datePublished\":\"2016-08-24T08:34:14+00:00\",\"breadcrumb\":{\"@id\":\"https:\/\/www.cfm.co.mz\/2016\/08\/24\/nyusi-inaugura-terminal-de-triagem-de-camioes-do-porto-da-beira\/#breadcrumb\"},\"inLanguage\":\"en-US\",\"potentialAction\":[{\"@type\":\"ReadAction\",\"target\":[\"https:\/\/www.cfm.co.mz\/2016\/08\/24\/nyusi-inaugura-terminal-de-triagem-de-camioes-do-porto-da-beira\/\"]}]},{\"@type\":\"ImageObject\",\"inLanguage\":\"en-US\",\"@id\":\"https:\/\/www.cfm.co.mz\/2016\/08\/24\/nyusi-inaugura-terminal-de-triagem-de-camioes-do-porto-da-beira\/#primaryimage\",\"url\":\"https:\/\/www.cfm.co.mz\/wp-content\/uploads\/2016\/08\/Terminal_de_Triagem_de_Camioes_Beira_Momento-do-Descerramento-da-Lapide.jpg\",\"contentUrl\":\"https:\/\/www.cfm.co.mz\/wp-content\/uploads\/2016\/08\/Terminal_de_Triagem_de_Camioes_Beira_Momento-do-Descerramento-da-Lapide.jpg\",\"width\":1800,\"height\":1200,\"caption\":\"Terminal de Triagem de Cami\u00f5es Beira Momento do Descerramento da L\u00e1pide\"},{\"@type\":\"BreadcrumbList\",\"@id\":\"https:\/\/www.cfm.co.mz\/2016\/08\/24\/nyusi-inaugura-terminal-de-triagem-de-camioes-do-porto-da-beira\/#breadcrumb\",\"itemListElement\":[{\"@type\":\"ListItem\",\"position\":1,\"name\":\"Home\",\"item\":\"https:\/\/www.cfm.co.mz\/\"},{\"@type\":\"ListItem\",\"position\":2,\"name\":\"Nyusi Inaugura Terminal de Triagem de Cami\u00f5es do Porto da Beira\"}]},{\"@type\":\"WebSite\",\"@id\":\"https:\/\/www.cfm.co.mz\/#website\",\"url\":\"https:\/\/www.cfm.co.mz\/\",\"name\":\"CFM - Caminhos De Ferros de Mo\u00e7ambique\",\"description\":\"Ampliando Horizontes\",\"publisher\":{\"@id\":\"https:\/\/www.cfm.co.mz\/#organization\"},\"potentialAction\":[{\"@type\":\"SearchAction\",\"target\":{\"@type\":\"EntryPoint\",\"urlTemplate\":\"https:\/\/www.cfm.co.mz\/?s={search_term_string}\"},\"query-input\":{\"@type\":\"PropertyValueSpecification\",\"valueRequired\":true,\"valueName\":\"search_term_string\"}}],\"inLanguage\":\"en-US\"},{\"@type\":\"Organization\",\"@id\":\"https:\/\/www.cfm.co.mz\/#organization\",\"name\":\"CFM - Caminhos De Ferros de Mo\u00e7ambique\",\"url\":\"https:\/\/www.cfm.co.mz\/\",\"logo\":{\"@type\":\"ImageObject\",\"inLanguage\":\"en-US\",\"@id\":\"https:\/\/www.cfm.co.mz\/#\/schema\/logo\/image\/\",\"url\":\"https:\/\/www.cfm.co.mz\/wp-content\/uploads\/2025\/07\/be5f0679-4f5b-4d02-9719-a26ceed29162.jpg\",\"contentUrl\":\"https:\/\/www.cfm.co.mz\/wp-content\/uploads\/2025\/07\/be5f0679-4f5b-4d02-9719-a26ceed29162.jpg\",\"width\":400,\"height\":65,\"caption\":\"CFM - Caminhos De Ferros de Mo\u00e7ambique\"},\"image\":{\"@id\":\"https:\/\/www.cfm.co.mz\/#\/schema\/logo\/image\/\"},\"sameAs\":[\"https:\/\/www.facebook.com\/CFMMoz\",\"https:\/\/www.linkedin.com\/company\/caminhos-de-ferro-de-moambique\/\"]},{\"@type\":\"Person\",\"@id\":\"https:\/\/www.cfm.co.mz\/#\/schema\/person\/1bb663f3c59dc61900f6f9b1c2b53552\",\"name\":\"D\u00e9rcio Badru\",\"image\":{\"@type\":\"ImageObject\",\"inLanguage\":\"en-US\",\"@id\":\"https:\/\/www.cfm.co.mz\/#\/schema\/person\/image\/\",\"url\":\"https:\/\/www.cfm.co.mz\/wp-content\/litespeed\/avatar\/be89d6955942d7259ef76de4577d21b3.jpg?ver=1777454359\",\"contentUrl\":\"https:\/\/www.cfm.co.mz\/wp-content\/litespeed\/avatar\/be89d6955942d7259ef76de4577d21b3.jpg?ver=1777454359\",\"caption\":\"D\u00e9rcio Badru\"},\"url\":\"https:\/\/www.cfm.co.mz\/en\/author\/dercio\/\"}]}<\/script>\n<!-- \/ Yoast SEO plugin. -->","yoast_head_json":{"title":"Nyusi Inaugura Terminal de Triagem de Cami\u00f5es do Porto da Beira - CFM - Caminhos De Ferros de Mo\u00e7ambique","robots":{"index":"index","follow":"follow","max-snippet":"max-snippet:-1","max-image-preview":"max-image-preview:large","max-video-preview":"max-video-preview:-1"},"canonical":"https:\/\/www.cfm.co.mz\/en\/2016\/08\/24\/nyusi-inaugura-terminal-de-triagem-de-camioes-do-porto-da-beira\/","og_locale":"en_US","og_type":"article","og_title":"Nyusi Inaugura Terminal de Triagem de Cami\u00f5es do Porto da Beira - CFM - Caminhos De Ferros de Mo\u00e7ambique","og_description":"O Presidente da Rep\u00fablica, Filipe Jacinto Nyusi inaugurou, no passado dia 22 de Agosto de 2016, o Terminal de Triagem de Cami\u00f5es (TCC), localizado no Porto da Beira. Avaliado em 225 milh\u00f5es de Meticais \u2013 fundos pr\u00f3prios dos CFM -, a constru\u00e7\u00e3o deste Terminal muito contribuir\u00e1 para a facilita\u00e7\u00e3o dos processos de desembara\u00e7o de documenta\u00e7\u00e3o para o carregamento no recinto Portu\u00e1rio, incluindo nas gasolineiras.","og_url":"https:\/\/www.cfm.co.mz\/en\/2016\/08\/24\/nyusi-inaugura-terminal-de-triagem-de-camioes-do-porto-da-beira\/","og_site_name":"CFM - Caminhos De Ferros de Mo\u00e7ambique","article_publisher":"https:\/\/www.facebook.com\/CFMMoz","article_published_time":"2016-08-24T08:34:14+00:00","og_image":[{"width":1800,"height":1200,"url":"https:\/\/www.cfm.co.mz\/wp-content\/uploads\/2016\/08\/Terminal_de_Triagem_de_Camioes_Beira_Momento-do-Descerramento-da-Lapide.jpg","type":"image\/jpeg"}],"author":"D\u00e9rcio Badru","twitter_card":"summary_large_image","twitter_misc":{"Written by":"D\u00e9rcio Badru","Est. reading time":"1 minute"},"schema":{"@context":"https:\/\/schema.org","@graph":[{"@type":"Article","@id":"https:\/\/www.cfm.co.mz\/2016\/08\/24\/nyusi-inaugura-terminal-de-triagem-de-camioes-do-porto-da-beira\/#article","isPartOf":{"@id":"https:\/\/www.cfm.co.mz\/2016\/08\/24\/nyusi-inaugura-terminal-de-triagem-de-camioes-do-porto-da-beira\/"},"author":{"name":"D\u00e9rcio Badru","@id":"https:\/\/www.cfm.co.mz\/#\/schema\/person\/1bb663f3c59dc61900f6f9b1c2b53552"},"headline":"Nyusi Inaugura Terminal de Triagem de Cami\u00f5es do Porto da Beira","datePublished":"2016-08-24T08:34:14+00:00","mainEntityOfPage":{"@id":"https:\/\/www.cfm.co.mz\/2016\/08\/24\/nyusi-inaugura-terminal-de-triagem-de-camioes-do-porto-da-beira\/"},"wordCount":268,"commentCount":0,"publisher":{"@id":"https:\/\/www.cfm.co.mz\/#organization"},"image":{"@id":"https:\/\/www.cfm.co.mz\/2016\/08\/24\/nyusi-inaugura-terminal-de-triagem-de-camioes-do-porto-da-beira\/#primaryimage"},"thumbnailUrl":"https:\/\/www.cfm.co.mz\/wp-content\/uploads\/2016\/08\/Terminal_de_Triagem_de_Camioes_Beira_Momento-do-Descerramento-da-Lapide.jpg","articleSection":["Noticias"],"inLanguage":"en-US","potentialAction":[{"@type":"CommentAction","name":"Comment","target":["https:\/\/www.cfm.co.mz\/2016\/08\/24\/nyusi-inaugura-terminal-de-triagem-de-camioes-do-porto-da-beira\/#respond"]}]},{"@type":"WebPage","@id":"https:\/\/www.cfm.co.mz\/2016\/08\/24\/nyusi-inaugura-terminal-de-triagem-de-camioes-do-porto-da-beira\/","url":"https:\/\/www.cfm.co.mz\/2016\/08\/24\/nyusi-inaugura-terminal-de-triagem-de-camioes-do-porto-da-beira\/","name":"Nyusi Inaugura Terminal de Triagem de Cami\u00f5es do Porto da Beira - CFM - Caminhos De Ferros de Mo\u00e7ambique","isPartOf":{"@id":"https:\/\/www.cfm.co.mz\/#website"},"primaryImageOfPage":{"@id":"https:\/\/www.cfm.co.mz\/2016\/08\/24\/nyusi-inaugura-terminal-de-triagem-de-camioes-do-porto-da-beira\/#primaryimage"},"image":{"@id":"https:\/\/www.cfm.co.mz\/2016\/08\/24\/nyusi-inaugura-terminal-de-triagem-de-camioes-do-porto-da-beira\/#primaryimage"},"thumbnailUrl":"https:\/\/www.cfm.co.mz\/wp-content\/uploads\/2016\/08\/Terminal_de_Triagem_de_Camioes_Beira_Momento-do-Descerramento-da-Lapide.jpg","datePublished":"2016-08-24T08:34:14+00:00","breadcrumb":{"@id":"https:\/\/www.cfm.co.mz\/2016\/08\/24\/nyusi-inaugura-terminal-de-triagem-de-camioes-do-porto-da-beira\/#breadcrumb"},"inLanguage":"en-US","potentialAction":[{"@type":"ReadAction","target":["https:\/\/www.cfm.co.mz\/2016\/08\/24\/nyusi-inaugura-terminal-de-triagem-de-camioes-do-porto-da-beira\/"]}]},{"@type":"ImageObject","inLanguage":"en-US","@id":"https:\/\/www.cfm.co.mz\/2016\/08\/24\/nyusi-inaugura-terminal-de-triagem-de-camioes-do-porto-da-beira\/#primaryimage","url":"https:\/\/www.cfm.co.mz\/wp-content\/uploads\/2016\/08\/Terminal_de_Triagem_de_Camioes_Beira_Momento-do-Descerramento-da-Lapide.jpg","contentUrl":"https:\/\/www.cfm.co.mz\/wp-content\/uploads\/2016\/08\/Terminal_de_Triagem_de_Camioes_Beira_Momento-do-Descerramento-da-Lapide.jpg","width":1800,"height":1200,"caption":"Terminal de Triagem de Cami\u00f5es Beira Momento do Descerramento da L\u00e1pide"},{"@type":"BreadcrumbList","@id":"https:\/\/www.cfm.co.mz\/2016\/08\/24\/nyusi-inaugura-terminal-de-triagem-de-camioes-do-porto-da-beira\/#breadcrumb","itemListElement":[{"@type":"ListItem","position":1,"name":"Home","item":"https:\/\/www.cfm.co.mz\/"},{"@type":"ListItem","position":2,"name":"Nyusi Inaugura Terminal de Triagem de Cami\u00f5es do Porto da Beira"}]},{"@type":"WebSite","@id":"https:\/\/www.cfm.co.mz\/#website","url":"https:\/\/www.cfm.co.mz\/","name":"CFM - Caminhos De Ferros de Mo\u00e7ambique","description":"Ampliando Horizontes","publisher":{"@id":"https:\/\/www.cfm.co.mz\/#organization"},"potentialAction":[{"@type":"SearchAction","target":{"@type":"EntryPoint","urlTemplate":"https:\/\/www.cfm.co.mz\/?s={search_term_string}"},"query-input":{"@type":"PropertyValueSpecification","valueRequired":true,"valueName":"search_term_string"}}],"inLanguage":"en-US"},{"@type":"Organization","@id":"https:\/\/www.cfm.co.mz\/#organization","name":"CFM - Caminhos De Ferros de Mo\u00e7ambique","url":"https:\/\/www.cfm.co.mz\/","logo":{"@type":"ImageObject","inLanguage":"en-US","@id":"https:\/\/www.cfm.co.mz\/#\/schema\/logo\/image\/","url":"https:\/\/www.cfm.co.mz\/wp-content\/uploads\/2025\/07\/be5f0679-4f5b-4d02-9719-a26ceed29162.jpg","contentUrl":"https:\/\/www.cfm.co.mz\/wp-content\/uploads\/2025\/07\/be5f0679-4f5b-4d02-9719-a26ceed29162.jpg","width":400,"height":65,"caption":"CFM - Caminhos De Ferros de Mo\u00e7ambique"},"image":{"@id":"https:\/\/www.cfm.co.mz\/#\/schema\/logo\/image\/"},"sameAs":["https:\/\/www.facebook.com\/CFMMoz","https:\/\/www.linkedin.com\/company\/caminhos-de-ferro-de-moambique\/"]},{"@type":"Person","@id":"https:\/\/www.cfm.co.mz\/#\/schema\/person\/1bb663f3c59dc61900f6f9b1c2b53552","name":"D\u00e9rcio Badru","image":{"@type":"ImageObject","inLanguage":"en-US","@id":"https:\/\/www.cfm.co.mz\/#\/schema\/person\/image\/","url":"https:\/\/www.cfm.co.mz\/wp-content\/litespeed\/avatar\/be89d6955942d7259ef76de4577d21b3.jpg?ver=1777454359","contentUrl":"https:\/\/www.cfm.co.mz\/wp-content\/litespeed\/avatar\/be89d6955942d7259ef76de4577d21b3.jpg?ver=1777454359","caption":"D\u00e9rcio Badru"},"url":"https:\/\/www.cfm.co.mz\/en\/author\/dercio\/"}]}},"_links":{"self":[{"href":"https:\/\/www.cfm.co.mz\/en\/wp-json\/wp\/v2\/posts\/8749","targetHints":{"allow":["GET"]}}],"collection":[{"href":"https:\/\/www.cfm.co.mz\/en\/wp-json\/wp\/v2\/posts"}],"about":[{"href":"https:\/\/www.cfm.co.mz\/en\/wp-json\/wp\/v2\/types\/post"}],"author":[{"embeddable":true,"href":"https:\/\/www.cfm.co.mz\/en\/wp-json\/wp\/v2\/users\/94"}],"replies":[{"embeddable":true,"href":"https:\/\/www.cfm.co.mz\/en\/wp-json\/wp\/v2\/comments?post=8749"}],"version-history":[{"count":0,"href":"https:\/\/www.cfm.co.mz\/en\/wp-json\/wp\/v2\/posts\/8749\/revisions"}],"wp:featuredmedia":[{"embeddable":true,"href":"https:\/\/www.cfm.co.mz\/en\/wp-json\/wp\/v2\/media\/8746"}],"wp:attachment":[{"href":"https:\/\/www.cfm.co.mz\/en\/wp-json\/wp\/v2\/media?parent=8749"}],"wp:term":[{"taxonomy":"category","embeddable":true,"href":"https:\/\/www.cfm.co.mz\/en\/wp-json\/wp\/v2\/categories?post=8749"},{"taxonomy":"post_tag","embeddable":true,"href":"https:\/\/www.cfm.co.mz\/en\/wp-json\/wp\/v2\/tags?post=8749"}],"curies":[{"name":"wp","href":"https:\/\/api.w.org\/{rel}","templated":true}]}}