{"id":8714,"date":"2016-04-08T13:59:13","date_gmt":"2016-04-08T13:59:13","guid":{"rendered":"https:\/\/www.cfm.co.mz\/2016\/04\/08\/cfm-homenageia-trabalhadoras-do-sector\/"},"modified":"2016-04-08T13:59:13","modified_gmt":"2016-04-08T13:59:13","slug":"cfm-homenageia-trabalhadoras-do-sector","status":"publish","type":"post","link":"https:\/\/www.cfm.co.mz\/en\/2016\/04\/08\/cfm-homenageia-trabalhadoras-do-sector\/","title":{"rendered":"CFM homenageia trabalhadoras do sector"},"content":{"rendered":"<p style=\"text-align: justify;\"><a class=\"jcepopup icon-bottom-right\" type=\"image\" href=\"http:\/\/www.cfm.co.mz\/wp-content\/uploads\/2016\/04\/dia_da_mulher_mocambicana-scaled.jpg\" target=\"_blank\" data-mediabox=\"width[800];height[400];caption[plateia constituida por trabalhadoras do CFM]\" rel=\"noopener\"><img decoding=\"async\" style=\"margin: 5px; float: left;\" src=\"http:\/\/www.cfm.co.mz\/wp-content\/uploads\/2016\/04\/dia_da_mulher_mocambicana-scaled.jpg\" alt=\"dia da mulher mocambicana\" width=\"250\" height=\"150\" \/><\/a><\/p>\n<p style=\"text-align: justify;\">&nbsp;O Conselho de Administra\u00e7\u00e3o do CFM, atrav\u00e9s do seu respectivo Presidente, V\u00edctor Pedro Gomes,&nbsp; homenageou, no passado dia 6 de Abril, a Mulher ferrovi\u00e1ria do Rovuma ao Maputo, acto inserido nas comemora\u00e7\u00f5es do dia da Mulher Mo\u00e7ambicana- 7 de Abril.<\/p>\n<p><!--more--><\/p>\n<p style=\"text-align: justify;\">&nbsp;<\/p>\n<p style=\"text-align: justify;\">&nbsp;<\/p>\n<p style=\"text-align: justify;\">&nbsp;<\/p>\n<p style=\"text-align: justify;\">Acompanhado por membros do seu executivo, o PCA do CFM, dirigindo-se a cerca de duas centenas de funcion\u00e1rias, em representa\u00e7\u00e3o de todas as demais trabalhadoras da institui\u00e7\u00e3o, come\u00e7ou por recordar que o CFM \u00e9 uma empresa <a class=\"jcepopup icon-bottom-right\" type=\"image\" href=\"http:\/\/www.cfm.co.mz\/wp-content\/uploads\/2016\/04\/dia_da_mulher_mocambicana_ca.jpg\" target=\"_blank\" data-mediabox=\"width[800];height[400]\" rel=\"noopener\"><img decoding=\"async\" style=\"margin: 5px; float: right;\" src=\"http:\/\/www.cfm.co.mz\/wp-content\/uploads\/2016\/04\/dia_da_mulher_mocambicana_ca.jpg\" alt=\"dia da mulher mocambicana ca\" width=\"250\" height=\"141\" \/><\/a>que actua em todo o Pa\u00eds, e que as mulheres est\u00e3o em toda esta vastid\u00e3o, representando um n\u00famero bastante consider\u00e1vel do total dos trabalhadores da empresa.<\/p>\n<p style=\"text-align: justify;\">Destacando ainda a import\u00e2ncia do papel das mulheres na empresa e na sociedade, Gomes acrescentou que, no contexto s\u00f3cio-cultural mo\u00e7ambicano, repleto de estere\u00f3tipos de g\u00e9nero e, em alguns casos, at\u00e9 de machismo, n\u00e3o \u00e9 f\u00e1cil conciliar a actividade laboral destas profissionais com o seu papel social, visto que para al\u00e9m de serem trabalhadoras, elas t\u00eam a responsabilidade acrescida de assumir o papel de donas de casa, mesmo depois de um longo dia de trabalho.<\/p>\n<p style=\"text-align: justify;\"><a class=\"jcepopup icon-bottom-right\" type=\"image\" href=\"http:\/\/www.cfm.co.mz\/wp-content\/uploads\/2014\/11\/pca.jpg\" target=\"_blank\" data-mediabox=\"width[800];height[800];caption[V\u00edctor Gomes, PCA do CFM]\" rel=\"noopener\"><img fetchpriority=\"high\" decoding=\"async\" style=\"margin: 5px; float: right;\" src=\"http:\/\/www.cfm.co.mz\/wp-content\/uploads\/2014\/11\/pca.jpg\" alt=\"pca\" width=\"250\" height=\"258\" \/><\/a>Na mesma ocasi\u00e3o, o PCA do CFM, n\u00e3o deixou de enaltecer a import\u00e2ncia da colabora\u00e7\u00e3o das mulheres para a institui\u00e7\u00e3o, lembrando-as que \u201c<em>sem a colabora\u00e7\u00e3o de cada uma de v\u00f3s, esta empresa dificilmente chegaria onde est\u00e1. O CFM valoriza muito o vosso esfor\u00e7o, empenho e dedica\u00e7\u00e3o, e \u00e9 com muita honra que estamos aqui hoje para homenagear-vos por mais um Dia da Mulher Mo\u00e7ambicana<\/em>.\u201c<\/p>\n<p style=\"text-align: justify;\">As trabalhadoras do CFM mostraram-se muito satisfeitas pelo reconhecimento ressaltando que \u201c<em>como mulheres, nos sentimos bastante valorizadas ao constatar que hoje em dia existem, na nossa empresa, quadros do sexo feminino em todas \u00e1reas. Homens e mulheres trabalham lado a lado, sem distin\u00e7\u00e3o de g\u00e9nero. Isto \u00e9 um orgulho para n\u00f3s.<\/em>\u201d&nbsp;<\/p>\n<p style=\"text-align: justify;\">O encontro terminou com a apresenta\u00e7\u00e3o de uma Palestra sobre o papel da mulher na constru\u00e7\u00e3o da sociedade, antecedida de oferta de capulanas e flores que a administra\u00e7\u00e3o da empresa preparou.<\/p>","protected":false},"excerpt":{"rendered":"<p>&nbsp;O Conselho de Administra\u00e7\u00e3o do CFM, atrav\u00e9s do seu respectivo Presidente, V\u00edctor Pedro Gomes,&nbsp; homenageou, no passado dia 6 de Abril, a Mulher ferrovi\u00e1ria do Rovuma ao Maputo, acto inserido nas comemora\u00e7\u00f5es do dia da Mulher Mo\u00e7ambicana- 7 de Abril.<\/p>","protected":false},"author":93,"featured_media":8712,"comment_status":"open","ping_status":"open","sticky":false,"template":"","format":"standard","meta":{"_acf_changed":false,"pgc_sgb_lightbox_settings":"","footnotes":""},"categories":[680],"tags":[],"class_list":["post-8714","post","type-post","status-publish","format-standard","has-post-thumbnail","hentry","category-noticias"],"acf":[],"yoast_head":"<!-- This site is optimized with the Yoast SEO plugin v26.5 - https:\/\/yoast.com\/wordpress\/plugins\/seo\/ -->\n<title>CFM homenageia trabalhadoras do sector - CFM - Caminhos De Ferros de Mo\u00e7ambique<\/title>\n<meta name=\"robots\" content=\"index, follow, max-snippet:-1, max-image-preview:large, max-video-preview:-1\" \/>\n<link rel=\"canonical\" href=\"https:\/\/www.cfm.co.mz\/en\/2016\/04\/08\/cfm-homenageia-trabalhadoras-do-sector\/\" \/>\n<meta property=\"og:locale\" content=\"en_US\" \/>\n<meta property=\"og:type\" content=\"article\" \/>\n<meta property=\"og:title\" content=\"CFM homenageia trabalhadoras do sector - CFM - Caminhos De Ferros de Mo\u00e7ambique\" \/>\n<meta property=\"og:description\" content=\"&nbsp;O Conselho de Administra\u00e7\u00e3o do CFM, atrav\u00e9s do seu respectivo Presidente, V\u00edctor Pedro Gomes,&nbsp; homenageou, no passado dia 6 de Abril, a Mulher ferrovi\u00e1ria do Rovuma ao Maputo, acto inserido nas comemora\u00e7\u00f5es do dia da Mulher Mo\u00e7ambicana- 7 de Abril.\" \/>\n<meta property=\"og:url\" content=\"https:\/\/www.cfm.co.mz\/en\/2016\/04\/08\/cfm-homenageia-trabalhadoras-do-sector\/\" \/>\n<meta property=\"og:site_name\" content=\"CFM - Caminhos De Ferros de Mo\u00e7ambique\" \/>\n<meta property=\"article:publisher\" content=\"https:\/\/www.facebook.com\/CFMMoz\" \/>\n<meta property=\"article:published_time\" content=\"2016-04-08T13:59:13+00:00\" \/>\n<meta property=\"og:image\" content=\"https:\/\/www.cfm.co.mz\/wp-content\/uploads\/2016\/04\/dia_da_mulher_mocambicana-scaled.jpg\" \/>\n\t<meta property=\"og:image:width\" content=\"2560\" \/>\n\t<meta property=\"og:image:height\" content=\"1536\" \/>\n\t<meta property=\"og:image:type\" content=\"image\/jpeg\" \/>\n<meta name=\"author\" content=\"Celina Mapilele\" \/>\n<meta name=\"twitter:card\" content=\"summary_large_image\" \/>\n<meta name=\"twitter:label1\" content=\"Written by\" \/>\n\t<meta name=\"twitter:data1\" content=\"Celina Mapilele\" \/>\n\t<meta name=\"twitter:label2\" content=\"Est. reading time\" \/>\n\t<meta name=\"twitter:data2\" content=\"2 minutes\" \/>\n<script type=\"application\/ld+json\" class=\"yoast-schema-graph\">{\"@context\":\"https:\/\/schema.org\",\"@graph\":[{\"@type\":\"Article\",\"@id\":\"https:\/\/www.cfm.co.mz\/2016\/04\/08\/cfm-homenageia-trabalhadoras-do-sector\/#article\",\"isPartOf\":{\"@id\":\"https:\/\/www.cfm.co.mz\/2016\/04\/08\/cfm-homenageia-trabalhadoras-do-sector\/\"},\"author\":{\"name\":\"Celina Mapilele\",\"@id\":\"https:\/\/www.cfm.co.mz\/#\/schema\/person\/79db75593b43d299bf2868684a955133\"},\"headline\":\"CFM homenageia trabalhadoras do sector\",\"datePublished\":\"2016-04-08T13:59:13+00:00\",\"mainEntityOfPage\":{\"@id\":\"https:\/\/www.cfm.co.mz\/2016\/04\/08\/cfm-homenageia-trabalhadoras-do-sector\/\"},\"wordCount\":367,\"commentCount\":0,\"publisher\":{\"@id\":\"https:\/\/www.cfm.co.mz\/#organization\"},\"image\":{\"@id\":\"https:\/\/www.cfm.co.mz\/2016\/04\/08\/cfm-homenageia-trabalhadoras-do-sector\/#primaryimage\"},\"thumbnailUrl\":\"https:\/\/www.cfm.co.mz\/wp-content\/uploads\/2016\/04\/dia_da_mulher_mocambicana-scaled.jpg\",\"articleSection\":[\"Noticias\"],\"inLanguage\":\"en-US\",\"potentialAction\":[{\"@type\":\"CommentAction\",\"name\":\"Comment\",\"target\":[\"https:\/\/www.cfm.co.mz\/2016\/04\/08\/cfm-homenageia-trabalhadoras-do-sector\/#respond\"]}]},{\"@type\":\"WebPage\",\"@id\":\"https:\/\/www.cfm.co.mz\/2016\/04\/08\/cfm-homenageia-trabalhadoras-do-sector\/\",\"url\":\"https:\/\/www.cfm.co.mz\/2016\/04\/08\/cfm-homenageia-trabalhadoras-do-sector\/\",\"name\":\"CFM homenageia trabalhadoras do sector - CFM - Caminhos De Ferros de Mo\u00e7ambique\",\"isPartOf\":{\"@id\":\"https:\/\/www.cfm.co.mz\/#website\"},\"primaryImageOfPage\":{\"@id\":\"https:\/\/www.cfm.co.mz\/2016\/04\/08\/cfm-homenageia-trabalhadoras-do-sector\/#primaryimage\"},\"image\":{\"@id\":\"https:\/\/www.cfm.co.mz\/2016\/04\/08\/cfm-homenageia-trabalhadoras-do-sector\/#primaryimage\"},\"thumbnailUrl\":\"https:\/\/www.cfm.co.mz\/wp-content\/uploads\/2016\/04\/dia_da_mulher_mocambicana-scaled.jpg\",\"datePublished\":\"2016-04-08T13:59:13+00:00\",\"breadcrumb\":{\"@id\":\"https:\/\/www.cfm.co.mz\/2016\/04\/08\/cfm-homenageia-trabalhadoras-do-sector\/#breadcrumb\"},\"inLanguage\":\"en-US\",\"potentialAction\":[{\"@type\":\"ReadAction\",\"target\":[\"https:\/\/www.cfm.co.mz\/2016\/04\/08\/cfm-homenageia-trabalhadoras-do-sector\/\"]}]},{\"@type\":\"ImageObject\",\"inLanguage\":\"en-US\",\"@id\":\"https:\/\/www.cfm.co.mz\/2016\/04\/08\/cfm-homenageia-trabalhadoras-do-sector\/#primaryimage\",\"url\":\"https:\/\/www.cfm.co.mz\/wp-content\/uploads\/2016\/04\/dia_da_mulher_mocambicana-scaled.jpg\",\"contentUrl\":\"https:\/\/www.cfm.co.mz\/wp-content\/uploads\/2016\/04\/dia_da_mulher_mocambicana-scaled.jpg\",\"width\":2560,\"height\":1536,\"caption\":\"dia da mulher mocambicana\"},{\"@type\":\"BreadcrumbList\",\"@id\":\"https:\/\/www.cfm.co.mz\/2016\/04\/08\/cfm-homenageia-trabalhadoras-do-sector\/#breadcrumb\",\"itemListElement\":[{\"@type\":\"ListItem\",\"position\":1,\"name\":\"Home\",\"item\":\"https:\/\/www.cfm.co.mz\/\"},{\"@type\":\"ListItem\",\"position\":2,\"name\":\"CFM homenageia trabalhadoras do sector\"}]},{\"@type\":\"WebSite\",\"@id\":\"https:\/\/www.cfm.co.mz\/#website\",\"url\":\"https:\/\/www.cfm.co.mz\/\",\"name\":\"CFM - Caminhos De Ferros de Mo\u00e7ambique\",\"description\":\"Ampliando Horizontes\",\"publisher\":{\"@id\":\"https:\/\/www.cfm.co.mz\/#organization\"},\"potentialAction\":[{\"@type\":\"SearchAction\",\"target\":{\"@type\":\"EntryPoint\",\"urlTemplate\":\"https:\/\/www.cfm.co.mz\/?s={search_term_string}\"},\"query-input\":{\"@type\":\"PropertyValueSpecification\",\"valueRequired\":true,\"valueName\":\"search_term_string\"}}],\"inLanguage\":\"en-US\"},{\"@type\":\"Organization\",\"@id\":\"https:\/\/www.cfm.co.mz\/#organization\",\"name\":\"CFM - Caminhos De Ferros de Mo\u00e7ambique\",\"url\":\"https:\/\/www.cfm.co.mz\/\",\"logo\":{\"@type\":\"ImageObject\",\"inLanguage\":\"en-US\",\"@id\":\"https:\/\/www.cfm.co.mz\/#\/schema\/logo\/image\/\",\"url\":\"https:\/\/www.cfm.co.mz\/wp-content\/uploads\/2025\/07\/be5f0679-4f5b-4d02-9719-a26ceed29162.jpg\",\"contentUrl\":\"https:\/\/www.cfm.co.mz\/wp-content\/uploads\/2025\/07\/be5f0679-4f5b-4d02-9719-a26ceed29162.jpg\",\"width\":400,\"height\":65,\"caption\":\"CFM - Caminhos De Ferros de Mo\u00e7ambique\"},\"image\":{\"@id\":\"https:\/\/www.cfm.co.mz\/#\/schema\/logo\/image\/\"},\"sameAs\":[\"https:\/\/www.facebook.com\/CFMMoz\",\"https:\/\/www.linkedin.com\/company\/caminhos-de-ferro-de-moambique\/\"]},{\"@type\":\"Person\",\"@id\":\"https:\/\/www.cfm.co.mz\/#\/schema\/person\/79db75593b43d299bf2868684a955133\",\"name\":\"Celina Mapilele\",\"image\":{\"@type\":\"ImageObject\",\"inLanguage\":\"en-US\",\"@id\":\"https:\/\/www.cfm.co.mz\/#\/schema\/person\/image\/\",\"url\":\"https:\/\/www.cfm.co.mz\/wp-content\/litespeed\/avatar\/48b699816c8afde39321e6e2b7ee6fbe.jpg?ver=1777454718\",\"contentUrl\":\"https:\/\/www.cfm.co.mz\/wp-content\/litespeed\/avatar\/48b699816c8afde39321e6e2b7ee6fbe.jpg?ver=1777454718\",\"caption\":\"Celina Mapilele\"},\"url\":\"https:\/\/www.cfm.co.mz\/en\/author\/celina\/\"}]}<\/script>\n<!-- \/ Yoast SEO plugin. -->","yoast_head_json":{"title":"CFM homenageia trabalhadoras do sector - CFM - Caminhos De Ferros de Mo\u00e7ambique","robots":{"index":"index","follow":"follow","max-snippet":"max-snippet:-1","max-image-preview":"max-image-preview:large","max-video-preview":"max-video-preview:-1"},"canonical":"https:\/\/www.cfm.co.mz\/en\/2016\/04\/08\/cfm-homenageia-trabalhadoras-do-sector\/","og_locale":"en_US","og_type":"article","og_title":"CFM homenageia trabalhadoras do sector - CFM - Caminhos De Ferros de Mo\u00e7ambique","og_description":"&nbsp;O Conselho de Administra\u00e7\u00e3o do CFM, atrav\u00e9s do seu respectivo Presidente, V\u00edctor Pedro Gomes,&nbsp; homenageou, no passado dia 6 de Abril, a Mulher ferrovi\u00e1ria do Rovuma ao Maputo, acto inserido nas comemora\u00e7\u00f5es do dia da Mulher Mo\u00e7ambicana- 7 de Abril.","og_url":"https:\/\/www.cfm.co.mz\/en\/2016\/04\/08\/cfm-homenageia-trabalhadoras-do-sector\/","og_site_name":"CFM - Caminhos De Ferros de Mo\u00e7ambique","article_publisher":"https:\/\/www.facebook.com\/CFMMoz","article_published_time":"2016-04-08T13:59:13+00:00","og_image":[{"width":2560,"height":1536,"url":"https:\/\/www.cfm.co.mz\/wp-content\/uploads\/2016\/04\/dia_da_mulher_mocambicana-scaled.jpg","type":"image\/jpeg"}],"author":"Celina Mapilele","twitter_card":"summary_large_image","twitter_misc":{"Written by":"Celina Mapilele","Est. reading time":"2 minutes"},"schema":{"@context":"https:\/\/schema.org","@graph":[{"@type":"Article","@id":"https:\/\/www.cfm.co.mz\/2016\/04\/08\/cfm-homenageia-trabalhadoras-do-sector\/#article","isPartOf":{"@id":"https:\/\/www.cfm.co.mz\/2016\/04\/08\/cfm-homenageia-trabalhadoras-do-sector\/"},"author":{"name":"Celina Mapilele","@id":"https:\/\/www.cfm.co.mz\/#\/schema\/person\/79db75593b43d299bf2868684a955133"},"headline":"CFM homenageia trabalhadoras do sector","datePublished":"2016-04-08T13:59:13+00:00","mainEntityOfPage":{"@id":"https:\/\/www.cfm.co.mz\/2016\/04\/08\/cfm-homenageia-trabalhadoras-do-sector\/"},"wordCount":367,"commentCount":0,"publisher":{"@id":"https:\/\/www.cfm.co.mz\/#organization"},"image":{"@id":"https:\/\/www.cfm.co.mz\/2016\/04\/08\/cfm-homenageia-trabalhadoras-do-sector\/#primaryimage"},"thumbnailUrl":"https:\/\/www.cfm.co.mz\/wp-content\/uploads\/2016\/04\/dia_da_mulher_mocambicana-scaled.jpg","articleSection":["Noticias"],"inLanguage":"en-US","potentialAction":[{"@type":"CommentAction","name":"Comment","target":["https:\/\/www.cfm.co.mz\/2016\/04\/08\/cfm-homenageia-trabalhadoras-do-sector\/#respond"]}]},{"@type":"WebPage","@id":"https:\/\/www.cfm.co.mz\/2016\/04\/08\/cfm-homenageia-trabalhadoras-do-sector\/","url":"https:\/\/www.cfm.co.mz\/2016\/04\/08\/cfm-homenageia-trabalhadoras-do-sector\/","name":"CFM homenageia trabalhadoras do sector - CFM - Caminhos De Ferros de Mo\u00e7ambique","isPartOf":{"@id":"https:\/\/www.cfm.co.mz\/#website"},"primaryImageOfPage":{"@id":"https:\/\/www.cfm.co.mz\/2016\/04\/08\/cfm-homenageia-trabalhadoras-do-sector\/#primaryimage"},"image":{"@id":"https:\/\/www.cfm.co.mz\/2016\/04\/08\/cfm-homenageia-trabalhadoras-do-sector\/#primaryimage"},"thumbnailUrl":"https:\/\/www.cfm.co.mz\/wp-content\/uploads\/2016\/04\/dia_da_mulher_mocambicana-scaled.jpg","datePublished":"2016-04-08T13:59:13+00:00","breadcrumb":{"@id":"https:\/\/www.cfm.co.mz\/2016\/04\/08\/cfm-homenageia-trabalhadoras-do-sector\/#breadcrumb"},"inLanguage":"en-US","potentialAction":[{"@type":"ReadAction","target":["https:\/\/www.cfm.co.mz\/2016\/04\/08\/cfm-homenageia-trabalhadoras-do-sector\/"]}]},{"@type":"ImageObject","inLanguage":"en-US","@id":"https:\/\/www.cfm.co.mz\/2016\/04\/08\/cfm-homenageia-trabalhadoras-do-sector\/#primaryimage","url":"https:\/\/www.cfm.co.mz\/wp-content\/uploads\/2016\/04\/dia_da_mulher_mocambicana-scaled.jpg","contentUrl":"https:\/\/www.cfm.co.mz\/wp-content\/uploads\/2016\/04\/dia_da_mulher_mocambicana-scaled.jpg","width":2560,"height":1536,"caption":"dia da mulher mocambicana"},{"@type":"BreadcrumbList","@id":"https:\/\/www.cfm.co.mz\/2016\/04\/08\/cfm-homenageia-trabalhadoras-do-sector\/#breadcrumb","itemListElement":[{"@type":"ListItem","position":1,"name":"Home","item":"https:\/\/www.cfm.co.mz\/"},{"@type":"ListItem","position":2,"name":"CFM homenageia trabalhadoras do sector"}]},{"@type":"WebSite","@id":"https:\/\/www.cfm.co.mz\/#website","url":"https:\/\/www.cfm.co.mz\/","name":"CFM - Caminhos De Ferros de Mo\u00e7ambique","description":"Ampliando Horizontes","publisher":{"@id":"https:\/\/www.cfm.co.mz\/#organization"},"potentialAction":[{"@type":"SearchAction","target":{"@type":"EntryPoint","urlTemplate":"https:\/\/www.cfm.co.mz\/?s={search_term_string}"},"query-input":{"@type":"PropertyValueSpecification","valueRequired":true,"valueName":"search_term_string"}}],"inLanguage":"en-US"},{"@type":"Organization","@id":"https:\/\/www.cfm.co.mz\/#organization","name":"CFM - Caminhos De Ferros de Mo\u00e7ambique","url":"https:\/\/www.cfm.co.mz\/","logo":{"@type":"ImageObject","inLanguage":"en-US","@id":"https:\/\/www.cfm.co.mz\/#\/schema\/logo\/image\/","url":"https:\/\/www.cfm.co.mz\/wp-content\/uploads\/2025\/07\/be5f0679-4f5b-4d02-9719-a26ceed29162.jpg","contentUrl":"https:\/\/www.cfm.co.mz\/wp-content\/uploads\/2025\/07\/be5f0679-4f5b-4d02-9719-a26ceed29162.jpg","width":400,"height":65,"caption":"CFM - Caminhos De Ferros de Mo\u00e7ambique"},"image":{"@id":"https:\/\/www.cfm.co.mz\/#\/schema\/logo\/image\/"},"sameAs":["https:\/\/www.facebook.com\/CFMMoz","https:\/\/www.linkedin.com\/company\/caminhos-de-ferro-de-moambique\/"]},{"@type":"Person","@id":"https:\/\/www.cfm.co.mz\/#\/schema\/person\/79db75593b43d299bf2868684a955133","name":"Celina Mapilele","image":{"@type":"ImageObject","inLanguage":"en-US","@id":"https:\/\/www.cfm.co.mz\/#\/schema\/person\/image\/","url":"https:\/\/www.cfm.co.mz\/wp-content\/litespeed\/avatar\/48b699816c8afde39321e6e2b7ee6fbe.jpg?ver=1777454718","contentUrl":"https:\/\/www.cfm.co.mz\/wp-content\/litespeed\/avatar\/48b699816c8afde39321e6e2b7ee6fbe.jpg?ver=1777454718","caption":"Celina Mapilele"},"url":"https:\/\/www.cfm.co.mz\/en\/author\/celina\/"}]}},"_links":{"self":[{"href":"https:\/\/www.cfm.co.mz\/en\/wp-json\/wp\/v2\/posts\/8714","targetHints":{"allow":["GET"]}}],"collection":[{"href":"https:\/\/www.cfm.co.mz\/en\/wp-json\/wp\/v2\/posts"}],"about":[{"href":"https:\/\/www.cfm.co.mz\/en\/wp-json\/wp\/v2\/types\/post"}],"author":[{"embeddable":true,"href":"https:\/\/www.cfm.co.mz\/en\/wp-json\/wp\/v2\/users\/93"}],"replies":[{"embeddable":true,"href":"https:\/\/www.cfm.co.mz\/en\/wp-json\/wp\/v2\/comments?post=8714"}],"version-history":[{"count":0,"href":"https:\/\/www.cfm.co.mz\/en\/wp-json\/wp\/v2\/posts\/8714\/revisions"}],"wp:featuredmedia":[{"embeddable":true,"href":"https:\/\/www.cfm.co.mz\/en\/wp-json\/wp\/v2\/media\/8712"}],"wp:attachment":[{"href":"https:\/\/www.cfm.co.mz\/en\/wp-json\/wp\/v2\/media?parent=8714"}],"wp:term":[{"taxonomy":"category","embeddable":true,"href":"https:\/\/www.cfm.co.mz\/en\/wp-json\/wp\/v2\/categories?post=8714"},{"taxonomy":"post_tag","embeddable":true,"href":"https:\/\/www.cfm.co.mz\/en\/wp-json\/wp\/v2\/tags?post=8714"}],"curies":[{"name":"wp","href":"https:\/\/api.w.org\/{rel}","templated":true}]}}