{"id":8711,"date":"2016-04-03T19:01:45","date_gmt":"2016-04-03T19:01:45","guid":{"rendered":"https:\/\/www.cfm.co.mz\/2016\/04\/03\/ministro-dos-transportes-e-comunicacoees-impressionado-com-os-trabalhos-de-construcao-da-ponte-de-boane\/"},"modified":"2016-04-03T19:01:45","modified_gmt":"2016-04-03T19:01:45","slug":"ministro-dos-transportes-e-comunicacoees-impressionado-com-os-trabalhos-de-construcao-da-ponte-de-boane","status":"publish","type":"post","link":"https:\/\/www.cfm.co.mz\/en\/2016\/04\/03\/ministro-dos-transportes-e-comunicacoees-impressionado-com-os-trabalhos-de-construcao-da-ponte-de-boane\/","title":{"rendered":"Ministro dos Transportes e Comunica\u00e7\u00f5es impressionado com os trabalhos de constru\u00e7\u00e3o da ponte de Boane"},"content":{"rendered":"<p style=\"text-align: justify;\"><a class=\"jcepopup icon-bottom-right\" type=\"image\" href=\"http:\/\/www.cfm.co.mz\/wp-content\/uploads\/2016\/04\/Ponte_Pilares.JPG\" target=\"_blank\" data-mediabox=\"width[800];height[400];caption[Implanta\u00e7\u00e3o de pilares de suporte]\" rel=\"noopener\"><img decoding=\"async\" style=\"margin: 5px; float: left;\" src=\"http:\/\/www.cfm.co.mz\/wp-content\/uploads\/2016\/04\/Ponte_Pilares.JPG\" alt=\"Ponte Pilares\" width=\"250\" height=\"167\" \/><\/a>O Ministro dos Transportes e Comunica\u00e7\u00f5es, Carlos Mesquita, ficou positivamente impressionado com as obras de constru\u00e7\u00e3o da ponte ferrovi\u00e1ria na linha de Goba, sobre o rio Umbeluzi, no distrito de Boane.<\/p>\n<p><!--more--><\/p>\n<p style=\"text-align: justify;\">A constata\u00e7\u00e3o foi feita no passado dia 28 de Mar\u00e7o quando Carlos Mesquita visitou os trabalhos que est\u00e3o a ser desenvolvidos pelo CFM, num investimento or\u00e7ado em 560 milh\u00f5es de meticais.<\/p>\n<p style=\"text-align: justify;\">Ap\u00f3s a visita, o Ministro mostrou-se satisfeito com o que viu, pois constatou que tudo est\u00e1 correndo dentro do previsto, tendo acrescentado que a expectativa \u00e9 de que o projecto possa terminar dentro do prazo contratual e, se poss\u00edvel, at\u00e9 &#8220;<em>antecipar um pouco pois, as obras encontram-se j\u00e1 numa fase avan\u00e7ada, faltando apenas os trabalhos da montagem da estrutura f\u00edsica da ponte<\/em>\u201d.<\/p>\n<p style=\"text-align: justify;\"><a class=\"jcepopup icon-bottom-right\" type=\"image\" href=\"http:\/\/www.cfm.co.mz\/wp-content\/uploads\/2016\/04\/Ponte_Ministro.jpg\" target=\"_blank\" data-mediabox=\"width[800];height[400];caption[Pormenores da fabrica\u00e7\u00e3o de lajes e cornijas]\" rel=\"noopener\"><img decoding=\"async\" style=\"margin: 5px 10px 5px 5px; float: left;\" src=\"http:\/\/www.cfm.co.mz\/wp-content\/uploads\/2016\/04\/Ponte_Ministro.jpg\" alt=\"Ponte Ministro\" width=\"250\" height=\"167\" \/><\/a>Segundo o titular da pasta dos Transportes e Comunica\u00e7\u00f5es, com a conclus\u00e3o da ponte, espera-se uma profunda transforma\u00e7\u00e3o, trazendo ganhos significativos para a prov\u00edncia, de forma particular e, para o pa\u00eds, em geral. \u201c<em>Esta ponte ferrovi\u00e1ria vai contribuir na economia pois vai incrementar a receita atrav\u00e9s do manuseamento de mercadorias em quantidades significativas de forma segura e vai, igualmente, beneficiar a comunidade atrav\u00e9s do transporte de pessoas e bens\u201d<\/em>&#8211; assegurou Mesquita.<\/p>\n<p style=\"text-align: justify;\">Com 340 metros de extens\u00e3o, as <a href=\"index.php?option=com_content&amp;view=article&amp;id=246;construcao-de-primeira-ponte-ferroviaria-de-raiz-inicia-das-maos-do-ministro-dos-transportes-ecomunicacoes&amp;catid=79;noticias&amp;Itemid=583\">obras iniciaram em Agosto do ano passado<\/a> e poder\u00e3o ser conclu\u00eddas em Agosto do presente ano.<\/p>\n<p style=\"text-align: justify;\">Para al\u00e9m da Ponte de Boane, o titular dos Transportes e Comunica\u00e7\u00f5es visitou a Terminal de Petr\u00f3leos da Matola que, recentemente, sofreu um inc\u00eandio por conta da tentativa de roubo de combust\u00edveis. No local, Mesquita anunciou que o Porto da Matola, na prov\u00edncia de Maputo, vai beneficiar de um sistema de seguran\u00e7a que poder\u00e1 minimizar a probabilidade de ocorr\u00eancia de acidentes naquele estabelecimento ferro-portu\u00e1rio.<a class=\"jcepopup icon-bottom-right\" type=\"image\" href=\"http:\/\/www.cfm.co.mz\/wp-content\/uploads\/2016\/04\/Ponte_Terminal.JPG\" target=\"_blank\" data-mediabox=\"width[800];height[400];caption[Terminal de Petr\u00f3leos da Matola]\" rel=\"noopener\"><img decoding=\"async\" style=\"margin: 5px 5px 5px 10px; float: right;\" src=\"http:\/\/www.cfm.co.mz\/wp-content\/uploads\/2016\/04\/Ponte_Terminal.JPG\" alt=\"Ponte Terminal\" width=\"250\" height=\"167\" \/><\/a><\/p>\n<p style=\"text-align: justify;\">Segundo o Ministro, uma das medidas que deve ocorrer para a salvaguarda da seguran\u00e7a naquele recinto \u00e9 a retirada de algumas unidades industriais nas proximidades do porto, pois tal deixa o estabelecimento vulner\u00e1vel, propiciando a ocorr\u00eancia de acidentes de v\u00e1ria ordem. \u201c<em>Este assunto deve ser olhado de uma forma conjunta e n\u00e3o particular, isto \u00e9, n\u00e3o atribuirmos a responsabilidade somente aos Portos e Caminhos de Ferro de Mo\u00e7ambique, empresa respons\u00e1vel pela gest\u00e3o do porto, mas a todos que usam o porto. J\u00e1 foram contratadas algumas empresas para trabalhar na reabilita\u00e7\u00e3o do sistema de seguran\u00e7a e algumas delas j\u00e1 est\u00e3o numa fase avan\u00e7ada dos seus trabalhos , e estamos certos de que dentro de alguns meses j\u00e1 teremos esta situa\u00e7\u00e3o ultrapassada. \u00c9 preciso que se invista rigorosamente nesta \u00e1rea para evitar acidentes previs\u00edveis<\/em>\u201d asseverou Mesquita.<\/p>","protected":false},"excerpt":{"rendered":"<p>O Ministro dos Transportes e Comunica\u00e7\u00f5es, Carlos Mesquita, ficou positivamente impressionado com as obras de constru\u00e7\u00e3o da ponte ferrovi\u00e1ria na linha de Goba, sobre o rio Umbeluzi, no distrito de Boane.<\/p>","protected":false},"author":91,"featured_media":8704,"comment_status":"open","ping_status":"open","sticky":false,"template":"","format":"standard","meta":{"_acf_changed":false,"pgc_sgb_lightbox_settings":"","footnotes":""},"categories":[680],"tags":[],"class_list":["post-8711","post","type-post","status-publish","format-standard","has-post-thumbnail","hentry","category-noticias"],"acf":[],"yoast_head":"<!-- This site is optimized with the Yoast SEO plugin v26.5 - https:\/\/yoast.com\/wordpress\/plugins\/seo\/ -->\n<title>Ministro dos Transportes e Comunica\u00e7\u00f5es impressionado com os trabalhos de constru\u00e7\u00e3o da ponte de Boane - CFM - Caminhos De Ferros de Mo\u00e7ambique<\/title>\n<meta name=\"robots\" content=\"index, follow, max-snippet:-1, max-image-preview:large, max-video-preview:-1\" \/>\n<link rel=\"canonical\" href=\"https:\/\/www.cfm.co.mz\/en\/2016\/04\/03\/ministro-dos-transportes-e-comunicacoees-impressionado-com-os-trabalhos-de-construcao-da-ponte-de-boane\/\" \/>\n<meta property=\"og:locale\" content=\"en_US\" \/>\n<meta property=\"og:type\" content=\"article\" \/>\n<meta property=\"og:title\" content=\"Ministro dos Transportes e Comunica\u00e7\u00f5es impressionado com os trabalhos de constru\u00e7\u00e3o da ponte de Boane - CFM - Caminhos De Ferros de Mo\u00e7ambique\" \/>\n<meta property=\"og:description\" content=\"O Ministro dos Transportes e Comunica\u00e7\u00f5es, Carlos Mesquita, ficou positivamente impressionado com as obras de constru\u00e7\u00e3o da ponte ferrovi\u00e1ria na linha de Goba, sobre o rio Umbeluzi, no distrito de Boane.\" \/>\n<meta property=\"og:url\" content=\"https:\/\/www.cfm.co.mz\/en\/2016\/04\/03\/ministro-dos-transportes-e-comunicacoees-impressionado-com-os-trabalhos-de-construcao-da-ponte-de-boane\/\" \/>\n<meta property=\"og:site_name\" content=\"CFM - Caminhos De Ferros de Mo\u00e7ambique\" \/>\n<meta property=\"article:publisher\" content=\"https:\/\/www.facebook.com\/CFMMoz\" \/>\n<meta property=\"article:published_time\" content=\"2016-04-03T19:01:45+00:00\" \/>\n<meta property=\"og:image\" content=\"https:\/\/www.cfm.co.mz\/wp-content\/uploads\/2016\/03\/Ponte_Pilares.JPG\" \/>\n\t<meta property=\"og:image:width\" content=\"800\" \/>\n\t<meta property=\"og:image:height\" content=\"533\" \/>\n\t<meta property=\"og:image:type\" content=\"image\/jpeg\" \/>\n<meta name=\"author\" content=\"Ad\u00e9lio Dias\" \/>\n<meta name=\"twitter:card\" content=\"summary_large_image\" \/>\n<meta name=\"twitter:label1\" content=\"Written by\" \/>\n\t<meta name=\"twitter:data1\" content=\"Ad\u00e9lio Dias\" \/>\n\t<meta name=\"twitter:label2\" content=\"Est. reading time\" \/>\n\t<meta name=\"twitter:data2\" content=\"2 minutes\" \/>\n<script type=\"application\/ld+json\" class=\"yoast-schema-graph\">{\"@context\":\"https:\/\/schema.org\",\"@graph\":[{\"@type\":\"Article\",\"@id\":\"https:\/\/www.cfm.co.mz\/2016\/04\/03\/ministro-dos-transportes-e-comunicacoees-impressionado-com-os-trabalhos-de-construcao-da-ponte-de-boane\/#article\",\"isPartOf\":{\"@id\":\"https:\/\/www.cfm.co.mz\/2016\/04\/03\/ministro-dos-transportes-e-comunicacoees-impressionado-com-os-trabalhos-de-construcao-da-ponte-de-boane\/\"},\"author\":{\"name\":\"Ad\u00e9lio Dias\",\"@id\":\"https:\/\/www.cfm.co.mz\/#\/schema\/person\/0b8a8b95eb758e200c2a5c3f18b8e5b4\"},\"headline\":\"Ministro dos Transportes e Comunica\u00e7\u00f5es impressionado com os trabalhos de constru\u00e7\u00e3o da ponte de Boane\",\"datePublished\":\"2016-04-03T19:01:45+00:00\",\"mainEntityOfPage\":{\"@id\":\"https:\/\/www.cfm.co.mz\/2016\/04\/03\/ministro-dos-transportes-e-comunicacoees-impressionado-com-os-trabalhos-de-construcao-da-ponte-de-boane\/\"},\"wordCount\":472,\"commentCount\":0,\"publisher\":{\"@id\":\"https:\/\/www.cfm.co.mz\/#organization\"},\"image\":{\"@id\":\"https:\/\/www.cfm.co.mz\/2016\/04\/03\/ministro-dos-transportes-e-comunicacoees-impressionado-com-os-trabalhos-de-construcao-da-ponte-de-boane\/#primaryimage\"},\"thumbnailUrl\":\"https:\/\/www.cfm.co.mz\/wp-content\/uploads\/2016\/03\/Ponte_Pilares.JPG\",\"articleSection\":[\"Noticias\"],\"inLanguage\":\"en-US\",\"potentialAction\":[{\"@type\":\"CommentAction\",\"name\":\"Comment\",\"target\":[\"https:\/\/www.cfm.co.mz\/2016\/04\/03\/ministro-dos-transportes-e-comunicacoees-impressionado-com-os-trabalhos-de-construcao-da-ponte-de-boane\/#respond\"]}]},{\"@type\":\"WebPage\",\"@id\":\"https:\/\/www.cfm.co.mz\/2016\/04\/03\/ministro-dos-transportes-e-comunicacoees-impressionado-com-os-trabalhos-de-construcao-da-ponte-de-boane\/\",\"url\":\"https:\/\/www.cfm.co.mz\/2016\/04\/03\/ministro-dos-transportes-e-comunicacoees-impressionado-com-os-trabalhos-de-construcao-da-ponte-de-boane\/\",\"name\":\"Ministro dos Transportes e Comunica\u00e7\u00f5es impressionado com os trabalhos de constru\u00e7\u00e3o da ponte de Boane - CFM - Caminhos De Ferros de Mo\u00e7ambique\",\"isPartOf\":{\"@id\":\"https:\/\/www.cfm.co.mz\/#website\"},\"primaryImageOfPage\":{\"@id\":\"https:\/\/www.cfm.co.mz\/2016\/04\/03\/ministro-dos-transportes-e-comunicacoees-impressionado-com-os-trabalhos-de-construcao-da-ponte-de-boane\/#primaryimage\"},\"image\":{\"@id\":\"https:\/\/www.cfm.co.mz\/2016\/04\/03\/ministro-dos-transportes-e-comunicacoees-impressionado-com-os-trabalhos-de-construcao-da-ponte-de-boane\/#primaryimage\"},\"thumbnailUrl\":\"https:\/\/www.cfm.co.mz\/wp-content\/uploads\/2016\/03\/Ponte_Pilares.JPG\",\"datePublished\":\"2016-04-03T19:01:45+00:00\",\"breadcrumb\":{\"@id\":\"https:\/\/www.cfm.co.mz\/2016\/04\/03\/ministro-dos-transportes-e-comunicacoees-impressionado-com-os-trabalhos-de-construcao-da-ponte-de-boane\/#breadcrumb\"},\"inLanguage\":\"en-US\",\"potentialAction\":[{\"@type\":\"ReadAction\",\"target\":[\"https:\/\/www.cfm.co.mz\/2016\/04\/03\/ministro-dos-transportes-e-comunicacoees-impressionado-com-os-trabalhos-de-construcao-da-ponte-de-boane\/\"]}]},{\"@type\":\"ImageObject\",\"inLanguage\":\"en-US\",\"@id\":\"https:\/\/www.cfm.co.mz\/2016\/04\/03\/ministro-dos-transportes-e-comunicacoees-impressionado-com-os-trabalhos-de-construcao-da-ponte-de-boane\/#primaryimage\",\"url\":\"https:\/\/www.cfm.co.mz\/wp-content\/uploads\/2016\/03\/Ponte_Pilares.JPG\",\"contentUrl\":\"https:\/\/www.cfm.co.mz\/wp-content\/uploads\/2016\/03\/Ponte_Pilares.JPG\",\"width\":800,\"height\":533,\"caption\":\"Ponte Pilares\"},{\"@type\":\"BreadcrumbList\",\"@id\":\"https:\/\/www.cfm.co.mz\/2016\/04\/03\/ministro-dos-transportes-e-comunicacoees-impressionado-com-os-trabalhos-de-construcao-da-ponte-de-boane\/#breadcrumb\",\"itemListElement\":[{\"@type\":\"ListItem\",\"position\":1,\"name\":\"Home\",\"item\":\"https:\/\/www.cfm.co.mz\/\"},{\"@type\":\"ListItem\",\"position\":2,\"name\":\"Ministro dos Transportes e Comunica\u00e7\u00f5es impressionado com os trabalhos de constru\u00e7\u00e3o da ponte de Boane\"}]},{\"@type\":\"WebSite\",\"@id\":\"https:\/\/www.cfm.co.mz\/#website\",\"url\":\"https:\/\/www.cfm.co.mz\/\",\"name\":\"CFM - Caminhos De Ferros de Mo\u00e7ambique\",\"description\":\"Ampliando Horizontes\",\"publisher\":{\"@id\":\"https:\/\/www.cfm.co.mz\/#organization\"},\"potentialAction\":[{\"@type\":\"SearchAction\",\"target\":{\"@type\":\"EntryPoint\",\"urlTemplate\":\"https:\/\/www.cfm.co.mz\/?s={search_term_string}\"},\"query-input\":{\"@type\":\"PropertyValueSpecification\",\"valueRequired\":true,\"valueName\":\"search_term_string\"}}],\"inLanguage\":\"en-US\"},{\"@type\":\"Organization\",\"@id\":\"https:\/\/www.cfm.co.mz\/#organization\",\"name\":\"CFM - Caminhos De Ferros de Mo\u00e7ambique\",\"url\":\"https:\/\/www.cfm.co.mz\/\",\"logo\":{\"@type\":\"ImageObject\",\"inLanguage\":\"en-US\",\"@id\":\"https:\/\/www.cfm.co.mz\/#\/schema\/logo\/image\/\",\"url\":\"https:\/\/www.cfm.co.mz\/wp-content\/uploads\/2025\/07\/be5f0679-4f5b-4d02-9719-a26ceed29162.jpg\",\"contentUrl\":\"https:\/\/www.cfm.co.mz\/wp-content\/uploads\/2025\/07\/be5f0679-4f5b-4d02-9719-a26ceed29162.jpg\",\"width\":400,\"height\":65,\"caption\":\"CFM - Caminhos De Ferros de Mo\u00e7ambique\"},\"image\":{\"@id\":\"https:\/\/www.cfm.co.mz\/#\/schema\/logo\/image\/\"},\"sameAs\":[\"https:\/\/www.facebook.com\/CFMMoz\",\"https:\/\/www.linkedin.com\/company\/caminhos-de-ferro-de-moambique\/\"]},{\"@type\":\"Person\",\"@id\":\"https:\/\/www.cfm.co.mz\/#\/schema\/person\/0b8a8b95eb758e200c2a5c3f18b8e5b4\",\"name\":\"Ad\u00e9lio Dias\",\"image\":{\"@type\":\"ImageObject\",\"inLanguage\":\"en-US\",\"@id\":\"https:\/\/www.cfm.co.mz\/#\/schema\/person\/image\/\",\"url\":\"https:\/\/www.cfm.co.mz\/wp-content\/litespeed\/avatar\/9163cd4f0d73475e3a60c657aa28c78c.jpg?ver=1777454719\",\"contentUrl\":\"https:\/\/www.cfm.co.mz\/wp-content\/litespeed\/avatar\/9163cd4f0d73475e3a60c657aa28c78c.jpg?ver=1777454719\",\"caption\":\"Ad\u00e9lio Dias\"},\"url\":\"https:\/\/www.cfm.co.mz\/en\/author\/adelio-dias\/\"}]}<\/script>\n<!-- \/ Yoast SEO plugin. -->","yoast_head_json":{"title":"Ministro dos Transportes e Comunica\u00e7\u00f5es impressionado com os trabalhos de constru\u00e7\u00e3o da ponte de Boane - CFM - Caminhos De Ferros de Mo\u00e7ambique","robots":{"index":"index","follow":"follow","max-snippet":"max-snippet:-1","max-image-preview":"max-image-preview:large","max-video-preview":"max-video-preview:-1"},"canonical":"https:\/\/www.cfm.co.mz\/en\/2016\/04\/03\/ministro-dos-transportes-e-comunicacoees-impressionado-com-os-trabalhos-de-construcao-da-ponte-de-boane\/","og_locale":"en_US","og_type":"article","og_title":"Ministro dos Transportes e Comunica\u00e7\u00f5es impressionado com os trabalhos de constru\u00e7\u00e3o da ponte de Boane - CFM - Caminhos De Ferros de Mo\u00e7ambique","og_description":"O Ministro dos Transportes e Comunica\u00e7\u00f5es, Carlos Mesquita, ficou positivamente impressionado com as obras de constru\u00e7\u00e3o da ponte ferrovi\u00e1ria na linha de Goba, sobre o rio Umbeluzi, no distrito de Boane.","og_url":"https:\/\/www.cfm.co.mz\/en\/2016\/04\/03\/ministro-dos-transportes-e-comunicacoees-impressionado-com-os-trabalhos-de-construcao-da-ponte-de-boane\/","og_site_name":"CFM - Caminhos De Ferros de Mo\u00e7ambique","article_publisher":"https:\/\/www.facebook.com\/CFMMoz","article_published_time":"2016-04-03T19:01:45+00:00","og_image":[{"width":800,"height":533,"url":"https:\/\/www.cfm.co.mz\/wp-content\/uploads\/2016\/03\/Ponte_Pilares.JPG","type":"image\/jpeg"}],"author":"Ad\u00e9lio Dias","twitter_card":"summary_large_image","twitter_misc":{"Written by":"Ad\u00e9lio Dias","Est. reading time":"2 minutes"},"schema":{"@context":"https:\/\/schema.org","@graph":[{"@type":"Article","@id":"https:\/\/www.cfm.co.mz\/2016\/04\/03\/ministro-dos-transportes-e-comunicacoees-impressionado-com-os-trabalhos-de-construcao-da-ponte-de-boane\/#article","isPartOf":{"@id":"https:\/\/www.cfm.co.mz\/2016\/04\/03\/ministro-dos-transportes-e-comunicacoees-impressionado-com-os-trabalhos-de-construcao-da-ponte-de-boane\/"},"author":{"name":"Ad\u00e9lio Dias","@id":"https:\/\/www.cfm.co.mz\/#\/schema\/person\/0b8a8b95eb758e200c2a5c3f18b8e5b4"},"headline":"Ministro dos Transportes e Comunica\u00e7\u00f5es impressionado com os trabalhos de constru\u00e7\u00e3o da ponte de Boane","datePublished":"2016-04-03T19:01:45+00:00","mainEntityOfPage":{"@id":"https:\/\/www.cfm.co.mz\/2016\/04\/03\/ministro-dos-transportes-e-comunicacoees-impressionado-com-os-trabalhos-de-construcao-da-ponte-de-boane\/"},"wordCount":472,"commentCount":0,"publisher":{"@id":"https:\/\/www.cfm.co.mz\/#organization"},"image":{"@id":"https:\/\/www.cfm.co.mz\/2016\/04\/03\/ministro-dos-transportes-e-comunicacoees-impressionado-com-os-trabalhos-de-construcao-da-ponte-de-boane\/#primaryimage"},"thumbnailUrl":"https:\/\/www.cfm.co.mz\/wp-content\/uploads\/2016\/03\/Ponte_Pilares.JPG","articleSection":["Noticias"],"inLanguage":"en-US","potentialAction":[{"@type":"CommentAction","name":"Comment","target":["https:\/\/www.cfm.co.mz\/2016\/04\/03\/ministro-dos-transportes-e-comunicacoees-impressionado-com-os-trabalhos-de-construcao-da-ponte-de-boane\/#respond"]}]},{"@type":"WebPage","@id":"https:\/\/www.cfm.co.mz\/2016\/04\/03\/ministro-dos-transportes-e-comunicacoees-impressionado-com-os-trabalhos-de-construcao-da-ponte-de-boane\/","url":"https:\/\/www.cfm.co.mz\/2016\/04\/03\/ministro-dos-transportes-e-comunicacoees-impressionado-com-os-trabalhos-de-construcao-da-ponte-de-boane\/","name":"Ministro dos Transportes e Comunica\u00e7\u00f5es impressionado com os trabalhos de constru\u00e7\u00e3o da ponte de Boane - CFM - Caminhos De Ferros de Mo\u00e7ambique","isPartOf":{"@id":"https:\/\/www.cfm.co.mz\/#website"},"primaryImageOfPage":{"@id":"https:\/\/www.cfm.co.mz\/2016\/04\/03\/ministro-dos-transportes-e-comunicacoees-impressionado-com-os-trabalhos-de-construcao-da-ponte-de-boane\/#primaryimage"},"image":{"@id":"https:\/\/www.cfm.co.mz\/2016\/04\/03\/ministro-dos-transportes-e-comunicacoees-impressionado-com-os-trabalhos-de-construcao-da-ponte-de-boane\/#primaryimage"},"thumbnailUrl":"https:\/\/www.cfm.co.mz\/wp-content\/uploads\/2016\/03\/Ponte_Pilares.JPG","datePublished":"2016-04-03T19:01:45+00:00","breadcrumb":{"@id":"https:\/\/www.cfm.co.mz\/2016\/04\/03\/ministro-dos-transportes-e-comunicacoees-impressionado-com-os-trabalhos-de-construcao-da-ponte-de-boane\/#breadcrumb"},"inLanguage":"en-US","potentialAction":[{"@type":"ReadAction","target":["https:\/\/www.cfm.co.mz\/2016\/04\/03\/ministro-dos-transportes-e-comunicacoees-impressionado-com-os-trabalhos-de-construcao-da-ponte-de-boane\/"]}]},{"@type":"ImageObject","inLanguage":"en-US","@id":"https:\/\/www.cfm.co.mz\/2016\/04\/03\/ministro-dos-transportes-e-comunicacoees-impressionado-com-os-trabalhos-de-construcao-da-ponte-de-boane\/#primaryimage","url":"https:\/\/www.cfm.co.mz\/wp-content\/uploads\/2016\/03\/Ponte_Pilares.JPG","contentUrl":"https:\/\/www.cfm.co.mz\/wp-content\/uploads\/2016\/03\/Ponte_Pilares.JPG","width":800,"height":533,"caption":"Ponte Pilares"},{"@type":"BreadcrumbList","@id":"https:\/\/www.cfm.co.mz\/2016\/04\/03\/ministro-dos-transportes-e-comunicacoees-impressionado-com-os-trabalhos-de-construcao-da-ponte-de-boane\/#breadcrumb","itemListElement":[{"@type":"ListItem","position":1,"name":"Home","item":"https:\/\/www.cfm.co.mz\/"},{"@type":"ListItem","position":2,"name":"Ministro dos Transportes e Comunica\u00e7\u00f5es impressionado com os trabalhos de constru\u00e7\u00e3o da ponte de Boane"}]},{"@type":"WebSite","@id":"https:\/\/www.cfm.co.mz\/#website","url":"https:\/\/www.cfm.co.mz\/","name":"CFM - Caminhos De Ferros de Mo\u00e7ambique","description":"Ampliando Horizontes","publisher":{"@id":"https:\/\/www.cfm.co.mz\/#organization"},"potentialAction":[{"@type":"SearchAction","target":{"@type":"EntryPoint","urlTemplate":"https:\/\/www.cfm.co.mz\/?s={search_term_string}"},"query-input":{"@type":"PropertyValueSpecification","valueRequired":true,"valueName":"search_term_string"}}],"inLanguage":"en-US"},{"@type":"Organization","@id":"https:\/\/www.cfm.co.mz\/#organization","name":"CFM - Caminhos De Ferros de Mo\u00e7ambique","url":"https:\/\/www.cfm.co.mz\/","logo":{"@type":"ImageObject","inLanguage":"en-US","@id":"https:\/\/www.cfm.co.mz\/#\/schema\/logo\/image\/","url":"https:\/\/www.cfm.co.mz\/wp-content\/uploads\/2025\/07\/be5f0679-4f5b-4d02-9719-a26ceed29162.jpg","contentUrl":"https:\/\/www.cfm.co.mz\/wp-content\/uploads\/2025\/07\/be5f0679-4f5b-4d02-9719-a26ceed29162.jpg","width":400,"height":65,"caption":"CFM - Caminhos De Ferros de Mo\u00e7ambique"},"image":{"@id":"https:\/\/www.cfm.co.mz\/#\/schema\/logo\/image\/"},"sameAs":["https:\/\/www.facebook.com\/CFMMoz","https:\/\/www.linkedin.com\/company\/caminhos-de-ferro-de-moambique\/"]},{"@type":"Person","@id":"https:\/\/www.cfm.co.mz\/#\/schema\/person\/0b8a8b95eb758e200c2a5c3f18b8e5b4","name":"Ad\u00e9lio Dias","image":{"@type":"ImageObject","inLanguage":"en-US","@id":"https:\/\/www.cfm.co.mz\/#\/schema\/person\/image\/","url":"https:\/\/www.cfm.co.mz\/wp-content\/litespeed\/avatar\/9163cd4f0d73475e3a60c657aa28c78c.jpg?ver=1777454719","contentUrl":"https:\/\/www.cfm.co.mz\/wp-content\/litespeed\/avatar\/9163cd4f0d73475e3a60c657aa28c78c.jpg?ver=1777454719","caption":"Ad\u00e9lio Dias"},"url":"https:\/\/www.cfm.co.mz\/en\/author\/adelio-dias\/"}]}},"_links":{"self":[{"href":"https:\/\/www.cfm.co.mz\/en\/wp-json\/wp\/v2\/posts\/8711","targetHints":{"allow":["GET"]}}],"collection":[{"href":"https:\/\/www.cfm.co.mz\/en\/wp-json\/wp\/v2\/posts"}],"about":[{"href":"https:\/\/www.cfm.co.mz\/en\/wp-json\/wp\/v2\/types\/post"}],"author":[{"embeddable":true,"href":"https:\/\/www.cfm.co.mz\/en\/wp-json\/wp\/v2\/users\/91"}],"replies":[{"embeddable":true,"href":"https:\/\/www.cfm.co.mz\/en\/wp-json\/wp\/v2\/comments?post=8711"}],"version-history":[{"count":0,"href":"https:\/\/www.cfm.co.mz\/en\/wp-json\/wp\/v2\/posts\/8711\/revisions"}],"wp:featuredmedia":[{"embeddable":true,"href":"https:\/\/www.cfm.co.mz\/en\/wp-json\/wp\/v2\/media\/8704"}],"wp:attachment":[{"href":"https:\/\/www.cfm.co.mz\/en\/wp-json\/wp\/v2\/media?parent=8711"}],"wp:term":[{"taxonomy":"category","embeddable":true,"href":"https:\/\/www.cfm.co.mz\/en\/wp-json\/wp\/v2\/categories?post=8711"},{"taxonomy":"post_tag","embeddable":true,"href":"https:\/\/www.cfm.co.mz\/en\/wp-json\/wp\/v2\/tags?post=8711"}],"curies":[{"name":"wp","href":"https:\/\/api.w.org\/{rel}","templated":true}]}}