{"id":8703,"date":"2016-03-30T08:23:54","date_gmt":"2016-03-30T08:23:54","guid":{"rendered":"https:\/\/www.cfm.co.mz\/2016\/03\/30\/cfm-acolhe-reuniao-preparatoria-das-comemoracoes-dos-20-anos-da-sara\/"},"modified":"2016-03-30T08:23:54","modified_gmt":"2016-03-30T08:23:54","slug":"cfm-acolhe-reuniao-preparatoria-das-comemoracoes-dos-20-anos-da-sara","status":"publish","type":"post","link":"https:\/\/www.cfm.co.mz\/en\/2016\/03\/30\/cfm-acolhe-reuniao-preparatoria-das-comemoracoes-dos-20-anos-da-sara\/","title":{"rendered":"CFM acolhe reuni\u00e3o preparat\u00f3ria das Comemora\u00e7\u00f5es dos 20 Anos da SARA"},"content":{"rendered":"<p style=\"text-align: justify;\"><a class=\"jcepopup icon-top-right\" type=\"image\" href=\"http:\/\/www.cfm.co.mz\/wp-content\/uploads\/2016\/03\/Sara_Geral.gif\" target=\"_blank\" data-mediabox=\"width[600];height[300];title[ ::Participantes do encontro de Maputo]\" rel=\"noopener\"><span class=\"jcepopup icon-top-right\"><img decoding=\"async\" style=\"margin: 5px; float: left;\" src=\"http:\/\/www.cfm.co.mz\/wp-content\/uploads\/2016\/03\/Sara_Geral.gif\" alt=\"Sara Geral\" width=\"250\" height=\"161\" \/><\/span><\/a> A Empresa Portos e Caminhos de Ferro de Mo\u00e7ambique- CFM acolheu, no passado dia 24 de Mar\u00e7o de 2016, em Maputo, a reuni\u00e3o de prepara\u00e7\u00e3o das comemora\u00e7\u00f5es do 20\u00ba anivers\u00e1rio da SARA- <em>Southern African Railways Association<\/em>, a ter lugar na cidade Sul Africana de Midrand, nos dias 18 e 19 de Maio pr\u00f3ximo.<\/p>\n<p><!--more--><\/p>\n<p style=\"text-align: justify;\">As comemora\u00e7\u00f5es coincidem com a realiza\u00e7\u00e3o da 6\u00aa Confer\u00eancia e Exposi\u00e7\u00e3o desta associa\u00e7\u00e3o, onde se espera&nbsp; juntar todos os interessados, entre operadores ferrovi\u00e1rios, portu\u00e1rios, clientes, pesquisadores e demais intervenientes deste sector para discutirem pol\u00edticas e procedimentos e partilharem experi\u00eancias com vista \u00e0 avalia\u00e7\u00e3o da actividade das empresas associadas, bem como a busca de melhores solu\u00e7\u00f5es que satisfa\u00e7am os clientes.<\/p>\n<p style=\"text-align: justify;\">O encontro de Maputo visou divulgar este grandioso evento, bem como, de forma espec\u00edfica, \u201cangariar\u201d mais participantes que possuem interesses no ramo ferrovi\u00e1rio.<br \/>Estiveram presentes no encontro, para al\u00e9m do Presidente da SARA e do PCA do CFM, gestores das empresas portu\u00e1rias, transportadores e pesquisadores do ramo.<\/p>\n<p style=\"text-align: justify;\"><a class=\"jcepopup icon-bottom-right\" type=\"image\" href=\"http:\/\/www.cfm.co.mz\/wp-content\/uploads\/2016\/03\/SaraSthephenson.gif\" target=\"_blank\" data-mediabox=\"width[500];height[300];caption[Stephenson Ngubane, Presidente da SARA]\" rel=\"noopener\"><img decoding=\"async\" style=\"margin: 5px 10px 5px 5px; float: left;\" src=\"http:\/\/www.cfm.co.mz\/wp-content\/uploads\/2016\/03\/SaraSthephenson.gif\" alt=\"SaraSthephenson\" width=\"200\" height=\"136\" \/><\/a>Na ocasi\u00e3o, o Presidente da SARA, Stephenson Ngubane, referiu a import\u00e2ncia das empresas trabalharem de forma integrada por forma a conferir maior competitividade no sector, bem como e, fundamentalmente, recuperar a carga que tem estado a circular por via rodovi\u00e1ria.<\/p>\n<p style=\"text-align: justify;\">&nbsp;<br \/><a class=\"jcepopup icon-bottom-right\" type=\"image\" href=\"http:\/\/www.cfm.co.mz\/wp-content\/uploads\/2016\/03\/Saravgomes.gif\" target=\"_blank\" data-mediabox=\"width[500];height[300];title[ ::V\u00edctor Gomes, PCA CFM]\" rel=\"noopener\"><img decoding=\"async\" style=\"margin: 5px 5px 5px 10px; float: right;\" src=\"http:\/\/www.cfm.co.mz\/wp-content\/uploads\/2016\/03\/Saravgomes.gif\" alt=\"Saravgomes\" width=\"200\" height=\"136\" \/><\/a><\/p>\n<p style=\"text-align: justify;\">&nbsp;Por sua vez, o PCA do CFM, Victor Gomes, sentiu-se honrado por ter acolhido esta reuni\u00e3o, tendo referido que a associa\u00e7\u00e3o SARA \u00e9 um f\u00f3rum privilegiado para se encontrarem mecanismos de complementariedade entre os transportes ferrovi\u00e1rios e rodovi\u00e1rios, sem, contudo, descurar a quest\u00e3o da seguram\u00e7a e efici\u00eancia.<\/p>\n<p style=\"text-align: justify;\">Refira-se que a associa\u00e7\u00e3o SARA foi criada em 1996 com o objectivo de promover os interesses comerciais dos caminhos de ferro da Regi\u00e3o, como resultado do reconhecimento da necessidade da cria\u00e7\u00e3o de um forte grupo de lobby cujo objectivo \u00e9 defender uma competi\u00e7\u00e3o justa na \u00e1rea dos transportes terrestres e servi\u00e7os de entrega por parte dos caminhos de ferro.<\/p>\n<p style=\"text-align: justify;\">&nbsp;<\/p>","protected":false},"excerpt":{"rendered":"<p>A Empresa Portos e Caminhos de Ferro de Mo\u00e7ambique- CFM acolheu, no passado dia 24 de Mar\u00e7o de 2016, em Maputo, a reuni\u00e3o de prepara\u00e7\u00e3o das comemora\u00e7\u00f5es do 20\u00ba anivers\u00e1rio da SARA- Southern African Railways Association, a ter lugar na cidade Sul Africana de Midrand, nos dias 18 e 19 de Maio pr\u00f3ximo.<\/p>","protected":false},"author":91,"featured_media":8700,"comment_status":"open","ping_status":"open","sticky":false,"template":"","format":"standard","meta":{"_acf_changed":false,"pgc_sgb_lightbox_settings":"","footnotes":""},"categories":[680],"tags":[],"class_list":["post-8703","post","type-post","status-publish","format-standard","has-post-thumbnail","hentry","category-noticias"],"acf":[],"yoast_head":"<!-- This site is optimized with the Yoast SEO plugin v26.5 - https:\/\/yoast.com\/wordpress\/plugins\/seo\/ -->\n<title>CFM acolhe reuni\u00e3o preparat\u00f3ria das Comemora\u00e7\u00f5es dos 20 Anos da SARA - CFM - Caminhos De Ferros de Mo\u00e7ambique<\/title>\n<meta name=\"robots\" content=\"index, follow, max-snippet:-1, max-image-preview:large, max-video-preview:-1\" \/>\n<link rel=\"canonical\" href=\"https:\/\/www.cfm.co.mz\/en\/2016\/03\/30\/cfm-acolhe-reuniao-preparatoria-das-comemoracoes-dos-20-anos-da-sara\/\" \/>\n<meta property=\"og:locale\" content=\"en_US\" \/>\n<meta property=\"og:type\" content=\"article\" \/>\n<meta property=\"og:title\" content=\"CFM acolhe reuni\u00e3o preparat\u00f3ria das Comemora\u00e7\u00f5es dos 20 Anos da SARA - CFM - Caminhos De Ferros de Mo\u00e7ambique\" \/>\n<meta property=\"og:description\" content=\"A Empresa Portos e Caminhos de Ferro de Mo\u00e7ambique- CFM acolheu, no passado dia 24 de Mar\u00e7o de 2016, em Maputo, a reuni\u00e3o de prepara\u00e7\u00e3o das comemora\u00e7\u00f5es do 20\u00ba anivers\u00e1rio da SARA- Southern African Railways Association, a ter lugar na cidade Sul Africana de Midrand, nos dias 18 e 19 de Maio pr\u00f3ximo.\" \/>\n<meta property=\"og:url\" content=\"https:\/\/www.cfm.co.mz\/en\/2016\/03\/30\/cfm-acolhe-reuniao-preparatoria-das-comemoracoes-dos-20-anos-da-sara\/\" \/>\n<meta property=\"og:site_name\" content=\"CFM - Caminhos De Ferros de Mo\u00e7ambique\" \/>\n<meta property=\"article:publisher\" content=\"https:\/\/www.facebook.com\/CFMMoz\" \/>\n<meta property=\"article:published_time\" content=\"2016-03-30T08:23:54+00:00\" \/>\n<meta property=\"og:image\" content=\"https:\/\/www.cfm.co.mz\/wp-content\/uploads\/2016\/03\/Sara_Geral.gif\" \/>\n\t<meta property=\"og:image:width\" content=\"800\" \/>\n\t<meta property=\"og:image:height\" content=\"515\" \/>\n\t<meta property=\"og:image:type\" content=\"image\/gif\" \/>\n<meta name=\"author\" content=\"Ad\u00e9lio Dias\" \/>\n<meta name=\"twitter:card\" content=\"summary_large_image\" \/>\n<meta name=\"twitter:label1\" content=\"Written by\" \/>\n\t<meta name=\"twitter:data1\" content=\"Ad\u00e9lio Dias\" \/>\n\t<meta name=\"twitter:label2\" content=\"Est. reading time\" \/>\n\t<meta name=\"twitter:data2\" content=\"2 minutes\" \/>\n<script type=\"application\/ld+json\" class=\"yoast-schema-graph\">{\"@context\":\"https:\/\/schema.org\",\"@graph\":[{\"@type\":\"Article\",\"@id\":\"https:\/\/www.cfm.co.mz\/2016\/03\/30\/cfm-acolhe-reuniao-preparatoria-das-comemoracoes-dos-20-anos-da-sara\/#article\",\"isPartOf\":{\"@id\":\"https:\/\/www.cfm.co.mz\/2016\/03\/30\/cfm-acolhe-reuniao-preparatoria-das-comemoracoes-dos-20-anos-da-sara\/\"},\"author\":{\"name\":\"Ad\u00e9lio Dias\",\"@id\":\"https:\/\/www.cfm.co.mz\/#\/schema\/person\/0b8a8b95eb758e200c2a5c3f18b8e5b4\"},\"headline\":\"CFM acolhe reuni\u00e3o preparat\u00f3ria das Comemora\u00e7\u00f5es dos 20 Anos da SARA\",\"datePublished\":\"2016-03-30T08:23:54+00:00\",\"mainEntityOfPage\":{\"@id\":\"https:\/\/www.cfm.co.mz\/2016\/03\/30\/cfm-acolhe-reuniao-preparatoria-das-comemoracoes-dos-20-anos-da-sara\/\"},\"wordCount\":351,\"commentCount\":0,\"publisher\":{\"@id\":\"https:\/\/www.cfm.co.mz\/#organization\"},\"image\":{\"@id\":\"https:\/\/www.cfm.co.mz\/2016\/03\/30\/cfm-acolhe-reuniao-preparatoria-das-comemoracoes-dos-20-anos-da-sara\/#primaryimage\"},\"thumbnailUrl\":\"https:\/\/www.cfm.co.mz\/wp-content\/uploads\/2016\/03\/Sara_Geral.gif\",\"articleSection\":[\"Noticias\"],\"inLanguage\":\"en-US\",\"potentialAction\":[{\"@type\":\"CommentAction\",\"name\":\"Comment\",\"target\":[\"https:\/\/www.cfm.co.mz\/2016\/03\/30\/cfm-acolhe-reuniao-preparatoria-das-comemoracoes-dos-20-anos-da-sara\/#respond\"]}]},{\"@type\":\"WebPage\",\"@id\":\"https:\/\/www.cfm.co.mz\/2016\/03\/30\/cfm-acolhe-reuniao-preparatoria-das-comemoracoes-dos-20-anos-da-sara\/\",\"url\":\"https:\/\/www.cfm.co.mz\/2016\/03\/30\/cfm-acolhe-reuniao-preparatoria-das-comemoracoes-dos-20-anos-da-sara\/\",\"name\":\"CFM acolhe reuni\u00e3o preparat\u00f3ria das Comemora\u00e7\u00f5es dos 20 Anos da SARA - CFM - Caminhos De Ferros de Mo\u00e7ambique\",\"isPartOf\":{\"@id\":\"https:\/\/www.cfm.co.mz\/#website\"},\"primaryImageOfPage\":{\"@id\":\"https:\/\/www.cfm.co.mz\/2016\/03\/30\/cfm-acolhe-reuniao-preparatoria-das-comemoracoes-dos-20-anos-da-sara\/#primaryimage\"},\"image\":{\"@id\":\"https:\/\/www.cfm.co.mz\/2016\/03\/30\/cfm-acolhe-reuniao-preparatoria-das-comemoracoes-dos-20-anos-da-sara\/#primaryimage\"},\"thumbnailUrl\":\"https:\/\/www.cfm.co.mz\/wp-content\/uploads\/2016\/03\/Sara_Geral.gif\",\"datePublished\":\"2016-03-30T08:23:54+00:00\",\"breadcrumb\":{\"@id\":\"https:\/\/www.cfm.co.mz\/2016\/03\/30\/cfm-acolhe-reuniao-preparatoria-das-comemoracoes-dos-20-anos-da-sara\/#breadcrumb\"},\"inLanguage\":\"en-US\",\"potentialAction\":[{\"@type\":\"ReadAction\",\"target\":[\"https:\/\/www.cfm.co.mz\/2016\/03\/30\/cfm-acolhe-reuniao-preparatoria-das-comemoracoes-dos-20-anos-da-sara\/\"]}]},{\"@type\":\"ImageObject\",\"inLanguage\":\"en-US\",\"@id\":\"https:\/\/www.cfm.co.mz\/2016\/03\/30\/cfm-acolhe-reuniao-preparatoria-das-comemoracoes-dos-20-anos-da-sara\/#primaryimage\",\"url\":\"https:\/\/www.cfm.co.mz\/wp-content\/uploads\/2016\/03\/Sara_Geral.gif\",\"contentUrl\":\"https:\/\/www.cfm.co.mz\/wp-content\/uploads\/2016\/03\/Sara_Geral.gif\",\"width\":800,\"height\":515,\"caption\":\"Sara Geral\"},{\"@type\":\"BreadcrumbList\",\"@id\":\"https:\/\/www.cfm.co.mz\/2016\/03\/30\/cfm-acolhe-reuniao-preparatoria-das-comemoracoes-dos-20-anos-da-sara\/#breadcrumb\",\"itemListElement\":[{\"@type\":\"ListItem\",\"position\":1,\"name\":\"Home\",\"item\":\"https:\/\/www.cfm.co.mz\/\"},{\"@type\":\"ListItem\",\"position\":2,\"name\":\"CFM acolhe reuni\u00e3o preparat\u00f3ria das Comemora\u00e7\u00f5es dos 20 Anos da SARA\"}]},{\"@type\":\"WebSite\",\"@id\":\"https:\/\/www.cfm.co.mz\/#website\",\"url\":\"https:\/\/www.cfm.co.mz\/\",\"name\":\"CFM - Caminhos De Ferros de Mo\u00e7ambique\",\"description\":\"Ampliando Horizontes\",\"publisher\":{\"@id\":\"https:\/\/www.cfm.co.mz\/#organization\"},\"potentialAction\":[{\"@type\":\"SearchAction\",\"target\":{\"@type\":\"EntryPoint\",\"urlTemplate\":\"https:\/\/www.cfm.co.mz\/?s={search_term_string}\"},\"query-input\":{\"@type\":\"PropertyValueSpecification\",\"valueRequired\":true,\"valueName\":\"search_term_string\"}}],\"inLanguage\":\"en-US\"},{\"@type\":\"Organization\",\"@id\":\"https:\/\/www.cfm.co.mz\/#organization\",\"name\":\"CFM - Caminhos De Ferros de Mo\u00e7ambique\",\"url\":\"https:\/\/www.cfm.co.mz\/\",\"logo\":{\"@type\":\"ImageObject\",\"inLanguage\":\"en-US\",\"@id\":\"https:\/\/www.cfm.co.mz\/#\/schema\/logo\/image\/\",\"url\":\"https:\/\/www.cfm.co.mz\/wp-content\/uploads\/2025\/07\/be5f0679-4f5b-4d02-9719-a26ceed29162.jpg\",\"contentUrl\":\"https:\/\/www.cfm.co.mz\/wp-content\/uploads\/2025\/07\/be5f0679-4f5b-4d02-9719-a26ceed29162.jpg\",\"width\":400,\"height\":65,\"caption\":\"CFM - Caminhos De Ferros de Mo\u00e7ambique\"},\"image\":{\"@id\":\"https:\/\/www.cfm.co.mz\/#\/schema\/logo\/image\/\"},\"sameAs\":[\"https:\/\/www.facebook.com\/CFMMoz\",\"https:\/\/www.linkedin.com\/company\/caminhos-de-ferro-de-moambique\/\"]},{\"@type\":\"Person\",\"@id\":\"https:\/\/www.cfm.co.mz\/#\/schema\/person\/0b8a8b95eb758e200c2a5c3f18b8e5b4\",\"name\":\"Ad\u00e9lio Dias\",\"image\":{\"@type\":\"ImageObject\",\"inLanguage\":\"en-US\",\"@id\":\"https:\/\/www.cfm.co.mz\/#\/schema\/person\/image\/\",\"url\":\"https:\/\/www.cfm.co.mz\/wp-content\/litespeed\/avatar\/9163cd4f0d73475e3a60c657aa28c78c.jpg?ver=1777454719\",\"contentUrl\":\"https:\/\/www.cfm.co.mz\/wp-content\/litespeed\/avatar\/9163cd4f0d73475e3a60c657aa28c78c.jpg?ver=1777454719\",\"caption\":\"Ad\u00e9lio Dias\"},\"url\":\"https:\/\/www.cfm.co.mz\/en\/author\/adelio-dias\/\"}]}<\/script>\n<!-- \/ Yoast SEO plugin. -->","yoast_head_json":{"title":"CFM acolhe reuni\u00e3o preparat\u00f3ria das Comemora\u00e7\u00f5es dos 20 Anos da SARA - CFM - Caminhos De Ferros de Mo\u00e7ambique","robots":{"index":"index","follow":"follow","max-snippet":"max-snippet:-1","max-image-preview":"max-image-preview:large","max-video-preview":"max-video-preview:-1"},"canonical":"https:\/\/www.cfm.co.mz\/en\/2016\/03\/30\/cfm-acolhe-reuniao-preparatoria-das-comemoracoes-dos-20-anos-da-sara\/","og_locale":"en_US","og_type":"article","og_title":"CFM acolhe reuni\u00e3o preparat\u00f3ria das Comemora\u00e7\u00f5es dos 20 Anos da SARA - CFM - Caminhos De Ferros de Mo\u00e7ambique","og_description":"A Empresa Portos e Caminhos de Ferro de Mo\u00e7ambique- CFM acolheu, no passado dia 24 de Mar\u00e7o de 2016, em Maputo, a reuni\u00e3o de prepara\u00e7\u00e3o das comemora\u00e7\u00f5es do 20\u00ba anivers\u00e1rio da SARA- Southern African Railways Association, a ter lugar na cidade Sul Africana de Midrand, nos dias 18 e 19 de Maio pr\u00f3ximo.","og_url":"https:\/\/www.cfm.co.mz\/en\/2016\/03\/30\/cfm-acolhe-reuniao-preparatoria-das-comemoracoes-dos-20-anos-da-sara\/","og_site_name":"CFM - Caminhos De Ferros de Mo\u00e7ambique","article_publisher":"https:\/\/www.facebook.com\/CFMMoz","article_published_time":"2016-03-30T08:23:54+00:00","og_image":[{"width":800,"height":515,"url":"https:\/\/www.cfm.co.mz\/wp-content\/uploads\/2016\/03\/Sara_Geral.gif","type":"image\/gif"}],"author":"Ad\u00e9lio Dias","twitter_card":"summary_large_image","twitter_misc":{"Written by":"Ad\u00e9lio Dias","Est. reading time":"2 minutes"},"schema":{"@context":"https:\/\/schema.org","@graph":[{"@type":"Article","@id":"https:\/\/www.cfm.co.mz\/2016\/03\/30\/cfm-acolhe-reuniao-preparatoria-das-comemoracoes-dos-20-anos-da-sara\/#article","isPartOf":{"@id":"https:\/\/www.cfm.co.mz\/2016\/03\/30\/cfm-acolhe-reuniao-preparatoria-das-comemoracoes-dos-20-anos-da-sara\/"},"author":{"name":"Ad\u00e9lio Dias","@id":"https:\/\/www.cfm.co.mz\/#\/schema\/person\/0b8a8b95eb758e200c2a5c3f18b8e5b4"},"headline":"CFM acolhe reuni\u00e3o preparat\u00f3ria das Comemora\u00e7\u00f5es dos 20 Anos da SARA","datePublished":"2016-03-30T08:23:54+00:00","mainEntityOfPage":{"@id":"https:\/\/www.cfm.co.mz\/2016\/03\/30\/cfm-acolhe-reuniao-preparatoria-das-comemoracoes-dos-20-anos-da-sara\/"},"wordCount":351,"commentCount":0,"publisher":{"@id":"https:\/\/www.cfm.co.mz\/#organization"},"image":{"@id":"https:\/\/www.cfm.co.mz\/2016\/03\/30\/cfm-acolhe-reuniao-preparatoria-das-comemoracoes-dos-20-anos-da-sara\/#primaryimage"},"thumbnailUrl":"https:\/\/www.cfm.co.mz\/wp-content\/uploads\/2016\/03\/Sara_Geral.gif","articleSection":["Noticias"],"inLanguage":"en-US","potentialAction":[{"@type":"CommentAction","name":"Comment","target":["https:\/\/www.cfm.co.mz\/2016\/03\/30\/cfm-acolhe-reuniao-preparatoria-das-comemoracoes-dos-20-anos-da-sara\/#respond"]}]},{"@type":"WebPage","@id":"https:\/\/www.cfm.co.mz\/2016\/03\/30\/cfm-acolhe-reuniao-preparatoria-das-comemoracoes-dos-20-anos-da-sara\/","url":"https:\/\/www.cfm.co.mz\/2016\/03\/30\/cfm-acolhe-reuniao-preparatoria-das-comemoracoes-dos-20-anos-da-sara\/","name":"CFM acolhe reuni\u00e3o preparat\u00f3ria das Comemora\u00e7\u00f5es dos 20 Anos da SARA - CFM - Caminhos De Ferros de Mo\u00e7ambique","isPartOf":{"@id":"https:\/\/www.cfm.co.mz\/#website"},"primaryImageOfPage":{"@id":"https:\/\/www.cfm.co.mz\/2016\/03\/30\/cfm-acolhe-reuniao-preparatoria-das-comemoracoes-dos-20-anos-da-sara\/#primaryimage"},"image":{"@id":"https:\/\/www.cfm.co.mz\/2016\/03\/30\/cfm-acolhe-reuniao-preparatoria-das-comemoracoes-dos-20-anos-da-sara\/#primaryimage"},"thumbnailUrl":"https:\/\/www.cfm.co.mz\/wp-content\/uploads\/2016\/03\/Sara_Geral.gif","datePublished":"2016-03-30T08:23:54+00:00","breadcrumb":{"@id":"https:\/\/www.cfm.co.mz\/2016\/03\/30\/cfm-acolhe-reuniao-preparatoria-das-comemoracoes-dos-20-anos-da-sara\/#breadcrumb"},"inLanguage":"en-US","potentialAction":[{"@type":"ReadAction","target":["https:\/\/www.cfm.co.mz\/2016\/03\/30\/cfm-acolhe-reuniao-preparatoria-das-comemoracoes-dos-20-anos-da-sara\/"]}]},{"@type":"ImageObject","inLanguage":"en-US","@id":"https:\/\/www.cfm.co.mz\/2016\/03\/30\/cfm-acolhe-reuniao-preparatoria-das-comemoracoes-dos-20-anos-da-sara\/#primaryimage","url":"https:\/\/www.cfm.co.mz\/wp-content\/uploads\/2016\/03\/Sara_Geral.gif","contentUrl":"https:\/\/www.cfm.co.mz\/wp-content\/uploads\/2016\/03\/Sara_Geral.gif","width":800,"height":515,"caption":"Sara Geral"},{"@type":"BreadcrumbList","@id":"https:\/\/www.cfm.co.mz\/2016\/03\/30\/cfm-acolhe-reuniao-preparatoria-das-comemoracoes-dos-20-anos-da-sara\/#breadcrumb","itemListElement":[{"@type":"ListItem","position":1,"name":"Home","item":"https:\/\/www.cfm.co.mz\/"},{"@type":"ListItem","position":2,"name":"CFM acolhe reuni\u00e3o preparat\u00f3ria das Comemora\u00e7\u00f5es dos 20 Anos da SARA"}]},{"@type":"WebSite","@id":"https:\/\/www.cfm.co.mz\/#website","url":"https:\/\/www.cfm.co.mz\/","name":"CFM - Caminhos De Ferros de Mo\u00e7ambique","description":"Ampliando Horizontes","publisher":{"@id":"https:\/\/www.cfm.co.mz\/#organization"},"potentialAction":[{"@type":"SearchAction","target":{"@type":"EntryPoint","urlTemplate":"https:\/\/www.cfm.co.mz\/?s={search_term_string}"},"query-input":{"@type":"PropertyValueSpecification","valueRequired":true,"valueName":"search_term_string"}}],"inLanguage":"en-US"},{"@type":"Organization","@id":"https:\/\/www.cfm.co.mz\/#organization","name":"CFM - Caminhos De Ferros de Mo\u00e7ambique","url":"https:\/\/www.cfm.co.mz\/","logo":{"@type":"ImageObject","inLanguage":"en-US","@id":"https:\/\/www.cfm.co.mz\/#\/schema\/logo\/image\/","url":"https:\/\/www.cfm.co.mz\/wp-content\/uploads\/2025\/07\/be5f0679-4f5b-4d02-9719-a26ceed29162.jpg","contentUrl":"https:\/\/www.cfm.co.mz\/wp-content\/uploads\/2025\/07\/be5f0679-4f5b-4d02-9719-a26ceed29162.jpg","width":400,"height":65,"caption":"CFM - Caminhos De Ferros de Mo\u00e7ambique"},"image":{"@id":"https:\/\/www.cfm.co.mz\/#\/schema\/logo\/image\/"},"sameAs":["https:\/\/www.facebook.com\/CFMMoz","https:\/\/www.linkedin.com\/company\/caminhos-de-ferro-de-moambique\/"]},{"@type":"Person","@id":"https:\/\/www.cfm.co.mz\/#\/schema\/person\/0b8a8b95eb758e200c2a5c3f18b8e5b4","name":"Ad\u00e9lio Dias","image":{"@type":"ImageObject","inLanguage":"en-US","@id":"https:\/\/www.cfm.co.mz\/#\/schema\/person\/image\/","url":"https:\/\/www.cfm.co.mz\/wp-content\/litespeed\/avatar\/9163cd4f0d73475e3a60c657aa28c78c.jpg?ver=1777454719","contentUrl":"https:\/\/www.cfm.co.mz\/wp-content\/litespeed\/avatar\/9163cd4f0d73475e3a60c657aa28c78c.jpg?ver=1777454719","caption":"Ad\u00e9lio Dias"},"url":"https:\/\/www.cfm.co.mz\/en\/author\/adelio-dias\/"}]}},"_links":{"self":[{"href":"https:\/\/www.cfm.co.mz\/en\/wp-json\/wp\/v2\/posts\/8703","targetHints":{"allow":["GET"]}}],"collection":[{"href":"https:\/\/www.cfm.co.mz\/en\/wp-json\/wp\/v2\/posts"}],"about":[{"href":"https:\/\/www.cfm.co.mz\/en\/wp-json\/wp\/v2\/types\/post"}],"author":[{"embeddable":true,"href":"https:\/\/www.cfm.co.mz\/en\/wp-json\/wp\/v2\/users\/91"}],"replies":[{"embeddable":true,"href":"https:\/\/www.cfm.co.mz\/en\/wp-json\/wp\/v2\/comments?post=8703"}],"version-history":[{"count":0,"href":"https:\/\/www.cfm.co.mz\/en\/wp-json\/wp\/v2\/posts\/8703\/revisions"}],"wp:featuredmedia":[{"embeddable":true,"href":"https:\/\/www.cfm.co.mz\/en\/wp-json\/wp\/v2\/media\/8700"}],"wp:attachment":[{"href":"https:\/\/www.cfm.co.mz\/en\/wp-json\/wp\/v2\/media?parent=8703"}],"wp:term":[{"taxonomy":"category","embeddable":true,"href":"https:\/\/www.cfm.co.mz\/en\/wp-json\/wp\/v2\/categories?post=8703"},{"taxonomy":"post_tag","embeddable":true,"href":"https:\/\/www.cfm.co.mz\/en\/wp-json\/wp\/v2\/tags?post=8703"}],"curies":[{"name":"wp","href":"https:\/\/api.w.org\/{rel}","templated":true}]}}