{"id":8694,"date":"2016-01-12T14:43:36","date_gmt":"2016-01-12T14:43:36","guid":{"rendered":"https:\/\/www.cfm.co.mz\/2016\/01\/12\/linha-de-sena-duplica-capacidade-de-transporte-de-passageiros\/"},"modified":"2016-01-12T14:43:36","modified_gmt":"2016-01-12T14:43:36","slug":"linha-de-sena-duplica-capacidade-de-transporte-de-passageiros","status":"publish","type":"post","link":"https:\/\/www.cfm.co.mz\/en\/2016\/01\/12\/linha-de-sena-duplica-capacidade-de-transporte-de-passageiros\/","title":{"rendered":"Linha de Sena duplica capacidade de transporte de Passageiros"},"content":{"rendered":"<p style=\"text-align: justify;\"><a class=\"jcepopup\" type=\"image\" href=\"http:\/\/www.cfm.co.mz\/wp-content\/uploads\/2016\/01\/comboio_cambula.jpg\" target=\"_blank\" data-mediabox=\"caption[Linha de Sena ]\" rel=\"noopener\"><img decoding=\"async\" style=\"margin: 5px; float: left;\" src=\"http:\/\/www.cfm.co.mz\/wp-content\/uploads\/2016\/01\/comboio_cambula.jpg\" alt=\"comboio cambula\" width=\"300\" height=\"144\" \/><\/a><\/p>\n<p style=\"text-align: justify;\">A Linha de Sena, que parte da cidade portu\u00e1ria da Beira, em Sofala, e a Vila carbon\u00edfera de Moatize, na prov\u00edncia de Tete, aumentou, a partir de finais do m\u00eas de Dezembro passado, o n\u00famero de carreiras de transporte de passageiros por semana.<\/p>\n<p><!--more--><\/p>\n<p style=\"text-align: justify;\">Esta medida surge em resposta da grande procura de transporte nesta linha. O CFM, no \u00e2mbito da sua pol\u00edtica de responsabilidade social <a href=\"index.php?option=com_content&amp;view=article&amp;id=252;cfm-inaugura-novas-carruagens-de-transporte-de-passageiros&amp;catid=79;noticias&amp;Itemid=583\">adquiriu um lote de 70 ve\u00edculos,<\/a> entre Carruagens, Furg\u00f5es e Geradores, sendo 35 para o CFM- Sul e igual n\u00famero para o CFM- Centro.<\/p>\n<p style=\"text-align: justify;\"><a class=\"jcepopup\" type=\"image\" href=\"http:\/\/www.cfm.co.mz\/wp-content\/uploads\/2016\/01\/carruagem3.jpg\" target=\"_blank\" data-mediabox=\"caption[imagem interior das carruagens]\" rel=\"noopener\"><img fetchpriority=\"high\" decoding=\"async\" style=\"margin: 5px; float: left;\" src=\"http:\/\/www.cfm.co.mz\/wp-content\/uploads\/2016\/01\/carruagem3.jpg\" alt=\"carruagem3\" width=\"300\" height=\"168\" \/><\/a>As carruagens, importadas da China, t\u00eam a capacidade para transportar 150 passageiros cada, sendo 28 carruagens da 3\u00aa classe, duas da 2\u00aa, uma da 1\u00aa classe, dois furg\u00f5es e dois vag\u00f5es geradores que se juntam aos anteriores meios circulantes que operavam na via formados por dez carruagens, nomeadamente nove da 3\u00aa e uma da 2\u00aa classe.<\/p>\n<p style=\"text-align: justify;\">Na Linha de Sena, calcula-se que cada composi\u00e7\u00e3o, num \u00fanico sentido, transporte cerca de mil passageiros devidamente acomodados e confortados, o que constitui motivo de maior regozijo dos utentes no Baixo-Zambeze que abrange algumas regi\u00f5es das prov\u00edncias de Manica, Sofala, Tete e Zamb\u00e9zia, num universo de 40 distritos e habitados por mais de seis milh\u00f5es.<\/p>\n<p style=\"text-align: justify;\">O primeiro comboio de passageiros da semana parte da <strong>Beira pelas 10.30 horas da 3\u00aa feira<\/strong> e com previs\u00e3o de chegar Moatize \u00e0s 6.50 da 4\u00aa feira, devendo partir de regresso <strong>no mesmo dia pelas 15.30 horas<\/strong> e com previs\u00e3o de chegada \u00e0 Beira por volta das 11.17 de 5\u00aa feira.<\/p>\n<p style=\"text-align: justify;\">Na mesma semana, o segundo comboio parte da esta\u00e7\u00e3o central <strong>da Beira pelas 14.00 horas de s\u00e1bado<\/strong> e calculado a chegar a Moatize \u00e0s 10.20 de domingo para, depois, partir de <strong>regresso a Beira \u00e0s 20.00 horas<\/strong> e programado a chegar \u00e0s 15.47 horas da 2\u00aa feira.<\/p>\n<p style=\"text-align: justify;\">Contudo, ao longo desta ferrovia, j\u00e1 na rota Beira-Marromeu, mant\u00eam-se um comboio de passageiros por semana, partindo no sentido ascendente \u00e0s 18.30 horas de 6\u00aa feira com chegada ao destino prevista \u00e0s 5.53 de s\u00e1bado, enquanto no sentido descendente parte da vila aut\u00e1rquica de Marromeu \u00e0s 17.00 horas do mesmo dia para chegar a Beira \u00e0s 4.23 de domingo. Neste caso h\u00e1 m\u00faltiplas vantagens para os passageiros de e com destino \u00e0 Marromeu, podendo fazer interliga\u00e7\u00f5es na esta\u00e7\u00e3o ferrovi\u00e1ria de Inhamitanga que dista 82 km no comboio de s\u00e1bado que parte da Beira com destino \u00e0 Moatize.<\/p>","protected":false},"excerpt":{"rendered":"<p>A Linha de Sena, que parte da cidade portu\u00e1ria da Beira, em Sofala, e a Vila carbon\u00edfera de Moatize, na prov\u00edncia de Tete, aumentou, a partir de finais do m\u00eas de Dezembro passado, o n\u00famero de carreiras de transporte de passageiros por semana.<\/p>","protected":false},"author":91,"featured_media":8692,"comment_status":"open","ping_status":"open","sticky":false,"template":"","format":"standard","meta":{"_acf_changed":false,"pgc_sgb_lightbox_settings":"","footnotes":""},"categories":[680],"tags":[],"class_list":["post-8694","post","type-post","status-publish","format-standard","has-post-thumbnail","hentry","category-noticias"],"acf":[],"yoast_head":"<!-- This site is optimized with the Yoast SEO plugin v26.5 - https:\/\/yoast.com\/wordpress\/plugins\/seo\/ -->\n<title>Linha de Sena duplica capacidade de transporte de Passageiros - CFM - Caminhos De Ferros de Mo\u00e7ambique<\/title>\n<meta name=\"robots\" content=\"index, follow, max-snippet:-1, max-image-preview:large, max-video-preview:-1\" \/>\n<link rel=\"canonical\" href=\"https:\/\/www.cfm.co.mz\/en\/2016\/01\/12\/linha-de-sena-duplica-capacidade-de-transporte-de-passageiros\/\" \/>\n<meta property=\"og:locale\" content=\"en_US\" \/>\n<meta property=\"og:type\" content=\"article\" \/>\n<meta property=\"og:title\" content=\"Linha de Sena duplica capacidade de transporte de Passageiros - CFM - Caminhos De Ferros de Mo\u00e7ambique\" \/>\n<meta property=\"og:description\" content=\"A Linha de Sena, que parte da cidade portu\u00e1ria da Beira, em Sofala, e a Vila carbon\u00edfera de Moatize, na prov\u00edncia de Tete, aumentou, a partir de finais do m\u00eas de Dezembro passado, o n\u00famero de carreiras de transporte de passageiros por semana.\" \/>\n<meta property=\"og:url\" content=\"https:\/\/www.cfm.co.mz\/en\/2016\/01\/12\/linha-de-sena-duplica-capacidade-de-transporte-de-passageiros\/\" \/>\n<meta property=\"og:site_name\" content=\"CFM - Caminhos De Ferros de Mo\u00e7ambique\" \/>\n<meta property=\"article:publisher\" content=\"https:\/\/www.facebook.com\/CFMMoz\" \/>\n<meta property=\"article:published_time\" content=\"2016-01-12T14:43:36+00:00\" \/>\n<meta property=\"og:image\" content=\"https:\/\/www.cfm.co.mz\/wp-content\/uploads\/2016\/01\/comboio_cambula.jpg\" \/>\n\t<meta property=\"og:image:width\" content=\"637\" \/>\n\t<meta property=\"og:image:height\" content=\"305\" \/>\n\t<meta property=\"og:image:type\" content=\"image\/jpeg\" \/>\n<meta name=\"author\" content=\"Ad\u00e9lio Dias\" \/>\n<meta name=\"twitter:card\" content=\"summary_large_image\" \/>\n<meta name=\"twitter:label1\" content=\"Written by\" \/>\n\t<meta name=\"twitter:data1\" content=\"Ad\u00e9lio Dias\" \/>\n\t<meta name=\"twitter:label2\" content=\"Est. reading time\" \/>\n\t<meta name=\"twitter:data2\" content=\"2 minutes\" \/>\n<script type=\"application\/ld+json\" class=\"yoast-schema-graph\">{\"@context\":\"https:\/\/schema.org\",\"@graph\":[{\"@type\":\"Article\",\"@id\":\"https:\/\/www.cfm.co.mz\/2016\/01\/12\/linha-de-sena-duplica-capacidade-de-transporte-de-passageiros\/#article\",\"isPartOf\":{\"@id\":\"https:\/\/www.cfm.co.mz\/2016\/01\/12\/linha-de-sena-duplica-capacidade-de-transporte-de-passageiros\/\"},\"author\":{\"name\":\"Ad\u00e9lio Dias\",\"@id\":\"https:\/\/www.cfm.co.mz\/#\/schema\/person\/0b8a8b95eb758e200c2a5c3f18b8e5b4\"},\"headline\":\"Linha de Sena duplica capacidade de transporte de Passageiros\",\"datePublished\":\"2016-01-12T14:43:36+00:00\",\"mainEntityOfPage\":{\"@id\":\"https:\/\/www.cfm.co.mz\/2016\/01\/12\/linha-de-sena-duplica-capacidade-de-transporte-de-passageiros\/\"},\"wordCount\":402,\"commentCount\":0,\"publisher\":{\"@id\":\"https:\/\/www.cfm.co.mz\/#organization\"},\"image\":{\"@id\":\"https:\/\/www.cfm.co.mz\/2016\/01\/12\/linha-de-sena-duplica-capacidade-de-transporte-de-passageiros\/#primaryimage\"},\"thumbnailUrl\":\"https:\/\/www.cfm.co.mz\/wp-content\/uploads\/2016\/01\/comboio_cambula.jpg\",\"articleSection\":[\"Noticias\"],\"inLanguage\":\"en-US\",\"potentialAction\":[{\"@type\":\"CommentAction\",\"name\":\"Comment\",\"target\":[\"https:\/\/www.cfm.co.mz\/2016\/01\/12\/linha-de-sena-duplica-capacidade-de-transporte-de-passageiros\/#respond\"]}]},{\"@type\":\"WebPage\",\"@id\":\"https:\/\/www.cfm.co.mz\/2016\/01\/12\/linha-de-sena-duplica-capacidade-de-transporte-de-passageiros\/\",\"url\":\"https:\/\/www.cfm.co.mz\/2016\/01\/12\/linha-de-sena-duplica-capacidade-de-transporte-de-passageiros\/\",\"name\":\"Linha de Sena duplica capacidade de transporte de Passageiros - CFM - Caminhos De Ferros de Mo\u00e7ambique\",\"isPartOf\":{\"@id\":\"https:\/\/www.cfm.co.mz\/#website\"},\"primaryImageOfPage\":{\"@id\":\"https:\/\/www.cfm.co.mz\/2016\/01\/12\/linha-de-sena-duplica-capacidade-de-transporte-de-passageiros\/#primaryimage\"},\"image\":{\"@id\":\"https:\/\/www.cfm.co.mz\/2016\/01\/12\/linha-de-sena-duplica-capacidade-de-transporte-de-passageiros\/#primaryimage\"},\"thumbnailUrl\":\"https:\/\/www.cfm.co.mz\/wp-content\/uploads\/2016\/01\/comboio_cambula.jpg\",\"datePublished\":\"2016-01-12T14:43:36+00:00\",\"breadcrumb\":{\"@id\":\"https:\/\/www.cfm.co.mz\/2016\/01\/12\/linha-de-sena-duplica-capacidade-de-transporte-de-passageiros\/#breadcrumb\"},\"inLanguage\":\"en-US\",\"potentialAction\":[{\"@type\":\"ReadAction\",\"target\":[\"https:\/\/www.cfm.co.mz\/2016\/01\/12\/linha-de-sena-duplica-capacidade-de-transporte-de-passageiros\/\"]}]},{\"@type\":\"ImageObject\",\"inLanguage\":\"en-US\",\"@id\":\"https:\/\/www.cfm.co.mz\/2016\/01\/12\/linha-de-sena-duplica-capacidade-de-transporte-de-passageiros\/#primaryimage\",\"url\":\"https:\/\/www.cfm.co.mz\/wp-content\/uploads\/2016\/01\/comboio_cambula.jpg\",\"contentUrl\":\"https:\/\/www.cfm.co.mz\/wp-content\/uploads\/2016\/01\/comboio_cambula.jpg\",\"width\":637,\"height\":305,\"caption\":\"comboio cambula\"},{\"@type\":\"BreadcrumbList\",\"@id\":\"https:\/\/www.cfm.co.mz\/2016\/01\/12\/linha-de-sena-duplica-capacidade-de-transporte-de-passageiros\/#breadcrumb\",\"itemListElement\":[{\"@type\":\"ListItem\",\"position\":1,\"name\":\"Home\",\"item\":\"https:\/\/www.cfm.co.mz\/\"},{\"@type\":\"ListItem\",\"position\":2,\"name\":\"Linha de Sena duplica capacidade de transporte de Passageiros\"}]},{\"@type\":\"WebSite\",\"@id\":\"https:\/\/www.cfm.co.mz\/#website\",\"url\":\"https:\/\/www.cfm.co.mz\/\",\"name\":\"CFM - Caminhos De Ferros de Mo\u00e7ambique\",\"description\":\"Ampliando Horizontes\",\"publisher\":{\"@id\":\"https:\/\/www.cfm.co.mz\/#organization\"},\"potentialAction\":[{\"@type\":\"SearchAction\",\"target\":{\"@type\":\"EntryPoint\",\"urlTemplate\":\"https:\/\/www.cfm.co.mz\/?s={search_term_string}\"},\"query-input\":{\"@type\":\"PropertyValueSpecification\",\"valueRequired\":true,\"valueName\":\"search_term_string\"}}],\"inLanguage\":\"en-US\"},{\"@type\":\"Organization\",\"@id\":\"https:\/\/www.cfm.co.mz\/#organization\",\"name\":\"CFM - Caminhos De Ferros de Mo\u00e7ambique\",\"url\":\"https:\/\/www.cfm.co.mz\/\",\"logo\":{\"@type\":\"ImageObject\",\"inLanguage\":\"en-US\",\"@id\":\"https:\/\/www.cfm.co.mz\/#\/schema\/logo\/image\/\",\"url\":\"https:\/\/www.cfm.co.mz\/wp-content\/uploads\/2025\/07\/be5f0679-4f5b-4d02-9719-a26ceed29162.jpg\",\"contentUrl\":\"https:\/\/www.cfm.co.mz\/wp-content\/uploads\/2025\/07\/be5f0679-4f5b-4d02-9719-a26ceed29162.jpg\",\"width\":400,\"height\":65,\"caption\":\"CFM - Caminhos De Ferros de Mo\u00e7ambique\"},\"image\":{\"@id\":\"https:\/\/www.cfm.co.mz\/#\/schema\/logo\/image\/\"},\"sameAs\":[\"https:\/\/www.facebook.com\/CFMMoz\",\"https:\/\/www.linkedin.com\/company\/caminhos-de-ferro-de-moambique\/\"]},{\"@type\":\"Person\",\"@id\":\"https:\/\/www.cfm.co.mz\/#\/schema\/person\/0b8a8b95eb758e200c2a5c3f18b8e5b4\",\"name\":\"Ad\u00e9lio Dias\",\"image\":{\"@type\":\"ImageObject\",\"inLanguage\":\"en-US\",\"@id\":\"https:\/\/www.cfm.co.mz\/#\/schema\/person\/image\/\",\"url\":\"https:\/\/www.cfm.co.mz\/wp-content\/litespeed\/avatar\/9163cd4f0d73475e3a60c657aa28c78c.jpg?ver=1777454719\",\"contentUrl\":\"https:\/\/www.cfm.co.mz\/wp-content\/litespeed\/avatar\/9163cd4f0d73475e3a60c657aa28c78c.jpg?ver=1777454719\",\"caption\":\"Ad\u00e9lio Dias\"},\"url\":\"https:\/\/www.cfm.co.mz\/en\/author\/adelio-dias\/\"}]}<\/script>\n<!-- \/ Yoast SEO plugin. -->","yoast_head_json":{"title":"Linha de Sena duplica capacidade de transporte de Passageiros - CFM - Caminhos De Ferros de Mo\u00e7ambique","robots":{"index":"index","follow":"follow","max-snippet":"max-snippet:-1","max-image-preview":"max-image-preview:large","max-video-preview":"max-video-preview:-1"},"canonical":"https:\/\/www.cfm.co.mz\/en\/2016\/01\/12\/linha-de-sena-duplica-capacidade-de-transporte-de-passageiros\/","og_locale":"en_US","og_type":"article","og_title":"Linha de Sena duplica capacidade de transporte de Passageiros - CFM - Caminhos De Ferros de Mo\u00e7ambique","og_description":"A Linha de Sena, que parte da cidade portu\u00e1ria da Beira, em Sofala, e a Vila carbon\u00edfera de Moatize, na prov\u00edncia de Tete, aumentou, a partir de finais do m\u00eas de Dezembro passado, o n\u00famero de carreiras de transporte de passageiros por semana.","og_url":"https:\/\/www.cfm.co.mz\/en\/2016\/01\/12\/linha-de-sena-duplica-capacidade-de-transporte-de-passageiros\/","og_site_name":"CFM - Caminhos De Ferros de Mo\u00e7ambique","article_publisher":"https:\/\/www.facebook.com\/CFMMoz","article_published_time":"2016-01-12T14:43:36+00:00","og_image":[{"width":637,"height":305,"url":"https:\/\/www.cfm.co.mz\/wp-content\/uploads\/2016\/01\/comboio_cambula.jpg","type":"image\/jpeg"}],"author":"Ad\u00e9lio Dias","twitter_card":"summary_large_image","twitter_misc":{"Written by":"Ad\u00e9lio Dias","Est. reading time":"2 minutes"},"schema":{"@context":"https:\/\/schema.org","@graph":[{"@type":"Article","@id":"https:\/\/www.cfm.co.mz\/2016\/01\/12\/linha-de-sena-duplica-capacidade-de-transporte-de-passageiros\/#article","isPartOf":{"@id":"https:\/\/www.cfm.co.mz\/2016\/01\/12\/linha-de-sena-duplica-capacidade-de-transporte-de-passageiros\/"},"author":{"name":"Ad\u00e9lio Dias","@id":"https:\/\/www.cfm.co.mz\/#\/schema\/person\/0b8a8b95eb758e200c2a5c3f18b8e5b4"},"headline":"Linha de Sena duplica capacidade de transporte de Passageiros","datePublished":"2016-01-12T14:43:36+00:00","mainEntityOfPage":{"@id":"https:\/\/www.cfm.co.mz\/2016\/01\/12\/linha-de-sena-duplica-capacidade-de-transporte-de-passageiros\/"},"wordCount":402,"commentCount":0,"publisher":{"@id":"https:\/\/www.cfm.co.mz\/#organization"},"image":{"@id":"https:\/\/www.cfm.co.mz\/2016\/01\/12\/linha-de-sena-duplica-capacidade-de-transporte-de-passageiros\/#primaryimage"},"thumbnailUrl":"https:\/\/www.cfm.co.mz\/wp-content\/uploads\/2016\/01\/comboio_cambula.jpg","articleSection":["Noticias"],"inLanguage":"en-US","potentialAction":[{"@type":"CommentAction","name":"Comment","target":["https:\/\/www.cfm.co.mz\/2016\/01\/12\/linha-de-sena-duplica-capacidade-de-transporte-de-passageiros\/#respond"]}]},{"@type":"WebPage","@id":"https:\/\/www.cfm.co.mz\/2016\/01\/12\/linha-de-sena-duplica-capacidade-de-transporte-de-passageiros\/","url":"https:\/\/www.cfm.co.mz\/2016\/01\/12\/linha-de-sena-duplica-capacidade-de-transporte-de-passageiros\/","name":"Linha de Sena duplica capacidade de transporte de Passageiros - CFM - Caminhos De Ferros de Mo\u00e7ambique","isPartOf":{"@id":"https:\/\/www.cfm.co.mz\/#website"},"primaryImageOfPage":{"@id":"https:\/\/www.cfm.co.mz\/2016\/01\/12\/linha-de-sena-duplica-capacidade-de-transporte-de-passageiros\/#primaryimage"},"image":{"@id":"https:\/\/www.cfm.co.mz\/2016\/01\/12\/linha-de-sena-duplica-capacidade-de-transporte-de-passageiros\/#primaryimage"},"thumbnailUrl":"https:\/\/www.cfm.co.mz\/wp-content\/uploads\/2016\/01\/comboio_cambula.jpg","datePublished":"2016-01-12T14:43:36+00:00","breadcrumb":{"@id":"https:\/\/www.cfm.co.mz\/2016\/01\/12\/linha-de-sena-duplica-capacidade-de-transporte-de-passageiros\/#breadcrumb"},"inLanguage":"en-US","potentialAction":[{"@type":"ReadAction","target":["https:\/\/www.cfm.co.mz\/2016\/01\/12\/linha-de-sena-duplica-capacidade-de-transporte-de-passageiros\/"]}]},{"@type":"ImageObject","inLanguage":"en-US","@id":"https:\/\/www.cfm.co.mz\/2016\/01\/12\/linha-de-sena-duplica-capacidade-de-transporte-de-passageiros\/#primaryimage","url":"https:\/\/www.cfm.co.mz\/wp-content\/uploads\/2016\/01\/comboio_cambula.jpg","contentUrl":"https:\/\/www.cfm.co.mz\/wp-content\/uploads\/2016\/01\/comboio_cambula.jpg","width":637,"height":305,"caption":"comboio cambula"},{"@type":"BreadcrumbList","@id":"https:\/\/www.cfm.co.mz\/2016\/01\/12\/linha-de-sena-duplica-capacidade-de-transporte-de-passageiros\/#breadcrumb","itemListElement":[{"@type":"ListItem","position":1,"name":"Home","item":"https:\/\/www.cfm.co.mz\/"},{"@type":"ListItem","position":2,"name":"Linha de Sena duplica capacidade de transporte de Passageiros"}]},{"@type":"WebSite","@id":"https:\/\/www.cfm.co.mz\/#website","url":"https:\/\/www.cfm.co.mz\/","name":"CFM - Caminhos De Ferros de Mo\u00e7ambique","description":"Ampliando Horizontes","publisher":{"@id":"https:\/\/www.cfm.co.mz\/#organization"},"potentialAction":[{"@type":"SearchAction","target":{"@type":"EntryPoint","urlTemplate":"https:\/\/www.cfm.co.mz\/?s={search_term_string}"},"query-input":{"@type":"PropertyValueSpecification","valueRequired":true,"valueName":"search_term_string"}}],"inLanguage":"en-US"},{"@type":"Organization","@id":"https:\/\/www.cfm.co.mz\/#organization","name":"CFM - Caminhos De Ferros de Mo\u00e7ambique","url":"https:\/\/www.cfm.co.mz\/","logo":{"@type":"ImageObject","inLanguage":"en-US","@id":"https:\/\/www.cfm.co.mz\/#\/schema\/logo\/image\/","url":"https:\/\/www.cfm.co.mz\/wp-content\/uploads\/2025\/07\/be5f0679-4f5b-4d02-9719-a26ceed29162.jpg","contentUrl":"https:\/\/www.cfm.co.mz\/wp-content\/uploads\/2025\/07\/be5f0679-4f5b-4d02-9719-a26ceed29162.jpg","width":400,"height":65,"caption":"CFM - Caminhos De Ferros de Mo\u00e7ambique"},"image":{"@id":"https:\/\/www.cfm.co.mz\/#\/schema\/logo\/image\/"},"sameAs":["https:\/\/www.facebook.com\/CFMMoz","https:\/\/www.linkedin.com\/company\/caminhos-de-ferro-de-moambique\/"]},{"@type":"Person","@id":"https:\/\/www.cfm.co.mz\/#\/schema\/person\/0b8a8b95eb758e200c2a5c3f18b8e5b4","name":"Ad\u00e9lio Dias","image":{"@type":"ImageObject","inLanguage":"en-US","@id":"https:\/\/www.cfm.co.mz\/#\/schema\/person\/image\/","url":"https:\/\/www.cfm.co.mz\/wp-content\/litespeed\/avatar\/9163cd4f0d73475e3a60c657aa28c78c.jpg?ver=1777454719","contentUrl":"https:\/\/www.cfm.co.mz\/wp-content\/litespeed\/avatar\/9163cd4f0d73475e3a60c657aa28c78c.jpg?ver=1777454719","caption":"Ad\u00e9lio Dias"},"url":"https:\/\/www.cfm.co.mz\/en\/author\/adelio-dias\/"}]}},"_links":{"self":[{"href":"https:\/\/www.cfm.co.mz\/en\/wp-json\/wp\/v2\/posts\/8694","targetHints":{"allow":["GET"]}}],"collection":[{"href":"https:\/\/www.cfm.co.mz\/en\/wp-json\/wp\/v2\/posts"}],"about":[{"href":"https:\/\/www.cfm.co.mz\/en\/wp-json\/wp\/v2\/types\/post"}],"author":[{"embeddable":true,"href":"https:\/\/www.cfm.co.mz\/en\/wp-json\/wp\/v2\/users\/91"}],"replies":[{"embeddable":true,"href":"https:\/\/www.cfm.co.mz\/en\/wp-json\/wp\/v2\/comments?post=8694"}],"version-history":[{"count":0,"href":"https:\/\/www.cfm.co.mz\/en\/wp-json\/wp\/v2\/posts\/8694\/revisions"}],"wp:featuredmedia":[{"embeddable":true,"href":"https:\/\/www.cfm.co.mz\/en\/wp-json\/wp\/v2\/media\/8692"}],"wp:attachment":[{"href":"https:\/\/www.cfm.co.mz\/en\/wp-json\/wp\/v2\/media?parent=8694"}],"wp:term":[{"taxonomy":"category","embeddable":true,"href":"https:\/\/www.cfm.co.mz\/en\/wp-json\/wp\/v2\/categories?post=8694"},{"taxonomy":"post_tag","embeddable":true,"href":"https:\/\/www.cfm.co.mz\/en\/wp-json\/wp\/v2\/tags?post=8694"}],"curies":[{"name":"wp","href":"https:\/\/api.w.org\/{rel}","templated":true}]}}