{"id":8689,"date":"2015-12-13T17:10:54","date_gmt":"2015-12-13T17:10:54","guid":{"rendered":"https:\/\/www.cfm.co.mz\/2015\/12\/13\/incendio-na-terminal-de-graneis-solidos-da-matola-comunicado-de-imprensa\/"},"modified":"2015-12-13T17:10:54","modified_gmt":"2015-12-13T17:10:54","slug":"incendio-na-terminal-de-graneis-solidos-da-matola-comunicado-de-imprensa","status":"publish","type":"post","link":"https:\/\/www.cfm.co.mz\/en\/2015\/12\/13\/incendio-na-terminal-de-graneis-solidos-da-matola-comunicado-de-imprensa\/","title":{"rendered":"Inc\u00eandio na Terminal de Gran\u00e9is s\u00f3lidos da Matola- COMUNICADO DE IMPRENSA"},"content":{"rendered":"<p><img decoding=\"async\" class=\"alignleft size-full wp-image-8688\" style=\"margin: 5px; float: left;\" src=\"http:\/\/www.cfm.co.mz\/wp-content\/uploads\/2015\/12\/terminal_graneis_solidos_matola.jpg\" alt=\"terminal graneis solidos matola\" width=\"300\" height=\"107\" srcset=\"https:\/\/www.cfm.co.mz\/wp-content\/uploads\/2015\/12\/terminal_graneis_solidos_matola.jpg 560w, https:\/\/www.cfm.co.mz\/wp-content\/uploads\/2015\/12\/terminal_graneis_solidos_matola-300x107.jpg 300w\" sizes=\"(max-width: 300px) 100vw, 300px\" \/> A Empresa Portos e Caminhos de Ferro de Mo\u00e7ambique comunica a ocorr\u00eancia de um inc\u00eandio na madrugada deste Domingo, dia&nbsp; 13\/12\/15, na Terminal de Gran\u00e9is s\u00f3lidos operada pela STEMA, na Matola.<\/p>\n<p><!--more--><\/p>\n<p>Leia \u00e0 seguir o Comunicado na \u00edntegra:<\/p>\n<p>&nbsp;<a class=\"doclink\" href=\"index.php?option=com_docman&amp;task=doc_download&amp;gid=28&amp;Itemid=618\"><img decoding=\"async\" src=\"\/components\/com_docman\/themes\/default\/images\/icons\/16x16\/pdf.png\" alt=\"icon\" border=\"0\" \/>&nbsp;Incendio na Terminal gran\u00e9is s\u00f3lidos (<span class=\"small\">78.68 kB<\/span>)<\/a><\/p>\n<p>&nbsp;<\/p>\n<p>&nbsp;<\/p>","protected":false},"excerpt":{"rendered":"<p>A Empresa Portos e Caminhos de Ferro de Mo\u00e7ambique comunica a ocorr\u00eancia de um inc\u00eandio na madrugada deste Domingo, dia&nbsp; 13\/12\/15, na Terminal de Gran\u00e9is s\u00f3lidos operada pela STEMA, na Matola.<\/p>","protected":false},"author":91,"featured_media":8688,"comment_status":"open","ping_status":"open","sticky":false,"template":"","format":"standard","meta":{"_acf_changed":false,"pgc_sgb_lightbox_settings":"","footnotes":""},"categories":[680],"tags":[],"class_list":["post-8689","post","type-post","status-publish","format-standard","has-post-thumbnail","hentry","category-noticias"],"acf":[],"yoast_head":"<!-- This site is optimized with the Yoast SEO plugin v26.5 - https:\/\/yoast.com\/wordpress\/plugins\/seo\/ -->\n<title>Inc\u00eandio na Terminal de Gran\u00e9is s\u00f3lidos da Matola- COMUNICADO DE IMPRENSA - CFM - Caminhos De Ferros de Mo\u00e7ambique<\/title>\n<meta name=\"robots\" content=\"index, follow, max-snippet:-1, max-image-preview:large, max-video-preview:-1\" \/>\n<link rel=\"canonical\" href=\"https:\/\/www.cfm.co.mz\/en\/2015\/12\/13\/incendio-na-terminal-de-graneis-solidos-da-matola-comunicado-de-imprensa\/\" \/>\n<meta property=\"og:locale\" content=\"en_US\" \/>\n<meta property=\"og:type\" content=\"article\" \/>\n<meta property=\"og:title\" content=\"Inc\u00eandio na Terminal de Gran\u00e9is s\u00f3lidos da Matola- COMUNICADO DE IMPRENSA - CFM - Caminhos De Ferros de Mo\u00e7ambique\" \/>\n<meta property=\"og:description\" content=\"A Empresa Portos e Caminhos de Ferro de Mo\u00e7ambique comunica a ocorr\u00eancia de um inc\u00eandio na madrugada deste Domingo, dia&nbsp; 13\/12\/15, na Terminal de Gran\u00e9is s\u00f3lidos operada pela STEMA, na Matola.\" \/>\n<meta property=\"og:url\" content=\"https:\/\/www.cfm.co.mz\/en\/2015\/12\/13\/incendio-na-terminal-de-graneis-solidos-da-matola-comunicado-de-imprensa\/\" \/>\n<meta property=\"og:site_name\" content=\"CFM - Caminhos De Ferros de Mo\u00e7ambique\" \/>\n<meta property=\"article:publisher\" content=\"https:\/\/www.facebook.com\/CFMMoz\" \/>\n<meta property=\"article:published_time\" content=\"2015-12-13T17:10:54+00:00\" \/>\n<meta property=\"og:image\" content=\"https:\/\/www.cfm.co.mz\/wp-content\/uploads\/2015\/12\/terminal_graneis_solidos_matola.jpg\" \/>\n\t<meta property=\"og:image:width\" content=\"560\" \/>\n\t<meta property=\"og:image:height\" content=\"200\" \/>\n\t<meta property=\"og:image:type\" content=\"image\/jpeg\" \/>\n<meta name=\"author\" content=\"Ad\u00e9lio Dias\" \/>\n<meta name=\"twitter:card\" content=\"summary_large_image\" \/>\n<meta name=\"twitter:label1\" content=\"Written by\" \/>\n\t<meta name=\"twitter:data1\" content=\"Ad\u00e9lio Dias\" \/>\n<script type=\"application\/ld+json\" class=\"yoast-schema-graph\">{\"@context\":\"https:\/\/schema.org\",\"@graph\":[{\"@type\":\"Article\",\"@id\":\"https:\/\/www.cfm.co.mz\/2015\/12\/13\/incendio-na-terminal-de-graneis-solidos-da-matola-comunicado-de-imprensa\/#article\",\"isPartOf\":{\"@id\":\"https:\/\/www.cfm.co.mz\/2015\/12\/13\/incendio-na-terminal-de-graneis-solidos-da-matola-comunicado-de-imprensa\/\"},\"author\":{\"name\":\"Ad\u00e9lio Dias\",\"@id\":\"https:\/\/www.cfm.co.mz\/#\/schema\/person\/0b8a8b95eb758e200c2a5c3f18b8e5b4\"},\"headline\":\"Inc\u00eandio na Terminal de Gran\u00e9is s\u00f3lidos da Matola- COMUNICADO DE IMPRENSA\",\"datePublished\":\"2015-12-13T17:10:54+00:00\",\"mainEntityOfPage\":{\"@id\":\"https:\/\/www.cfm.co.mz\/2015\/12\/13\/incendio-na-terminal-de-graneis-solidos-da-matola-comunicado-de-imprensa\/\"},\"wordCount\":68,\"commentCount\":0,\"publisher\":{\"@id\":\"https:\/\/www.cfm.co.mz\/#organization\"},\"image\":{\"@id\":\"https:\/\/www.cfm.co.mz\/2015\/12\/13\/incendio-na-terminal-de-graneis-solidos-da-matola-comunicado-de-imprensa\/#primaryimage\"},\"thumbnailUrl\":\"https:\/\/www.cfm.co.mz\/wp-content\/uploads\/2015\/12\/terminal_graneis_solidos_matola.jpg\",\"articleSection\":[\"Noticias\"],\"inLanguage\":\"en-US\",\"potentialAction\":[{\"@type\":\"CommentAction\",\"name\":\"Comment\",\"target\":[\"https:\/\/www.cfm.co.mz\/2015\/12\/13\/incendio-na-terminal-de-graneis-solidos-da-matola-comunicado-de-imprensa\/#respond\"]}]},{\"@type\":\"WebPage\",\"@id\":\"https:\/\/www.cfm.co.mz\/2015\/12\/13\/incendio-na-terminal-de-graneis-solidos-da-matola-comunicado-de-imprensa\/\",\"url\":\"https:\/\/www.cfm.co.mz\/2015\/12\/13\/incendio-na-terminal-de-graneis-solidos-da-matola-comunicado-de-imprensa\/\",\"name\":\"Inc\u00eandio na Terminal de Gran\u00e9is s\u00f3lidos da Matola- COMUNICADO DE IMPRENSA - CFM - Caminhos De Ferros de Mo\u00e7ambique\",\"isPartOf\":{\"@id\":\"https:\/\/www.cfm.co.mz\/#website\"},\"primaryImageOfPage\":{\"@id\":\"https:\/\/www.cfm.co.mz\/2015\/12\/13\/incendio-na-terminal-de-graneis-solidos-da-matola-comunicado-de-imprensa\/#primaryimage\"},\"image\":{\"@id\":\"https:\/\/www.cfm.co.mz\/2015\/12\/13\/incendio-na-terminal-de-graneis-solidos-da-matola-comunicado-de-imprensa\/#primaryimage\"},\"thumbnailUrl\":\"https:\/\/www.cfm.co.mz\/wp-content\/uploads\/2015\/12\/terminal_graneis_solidos_matola.jpg\",\"datePublished\":\"2015-12-13T17:10:54+00:00\",\"breadcrumb\":{\"@id\":\"https:\/\/www.cfm.co.mz\/2015\/12\/13\/incendio-na-terminal-de-graneis-solidos-da-matola-comunicado-de-imprensa\/#breadcrumb\"},\"inLanguage\":\"en-US\",\"potentialAction\":[{\"@type\":\"ReadAction\",\"target\":[\"https:\/\/www.cfm.co.mz\/2015\/12\/13\/incendio-na-terminal-de-graneis-solidos-da-matola-comunicado-de-imprensa\/\"]}]},{\"@type\":\"ImageObject\",\"inLanguage\":\"en-US\",\"@id\":\"https:\/\/www.cfm.co.mz\/2015\/12\/13\/incendio-na-terminal-de-graneis-solidos-da-matola-comunicado-de-imprensa\/#primaryimage\",\"url\":\"https:\/\/www.cfm.co.mz\/wp-content\/uploads\/2015\/12\/terminal_graneis_solidos_matola.jpg\",\"contentUrl\":\"https:\/\/www.cfm.co.mz\/wp-content\/uploads\/2015\/12\/terminal_graneis_solidos_matola.jpg\",\"width\":560,\"height\":200,\"caption\":\"terminal graneis solidos matola\"},{\"@type\":\"BreadcrumbList\",\"@id\":\"https:\/\/www.cfm.co.mz\/2015\/12\/13\/incendio-na-terminal-de-graneis-solidos-da-matola-comunicado-de-imprensa\/#breadcrumb\",\"itemListElement\":[{\"@type\":\"ListItem\",\"position\":1,\"name\":\"Home\",\"item\":\"https:\/\/www.cfm.co.mz\/\"},{\"@type\":\"ListItem\",\"position\":2,\"name\":\"Inc\u00eandio na Terminal de Gran\u00e9is s\u00f3lidos da Matola- COMUNICADO DE IMPRENSA\"}]},{\"@type\":\"WebSite\",\"@id\":\"https:\/\/www.cfm.co.mz\/#website\",\"url\":\"https:\/\/www.cfm.co.mz\/\",\"name\":\"CFM - Caminhos De Ferros de Mo\u00e7ambique\",\"description\":\"Ampliando Horizontes\",\"publisher\":{\"@id\":\"https:\/\/www.cfm.co.mz\/#organization\"},\"potentialAction\":[{\"@type\":\"SearchAction\",\"target\":{\"@type\":\"EntryPoint\",\"urlTemplate\":\"https:\/\/www.cfm.co.mz\/?s={search_term_string}\"},\"query-input\":{\"@type\":\"PropertyValueSpecification\",\"valueRequired\":true,\"valueName\":\"search_term_string\"}}],\"inLanguage\":\"en-US\"},{\"@type\":\"Organization\",\"@id\":\"https:\/\/www.cfm.co.mz\/#organization\",\"name\":\"CFM - Caminhos De Ferros de Mo\u00e7ambique\",\"url\":\"https:\/\/www.cfm.co.mz\/\",\"logo\":{\"@type\":\"ImageObject\",\"inLanguage\":\"en-US\",\"@id\":\"https:\/\/www.cfm.co.mz\/#\/schema\/logo\/image\/\",\"url\":\"https:\/\/www.cfm.co.mz\/wp-content\/uploads\/2025\/07\/be5f0679-4f5b-4d02-9719-a26ceed29162.jpg\",\"contentUrl\":\"https:\/\/www.cfm.co.mz\/wp-content\/uploads\/2025\/07\/be5f0679-4f5b-4d02-9719-a26ceed29162.jpg\",\"width\":400,\"height\":65,\"caption\":\"CFM - Caminhos De Ferros de Mo\u00e7ambique\"},\"image\":{\"@id\":\"https:\/\/www.cfm.co.mz\/#\/schema\/logo\/image\/\"},\"sameAs\":[\"https:\/\/www.facebook.com\/CFMMoz\",\"https:\/\/www.linkedin.com\/company\/caminhos-de-ferro-de-moambique\/\"]},{\"@type\":\"Person\",\"@id\":\"https:\/\/www.cfm.co.mz\/#\/schema\/person\/0b8a8b95eb758e200c2a5c3f18b8e5b4\",\"name\":\"Ad\u00e9lio Dias\",\"image\":{\"@type\":\"ImageObject\",\"inLanguage\":\"en-US\",\"@id\":\"https:\/\/www.cfm.co.mz\/#\/schema\/person\/image\/\",\"url\":\"https:\/\/www.cfm.co.mz\/wp-content\/litespeed\/avatar\/9163cd4f0d73475e3a60c657aa28c78c.jpg?ver=1777454719\",\"contentUrl\":\"https:\/\/www.cfm.co.mz\/wp-content\/litespeed\/avatar\/9163cd4f0d73475e3a60c657aa28c78c.jpg?ver=1777454719\",\"caption\":\"Ad\u00e9lio Dias\"},\"url\":\"https:\/\/www.cfm.co.mz\/en\/author\/adelio-dias\/\"}]}<\/script>\n<!-- \/ Yoast SEO plugin. -->","yoast_head_json":{"title":"Inc\u00eandio na Terminal de Gran\u00e9is s\u00f3lidos da Matola- COMUNICADO DE IMPRENSA - CFM - Caminhos De Ferros de Mo\u00e7ambique","robots":{"index":"index","follow":"follow","max-snippet":"max-snippet:-1","max-image-preview":"max-image-preview:large","max-video-preview":"max-video-preview:-1"},"canonical":"https:\/\/www.cfm.co.mz\/en\/2015\/12\/13\/incendio-na-terminal-de-graneis-solidos-da-matola-comunicado-de-imprensa\/","og_locale":"en_US","og_type":"article","og_title":"Inc\u00eandio na Terminal de Gran\u00e9is s\u00f3lidos da Matola- COMUNICADO DE IMPRENSA - CFM - Caminhos De Ferros de Mo\u00e7ambique","og_description":"A Empresa Portos e Caminhos de Ferro de Mo\u00e7ambique comunica a ocorr\u00eancia de um inc\u00eandio na madrugada deste Domingo, dia&nbsp; 13\/12\/15, na Terminal de Gran\u00e9is s\u00f3lidos operada pela STEMA, na Matola.","og_url":"https:\/\/www.cfm.co.mz\/en\/2015\/12\/13\/incendio-na-terminal-de-graneis-solidos-da-matola-comunicado-de-imprensa\/","og_site_name":"CFM - Caminhos De Ferros de Mo\u00e7ambique","article_publisher":"https:\/\/www.facebook.com\/CFMMoz","article_published_time":"2015-12-13T17:10:54+00:00","og_image":[{"width":560,"height":200,"url":"https:\/\/www.cfm.co.mz\/wp-content\/uploads\/2015\/12\/terminal_graneis_solidos_matola.jpg","type":"image\/jpeg"}],"author":"Ad\u00e9lio Dias","twitter_card":"summary_large_image","twitter_misc":{"Written by":"Ad\u00e9lio Dias"},"schema":{"@context":"https:\/\/schema.org","@graph":[{"@type":"Article","@id":"https:\/\/www.cfm.co.mz\/2015\/12\/13\/incendio-na-terminal-de-graneis-solidos-da-matola-comunicado-de-imprensa\/#article","isPartOf":{"@id":"https:\/\/www.cfm.co.mz\/2015\/12\/13\/incendio-na-terminal-de-graneis-solidos-da-matola-comunicado-de-imprensa\/"},"author":{"name":"Ad\u00e9lio Dias","@id":"https:\/\/www.cfm.co.mz\/#\/schema\/person\/0b8a8b95eb758e200c2a5c3f18b8e5b4"},"headline":"Inc\u00eandio na Terminal de Gran\u00e9is s\u00f3lidos da Matola- COMUNICADO DE IMPRENSA","datePublished":"2015-12-13T17:10:54+00:00","mainEntityOfPage":{"@id":"https:\/\/www.cfm.co.mz\/2015\/12\/13\/incendio-na-terminal-de-graneis-solidos-da-matola-comunicado-de-imprensa\/"},"wordCount":68,"commentCount":0,"publisher":{"@id":"https:\/\/www.cfm.co.mz\/#organization"},"image":{"@id":"https:\/\/www.cfm.co.mz\/2015\/12\/13\/incendio-na-terminal-de-graneis-solidos-da-matola-comunicado-de-imprensa\/#primaryimage"},"thumbnailUrl":"https:\/\/www.cfm.co.mz\/wp-content\/uploads\/2015\/12\/terminal_graneis_solidos_matola.jpg","articleSection":["Noticias"],"inLanguage":"en-US","potentialAction":[{"@type":"CommentAction","name":"Comment","target":["https:\/\/www.cfm.co.mz\/2015\/12\/13\/incendio-na-terminal-de-graneis-solidos-da-matola-comunicado-de-imprensa\/#respond"]}]},{"@type":"WebPage","@id":"https:\/\/www.cfm.co.mz\/2015\/12\/13\/incendio-na-terminal-de-graneis-solidos-da-matola-comunicado-de-imprensa\/","url":"https:\/\/www.cfm.co.mz\/2015\/12\/13\/incendio-na-terminal-de-graneis-solidos-da-matola-comunicado-de-imprensa\/","name":"Inc\u00eandio na Terminal de Gran\u00e9is s\u00f3lidos da Matola- COMUNICADO DE IMPRENSA - CFM - Caminhos De Ferros de Mo\u00e7ambique","isPartOf":{"@id":"https:\/\/www.cfm.co.mz\/#website"},"primaryImageOfPage":{"@id":"https:\/\/www.cfm.co.mz\/2015\/12\/13\/incendio-na-terminal-de-graneis-solidos-da-matola-comunicado-de-imprensa\/#primaryimage"},"image":{"@id":"https:\/\/www.cfm.co.mz\/2015\/12\/13\/incendio-na-terminal-de-graneis-solidos-da-matola-comunicado-de-imprensa\/#primaryimage"},"thumbnailUrl":"https:\/\/www.cfm.co.mz\/wp-content\/uploads\/2015\/12\/terminal_graneis_solidos_matola.jpg","datePublished":"2015-12-13T17:10:54+00:00","breadcrumb":{"@id":"https:\/\/www.cfm.co.mz\/2015\/12\/13\/incendio-na-terminal-de-graneis-solidos-da-matola-comunicado-de-imprensa\/#breadcrumb"},"inLanguage":"en-US","potentialAction":[{"@type":"ReadAction","target":["https:\/\/www.cfm.co.mz\/2015\/12\/13\/incendio-na-terminal-de-graneis-solidos-da-matola-comunicado-de-imprensa\/"]}]},{"@type":"ImageObject","inLanguage":"en-US","@id":"https:\/\/www.cfm.co.mz\/2015\/12\/13\/incendio-na-terminal-de-graneis-solidos-da-matola-comunicado-de-imprensa\/#primaryimage","url":"https:\/\/www.cfm.co.mz\/wp-content\/uploads\/2015\/12\/terminal_graneis_solidos_matola.jpg","contentUrl":"https:\/\/www.cfm.co.mz\/wp-content\/uploads\/2015\/12\/terminal_graneis_solidos_matola.jpg","width":560,"height":200,"caption":"terminal graneis solidos matola"},{"@type":"BreadcrumbList","@id":"https:\/\/www.cfm.co.mz\/2015\/12\/13\/incendio-na-terminal-de-graneis-solidos-da-matola-comunicado-de-imprensa\/#breadcrumb","itemListElement":[{"@type":"ListItem","position":1,"name":"Home","item":"https:\/\/www.cfm.co.mz\/"},{"@type":"ListItem","position":2,"name":"Inc\u00eandio na Terminal de Gran\u00e9is s\u00f3lidos da Matola- COMUNICADO DE IMPRENSA"}]},{"@type":"WebSite","@id":"https:\/\/www.cfm.co.mz\/#website","url":"https:\/\/www.cfm.co.mz\/","name":"CFM - Caminhos De Ferros de Mo\u00e7ambique","description":"Ampliando Horizontes","publisher":{"@id":"https:\/\/www.cfm.co.mz\/#organization"},"potentialAction":[{"@type":"SearchAction","target":{"@type":"EntryPoint","urlTemplate":"https:\/\/www.cfm.co.mz\/?s={search_term_string}"},"query-input":{"@type":"PropertyValueSpecification","valueRequired":true,"valueName":"search_term_string"}}],"inLanguage":"en-US"},{"@type":"Organization","@id":"https:\/\/www.cfm.co.mz\/#organization","name":"CFM - Caminhos De Ferros de Mo\u00e7ambique","url":"https:\/\/www.cfm.co.mz\/","logo":{"@type":"ImageObject","inLanguage":"en-US","@id":"https:\/\/www.cfm.co.mz\/#\/schema\/logo\/image\/","url":"https:\/\/www.cfm.co.mz\/wp-content\/uploads\/2025\/07\/be5f0679-4f5b-4d02-9719-a26ceed29162.jpg","contentUrl":"https:\/\/www.cfm.co.mz\/wp-content\/uploads\/2025\/07\/be5f0679-4f5b-4d02-9719-a26ceed29162.jpg","width":400,"height":65,"caption":"CFM - Caminhos De Ferros de Mo\u00e7ambique"},"image":{"@id":"https:\/\/www.cfm.co.mz\/#\/schema\/logo\/image\/"},"sameAs":["https:\/\/www.facebook.com\/CFMMoz","https:\/\/www.linkedin.com\/company\/caminhos-de-ferro-de-moambique\/"]},{"@type":"Person","@id":"https:\/\/www.cfm.co.mz\/#\/schema\/person\/0b8a8b95eb758e200c2a5c3f18b8e5b4","name":"Ad\u00e9lio Dias","image":{"@type":"ImageObject","inLanguage":"en-US","@id":"https:\/\/www.cfm.co.mz\/#\/schema\/person\/image\/","url":"https:\/\/www.cfm.co.mz\/wp-content\/litespeed\/avatar\/9163cd4f0d73475e3a60c657aa28c78c.jpg?ver=1777454719","contentUrl":"https:\/\/www.cfm.co.mz\/wp-content\/litespeed\/avatar\/9163cd4f0d73475e3a60c657aa28c78c.jpg?ver=1777454719","caption":"Ad\u00e9lio Dias"},"url":"https:\/\/www.cfm.co.mz\/en\/author\/adelio-dias\/"}]}},"_links":{"self":[{"href":"https:\/\/www.cfm.co.mz\/en\/wp-json\/wp\/v2\/posts\/8689","targetHints":{"allow":["GET"]}}],"collection":[{"href":"https:\/\/www.cfm.co.mz\/en\/wp-json\/wp\/v2\/posts"}],"about":[{"href":"https:\/\/www.cfm.co.mz\/en\/wp-json\/wp\/v2\/types\/post"}],"author":[{"embeddable":true,"href":"https:\/\/www.cfm.co.mz\/en\/wp-json\/wp\/v2\/users\/91"}],"replies":[{"embeddable":true,"href":"https:\/\/www.cfm.co.mz\/en\/wp-json\/wp\/v2\/comments?post=8689"}],"version-history":[{"count":0,"href":"https:\/\/www.cfm.co.mz\/en\/wp-json\/wp\/v2\/posts\/8689\/revisions"}],"wp:featuredmedia":[{"embeddable":true,"href":"https:\/\/www.cfm.co.mz\/en\/wp-json\/wp\/v2\/media\/8688"}],"wp:attachment":[{"href":"https:\/\/www.cfm.co.mz\/en\/wp-json\/wp\/v2\/media?parent=8689"}],"wp:term":[{"taxonomy":"category","embeddable":true,"href":"https:\/\/www.cfm.co.mz\/en\/wp-json\/wp\/v2\/categories?post=8689"},{"taxonomy":"post_tag","embeddable":true,"href":"https:\/\/www.cfm.co.mz\/en\/wp-json\/wp\/v2\/tags?post=8689"}],"curies":[{"name":"wp","href":"https:\/\/api.w.org\/{rel}","templated":true}]}}