{"id":8680,"date":"2015-09-04T14:50:00","date_gmt":"2015-09-04T14:50:00","guid":{"rendered":"https:\/\/www.cfm.co.mz\/2015\/09\/04\/mais-carruagens-para-reforcar-o-sistema-de-transporte-de-passageiros\/"},"modified":"2015-09-04T14:50:00","modified_gmt":"2015-09-04T14:50:00","slug":"mais-carruagens-para-reforcar-o-sistema-de-transporte-de-passageiros","status":"publish","type":"post","link":"https:\/\/www.cfm.co.mz\/en\/2015\/09\/04\/mais-carruagens-para-reforcar-o-sistema-de-transporte-de-passageiros\/","title":{"rendered":"Mais Carruagens para refor\u00e7ar o Sistema de Transporte de Passageiros"},"content":{"rendered":"<p style=\"text-align: justify;\"><a class=\"jcepopup\" type=\"image\" href=\"http:\/\/www.cfm.co.mz\/wp-content\/uploads\/2015\/09\/carruagens_1.jpg\" target=\"_blank\" data-mediabox=\"width[600];height[300]\" rel=\"noopener\"><img fetchpriority=\"high\" decoding=\"async\" style=\"margin-top: 5px; margin-right: 10px; float: left;\" src=\"http:\/\/www.cfm.co.mz\/wp-content\/uploads\/2015\/09\/carruagens_1.jpg\" alt=\"carruagens 1\" width=\"350\" height=\"196\" \/><\/a> O Sistema de transportes de passageiros dos CFM acaba de ser refor\u00e7ado com a chegada de 15 carruagens, das 70 adquiridas na China junto \u00e0 <em>China CNR Corporation Limited<\/em>, uma empresa fabricante de locomotivas e material circulante ferrovi\u00e1rio.<\/p>\n<p><!--more--><\/p>\n<p style=\"text-align: justify;\">As carruagens, maioritariamente da 3\u00aa classe, ir\u00e3o refor\u00e7ar a frota das j\u00e1 existentes e, assim, minimizar o problema de transporte de passageiros que se verifica actualmente, quer no Sistema ferrovi\u00e1rio Sul, quer no Centro. \u201c<strong><em>Ao n\u00edvel do sistema Sul como Centro, queremos \u00e9 melhorar as condi\u00e7\u00f5es de transporte dos passageiros. Como \u00e9 sabido, o n\u00famero de carruagens existentes neste momento n\u00e3o \u00e9 suficiente para responder a demanda<\/em><\/strong>\u201d- Justificou o Director Executivo do CFM-Sul quando solicitado pela imprensa para falar desta aquisi\u00e7\u00e3o.<\/p>\n<p style=\"text-align: justify;\">As 70 carruagens ora adquiridas por cerca de 49 milh\u00f5es de d\u00f3lares americanos, 35 ser\u00e3o para o Sistema ferrovi\u00e1rio Sul e as restantes 35 para o Sistema Ferrovi\u00e1rio Centro. &#8220;<strong><em>N\u00f3s acreditamos que, com esta aquisi\u00e7\u00e3o, possamos aliviar, de alguma maneira, a press\u00e3o e enchentes nas carruagens. Sabemos que n\u00e3o \u00e9 o desej\u00e1vel, mas \u2018e um passo para o que efectivamente pretendemos que seja<\/em><\/strong>.\u201d- concluiu Antonio Bi\u00e9.<\/p>\n<p style=\"text-align: justify;\">Com uma capacidade de 150 passageiros em cada carruagem, os CFM esperam cumprir os desafios plasmados no <a href=\"index.php\/pt\/servicos\/transporte-de-passageiros\">plano da empresa, os de contribuir para a minimiza\u00e7\u00e3o dos problemas de transportes de passageiros<\/a> de forma c\u00f3moda e segura.<\/p>\n<p style=\"text-align: justify;\"><a class=\"jcepopup\" type=\"image\" href=\"http:\/\/www.cfm.co.mz\/wp-content\/uploads\/2015\/09\/FOTOS_3.jpg\" target=\"_blank\" data-mediabox=\"width[600];height[300]\" rel=\"noopener\"><img decoding=\"async\" style=\"margin: 5px 10px 5px 5px; float: left;\" src=\"http:\/\/www.cfm.co.mz\/wp-content\/uploads\/2015\/09\/FOTOS_3.jpg\" alt=\"FOTOS 3\" width=\"350\" height=\"219\" \/><\/a>As carruagens que acabam de chegar est\u00e3o, neste momento, a passar por um processo de afina\u00e7\u00f5es finais para posterior uso, acto que se espera possa acontecer nos pr\u00f3ximos dias.<\/p>\n<p style=\"text-align: justify;\">O primeiro lote para Beira est\u00e1, igualmente, a caminho, devendo chegar ao Porto da Beira at\u00e9 finais do corrente m\u00eas. Uma equipa de fiscaliza\u00e7\u00e3o dos CFM dever\u00e1 dentro das pr\u00f3ximas duas semanas, deslocar-se \u00e0 China para, \u00e0 semelhan\u00e7a do que se fez com o primeiro lote, inspeccionar o pr\u00f3ximo lote que, depois da devida certifica\u00e7\u00e3o, rumar\u00e1 para Mo\u00e7ambique.<\/p>","protected":false},"excerpt":{"rendered":"<p>O Sistema de transportes de passageiros dos CFM acaba de ser refor\u00e7ado com a chegada de 15 carruagens, das 70 adquiridas na China junto \u00e0 China CNR Corporation Limited, uma empresa fabricante de locomotivas e material circulante ferrovi\u00e1rio.<\/p>","protected":false},"author":91,"featured_media":8678,"comment_status":"open","ping_status":"open","sticky":false,"template":"","format":"standard","meta":{"_acf_changed":false,"pgc_sgb_lightbox_settings":"","footnotes":""},"categories":[680],"tags":[],"class_list":["post-8680","post","type-post","status-publish","format-standard","has-post-thumbnail","hentry","category-noticias"],"acf":[],"yoast_head":"<!-- This site is optimized with the Yoast SEO plugin v26.5 - https:\/\/yoast.com\/wordpress\/plugins\/seo\/ -->\n<title>Mais Carruagens para refor\u00e7ar o Sistema de Transporte de Passageiros - CFM - Caminhos De Ferros de Mo\u00e7ambique<\/title>\n<meta name=\"robots\" content=\"index, follow, max-snippet:-1, max-image-preview:large, max-video-preview:-1\" \/>\n<link rel=\"canonical\" href=\"https:\/\/www.cfm.co.mz\/en\/2015\/09\/04\/mais-carruagens-para-reforcar-o-sistema-de-transporte-de-passageiros\/\" \/>\n<meta property=\"og:locale\" content=\"en_US\" \/>\n<meta property=\"og:type\" content=\"article\" \/>\n<meta property=\"og:title\" content=\"Mais Carruagens para refor\u00e7ar o Sistema de Transporte de Passageiros - CFM - Caminhos De Ferros de Mo\u00e7ambique\" \/>\n<meta property=\"og:description\" content=\"O Sistema de transportes de passageiros dos CFM acaba de ser refor\u00e7ado com a chegada de 15 carruagens, das 70 adquiridas na China junto \u00e0 China CNR Corporation Limited, uma empresa fabricante de locomotivas e material circulante ferrovi\u00e1rio.\" \/>\n<meta property=\"og:url\" content=\"https:\/\/www.cfm.co.mz\/en\/2015\/09\/04\/mais-carruagens-para-reforcar-o-sistema-de-transporte-de-passageiros\/\" \/>\n<meta property=\"og:site_name\" content=\"CFM - Caminhos De Ferros de Mo\u00e7ambique\" \/>\n<meta property=\"article:publisher\" content=\"https:\/\/www.facebook.com\/CFMMoz\" \/>\n<meta property=\"article:published_time\" content=\"2015-09-04T14:50:00+00:00\" \/>\n<meta property=\"og:image\" content=\"https:\/\/www.cfm.co.mz\/wp-content\/uploads\/2015\/09\/carruagens_1.jpg\" \/>\n\t<meta property=\"og:image:width\" content=\"640\" \/>\n\t<meta property=\"og:image:height\" content=\"358\" \/>\n\t<meta property=\"og:image:type\" content=\"image\/jpeg\" \/>\n<meta name=\"author\" content=\"Ad\u00e9lio Dias\" \/>\n<meta name=\"twitter:card\" content=\"summary_large_image\" \/>\n<meta name=\"twitter:label1\" content=\"Written by\" \/>\n\t<meta name=\"twitter:data1\" content=\"Ad\u00e9lio Dias\" \/>\n\t<meta name=\"twitter:label2\" content=\"Est. reading time\" \/>\n\t<meta name=\"twitter:data2\" content=\"2 minutes\" \/>\n<script type=\"application\/ld+json\" class=\"yoast-schema-graph\">{\"@context\":\"https:\/\/schema.org\",\"@graph\":[{\"@type\":\"Article\",\"@id\":\"https:\/\/www.cfm.co.mz\/2015\/09\/04\/mais-carruagens-para-reforcar-o-sistema-de-transporte-de-passageiros\/#article\",\"isPartOf\":{\"@id\":\"https:\/\/www.cfm.co.mz\/2015\/09\/04\/mais-carruagens-para-reforcar-o-sistema-de-transporte-de-passageiros\/\"},\"author\":{\"name\":\"Ad\u00e9lio Dias\",\"@id\":\"https:\/\/www.cfm.co.mz\/#\/schema\/person\/0b8a8b95eb758e200c2a5c3f18b8e5b4\"},\"headline\":\"Mais Carruagens para refor\u00e7ar o Sistema de Transporte de Passageiros\",\"datePublished\":\"2015-09-04T14:50:00+00:00\",\"mainEntityOfPage\":{\"@id\":\"https:\/\/www.cfm.co.mz\/2015\/09\/04\/mais-carruagens-para-reforcar-o-sistema-de-transporte-de-passageiros\/\"},\"wordCount\":339,\"commentCount\":0,\"publisher\":{\"@id\":\"https:\/\/www.cfm.co.mz\/#organization\"},\"image\":{\"@id\":\"https:\/\/www.cfm.co.mz\/2015\/09\/04\/mais-carruagens-para-reforcar-o-sistema-de-transporte-de-passageiros\/#primaryimage\"},\"thumbnailUrl\":\"https:\/\/www.cfm.co.mz\/wp-content\/uploads\/2015\/09\/carruagens_1.jpg\",\"articleSection\":[\"Noticias\"],\"inLanguage\":\"en-US\",\"potentialAction\":[{\"@type\":\"CommentAction\",\"name\":\"Comment\",\"target\":[\"https:\/\/www.cfm.co.mz\/2015\/09\/04\/mais-carruagens-para-reforcar-o-sistema-de-transporte-de-passageiros\/#respond\"]}]},{\"@type\":\"WebPage\",\"@id\":\"https:\/\/www.cfm.co.mz\/2015\/09\/04\/mais-carruagens-para-reforcar-o-sistema-de-transporte-de-passageiros\/\",\"url\":\"https:\/\/www.cfm.co.mz\/2015\/09\/04\/mais-carruagens-para-reforcar-o-sistema-de-transporte-de-passageiros\/\",\"name\":\"Mais Carruagens para refor\u00e7ar o Sistema de Transporte de Passageiros - CFM - Caminhos De Ferros de Mo\u00e7ambique\",\"isPartOf\":{\"@id\":\"https:\/\/www.cfm.co.mz\/#website\"},\"primaryImageOfPage\":{\"@id\":\"https:\/\/www.cfm.co.mz\/2015\/09\/04\/mais-carruagens-para-reforcar-o-sistema-de-transporte-de-passageiros\/#primaryimage\"},\"image\":{\"@id\":\"https:\/\/www.cfm.co.mz\/2015\/09\/04\/mais-carruagens-para-reforcar-o-sistema-de-transporte-de-passageiros\/#primaryimage\"},\"thumbnailUrl\":\"https:\/\/www.cfm.co.mz\/wp-content\/uploads\/2015\/09\/carruagens_1.jpg\",\"datePublished\":\"2015-09-04T14:50:00+00:00\",\"breadcrumb\":{\"@id\":\"https:\/\/www.cfm.co.mz\/2015\/09\/04\/mais-carruagens-para-reforcar-o-sistema-de-transporte-de-passageiros\/#breadcrumb\"},\"inLanguage\":\"en-US\",\"potentialAction\":[{\"@type\":\"ReadAction\",\"target\":[\"https:\/\/www.cfm.co.mz\/2015\/09\/04\/mais-carruagens-para-reforcar-o-sistema-de-transporte-de-passageiros\/\"]}]},{\"@type\":\"ImageObject\",\"inLanguage\":\"en-US\",\"@id\":\"https:\/\/www.cfm.co.mz\/2015\/09\/04\/mais-carruagens-para-reforcar-o-sistema-de-transporte-de-passageiros\/#primaryimage\",\"url\":\"https:\/\/www.cfm.co.mz\/wp-content\/uploads\/2015\/09\/carruagens_1.jpg\",\"contentUrl\":\"https:\/\/www.cfm.co.mz\/wp-content\/uploads\/2015\/09\/carruagens_1.jpg\",\"width\":640,\"height\":358,\"caption\":\"carruagens 1\"},{\"@type\":\"BreadcrumbList\",\"@id\":\"https:\/\/www.cfm.co.mz\/2015\/09\/04\/mais-carruagens-para-reforcar-o-sistema-de-transporte-de-passageiros\/#breadcrumb\",\"itemListElement\":[{\"@type\":\"ListItem\",\"position\":1,\"name\":\"Home\",\"item\":\"https:\/\/www.cfm.co.mz\/\"},{\"@type\":\"ListItem\",\"position\":2,\"name\":\"Mais Carruagens para refor\u00e7ar o Sistema de Transporte de Passageiros\"}]},{\"@type\":\"WebSite\",\"@id\":\"https:\/\/www.cfm.co.mz\/#website\",\"url\":\"https:\/\/www.cfm.co.mz\/\",\"name\":\"CFM - Caminhos De Ferros de Mo\u00e7ambique\",\"description\":\"Ampliando Horizontes\",\"publisher\":{\"@id\":\"https:\/\/www.cfm.co.mz\/#organization\"},\"potentialAction\":[{\"@type\":\"SearchAction\",\"target\":{\"@type\":\"EntryPoint\",\"urlTemplate\":\"https:\/\/www.cfm.co.mz\/?s={search_term_string}\"},\"query-input\":{\"@type\":\"PropertyValueSpecification\",\"valueRequired\":true,\"valueName\":\"search_term_string\"}}],\"inLanguage\":\"en-US\"},{\"@type\":\"Organization\",\"@id\":\"https:\/\/www.cfm.co.mz\/#organization\",\"name\":\"CFM - Caminhos De Ferros de Mo\u00e7ambique\",\"url\":\"https:\/\/www.cfm.co.mz\/\",\"logo\":{\"@type\":\"ImageObject\",\"inLanguage\":\"en-US\",\"@id\":\"https:\/\/www.cfm.co.mz\/#\/schema\/logo\/image\/\",\"url\":\"https:\/\/www.cfm.co.mz\/wp-content\/uploads\/2025\/07\/be5f0679-4f5b-4d02-9719-a26ceed29162.jpg\",\"contentUrl\":\"https:\/\/www.cfm.co.mz\/wp-content\/uploads\/2025\/07\/be5f0679-4f5b-4d02-9719-a26ceed29162.jpg\",\"width\":400,\"height\":65,\"caption\":\"CFM - Caminhos De Ferros de Mo\u00e7ambique\"},\"image\":{\"@id\":\"https:\/\/www.cfm.co.mz\/#\/schema\/logo\/image\/\"},\"sameAs\":[\"https:\/\/www.facebook.com\/CFMMoz\",\"https:\/\/www.linkedin.com\/company\/caminhos-de-ferro-de-moambique\/\"]},{\"@type\":\"Person\",\"@id\":\"https:\/\/www.cfm.co.mz\/#\/schema\/person\/0b8a8b95eb758e200c2a5c3f18b8e5b4\",\"name\":\"Ad\u00e9lio Dias\",\"image\":{\"@type\":\"ImageObject\",\"inLanguage\":\"en-US\",\"@id\":\"https:\/\/www.cfm.co.mz\/#\/schema\/person\/image\/\",\"url\":\"https:\/\/www.cfm.co.mz\/wp-content\/litespeed\/avatar\/9163cd4f0d73475e3a60c657aa28c78c.jpg?ver=1777454719\",\"contentUrl\":\"https:\/\/www.cfm.co.mz\/wp-content\/litespeed\/avatar\/9163cd4f0d73475e3a60c657aa28c78c.jpg?ver=1777454719\",\"caption\":\"Ad\u00e9lio Dias\"},\"url\":\"https:\/\/www.cfm.co.mz\/en\/author\/adelio-dias\/\"}]}<\/script>\n<!-- \/ Yoast SEO plugin. -->","yoast_head_json":{"title":"Mais Carruagens para refor\u00e7ar o Sistema de Transporte de Passageiros - CFM - Caminhos De Ferros de Mo\u00e7ambique","robots":{"index":"index","follow":"follow","max-snippet":"max-snippet:-1","max-image-preview":"max-image-preview:large","max-video-preview":"max-video-preview:-1"},"canonical":"https:\/\/www.cfm.co.mz\/en\/2015\/09\/04\/mais-carruagens-para-reforcar-o-sistema-de-transporte-de-passageiros\/","og_locale":"en_US","og_type":"article","og_title":"Mais Carruagens para refor\u00e7ar o Sistema de Transporte de Passageiros - CFM - Caminhos De Ferros de Mo\u00e7ambique","og_description":"O Sistema de transportes de passageiros dos CFM acaba de ser refor\u00e7ado com a chegada de 15 carruagens, das 70 adquiridas na China junto \u00e0 China CNR Corporation Limited, uma empresa fabricante de locomotivas e material circulante ferrovi\u00e1rio.","og_url":"https:\/\/www.cfm.co.mz\/en\/2015\/09\/04\/mais-carruagens-para-reforcar-o-sistema-de-transporte-de-passageiros\/","og_site_name":"CFM - Caminhos De Ferros de Mo\u00e7ambique","article_publisher":"https:\/\/www.facebook.com\/CFMMoz","article_published_time":"2015-09-04T14:50:00+00:00","og_image":[{"width":640,"height":358,"url":"https:\/\/www.cfm.co.mz\/wp-content\/uploads\/2015\/09\/carruagens_1.jpg","type":"image\/jpeg"}],"author":"Ad\u00e9lio Dias","twitter_card":"summary_large_image","twitter_misc":{"Written by":"Ad\u00e9lio Dias","Est. reading time":"2 minutes"},"schema":{"@context":"https:\/\/schema.org","@graph":[{"@type":"Article","@id":"https:\/\/www.cfm.co.mz\/2015\/09\/04\/mais-carruagens-para-reforcar-o-sistema-de-transporte-de-passageiros\/#article","isPartOf":{"@id":"https:\/\/www.cfm.co.mz\/2015\/09\/04\/mais-carruagens-para-reforcar-o-sistema-de-transporte-de-passageiros\/"},"author":{"name":"Ad\u00e9lio Dias","@id":"https:\/\/www.cfm.co.mz\/#\/schema\/person\/0b8a8b95eb758e200c2a5c3f18b8e5b4"},"headline":"Mais Carruagens para refor\u00e7ar o Sistema de Transporte de Passageiros","datePublished":"2015-09-04T14:50:00+00:00","mainEntityOfPage":{"@id":"https:\/\/www.cfm.co.mz\/2015\/09\/04\/mais-carruagens-para-reforcar-o-sistema-de-transporte-de-passageiros\/"},"wordCount":339,"commentCount":0,"publisher":{"@id":"https:\/\/www.cfm.co.mz\/#organization"},"image":{"@id":"https:\/\/www.cfm.co.mz\/2015\/09\/04\/mais-carruagens-para-reforcar-o-sistema-de-transporte-de-passageiros\/#primaryimage"},"thumbnailUrl":"https:\/\/www.cfm.co.mz\/wp-content\/uploads\/2015\/09\/carruagens_1.jpg","articleSection":["Noticias"],"inLanguage":"en-US","potentialAction":[{"@type":"CommentAction","name":"Comment","target":["https:\/\/www.cfm.co.mz\/2015\/09\/04\/mais-carruagens-para-reforcar-o-sistema-de-transporte-de-passageiros\/#respond"]}]},{"@type":"WebPage","@id":"https:\/\/www.cfm.co.mz\/2015\/09\/04\/mais-carruagens-para-reforcar-o-sistema-de-transporte-de-passageiros\/","url":"https:\/\/www.cfm.co.mz\/2015\/09\/04\/mais-carruagens-para-reforcar-o-sistema-de-transporte-de-passageiros\/","name":"Mais Carruagens para refor\u00e7ar o Sistema de Transporte de Passageiros - CFM - Caminhos De Ferros de Mo\u00e7ambique","isPartOf":{"@id":"https:\/\/www.cfm.co.mz\/#website"},"primaryImageOfPage":{"@id":"https:\/\/www.cfm.co.mz\/2015\/09\/04\/mais-carruagens-para-reforcar-o-sistema-de-transporte-de-passageiros\/#primaryimage"},"image":{"@id":"https:\/\/www.cfm.co.mz\/2015\/09\/04\/mais-carruagens-para-reforcar-o-sistema-de-transporte-de-passageiros\/#primaryimage"},"thumbnailUrl":"https:\/\/www.cfm.co.mz\/wp-content\/uploads\/2015\/09\/carruagens_1.jpg","datePublished":"2015-09-04T14:50:00+00:00","breadcrumb":{"@id":"https:\/\/www.cfm.co.mz\/2015\/09\/04\/mais-carruagens-para-reforcar-o-sistema-de-transporte-de-passageiros\/#breadcrumb"},"inLanguage":"en-US","potentialAction":[{"@type":"ReadAction","target":["https:\/\/www.cfm.co.mz\/2015\/09\/04\/mais-carruagens-para-reforcar-o-sistema-de-transporte-de-passageiros\/"]}]},{"@type":"ImageObject","inLanguage":"en-US","@id":"https:\/\/www.cfm.co.mz\/2015\/09\/04\/mais-carruagens-para-reforcar-o-sistema-de-transporte-de-passageiros\/#primaryimage","url":"https:\/\/www.cfm.co.mz\/wp-content\/uploads\/2015\/09\/carruagens_1.jpg","contentUrl":"https:\/\/www.cfm.co.mz\/wp-content\/uploads\/2015\/09\/carruagens_1.jpg","width":640,"height":358,"caption":"carruagens 1"},{"@type":"BreadcrumbList","@id":"https:\/\/www.cfm.co.mz\/2015\/09\/04\/mais-carruagens-para-reforcar-o-sistema-de-transporte-de-passageiros\/#breadcrumb","itemListElement":[{"@type":"ListItem","position":1,"name":"Home","item":"https:\/\/www.cfm.co.mz\/"},{"@type":"ListItem","position":2,"name":"Mais Carruagens para refor\u00e7ar o Sistema de Transporte de Passageiros"}]},{"@type":"WebSite","@id":"https:\/\/www.cfm.co.mz\/#website","url":"https:\/\/www.cfm.co.mz\/","name":"CFM - Caminhos De Ferros de Mo\u00e7ambique","description":"Ampliando Horizontes","publisher":{"@id":"https:\/\/www.cfm.co.mz\/#organization"},"potentialAction":[{"@type":"SearchAction","target":{"@type":"EntryPoint","urlTemplate":"https:\/\/www.cfm.co.mz\/?s={search_term_string}"},"query-input":{"@type":"PropertyValueSpecification","valueRequired":true,"valueName":"search_term_string"}}],"inLanguage":"en-US"},{"@type":"Organization","@id":"https:\/\/www.cfm.co.mz\/#organization","name":"CFM - Caminhos De Ferros de Mo\u00e7ambique","url":"https:\/\/www.cfm.co.mz\/","logo":{"@type":"ImageObject","inLanguage":"en-US","@id":"https:\/\/www.cfm.co.mz\/#\/schema\/logo\/image\/","url":"https:\/\/www.cfm.co.mz\/wp-content\/uploads\/2025\/07\/be5f0679-4f5b-4d02-9719-a26ceed29162.jpg","contentUrl":"https:\/\/www.cfm.co.mz\/wp-content\/uploads\/2025\/07\/be5f0679-4f5b-4d02-9719-a26ceed29162.jpg","width":400,"height":65,"caption":"CFM - Caminhos De Ferros de Mo\u00e7ambique"},"image":{"@id":"https:\/\/www.cfm.co.mz\/#\/schema\/logo\/image\/"},"sameAs":["https:\/\/www.facebook.com\/CFMMoz","https:\/\/www.linkedin.com\/company\/caminhos-de-ferro-de-moambique\/"]},{"@type":"Person","@id":"https:\/\/www.cfm.co.mz\/#\/schema\/person\/0b8a8b95eb758e200c2a5c3f18b8e5b4","name":"Ad\u00e9lio Dias","image":{"@type":"ImageObject","inLanguage":"en-US","@id":"https:\/\/www.cfm.co.mz\/#\/schema\/person\/image\/","url":"https:\/\/www.cfm.co.mz\/wp-content\/litespeed\/avatar\/9163cd4f0d73475e3a60c657aa28c78c.jpg?ver=1777454719","contentUrl":"https:\/\/www.cfm.co.mz\/wp-content\/litespeed\/avatar\/9163cd4f0d73475e3a60c657aa28c78c.jpg?ver=1777454719","caption":"Ad\u00e9lio Dias"},"url":"https:\/\/www.cfm.co.mz\/en\/author\/adelio-dias\/"}]}},"_links":{"self":[{"href":"https:\/\/www.cfm.co.mz\/en\/wp-json\/wp\/v2\/posts\/8680","targetHints":{"allow":["GET"]}}],"collection":[{"href":"https:\/\/www.cfm.co.mz\/en\/wp-json\/wp\/v2\/posts"}],"about":[{"href":"https:\/\/www.cfm.co.mz\/en\/wp-json\/wp\/v2\/types\/post"}],"author":[{"embeddable":true,"href":"https:\/\/www.cfm.co.mz\/en\/wp-json\/wp\/v2\/users\/91"}],"replies":[{"embeddable":true,"href":"https:\/\/www.cfm.co.mz\/en\/wp-json\/wp\/v2\/comments?post=8680"}],"version-history":[{"count":0,"href":"https:\/\/www.cfm.co.mz\/en\/wp-json\/wp\/v2\/posts\/8680\/revisions"}],"wp:featuredmedia":[{"embeddable":true,"href":"https:\/\/www.cfm.co.mz\/en\/wp-json\/wp\/v2\/media\/8678"}],"wp:attachment":[{"href":"https:\/\/www.cfm.co.mz\/en\/wp-json\/wp\/v2\/media?parent=8680"}],"wp:term":[{"taxonomy":"category","embeddable":true,"href":"https:\/\/www.cfm.co.mz\/en\/wp-json\/wp\/v2\/categories?post=8680"},{"taxonomy":"post_tag","embeddable":true,"href":"https:\/\/www.cfm.co.mz\/en\/wp-json\/wp\/v2\/tags?post=8680"}],"curies":[{"name":"wp","href":"https:\/\/api.w.org\/{rel}","templated":true}]}}