{"id":8675,"date":"2015-08-25T14:48:46","date_gmt":"2015-08-25T14:48:46","guid":{"rendered":"https:\/\/www.cfm.co.mz\/2015\/08\/25\/cfm-introduz-novo-modelo-de-gestao-de-patrimonio\/"},"modified":"2015-08-25T14:48:46","modified_gmt":"2015-08-25T14:48:46","slug":"cfm-introduz-novo-modelo-de-gestao-de-patrimonio","status":"publish","type":"post","link":"https:\/\/www.cfm.co.mz\/en\/2015\/08\/25\/cfm-introduz-novo-modelo-de-gestao-de-patrimonio\/","title":{"rendered":"CFM introduz novo Modelo de Gest\u00e3o de Patrim\u00f3nio"},"content":{"rendered":"<p style=\"text-align: justify;\"><a class=\"jcepopup\" type=\"image\" href=\"http:\/\/www.cfm.co.mz\/wp-content\/uploads\/2015\/08\/seminarioPatrimonio.jpg\" target=\"_blank\" data-mediabox=\"width[500];height[250]\" rel=\"noopener\"><img fetchpriority=\"high\" decoding=\"async\" style=\"margin-top: 5px; margin-right: 10px; float: left;\" src=\"http:\/\/www.cfm.co.mz\/wp-content\/uploads\/2015\/08\/seminarioPatrimonio.jpg\" alt=\"seminarioPatrimonio\" width=\"350\" height=\"167\" \/><\/a>O Presidente do Conselho de Administra\u00e7\u00e3o da Empresa Portos e Caminhos de Ferro de Mo\u00e7ambique (CFM), Dr. V\u00edctor Pedro Gomes procedeu, no passado dia 17 de Agosto, a abertura do Semin\u00e1rio de Apresenta\u00e7\u00e3o e divulga\u00e7\u00e3o do Modelo de Dados e o Manual de Procedimentos Transit\u00f3rios do invent\u00e1rio do imobilizado dos CFM, acto que marcou o arranque oficial do invent\u00e1rio de todo o patrim\u00f3nio da empresa incluindo o que est\u00e1 sob a gest\u00e3o das <a href=\"index.php?option=com_content&amp;view=article&amp;id=141&amp;Itemid=525\" target=\"_blank\" rel=\"noopener\">Concession\u00e1rias<\/a>.<\/p>\n<p><!--more--><\/p>\n<p style=\"text-align: justify;\">V\u00edctor Gomes justificou a medida como sendo necess\u00e1ria devido, sobretudo, ao profundo processo de reestrutura\u00e7\u00e3o institucional por que a empresa passou, com a integra\u00e7\u00e3o do sector privado e o consequente alargamento da sua base de investimentos. Assim, \u201c<strong><em>pela dimens\u00e3o, quantidade, valor e dispers\u00e3o dos seus Activos, incluindo os que est\u00e3o sob regime de concess\u00e3o, mostra-se fundamental para a empresa, e com base na Lei, proceder-se ao invent\u00e1rio e avalia\u00e7\u00e3o regular desses activos, bem como assegurar mecanismos para o seu melhor controlo e gest\u00e3o quer, a n\u00edvel f\u00edsico, quer contabil\u00edstico, de modo a se conferir uma maior transpar\u00eancia e accountability, dois conceitos que est\u00e3o intrinsecamente ligados a gest\u00e3o das organiza\u00e7\u00f5es<\/em><\/strong>\u201d- asseverou o PCA do CFM.<\/p>\n<p style=\"text-align: justify;\">A implanta\u00e7\u00e3o deste Modelo, que conta com a consultoria de uma empresa especializada em gest\u00e3o de activos e com s\u00f3lida experi\u00eancia em empresas de Caminhos de Ferro e de Portos, envolve, dentre outros aspectos, uma s\u00e9rie de forma\u00e7\u00e3o com vista a garantir que cada um dos centros anal\u00edticos tenha capacidade para gerir convenientemente os bens a si adstritos, facto que fez com que Victor Gomes apelasse aos participantes um envolvimento activo no Semin\u00e1rio de modo a que \u201c<strong><em>saiamos daqui com clareza sobre os princ\u00edpios b\u00e1sicos do Modelo, os seus objectivos e a devida explica\u00e7\u00e3o sobre como usar as ferramentas deste Modelo de Dados e o Manual de Procedimentos Transit\u00f3rio do imobilizado corp\u00f3reo dos CFM de forma eficaz e eficiente\u201d<\/em><\/strong>.<\/p>\n<p style=\"text-align: justify;\">Com a montagem de um sistema desta dimens\u00e3o, os CFM nunca mais precisar\u00e3o de fazer um trabalho de fundo de inventaria\u00e7\u00e3o do seu patrim\u00f3nio que, dentre v\u00e1rios, se incluem as esta\u00e7<em>\u00f5<\/em>es espalhadas ao longo das linhas f\u00e9rreas.<\/p>\n<p style=\"text-align: justify;\"><a class=\"jcepopup\" type=\"image\" href=\"http:\/\/www.cfm.co.mz\/wp-content\/uploads\/2015\/08\/estacao_central.jpg\" target=\"_blank\" data-mediabox=\"width[500];height[300]\" rel=\"noopener\"><img decoding=\"async\" style=\"margin: 5px; float: left;\" src=\"http:\/\/www.cfm.co.mz\/wp-content\/uploads\/2015\/08\/estacao_central.jpg\" alt=\"estacao central\" width=\"350\" height=\"234\" \/><\/a>Refira-se que a Estac\u00e3o Central de Maputo, inaugurada em Mar\u00e7o de 1910, foi escolhida pela prestigiada Revista norte americana \u201cNewsweek\u201d como a 7\u00aa mais bela do mundo, num <em>ranking<\/em> que inclui todas as infra-estruturas do g\u00e9nero em todo o mundo, das mais modestas \u00e0s mais famosas.<\/p>\n<p style=\"text-align: justify;\">Junto a esta Estac\u00e3o foi inaugurado, recentemente, pelo Presidente da Republica, o <a href=\"index.php?option=com_content&amp;view=article&amp;id=240;presidente-da-republica-inaugura-o-museu-dos-cfm&amp;catid=79;noticias&amp;Itemid=583\" target=\"_blank\" rel=\"noopener\">Museu dos Caminhos de Ferro<\/a> onde est\u00e3o expostos diversos artigos marcando a hist\u00f3ria desta robusta centen\u00e1ria empresa. O Museu dos Caminhos de Ferro tem uma programa\u00e7\u00e3o activa, com exposi\u00e7\u00f5es tempor\u00e1rias, anima\u00e7\u00e3o cultural, debates e v\u00e1rias ac\u00e7\u00f5es dos Servi\u00e7os Educativos, vocacionados para as escolas e o p\u00fablico infanto-juvenil. Para al\u00e9m disso, o p\u00fablico poder\u00e1 visitar uma Exposi\u00e7\u00e3o Permanente, que tem uma extensa cronologia desde o seculo XIX at\u00e9 aos dias de hoje. O p\u00f3s-independ\u00eancia tem destaque com um contexto hist\u00f3rico, a evolu\u00e7\u00e3o dos tr\u00e1fegos ferrovi\u00e1rios e dos portos mo\u00e7ambicanos, os corredores de Maputo, Beira e Nacala, e a transforma\u00e7\u00e3o da empresa, na \u00faltima d\u00e9cada do s\u00e9culo passado.<\/p>\n<p style=\"text-align: justify;\">Os CFM s\u00e3o uma Empresa p\u00fablica que tem por objecto o transporte ferrovi\u00e1rio de pessoas, bens e a presta\u00e7\u00e3o de servi\u00e7os portu\u00e1rios, subordinando-se ao Minist\u00e9rio dos Transportes e Comunica\u00e7\u00f5es.<\/p>","protected":false},"excerpt":{"rendered":"<p>O Presidente do Conselho de Administra\u00e7\u00e3o da Empresa Portos e Caminhos de Ferro de Mo\u00e7ambique (CFM), Dr. V\u00edctor Pedro Gomes procedeu, no passado dia 17 de Agosto, a abertura do Semin\u00e1rio de Apresenta\u00e7\u00e3o e divulga\u00e7\u00e3o do Modelo de Dados e o Manual de Procedimentos Transit\u00f3rios do invent\u00e1rio do imobilizado dos CFM, acto que marcou o arranque oficial do invent\u00e1rio de todo o patrim\u00f3nio da empresa incluindo o que est\u00e1 sob a gest\u00e3o das Concession\u00e1rias.<\/p>","protected":false},"author":91,"featured_media":8673,"comment_status":"open","ping_status":"open","sticky":false,"template":"","format":"standard","meta":{"_acf_changed":false,"pgc_sgb_lightbox_settings":"","footnotes":""},"categories":[680],"tags":[],"class_list":["post-8675","post","type-post","status-publish","format-standard","has-post-thumbnail","hentry","category-noticias"],"acf":[],"yoast_head":"<!-- This site is optimized with the Yoast SEO plugin v26.5 - https:\/\/yoast.com\/wordpress\/plugins\/seo\/ -->\n<title>CFM introduz novo Modelo de Gest\u00e3o de Patrim\u00f3nio - CFM - Caminhos De Ferros de Mo\u00e7ambique<\/title>\n<meta name=\"robots\" content=\"index, follow, max-snippet:-1, max-image-preview:large, max-video-preview:-1\" \/>\n<link rel=\"canonical\" href=\"https:\/\/www.cfm.co.mz\/en\/2015\/08\/25\/cfm-introduz-novo-modelo-de-gestao-de-patrimonio\/\" \/>\n<meta property=\"og:locale\" content=\"en_US\" \/>\n<meta property=\"og:type\" content=\"article\" \/>\n<meta property=\"og:title\" content=\"CFM introduz novo Modelo de Gest\u00e3o de Patrim\u00f3nio - CFM - Caminhos De Ferros de Mo\u00e7ambique\" \/>\n<meta property=\"og:description\" content=\"O Presidente do Conselho de Administra\u00e7\u00e3o da Empresa Portos e Caminhos de Ferro de Mo\u00e7ambique (CFM), Dr. V\u00edctor Pedro Gomes procedeu, no passado dia 17 de Agosto, a abertura do Semin\u00e1rio de Apresenta\u00e7\u00e3o e divulga\u00e7\u00e3o do Modelo de Dados e o Manual de Procedimentos Transit\u00f3rios do invent\u00e1rio do imobilizado dos CFM, acto que marcou o arranque oficial do invent\u00e1rio de todo o patrim\u00f3nio da empresa incluindo o que est\u00e1 sob a gest\u00e3o das Concession\u00e1rias.\" \/>\n<meta property=\"og:url\" content=\"https:\/\/www.cfm.co.mz\/en\/2015\/08\/25\/cfm-introduz-novo-modelo-de-gestao-de-patrimonio\/\" \/>\n<meta property=\"og:site_name\" content=\"CFM - Caminhos De Ferros de Mo\u00e7ambique\" \/>\n<meta property=\"article:publisher\" content=\"https:\/\/www.facebook.com\/CFMMoz\" \/>\n<meta property=\"article:published_time\" content=\"2015-08-25T14:48:46+00:00\" \/>\n<meta property=\"og:image\" content=\"https:\/\/www.cfm.co.mz\/wp-content\/uploads\/2015\/08\/seminarioPatrimonio.jpg\" \/>\n\t<meta property=\"og:image:width\" content=\"640\" \/>\n\t<meta property=\"og:image:height\" content=\"305\" \/>\n\t<meta property=\"og:image:type\" content=\"image\/jpeg\" \/>\n<meta name=\"author\" content=\"Ad\u00e9lio Dias\" \/>\n<meta name=\"twitter:card\" content=\"summary_large_image\" \/>\n<meta name=\"twitter:label1\" content=\"Written by\" \/>\n\t<meta name=\"twitter:data1\" content=\"Ad\u00e9lio Dias\" \/>\n\t<meta name=\"twitter:label2\" content=\"Est. reading time\" \/>\n\t<meta name=\"twitter:data2\" content=\"3 minutes\" \/>\n<script type=\"application\/ld+json\" class=\"yoast-schema-graph\">{\"@context\":\"https:\/\/schema.org\",\"@graph\":[{\"@type\":\"Article\",\"@id\":\"https:\/\/www.cfm.co.mz\/2015\/08\/25\/cfm-introduz-novo-modelo-de-gestao-de-patrimonio\/#article\",\"isPartOf\":{\"@id\":\"https:\/\/www.cfm.co.mz\/2015\/08\/25\/cfm-introduz-novo-modelo-de-gestao-de-patrimonio\/\"},\"author\":{\"name\":\"Ad\u00e9lio Dias\",\"@id\":\"https:\/\/www.cfm.co.mz\/#\/schema\/person\/0b8a8b95eb758e200c2a5c3f18b8e5b4\"},\"headline\":\"CFM introduz novo Modelo de Gest\u00e3o de Patrim\u00f3nio\",\"datePublished\":\"2015-08-25T14:48:46+00:00\",\"mainEntityOfPage\":{\"@id\":\"https:\/\/www.cfm.co.mz\/2015\/08\/25\/cfm-introduz-novo-modelo-de-gestao-de-patrimonio\/\"},\"wordCount\":631,\"commentCount\":0,\"publisher\":{\"@id\":\"https:\/\/www.cfm.co.mz\/#organization\"},\"image\":{\"@id\":\"https:\/\/www.cfm.co.mz\/2015\/08\/25\/cfm-introduz-novo-modelo-de-gestao-de-patrimonio\/#primaryimage\"},\"thumbnailUrl\":\"https:\/\/www.cfm.co.mz\/wp-content\/uploads\/2015\/08\/seminarioPatrimonio.jpg\",\"articleSection\":[\"Noticias\"],\"inLanguage\":\"en-US\",\"potentialAction\":[{\"@type\":\"CommentAction\",\"name\":\"Comment\",\"target\":[\"https:\/\/www.cfm.co.mz\/2015\/08\/25\/cfm-introduz-novo-modelo-de-gestao-de-patrimonio\/#respond\"]}]},{\"@type\":\"WebPage\",\"@id\":\"https:\/\/www.cfm.co.mz\/2015\/08\/25\/cfm-introduz-novo-modelo-de-gestao-de-patrimonio\/\",\"url\":\"https:\/\/www.cfm.co.mz\/2015\/08\/25\/cfm-introduz-novo-modelo-de-gestao-de-patrimonio\/\",\"name\":\"CFM introduz novo Modelo de Gest\u00e3o de Patrim\u00f3nio - CFM - Caminhos De Ferros de Mo\u00e7ambique\",\"isPartOf\":{\"@id\":\"https:\/\/www.cfm.co.mz\/#website\"},\"primaryImageOfPage\":{\"@id\":\"https:\/\/www.cfm.co.mz\/2015\/08\/25\/cfm-introduz-novo-modelo-de-gestao-de-patrimonio\/#primaryimage\"},\"image\":{\"@id\":\"https:\/\/www.cfm.co.mz\/2015\/08\/25\/cfm-introduz-novo-modelo-de-gestao-de-patrimonio\/#primaryimage\"},\"thumbnailUrl\":\"https:\/\/www.cfm.co.mz\/wp-content\/uploads\/2015\/08\/seminarioPatrimonio.jpg\",\"datePublished\":\"2015-08-25T14:48:46+00:00\",\"breadcrumb\":{\"@id\":\"https:\/\/www.cfm.co.mz\/2015\/08\/25\/cfm-introduz-novo-modelo-de-gestao-de-patrimonio\/#breadcrumb\"},\"inLanguage\":\"en-US\",\"potentialAction\":[{\"@type\":\"ReadAction\",\"target\":[\"https:\/\/www.cfm.co.mz\/2015\/08\/25\/cfm-introduz-novo-modelo-de-gestao-de-patrimonio\/\"]}]},{\"@type\":\"ImageObject\",\"inLanguage\":\"en-US\",\"@id\":\"https:\/\/www.cfm.co.mz\/2015\/08\/25\/cfm-introduz-novo-modelo-de-gestao-de-patrimonio\/#primaryimage\",\"url\":\"https:\/\/www.cfm.co.mz\/wp-content\/uploads\/2015\/08\/seminarioPatrimonio.jpg\",\"contentUrl\":\"https:\/\/www.cfm.co.mz\/wp-content\/uploads\/2015\/08\/seminarioPatrimonio.jpg\",\"width\":640,\"height\":305,\"caption\":\"seminarioPatrimonio\"},{\"@type\":\"BreadcrumbList\",\"@id\":\"https:\/\/www.cfm.co.mz\/2015\/08\/25\/cfm-introduz-novo-modelo-de-gestao-de-patrimonio\/#breadcrumb\",\"itemListElement\":[{\"@type\":\"ListItem\",\"position\":1,\"name\":\"Home\",\"item\":\"https:\/\/www.cfm.co.mz\/\"},{\"@type\":\"ListItem\",\"position\":2,\"name\":\"CFM introduz novo Modelo de Gest\u00e3o de Patrim\u00f3nio\"}]},{\"@type\":\"WebSite\",\"@id\":\"https:\/\/www.cfm.co.mz\/#website\",\"url\":\"https:\/\/www.cfm.co.mz\/\",\"name\":\"CFM - Caminhos De Ferros de Mo\u00e7ambique\",\"description\":\"Ampliando Horizontes\",\"publisher\":{\"@id\":\"https:\/\/www.cfm.co.mz\/#organization\"},\"potentialAction\":[{\"@type\":\"SearchAction\",\"target\":{\"@type\":\"EntryPoint\",\"urlTemplate\":\"https:\/\/www.cfm.co.mz\/?s={search_term_string}\"},\"query-input\":{\"@type\":\"PropertyValueSpecification\",\"valueRequired\":true,\"valueName\":\"search_term_string\"}}],\"inLanguage\":\"en-US\"},{\"@type\":\"Organization\",\"@id\":\"https:\/\/www.cfm.co.mz\/#organization\",\"name\":\"CFM - Caminhos De Ferros de Mo\u00e7ambique\",\"url\":\"https:\/\/www.cfm.co.mz\/\",\"logo\":{\"@type\":\"ImageObject\",\"inLanguage\":\"en-US\",\"@id\":\"https:\/\/www.cfm.co.mz\/#\/schema\/logo\/image\/\",\"url\":\"https:\/\/www.cfm.co.mz\/wp-content\/uploads\/2025\/07\/be5f0679-4f5b-4d02-9719-a26ceed29162.jpg\",\"contentUrl\":\"https:\/\/www.cfm.co.mz\/wp-content\/uploads\/2025\/07\/be5f0679-4f5b-4d02-9719-a26ceed29162.jpg\",\"width\":400,\"height\":65,\"caption\":\"CFM - Caminhos De Ferros de Mo\u00e7ambique\"},\"image\":{\"@id\":\"https:\/\/www.cfm.co.mz\/#\/schema\/logo\/image\/\"},\"sameAs\":[\"https:\/\/www.facebook.com\/CFMMoz\",\"https:\/\/www.linkedin.com\/company\/caminhos-de-ferro-de-moambique\/\"]},{\"@type\":\"Person\",\"@id\":\"https:\/\/www.cfm.co.mz\/#\/schema\/person\/0b8a8b95eb758e200c2a5c3f18b8e5b4\",\"name\":\"Ad\u00e9lio Dias\",\"image\":{\"@type\":\"ImageObject\",\"inLanguage\":\"en-US\",\"@id\":\"https:\/\/www.cfm.co.mz\/#\/schema\/person\/image\/\",\"url\":\"https:\/\/www.cfm.co.mz\/wp-content\/litespeed\/avatar\/9163cd4f0d73475e3a60c657aa28c78c.jpg?ver=1777454719\",\"contentUrl\":\"https:\/\/www.cfm.co.mz\/wp-content\/litespeed\/avatar\/9163cd4f0d73475e3a60c657aa28c78c.jpg?ver=1777454719\",\"caption\":\"Ad\u00e9lio Dias\"},\"url\":\"https:\/\/www.cfm.co.mz\/en\/author\/adelio-dias\/\"}]}<\/script>\n<!-- \/ Yoast SEO plugin. -->","yoast_head_json":{"title":"CFM introduz novo Modelo de Gest\u00e3o de Patrim\u00f3nio - CFM - Caminhos De Ferros de Mo\u00e7ambique","robots":{"index":"index","follow":"follow","max-snippet":"max-snippet:-1","max-image-preview":"max-image-preview:large","max-video-preview":"max-video-preview:-1"},"canonical":"https:\/\/www.cfm.co.mz\/en\/2015\/08\/25\/cfm-introduz-novo-modelo-de-gestao-de-patrimonio\/","og_locale":"en_US","og_type":"article","og_title":"CFM introduz novo Modelo de Gest\u00e3o de Patrim\u00f3nio - CFM - Caminhos De Ferros de Mo\u00e7ambique","og_description":"O Presidente do Conselho de Administra\u00e7\u00e3o da Empresa Portos e Caminhos de Ferro de Mo\u00e7ambique (CFM), Dr. V\u00edctor Pedro Gomes procedeu, no passado dia 17 de Agosto, a abertura do Semin\u00e1rio de Apresenta\u00e7\u00e3o e divulga\u00e7\u00e3o do Modelo de Dados e o Manual de Procedimentos Transit\u00f3rios do invent\u00e1rio do imobilizado dos CFM, acto que marcou o arranque oficial do invent\u00e1rio de todo o patrim\u00f3nio da empresa incluindo o que est\u00e1 sob a gest\u00e3o das Concession\u00e1rias.","og_url":"https:\/\/www.cfm.co.mz\/en\/2015\/08\/25\/cfm-introduz-novo-modelo-de-gestao-de-patrimonio\/","og_site_name":"CFM - Caminhos De Ferros de Mo\u00e7ambique","article_publisher":"https:\/\/www.facebook.com\/CFMMoz","article_published_time":"2015-08-25T14:48:46+00:00","og_image":[{"width":640,"height":305,"url":"https:\/\/www.cfm.co.mz\/wp-content\/uploads\/2015\/08\/seminarioPatrimonio.jpg","type":"image\/jpeg"}],"author":"Ad\u00e9lio Dias","twitter_card":"summary_large_image","twitter_misc":{"Written by":"Ad\u00e9lio Dias","Est. reading time":"3 minutes"},"schema":{"@context":"https:\/\/schema.org","@graph":[{"@type":"Article","@id":"https:\/\/www.cfm.co.mz\/2015\/08\/25\/cfm-introduz-novo-modelo-de-gestao-de-patrimonio\/#article","isPartOf":{"@id":"https:\/\/www.cfm.co.mz\/2015\/08\/25\/cfm-introduz-novo-modelo-de-gestao-de-patrimonio\/"},"author":{"name":"Ad\u00e9lio Dias","@id":"https:\/\/www.cfm.co.mz\/#\/schema\/person\/0b8a8b95eb758e200c2a5c3f18b8e5b4"},"headline":"CFM introduz novo Modelo de Gest\u00e3o de Patrim\u00f3nio","datePublished":"2015-08-25T14:48:46+00:00","mainEntityOfPage":{"@id":"https:\/\/www.cfm.co.mz\/2015\/08\/25\/cfm-introduz-novo-modelo-de-gestao-de-patrimonio\/"},"wordCount":631,"commentCount":0,"publisher":{"@id":"https:\/\/www.cfm.co.mz\/#organization"},"image":{"@id":"https:\/\/www.cfm.co.mz\/2015\/08\/25\/cfm-introduz-novo-modelo-de-gestao-de-patrimonio\/#primaryimage"},"thumbnailUrl":"https:\/\/www.cfm.co.mz\/wp-content\/uploads\/2015\/08\/seminarioPatrimonio.jpg","articleSection":["Noticias"],"inLanguage":"en-US","potentialAction":[{"@type":"CommentAction","name":"Comment","target":["https:\/\/www.cfm.co.mz\/2015\/08\/25\/cfm-introduz-novo-modelo-de-gestao-de-patrimonio\/#respond"]}]},{"@type":"WebPage","@id":"https:\/\/www.cfm.co.mz\/2015\/08\/25\/cfm-introduz-novo-modelo-de-gestao-de-patrimonio\/","url":"https:\/\/www.cfm.co.mz\/2015\/08\/25\/cfm-introduz-novo-modelo-de-gestao-de-patrimonio\/","name":"CFM introduz novo Modelo de Gest\u00e3o de Patrim\u00f3nio - CFM - Caminhos De Ferros de Mo\u00e7ambique","isPartOf":{"@id":"https:\/\/www.cfm.co.mz\/#website"},"primaryImageOfPage":{"@id":"https:\/\/www.cfm.co.mz\/2015\/08\/25\/cfm-introduz-novo-modelo-de-gestao-de-patrimonio\/#primaryimage"},"image":{"@id":"https:\/\/www.cfm.co.mz\/2015\/08\/25\/cfm-introduz-novo-modelo-de-gestao-de-patrimonio\/#primaryimage"},"thumbnailUrl":"https:\/\/www.cfm.co.mz\/wp-content\/uploads\/2015\/08\/seminarioPatrimonio.jpg","datePublished":"2015-08-25T14:48:46+00:00","breadcrumb":{"@id":"https:\/\/www.cfm.co.mz\/2015\/08\/25\/cfm-introduz-novo-modelo-de-gestao-de-patrimonio\/#breadcrumb"},"inLanguage":"en-US","potentialAction":[{"@type":"ReadAction","target":["https:\/\/www.cfm.co.mz\/2015\/08\/25\/cfm-introduz-novo-modelo-de-gestao-de-patrimonio\/"]}]},{"@type":"ImageObject","inLanguage":"en-US","@id":"https:\/\/www.cfm.co.mz\/2015\/08\/25\/cfm-introduz-novo-modelo-de-gestao-de-patrimonio\/#primaryimage","url":"https:\/\/www.cfm.co.mz\/wp-content\/uploads\/2015\/08\/seminarioPatrimonio.jpg","contentUrl":"https:\/\/www.cfm.co.mz\/wp-content\/uploads\/2015\/08\/seminarioPatrimonio.jpg","width":640,"height":305,"caption":"seminarioPatrimonio"},{"@type":"BreadcrumbList","@id":"https:\/\/www.cfm.co.mz\/2015\/08\/25\/cfm-introduz-novo-modelo-de-gestao-de-patrimonio\/#breadcrumb","itemListElement":[{"@type":"ListItem","position":1,"name":"Home","item":"https:\/\/www.cfm.co.mz\/"},{"@type":"ListItem","position":2,"name":"CFM introduz novo Modelo de Gest\u00e3o de Patrim\u00f3nio"}]},{"@type":"WebSite","@id":"https:\/\/www.cfm.co.mz\/#website","url":"https:\/\/www.cfm.co.mz\/","name":"CFM - Caminhos De Ferros de Mo\u00e7ambique","description":"Ampliando Horizontes","publisher":{"@id":"https:\/\/www.cfm.co.mz\/#organization"},"potentialAction":[{"@type":"SearchAction","target":{"@type":"EntryPoint","urlTemplate":"https:\/\/www.cfm.co.mz\/?s={search_term_string}"},"query-input":{"@type":"PropertyValueSpecification","valueRequired":true,"valueName":"search_term_string"}}],"inLanguage":"en-US"},{"@type":"Organization","@id":"https:\/\/www.cfm.co.mz\/#organization","name":"CFM - Caminhos De Ferros de Mo\u00e7ambique","url":"https:\/\/www.cfm.co.mz\/","logo":{"@type":"ImageObject","inLanguage":"en-US","@id":"https:\/\/www.cfm.co.mz\/#\/schema\/logo\/image\/","url":"https:\/\/www.cfm.co.mz\/wp-content\/uploads\/2025\/07\/be5f0679-4f5b-4d02-9719-a26ceed29162.jpg","contentUrl":"https:\/\/www.cfm.co.mz\/wp-content\/uploads\/2025\/07\/be5f0679-4f5b-4d02-9719-a26ceed29162.jpg","width":400,"height":65,"caption":"CFM - Caminhos De Ferros de Mo\u00e7ambique"},"image":{"@id":"https:\/\/www.cfm.co.mz\/#\/schema\/logo\/image\/"},"sameAs":["https:\/\/www.facebook.com\/CFMMoz","https:\/\/www.linkedin.com\/company\/caminhos-de-ferro-de-moambique\/"]},{"@type":"Person","@id":"https:\/\/www.cfm.co.mz\/#\/schema\/person\/0b8a8b95eb758e200c2a5c3f18b8e5b4","name":"Ad\u00e9lio Dias","image":{"@type":"ImageObject","inLanguage":"en-US","@id":"https:\/\/www.cfm.co.mz\/#\/schema\/person\/image\/","url":"https:\/\/www.cfm.co.mz\/wp-content\/litespeed\/avatar\/9163cd4f0d73475e3a60c657aa28c78c.jpg?ver=1777454719","contentUrl":"https:\/\/www.cfm.co.mz\/wp-content\/litespeed\/avatar\/9163cd4f0d73475e3a60c657aa28c78c.jpg?ver=1777454719","caption":"Ad\u00e9lio Dias"},"url":"https:\/\/www.cfm.co.mz\/en\/author\/adelio-dias\/"}]}},"_links":{"self":[{"href":"https:\/\/www.cfm.co.mz\/en\/wp-json\/wp\/v2\/posts\/8675","targetHints":{"allow":["GET"]}}],"collection":[{"href":"https:\/\/www.cfm.co.mz\/en\/wp-json\/wp\/v2\/posts"}],"about":[{"href":"https:\/\/www.cfm.co.mz\/en\/wp-json\/wp\/v2\/types\/post"}],"author":[{"embeddable":true,"href":"https:\/\/www.cfm.co.mz\/en\/wp-json\/wp\/v2\/users\/91"}],"replies":[{"embeddable":true,"href":"https:\/\/www.cfm.co.mz\/en\/wp-json\/wp\/v2\/comments?post=8675"}],"version-history":[{"count":0,"href":"https:\/\/www.cfm.co.mz\/en\/wp-json\/wp\/v2\/posts\/8675\/revisions"}],"wp:featuredmedia":[{"embeddable":true,"href":"https:\/\/www.cfm.co.mz\/en\/wp-json\/wp\/v2\/media\/8673"}],"wp:attachment":[{"href":"https:\/\/www.cfm.co.mz\/en\/wp-json\/wp\/v2\/media?parent=8675"}],"wp:term":[{"taxonomy":"category","embeddable":true,"href":"https:\/\/www.cfm.co.mz\/en\/wp-json\/wp\/v2\/categories?post=8675"},{"taxonomy":"post_tag","embeddable":true,"href":"https:\/\/www.cfm.co.mz\/en\/wp-json\/wp\/v2\/tags?post=8675"}],"curies":[{"name":"wp","href":"https:\/\/api.w.org\/{rel}","templated":true}]}}