{"id":8672,"date":"2015-08-24T09:47:57","date_gmt":"2015-08-24T09:47:57","guid":{"rendered":"https:\/\/www.cfm.co.mz\/2015\/08\/24\/construcao-de-primeira-ponte-ferroviaria-de-raiz-inicia-das-maos-do-ministro-dos-transportes-ecomunicacoes\/"},"modified":"2015-08-24T09:47:57","modified_gmt":"2015-08-24T09:47:57","slug":"construcao-de-primeira-ponte-ferroviaria-de-raiz-inicia-das-maos-do-ministro-dos-transportes-ecomunicacoes","status":"publish","type":"post","link":"https:\/\/www.cfm.co.mz\/en\/2015\/08\/24\/construcao-de-primeira-ponte-ferroviaria-de-raiz-inicia-das-maos-do-ministro-dos-transportes-ecomunicacoes\/","title":{"rendered":"Constru\u00e7\u00e3o da primeira Ponte ferrovi\u00e1ria de raiz inicia das m\u00e3os do Ministro dos Transportes e Comunica\u00e7\u00f5es"},"content":{"rendered":"<p style=\"text-align: justify;\"><img fetchpriority=\"high\" decoding=\"async\" class=\"alignleft size-full wp-image-8670\" style=\"margin-top: 5px; margin-right: 10px; float: left;\" src=\"http:\/\/www.cfm.co.mz\/wp-content\/uploads\/2015\/08\/lapideponte-rotated.jpg\" alt=\"lapideponte\" width=\"350\" height=\"248\" \/> <a class=\"jcepopup\" type=\"image\" href=\"http:\/\/www.cfm.co.mz\/wp-content\/uploads\/2015\/08\/lapideponte-rotated.jpg\" target=\"_blank\" data-mediabox=\"width[500];height[300]\" rel=\"noopener\"> <\/a> O Ministro dos Transportes e Comunica\u00e7\u00f5es, Eng. Carlos Mesquita procedeu, no passado dia 10 de Agosto de 2015, o Lan\u00e7amento da Primeira pedra para a constru\u00e7\u00e3o de uma Ponte Ferrovi\u00e1ria.<\/p>\n<p><!--more--><\/p>\n<p style=\"text-align: justify;\">Trata-se da Ponte sobre o Rio Umbeluzi, em Boane, na Linha-f\u00e9rrea Maputo-Goba, concretamente ao Km 37+900.&nbsp; \u00c9 a primeira obra de g\u00e9nero&nbsp;ap\u00f3s a Independ\u00eancia Nacional e ter\u00e1 uma capacidade para 108 toneladas de carga por vag\u00e3o.<\/p>\n<p style=\"text-align: justify;\">&nbsp;Dirigindo-se aos presentes, Carlos Mesquita referiu que o acto simbolizava um marco importante na hist\u00f3ria daquela linha, por se tratar do primeiro empreendimento de raiz de uma ponte ferrovi\u00e1ria. Assim, com a constru\u00e7\u00e3o desta infra-estrutura, \u00e9 \u201c<strong><em>expectativa do Governo que estejam cridas as necess\u00e1rias condi\u00e7\u00f5es para o incremento da carga transportada, bem como refor\u00e7ada a capacidade de resili\u00eancia da linha, contra as adversidades naturais, particularmente no per\u00edodo chuvoso, em que nos depar\u00e1vamos com recorrentes restri\u00e7\u00f5es de passagem nesta ponte<\/em><\/strong>\u201d. O governante exortou a administra\u00e7\u00e3o dos CFM para que seja \u201c<strong><em>rigorosa nas obriga\u00e7\u00f5es de manuten\u00e7\u00e3o das suas infra-estruturas\u201d.<\/em><\/strong><\/p>\n<p style=\"text-align: justify;\"><a class=\"jcepopup\" type=\"image\" href=\"http:\/\/www.cfm.co.mz\/wp-content\/uploads\/2015\/08\/mtc_1_pedra.jpg\" target=\"_blank\" data-mediabox=\"width[500];height[300]\" rel=\"noopener\"><img decoding=\"async\" style=\"margin: 5px; float: left;\" src=\"http:\/\/www.cfm.co.mz\/wp-content\/uploads\/2015\/08\/mtc_1_pedra.jpg\" alt=\"mtc 1 pedra\" width=\"350\" height=\"197\" \/><\/a>A nova ponte ser\u00e1 constru\u00edda 15 metros ao lado da antiga, que tem mais de 50 anos. Reabilitar a ponte antiga era mais caro que erguer uma nova, devido, principalmente, \u00e0 paralisa\u00e7\u00e3o do actual tr\u00e1fego ferrovi\u00e1rio na via. A ponte em constru\u00e7\u00e3o permitir\u00e1 a passagem de comboios com 27 Toneladas por eixo, contra as actuais 20 Toneladas por eixo que, segundo o PCA do CFM, Dr. Victor Pedro Gomes, torna dif\u00edcil satisfazer a demanda dos clientes.<\/p>\n<p style=\"text-align: justify;\">Ali\u00e1s, \u00e9 sob este princ\u00edpio que a \u201c<strong><em>empresa tem estado a executar diversas interven\u00e7\u00f5es na perspectiva de mantermos operacional o nosso sistema de transporte ferrovi\u00e1rio e, com isso, continuarmos a honrar o nosso compromisso para com os nossos clientes<\/em><\/strong>\u201d- esclareceu Victor Gomes.<\/p>\n<p style=\"text-align: justify;\">Recorde-se que o CFM est\u00e1 empenhado na Reabilita\u00e7\u00e3o de Pontes, Pontecas e Passagens de N\u00edveis, num esfor\u00e7o visando recuperar aquelas infra-estruturas.<\/p>\n<p style=\"text-align: justify;\">Assim, na Linha de Ressano Garcia, por exemplo, foram reabilitadas Pontes junto aos <a href=\"index.php?option=com_content&amp;view=category&amp;layout=blog&amp;id=142&amp;Itemid=599\">Km 26+900; Km 74+100; Km 78+650, Km 61+900 e Km 71+600<\/a>. Do mesmo modo, na Linha de Sena, cerca de 40 Pontes e Pont\u00f5es beneficiaram de reabilita\u00e7\u00f5es.<\/p>\n<p style=\"text-align: justify;\">Estiveram na Cerim\u00f3nia, para al\u00e9m dos quadros dos CFM, o Governador da Prov\u00edncia de&nbsp;Maputo, Raimundo Diomba que, na sua interven\u00e7\u00e3o enalteceu o trabalho desenvolvido pelo CFM tendo em vista a corresponder os esfor\u00e7os do Governo e, de forma particular, mostrou-se satisfeito por este empreendimento ser implantado na provincia de Maputo. Estiveram, igualmente presentes, o Presidente do Munic\u00edpio de Boane e o Administrador local.<\/p>","protected":false},"excerpt":{"rendered":"<p>O Ministro dos Transportes e Comunica\u00e7\u00f5es, Eng. Carlos Mesquita procedeu, no passado dia 10 de Agosto de 2015, o Lan\u00e7amento da Primeira pedra para a constru\u00e7\u00e3o de uma Ponte Ferrovi\u00e1ria.<\/p>","protected":false},"author":91,"featured_media":8670,"comment_status":"open","ping_status":"open","sticky":false,"template":"","format":"standard","meta":{"_acf_changed":false,"pgc_sgb_lightbox_settings":"","footnotes":""},"categories":[680],"tags":[],"class_list":["post-8672","post","type-post","status-publish","format-standard","has-post-thumbnail","hentry","category-noticias"],"acf":[],"yoast_head":"<!-- This site is optimized with the Yoast SEO plugin v26.5 - https:\/\/yoast.com\/wordpress\/plugins\/seo\/ -->\n<title>Constru\u00e7\u00e3o da primeira Ponte ferrovi\u00e1ria de raiz inicia das m\u00e3os do Ministro dos Transportes e Comunica\u00e7\u00f5es - CFM - Caminhos De Ferros de Mo\u00e7ambique<\/title>\n<meta name=\"robots\" content=\"index, follow, max-snippet:-1, max-image-preview:large, max-video-preview:-1\" \/>\n<link rel=\"canonical\" href=\"https:\/\/www.cfm.co.mz\/en\/2015\/08\/24\/construcao-de-primeira-ponte-ferroviaria-de-raiz-inicia-das-maos-do-ministro-dos-transportes-ecomunicacoes\/\" \/>\n<meta property=\"og:locale\" content=\"en_US\" \/>\n<meta property=\"og:type\" content=\"article\" \/>\n<meta property=\"og:title\" content=\"Constru\u00e7\u00e3o da primeira Ponte ferrovi\u00e1ria de raiz inicia das m\u00e3os do Ministro dos Transportes e Comunica\u00e7\u00f5es - CFM - Caminhos De Ferros de Mo\u00e7ambique\" \/>\n<meta property=\"og:description\" content=\"O Ministro dos Transportes e Comunica\u00e7\u00f5es, Eng. Carlos Mesquita procedeu, no passado dia 10 de Agosto de 2015, o Lan\u00e7amento da Primeira pedra para a constru\u00e7\u00e3o de uma Ponte Ferrovi\u00e1ria.\" \/>\n<meta property=\"og:url\" content=\"https:\/\/www.cfm.co.mz\/en\/2015\/08\/24\/construcao-de-primeira-ponte-ferroviaria-de-raiz-inicia-das-maos-do-ministro-dos-transportes-ecomunicacoes\/\" \/>\n<meta property=\"og:site_name\" content=\"CFM - Caminhos De Ferros de Mo\u00e7ambique\" \/>\n<meta property=\"article:publisher\" content=\"https:\/\/www.facebook.com\/CFMMoz\" \/>\n<meta property=\"article:published_time\" content=\"2015-08-24T09:47:57+00:00\" \/>\n<meta property=\"og:image\" content=\"https:\/\/www.cfm.co.mz\/wp-content\/uploads\/2015\/08\/lapideponte-rotated.jpg\" \/>\n\t<meta property=\"og:image:width\" content=\"454\" \/>\n\t<meta property=\"og:image:height\" content=\"640\" \/>\n\t<meta property=\"og:image:type\" content=\"image\/jpeg\" \/>\n<meta name=\"author\" content=\"Ad\u00e9lio Dias\" \/>\n<meta name=\"twitter:card\" content=\"summary_large_image\" \/>\n<meta name=\"twitter:label1\" content=\"Written by\" \/>\n\t<meta name=\"twitter:data1\" content=\"Ad\u00e9lio Dias\" \/>\n\t<meta name=\"twitter:label2\" content=\"Est. reading time\" \/>\n\t<meta name=\"twitter:data2\" content=\"2 minutes\" \/>\n<script type=\"application\/ld+json\" class=\"yoast-schema-graph\">{\"@context\":\"https:\/\/schema.org\",\"@graph\":[{\"@type\":\"Article\",\"@id\":\"https:\/\/www.cfm.co.mz\/2015\/08\/24\/construcao-de-primeira-ponte-ferroviaria-de-raiz-inicia-das-maos-do-ministro-dos-transportes-ecomunicacoes\/#article\",\"isPartOf\":{\"@id\":\"https:\/\/www.cfm.co.mz\/2015\/08\/24\/construcao-de-primeira-ponte-ferroviaria-de-raiz-inicia-das-maos-do-ministro-dos-transportes-ecomunicacoes\/\"},\"author\":{\"name\":\"Ad\u00e9lio Dias\",\"@id\":\"https:\/\/www.cfm.co.mz\/#\/schema\/person\/0b8a8b95eb758e200c2a5c3f18b8e5b4\"},\"headline\":\"Constru\u00e7\u00e3o da primeira Ponte ferrovi\u00e1ria de raiz inicia das m\u00e3os do Ministro dos Transportes e Comunica\u00e7\u00f5es\",\"datePublished\":\"2015-08-24T09:47:57+00:00\",\"mainEntityOfPage\":{\"@id\":\"https:\/\/www.cfm.co.mz\/2015\/08\/24\/construcao-de-primeira-ponte-ferroviaria-de-raiz-inicia-das-maos-do-ministro-dos-transportes-ecomunicacoes\/\"},\"wordCount\":457,\"commentCount\":0,\"publisher\":{\"@id\":\"https:\/\/www.cfm.co.mz\/#organization\"},\"image\":{\"@id\":\"https:\/\/www.cfm.co.mz\/2015\/08\/24\/construcao-de-primeira-ponte-ferroviaria-de-raiz-inicia-das-maos-do-ministro-dos-transportes-ecomunicacoes\/#primaryimage\"},\"thumbnailUrl\":\"https:\/\/www.cfm.co.mz\/wp-content\/uploads\/2015\/08\/lapideponte-rotated.jpg\",\"articleSection\":[\"Noticias\"],\"inLanguage\":\"en-US\",\"potentialAction\":[{\"@type\":\"CommentAction\",\"name\":\"Comment\",\"target\":[\"https:\/\/www.cfm.co.mz\/2015\/08\/24\/construcao-de-primeira-ponte-ferroviaria-de-raiz-inicia-das-maos-do-ministro-dos-transportes-ecomunicacoes\/#respond\"]}]},{\"@type\":\"WebPage\",\"@id\":\"https:\/\/www.cfm.co.mz\/2015\/08\/24\/construcao-de-primeira-ponte-ferroviaria-de-raiz-inicia-das-maos-do-ministro-dos-transportes-ecomunicacoes\/\",\"url\":\"https:\/\/www.cfm.co.mz\/2015\/08\/24\/construcao-de-primeira-ponte-ferroviaria-de-raiz-inicia-das-maos-do-ministro-dos-transportes-ecomunicacoes\/\",\"name\":\"Constru\u00e7\u00e3o da primeira Ponte ferrovi\u00e1ria de raiz inicia das m\u00e3os do Ministro dos Transportes e Comunica\u00e7\u00f5es - CFM - Caminhos De Ferros de Mo\u00e7ambique\",\"isPartOf\":{\"@id\":\"https:\/\/www.cfm.co.mz\/#website\"},\"primaryImageOfPage\":{\"@id\":\"https:\/\/www.cfm.co.mz\/2015\/08\/24\/construcao-de-primeira-ponte-ferroviaria-de-raiz-inicia-das-maos-do-ministro-dos-transportes-ecomunicacoes\/#primaryimage\"},\"image\":{\"@id\":\"https:\/\/www.cfm.co.mz\/2015\/08\/24\/construcao-de-primeira-ponte-ferroviaria-de-raiz-inicia-das-maos-do-ministro-dos-transportes-ecomunicacoes\/#primaryimage\"},\"thumbnailUrl\":\"https:\/\/www.cfm.co.mz\/wp-content\/uploads\/2015\/08\/lapideponte-rotated.jpg\",\"datePublished\":\"2015-08-24T09:47:57+00:00\",\"breadcrumb\":{\"@id\":\"https:\/\/www.cfm.co.mz\/2015\/08\/24\/construcao-de-primeira-ponte-ferroviaria-de-raiz-inicia-das-maos-do-ministro-dos-transportes-ecomunicacoes\/#breadcrumb\"},\"inLanguage\":\"en-US\",\"potentialAction\":[{\"@type\":\"ReadAction\",\"target\":[\"https:\/\/www.cfm.co.mz\/2015\/08\/24\/construcao-de-primeira-ponte-ferroviaria-de-raiz-inicia-das-maos-do-ministro-dos-transportes-ecomunicacoes\/\"]}]},{\"@type\":\"ImageObject\",\"inLanguage\":\"en-US\",\"@id\":\"https:\/\/www.cfm.co.mz\/2015\/08\/24\/construcao-de-primeira-ponte-ferroviaria-de-raiz-inicia-das-maos-do-ministro-dos-transportes-ecomunicacoes\/#primaryimage\",\"url\":\"https:\/\/www.cfm.co.mz\/wp-content\/uploads\/2015\/08\/lapideponte-rotated.jpg\",\"contentUrl\":\"https:\/\/www.cfm.co.mz\/wp-content\/uploads\/2015\/08\/lapideponte-rotated.jpg\",\"width\":454,\"height\":640,\"caption\":\"lapideponte\"},{\"@type\":\"BreadcrumbList\",\"@id\":\"https:\/\/www.cfm.co.mz\/2015\/08\/24\/construcao-de-primeira-ponte-ferroviaria-de-raiz-inicia-das-maos-do-ministro-dos-transportes-ecomunicacoes\/#breadcrumb\",\"itemListElement\":[{\"@type\":\"ListItem\",\"position\":1,\"name\":\"Home\",\"item\":\"https:\/\/www.cfm.co.mz\/\"},{\"@type\":\"ListItem\",\"position\":2,\"name\":\"Constru\u00e7\u00e3o da primeira Ponte ferrovi\u00e1ria de raiz inicia das m\u00e3os do Ministro dos Transportes e Comunica\u00e7\u00f5es\"}]},{\"@type\":\"WebSite\",\"@id\":\"https:\/\/www.cfm.co.mz\/#website\",\"url\":\"https:\/\/www.cfm.co.mz\/\",\"name\":\"CFM - Caminhos De Ferros de Mo\u00e7ambique\",\"description\":\"Ampliando Horizontes\",\"publisher\":{\"@id\":\"https:\/\/www.cfm.co.mz\/#organization\"},\"potentialAction\":[{\"@type\":\"SearchAction\",\"target\":{\"@type\":\"EntryPoint\",\"urlTemplate\":\"https:\/\/www.cfm.co.mz\/?s={search_term_string}\"},\"query-input\":{\"@type\":\"PropertyValueSpecification\",\"valueRequired\":true,\"valueName\":\"search_term_string\"}}],\"inLanguage\":\"en-US\"},{\"@type\":\"Organization\",\"@id\":\"https:\/\/www.cfm.co.mz\/#organization\",\"name\":\"CFM - Caminhos De Ferros de Mo\u00e7ambique\",\"url\":\"https:\/\/www.cfm.co.mz\/\",\"logo\":{\"@type\":\"ImageObject\",\"inLanguage\":\"en-US\",\"@id\":\"https:\/\/www.cfm.co.mz\/#\/schema\/logo\/image\/\",\"url\":\"https:\/\/www.cfm.co.mz\/wp-content\/uploads\/2025\/07\/be5f0679-4f5b-4d02-9719-a26ceed29162.jpg\",\"contentUrl\":\"https:\/\/www.cfm.co.mz\/wp-content\/uploads\/2025\/07\/be5f0679-4f5b-4d02-9719-a26ceed29162.jpg\",\"width\":400,\"height\":65,\"caption\":\"CFM - Caminhos De Ferros de Mo\u00e7ambique\"},\"image\":{\"@id\":\"https:\/\/www.cfm.co.mz\/#\/schema\/logo\/image\/\"},\"sameAs\":[\"https:\/\/www.facebook.com\/CFMMoz\",\"https:\/\/www.linkedin.com\/company\/caminhos-de-ferro-de-moambique\/\"]},{\"@type\":\"Person\",\"@id\":\"https:\/\/www.cfm.co.mz\/#\/schema\/person\/0b8a8b95eb758e200c2a5c3f18b8e5b4\",\"name\":\"Ad\u00e9lio Dias\",\"image\":{\"@type\":\"ImageObject\",\"inLanguage\":\"en-US\",\"@id\":\"https:\/\/www.cfm.co.mz\/#\/schema\/person\/image\/\",\"url\":\"https:\/\/www.cfm.co.mz\/wp-content\/litespeed\/avatar\/9163cd4f0d73475e3a60c657aa28c78c.jpg?ver=1777454719\",\"contentUrl\":\"https:\/\/www.cfm.co.mz\/wp-content\/litespeed\/avatar\/9163cd4f0d73475e3a60c657aa28c78c.jpg?ver=1777454719\",\"caption\":\"Ad\u00e9lio Dias\"},\"url\":\"https:\/\/www.cfm.co.mz\/en\/author\/adelio-dias\/\"}]}<\/script>\n<!-- \/ Yoast SEO plugin. -->","yoast_head_json":{"title":"Constru\u00e7\u00e3o da primeira Ponte ferrovi\u00e1ria de raiz inicia das m\u00e3os do Ministro dos Transportes e Comunica\u00e7\u00f5es - CFM - Caminhos De Ferros de Mo\u00e7ambique","robots":{"index":"index","follow":"follow","max-snippet":"max-snippet:-1","max-image-preview":"max-image-preview:large","max-video-preview":"max-video-preview:-1"},"canonical":"https:\/\/www.cfm.co.mz\/en\/2015\/08\/24\/construcao-de-primeira-ponte-ferroviaria-de-raiz-inicia-das-maos-do-ministro-dos-transportes-ecomunicacoes\/","og_locale":"en_US","og_type":"article","og_title":"Constru\u00e7\u00e3o da primeira Ponte ferrovi\u00e1ria de raiz inicia das m\u00e3os do Ministro dos Transportes e Comunica\u00e7\u00f5es - CFM - Caminhos De Ferros de Mo\u00e7ambique","og_description":"O Ministro dos Transportes e Comunica\u00e7\u00f5es, Eng. Carlos Mesquita procedeu, no passado dia 10 de Agosto de 2015, o Lan\u00e7amento da Primeira pedra para a constru\u00e7\u00e3o de uma Ponte Ferrovi\u00e1ria.","og_url":"https:\/\/www.cfm.co.mz\/en\/2015\/08\/24\/construcao-de-primeira-ponte-ferroviaria-de-raiz-inicia-das-maos-do-ministro-dos-transportes-ecomunicacoes\/","og_site_name":"CFM - Caminhos De Ferros de Mo\u00e7ambique","article_publisher":"https:\/\/www.facebook.com\/CFMMoz","article_published_time":"2015-08-24T09:47:57+00:00","og_image":[{"width":454,"height":640,"url":"https:\/\/www.cfm.co.mz\/wp-content\/uploads\/2015\/08\/lapideponte-rotated.jpg","type":"image\/jpeg"}],"author":"Ad\u00e9lio Dias","twitter_card":"summary_large_image","twitter_misc":{"Written by":"Ad\u00e9lio Dias","Est. reading time":"2 minutes"},"schema":{"@context":"https:\/\/schema.org","@graph":[{"@type":"Article","@id":"https:\/\/www.cfm.co.mz\/2015\/08\/24\/construcao-de-primeira-ponte-ferroviaria-de-raiz-inicia-das-maos-do-ministro-dos-transportes-ecomunicacoes\/#article","isPartOf":{"@id":"https:\/\/www.cfm.co.mz\/2015\/08\/24\/construcao-de-primeira-ponte-ferroviaria-de-raiz-inicia-das-maos-do-ministro-dos-transportes-ecomunicacoes\/"},"author":{"name":"Ad\u00e9lio Dias","@id":"https:\/\/www.cfm.co.mz\/#\/schema\/person\/0b8a8b95eb758e200c2a5c3f18b8e5b4"},"headline":"Constru\u00e7\u00e3o da primeira Ponte ferrovi\u00e1ria de raiz inicia das m\u00e3os do Ministro dos Transportes e Comunica\u00e7\u00f5es","datePublished":"2015-08-24T09:47:57+00:00","mainEntityOfPage":{"@id":"https:\/\/www.cfm.co.mz\/2015\/08\/24\/construcao-de-primeira-ponte-ferroviaria-de-raiz-inicia-das-maos-do-ministro-dos-transportes-ecomunicacoes\/"},"wordCount":457,"commentCount":0,"publisher":{"@id":"https:\/\/www.cfm.co.mz\/#organization"},"image":{"@id":"https:\/\/www.cfm.co.mz\/2015\/08\/24\/construcao-de-primeira-ponte-ferroviaria-de-raiz-inicia-das-maos-do-ministro-dos-transportes-ecomunicacoes\/#primaryimage"},"thumbnailUrl":"https:\/\/www.cfm.co.mz\/wp-content\/uploads\/2015\/08\/lapideponte-rotated.jpg","articleSection":["Noticias"],"inLanguage":"en-US","potentialAction":[{"@type":"CommentAction","name":"Comment","target":["https:\/\/www.cfm.co.mz\/2015\/08\/24\/construcao-de-primeira-ponte-ferroviaria-de-raiz-inicia-das-maos-do-ministro-dos-transportes-ecomunicacoes\/#respond"]}]},{"@type":"WebPage","@id":"https:\/\/www.cfm.co.mz\/2015\/08\/24\/construcao-de-primeira-ponte-ferroviaria-de-raiz-inicia-das-maos-do-ministro-dos-transportes-ecomunicacoes\/","url":"https:\/\/www.cfm.co.mz\/2015\/08\/24\/construcao-de-primeira-ponte-ferroviaria-de-raiz-inicia-das-maos-do-ministro-dos-transportes-ecomunicacoes\/","name":"Constru\u00e7\u00e3o da primeira Ponte ferrovi\u00e1ria de raiz inicia das m\u00e3os do Ministro dos Transportes e Comunica\u00e7\u00f5es - CFM - Caminhos De Ferros de Mo\u00e7ambique","isPartOf":{"@id":"https:\/\/www.cfm.co.mz\/#website"},"primaryImageOfPage":{"@id":"https:\/\/www.cfm.co.mz\/2015\/08\/24\/construcao-de-primeira-ponte-ferroviaria-de-raiz-inicia-das-maos-do-ministro-dos-transportes-ecomunicacoes\/#primaryimage"},"image":{"@id":"https:\/\/www.cfm.co.mz\/2015\/08\/24\/construcao-de-primeira-ponte-ferroviaria-de-raiz-inicia-das-maos-do-ministro-dos-transportes-ecomunicacoes\/#primaryimage"},"thumbnailUrl":"https:\/\/www.cfm.co.mz\/wp-content\/uploads\/2015\/08\/lapideponte-rotated.jpg","datePublished":"2015-08-24T09:47:57+00:00","breadcrumb":{"@id":"https:\/\/www.cfm.co.mz\/2015\/08\/24\/construcao-de-primeira-ponte-ferroviaria-de-raiz-inicia-das-maos-do-ministro-dos-transportes-ecomunicacoes\/#breadcrumb"},"inLanguage":"en-US","potentialAction":[{"@type":"ReadAction","target":["https:\/\/www.cfm.co.mz\/2015\/08\/24\/construcao-de-primeira-ponte-ferroviaria-de-raiz-inicia-das-maos-do-ministro-dos-transportes-ecomunicacoes\/"]}]},{"@type":"ImageObject","inLanguage":"en-US","@id":"https:\/\/www.cfm.co.mz\/2015\/08\/24\/construcao-de-primeira-ponte-ferroviaria-de-raiz-inicia-das-maos-do-ministro-dos-transportes-ecomunicacoes\/#primaryimage","url":"https:\/\/www.cfm.co.mz\/wp-content\/uploads\/2015\/08\/lapideponte-rotated.jpg","contentUrl":"https:\/\/www.cfm.co.mz\/wp-content\/uploads\/2015\/08\/lapideponte-rotated.jpg","width":454,"height":640,"caption":"lapideponte"},{"@type":"BreadcrumbList","@id":"https:\/\/www.cfm.co.mz\/2015\/08\/24\/construcao-de-primeira-ponte-ferroviaria-de-raiz-inicia-das-maos-do-ministro-dos-transportes-ecomunicacoes\/#breadcrumb","itemListElement":[{"@type":"ListItem","position":1,"name":"Home","item":"https:\/\/www.cfm.co.mz\/"},{"@type":"ListItem","position":2,"name":"Constru\u00e7\u00e3o da primeira Ponte ferrovi\u00e1ria de raiz inicia das m\u00e3os do Ministro dos Transportes e Comunica\u00e7\u00f5es"}]},{"@type":"WebSite","@id":"https:\/\/www.cfm.co.mz\/#website","url":"https:\/\/www.cfm.co.mz\/","name":"CFM - Caminhos De Ferros de Mo\u00e7ambique","description":"Ampliando Horizontes","publisher":{"@id":"https:\/\/www.cfm.co.mz\/#organization"},"potentialAction":[{"@type":"SearchAction","target":{"@type":"EntryPoint","urlTemplate":"https:\/\/www.cfm.co.mz\/?s={search_term_string}"},"query-input":{"@type":"PropertyValueSpecification","valueRequired":true,"valueName":"search_term_string"}}],"inLanguage":"en-US"},{"@type":"Organization","@id":"https:\/\/www.cfm.co.mz\/#organization","name":"CFM - Caminhos De Ferros de Mo\u00e7ambique","url":"https:\/\/www.cfm.co.mz\/","logo":{"@type":"ImageObject","inLanguage":"en-US","@id":"https:\/\/www.cfm.co.mz\/#\/schema\/logo\/image\/","url":"https:\/\/www.cfm.co.mz\/wp-content\/uploads\/2025\/07\/be5f0679-4f5b-4d02-9719-a26ceed29162.jpg","contentUrl":"https:\/\/www.cfm.co.mz\/wp-content\/uploads\/2025\/07\/be5f0679-4f5b-4d02-9719-a26ceed29162.jpg","width":400,"height":65,"caption":"CFM - Caminhos De Ferros de Mo\u00e7ambique"},"image":{"@id":"https:\/\/www.cfm.co.mz\/#\/schema\/logo\/image\/"},"sameAs":["https:\/\/www.facebook.com\/CFMMoz","https:\/\/www.linkedin.com\/company\/caminhos-de-ferro-de-moambique\/"]},{"@type":"Person","@id":"https:\/\/www.cfm.co.mz\/#\/schema\/person\/0b8a8b95eb758e200c2a5c3f18b8e5b4","name":"Ad\u00e9lio Dias","image":{"@type":"ImageObject","inLanguage":"en-US","@id":"https:\/\/www.cfm.co.mz\/#\/schema\/person\/image\/","url":"https:\/\/www.cfm.co.mz\/wp-content\/litespeed\/avatar\/9163cd4f0d73475e3a60c657aa28c78c.jpg?ver=1777454719","contentUrl":"https:\/\/www.cfm.co.mz\/wp-content\/litespeed\/avatar\/9163cd4f0d73475e3a60c657aa28c78c.jpg?ver=1777454719","caption":"Ad\u00e9lio Dias"},"url":"https:\/\/www.cfm.co.mz\/en\/author\/adelio-dias\/"}]}},"_links":{"self":[{"href":"https:\/\/www.cfm.co.mz\/en\/wp-json\/wp\/v2\/posts\/8672","targetHints":{"allow":["GET"]}}],"collection":[{"href":"https:\/\/www.cfm.co.mz\/en\/wp-json\/wp\/v2\/posts"}],"about":[{"href":"https:\/\/www.cfm.co.mz\/en\/wp-json\/wp\/v2\/types\/post"}],"author":[{"embeddable":true,"href":"https:\/\/www.cfm.co.mz\/en\/wp-json\/wp\/v2\/users\/91"}],"replies":[{"embeddable":true,"href":"https:\/\/www.cfm.co.mz\/en\/wp-json\/wp\/v2\/comments?post=8672"}],"version-history":[{"count":0,"href":"https:\/\/www.cfm.co.mz\/en\/wp-json\/wp\/v2\/posts\/8672\/revisions"}],"wp:featuredmedia":[{"embeddable":true,"href":"https:\/\/www.cfm.co.mz\/en\/wp-json\/wp\/v2\/media\/8670"}],"wp:attachment":[{"href":"https:\/\/www.cfm.co.mz\/en\/wp-json\/wp\/v2\/media?parent=8672"}],"wp:term":[{"taxonomy":"category","embeddable":true,"href":"https:\/\/www.cfm.co.mz\/en\/wp-json\/wp\/v2\/categories?post=8672"},{"taxonomy":"post_tag","embeddable":true,"href":"https:\/\/www.cfm.co.mz\/en\/wp-json\/wp\/v2\/tags?post=8672"}],"curies":[{"name":"wp","href":"https:\/\/api.w.org\/{rel}","templated":true}]}}