{"id":8669,"date":"2015-07-24T10:23:57","date_gmt":"2015-07-24T10:23:57","guid":{"rendered":"https:\/\/www.cfm.co.mz\/2015\/07\/24\/cfm-instaura-ciclo-de-galardoacoes-aos-trabalhadores\/"},"modified":"2015-07-24T10:23:57","modified_gmt":"2015-07-24T10:23:57","slug":"cfm-instaura-ciclo-de-galardoacoes-aos-trabalhadores","status":"publish","type":"post","link":"https:\/\/www.cfm.co.mz\/en\/2015\/07\/24\/cfm-instaura-ciclo-de-galardoacoes-aos-trabalhadores\/","title":{"rendered":"CFM instaura ciclo de Galardoa\u00e7\u00f5es aos Trabalhadores"},"content":{"rendered":"<p style=\"text-align: justify;\"><a class=\"jcepopup\" type=\"image\" href=\"http:\/\/www.cfm.co.mz\/wp-content\/uploads\/2015\/07\/galardoacao1.jpg\" target=\"_blank\" data-mediabox=\"width[492];height[480]\" rel=\"noopener\"><img fetchpriority=\"high\" decoding=\"async\" style=\"margin-top: 5px; margin-right: 10px; float: left;\" src=\"http:\/\/www.cfm.co.mz\/wp-content\/uploads\/2015\/07\/galardoacao1.jpg\" alt=\"galardoacao1\" width=\"250\" height=\"244\" \/><\/a>O Conselho de Administra\u00e7\u00e3o do CFM iniciou um programa de condecora\u00e7\u00f5es aos trabalhadores que se distinguem na empresa nos v\u00e1rios sectores em que est\u00e3o afectos.<\/p>\n<p><!--more--><\/p>\n<p style=\"text-align: justify;\">Para o efeito, a primeira sess\u00e3o de galardoa\u00e7\u00e3o, aconteceu no passado dia 17 de Julho e permitiu galardoar 8 trabalhadores que ocuparam postos de chefia ao longo destes 40 anos da Independ\u00eancia Nacional.<\/p>\n<p style=\"text-align: justify;\">O primeiro a ser galardoado (a titulo p\u00f3stumo) foi o Eng.&nbsp; Alc\u00e2ntara Santos, que foi Director dos Servi\u00e7os dos Portos, Caminhos de Ferro de Mo\u00e7ambique entre 1976 e 1980. Em seguida, o Dr. Subhaschandra M. Bhatt,&nbsp; ocupou o posto de Director Nacional, de 1980 a 1981; O Eng. Fernando Ferreira Mendes, Director Nacional, entre 1982 e 1990; O Eng. M\u00e1rio A. Dimande (a titulo p\u00f3stumo), Director Geral, de 1989 a 1994 e Presidente do Conselho de Administra\u00e7\u00e3o (PCA), de 1995 a 1997; O Eng. Rui Fonseca, Presidente do Conselho de Administra\u00e7\u00e3o, de 1997 a 2010; Eng. Ros\u00e1rio Mualeia, Presidente do Conselho de Administra\u00e7\u00e3o de 2010 a 2013; O Eng. Domingos L. Bainha, Administrador Executivo, entre 1995 e 2010; Sr. Gabriel Mabunda, Director de Recursos Humanos entre 1976 e 1978.<\/p>\n<p style=\"text-align: justify;\">Na sua mensagem, o Presidente do Conselho de Administra\u00e7\u00e3o do CFM, Dr. Victor Pedro Gomes referiu que o acto constitui \u201c<strong><em>o reconhecimento da empresa para com trabalhadores que se dedicaram e se esfor\u00e7aram ao longo dos anos, fazendo hist\u00f3ria nesta Empresa que semana passada, dia 8 de Julho, celebrou 120 anos<\/em><\/strong>\u201d. Victor Gomes sublinhou o esfor\u00e7o conjunto de todos os trabalhadores para manter viva a empresa. \u201c<strong><em>Os que foram aqui distinguidos s\u00e3o apenas uma amostra dentro do universo total dos trabalhadores que mais se destacaram nas suas categorias\u2026 Aqui nos Caminhos-de-ferro, ningu\u00e9m caminha sozinho. O que prevalece \u00e9 o esp\u00edrito de trabalho conjunto, do trabalho em equipe, \u00e9 a solidariedade organizacional<\/em><\/strong>\u201d- esclareceu o PCA do CFM.<\/p>\n<p style=\"text-align: justify;\"><a class=\"jcepopup\" type=\"image\" href=\"http:\/\/www.cfm.co.mz\/wp-content\/uploads\/2015\/07\/galardoacao2.jpg\" target=\"_blank\" data-mediabox=\"width[519];height[480]\" rel=\"noopener\"><img decoding=\"async\" style=\"margin-top: 5px; margin-left: 10px; float: right;\" src=\"http:\/\/www.cfm.co.mz\/wp-content\/uploads\/2015\/07\/galardoacao2.jpg\" alt=\"galardoacao2\" width=\"250\" height=\"230\" \/><\/a>A Cerim\u00f3nia esteve enquadrada nas comemora\u00e7\u00f5es dos 120 anos da empresa e contou com a presen\u00e7a do Ministro dos Transportes e Comunica\u00e7\u00f5es, Eng. Carlos Mesquita, que congratulou aos trabalhadores e desafiou para que \u201c<strong><em>esta centen\u00e1ria empresa continue a caminhar, cumprindo, com cada vez maior efic\u00e1cia, o seu papel de dinamizador a economia nacional e regional<\/em><\/strong>\u201d.<\/p>\n<p style=\"text-align: justify;\">Recorde-se que o CFM completou <a href=\"index.php\/pt\/documentos-e-media\/destaques\/242-120-anos-movimentando-pessoas-e-bens\"><span style=\"color: #0066cc;\">120 anos<\/span><\/a> no passado dia 8 de Julho, anivers\u00e1rio que coincidiu, este ano, com as comemora\u00e7\u00f5es dos 40 anos de Independ\u00eancia de Mo\u00e7ambique.<\/p>","protected":false},"excerpt":{"rendered":"<p>O Conselho de Administra\u00e7\u00e3o do CFM iniciou um programa de condecora\u00e7\u00f5es aos trabalhadores que se distinguem na empresa nos v\u00e1rios sectores em que est\u00e3o afectos.<\/p>","protected":false},"author":91,"featured_media":8667,"comment_status":"open","ping_status":"open","sticky":false,"template":"","format":"standard","meta":{"_acf_changed":false,"pgc_sgb_lightbox_settings":"","footnotes":""},"categories":[680],"tags":[],"class_list":["post-8669","post","type-post","status-publish","format-standard","has-post-thumbnail","hentry","category-noticias"],"acf":[],"yoast_head":"<!-- This site is optimized with the Yoast SEO plugin v26.5 - https:\/\/yoast.com\/wordpress\/plugins\/seo\/ -->\n<title>CFM instaura ciclo de Galardoa\u00e7\u00f5es aos Trabalhadores - CFM - Caminhos De Ferros de Mo\u00e7ambique<\/title>\n<meta name=\"robots\" content=\"index, follow, max-snippet:-1, max-image-preview:large, max-video-preview:-1\" \/>\n<link rel=\"canonical\" href=\"https:\/\/www.cfm.co.mz\/en\/2015\/07\/24\/cfm-instaura-ciclo-de-galardoacoes-aos-trabalhadores\/\" \/>\n<meta property=\"og:locale\" content=\"en_US\" \/>\n<meta property=\"og:type\" content=\"article\" \/>\n<meta property=\"og:title\" content=\"CFM instaura ciclo de Galardoa\u00e7\u00f5es aos Trabalhadores - CFM - Caminhos De Ferros de Mo\u00e7ambique\" \/>\n<meta property=\"og:description\" content=\"O Conselho de Administra\u00e7\u00e3o do CFM iniciou um programa de condecora\u00e7\u00f5es aos trabalhadores que se distinguem na empresa nos v\u00e1rios sectores em que est\u00e3o afectos.\" \/>\n<meta property=\"og:url\" content=\"https:\/\/www.cfm.co.mz\/en\/2015\/07\/24\/cfm-instaura-ciclo-de-galardoacoes-aos-trabalhadores\/\" \/>\n<meta property=\"og:site_name\" content=\"CFM - Caminhos De Ferros de Mo\u00e7ambique\" \/>\n<meta property=\"article:publisher\" content=\"https:\/\/www.facebook.com\/CFMMoz\" \/>\n<meta property=\"article:published_time\" content=\"2015-07-24T10:23:57+00:00\" \/>\n<meta property=\"og:image\" content=\"https:\/\/www.cfm.co.mz\/wp-content\/uploads\/2015\/07\/galardoacao1.jpg\" \/>\n\t<meta property=\"og:image:width\" content=\"492\" \/>\n\t<meta property=\"og:image:height\" content=\"480\" \/>\n\t<meta property=\"og:image:type\" content=\"image\/jpeg\" \/>\n<meta name=\"author\" content=\"Ad\u00e9lio Dias\" \/>\n<meta name=\"twitter:card\" content=\"summary_large_image\" \/>\n<meta name=\"twitter:label1\" content=\"Written by\" \/>\n\t<meta name=\"twitter:data1\" content=\"Ad\u00e9lio Dias\" \/>\n\t<meta name=\"twitter:label2\" content=\"Est. reading time\" \/>\n\t<meta name=\"twitter:data2\" content=\"2 minutes\" \/>\n<script type=\"application\/ld+json\" class=\"yoast-schema-graph\">{\"@context\":\"https:\/\/schema.org\",\"@graph\":[{\"@type\":\"Article\",\"@id\":\"https:\/\/www.cfm.co.mz\/2015\/07\/24\/cfm-instaura-ciclo-de-galardoacoes-aos-trabalhadores\/#article\",\"isPartOf\":{\"@id\":\"https:\/\/www.cfm.co.mz\/2015\/07\/24\/cfm-instaura-ciclo-de-galardoacoes-aos-trabalhadores\/\"},\"author\":{\"name\":\"Ad\u00e9lio Dias\",\"@id\":\"https:\/\/www.cfm.co.mz\/#\/schema\/person\/0b8a8b95eb758e200c2a5c3f18b8e5b4\"},\"headline\":\"CFM instaura ciclo de Galardoa\u00e7\u00f5es aos Trabalhadores\",\"datePublished\":\"2015-07-24T10:23:57+00:00\",\"mainEntityOfPage\":{\"@id\":\"https:\/\/www.cfm.co.mz\/2015\/07\/24\/cfm-instaura-ciclo-de-galardoacoes-aos-trabalhadores\/\"},\"wordCount\":402,\"commentCount\":0,\"publisher\":{\"@id\":\"https:\/\/www.cfm.co.mz\/#organization\"},\"image\":{\"@id\":\"https:\/\/www.cfm.co.mz\/2015\/07\/24\/cfm-instaura-ciclo-de-galardoacoes-aos-trabalhadores\/#primaryimage\"},\"thumbnailUrl\":\"https:\/\/www.cfm.co.mz\/wp-content\/uploads\/2015\/07\/galardoacao1.jpg\",\"articleSection\":[\"Noticias\"],\"inLanguage\":\"en-US\",\"potentialAction\":[{\"@type\":\"CommentAction\",\"name\":\"Comment\",\"target\":[\"https:\/\/www.cfm.co.mz\/2015\/07\/24\/cfm-instaura-ciclo-de-galardoacoes-aos-trabalhadores\/#respond\"]}]},{\"@type\":\"WebPage\",\"@id\":\"https:\/\/www.cfm.co.mz\/2015\/07\/24\/cfm-instaura-ciclo-de-galardoacoes-aos-trabalhadores\/\",\"url\":\"https:\/\/www.cfm.co.mz\/2015\/07\/24\/cfm-instaura-ciclo-de-galardoacoes-aos-trabalhadores\/\",\"name\":\"CFM instaura ciclo de Galardoa\u00e7\u00f5es aos Trabalhadores - CFM - Caminhos De Ferros de Mo\u00e7ambique\",\"isPartOf\":{\"@id\":\"https:\/\/www.cfm.co.mz\/#website\"},\"primaryImageOfPage\":{\"@id\":\"https:\/\/www.cfm.co.mz\/2015\/07\/24\/cfm-instaura-ciclo-de-galardoacoes-aos-trabalhadores\/#primaryimage\"},\"image\":{\"@id\":\"https:\/\/www.cfm.co.mz\/2015\/07\/24\/cfm-instaura-ciclo-de-galardoacoes-aos-trabalhadores\/#primaryimage\"},\"thumbnailUrl\":\"https:\/\/www.cfm.co.mz\/wp-content\/uploads\/2015\/07\/galardoacao1.jpg\",\"datePublished\":\"2015-07-24T10:23:57+00:00\",\"breadcrumb\":{\"@id\":\"https:\/\/www.cfm.co.mz\/2015\/07\/24\/cfm-instaura-ciclo-de-galardoacoes-aos-trabalhadores\/#breadcrumb\"},\"inLanguage\":\"en-US\",\"potentialAction\":[{\"@type\":\"ReadAction\",\"target\":[\"https:\/\/www.cfm.co.mz\/2015\/07\/24\/cfm-instaura-ciclo-de-galardoacoes-aos-trabalhadores\/\"]}]},{\"@type\":\"ImageObject\",\"inLanguage\":\"en-US\",\"@id\":\"https:\/\/www.cfm.co.mz\/2015\/07\/24\/cfm-instaura-ciclo-de-galardoacoes-aos-trabalhadores\/#primaryimage\",\"url\":\"https:\/\/www.cfm.co.mz\/wp-content\/uploads\/2015\/07\/galardoacao1.jpg\",\"contentUrl\":\"https:\/\/www.cfm.co.mz\/wp-content\/uploads\/2015\/07\/galardoacao1.jpg\",\"width\":492,\"height\":480,\"caption\":\"galardoacao1\"},{\"@type\":\"BreadcrumbList\",\"@id\":\"https:\/\/www.cfm.co.mz\/2015\/07\/24\/cfm-instaura-ciclo-de-galardoacoes-aos-trabalhadores\/#breadcrumb\",\"itemListElement\":[{\"@type\":\"ListItem\",\"position\":1,\"name\":\"Home\",\"item\":\"https:\/\/www.cfm.co.mz\/\"},{\"@type\":\"ListItem\",\"position\":2,\"name\":\"CFM instaura ciclo de Galardoa\u00e7\u00f5es aos Trabalhadores\"}]},{\"@type\":\"WebSite\",\"@id\":\"https:\/\/www.cfm.co.mz\/#website\",\"url\":\"https:\/\/www.cfm.co.mz\/\",\"name\":\"CFM - Caminhos De Ferros de Mo\u00e7ambique\",\"description\":\"Ampliando Horizontes\",\"publisher\":{\"@id\":\"https:\/\/www.cfm.co.mz\/#organization\"},\"potentialAction\":[{\"@type\":\"SearchAction\",\"target\":{\"@type\":\"EntryPoint\",\"urlTemplate\":\"https:\/\/www.cfm.co.mz\/?s={search_term_string}\"},\"query-input\":{\"@type\":\"PropertyValueSpecification\",\"valueRequired\":true,\"valueName\":\"search_term_string\"}}],\"inLanguage\":\"en-US\"},{\"@type\":\"Organization\",\"@id\":\"https:\/\/www.cfm.co.mz\/#organization\",\"name\":\"CFM - Caminhos De Ferros de Mo\u00e7ambique\",\"url\":\"https:\/\/www.cfm.co.mz\/\",\"logo\":{\"@type\":\"ImageObject\",\"inLanguage\":\"en-US\",\"@id\":\"https:\/\/www.cfm.co.mz\/#\/schema\/logo\/image\/\",\"url\":\"https:\/\/www.cfm.co.mz\/wp-content\/uploads\/2025\/07\/be5f0679-4f5b-4d02-9719-a26ceed29162.jpg\",\"contentUrl\":\"https:\/\/www.cfm.co.mz\/wp-content\/uploads\/2025\/07\/be5f0679-4f5b-4d02-9719-a26ceed29162.jpg\",\"width\":400,\"height\":65,\"caption\":\"CFM - Caminhos De Ferros de Mo\u00e7ambique\"},\"image\":{\"@id\":\"https:\/\/www.cfm.co.mz\/#\/schema\/logo\/image\/\"},\"sameAs\":[\"https:\/\/www.facebook.com\/CFMMoz\",\"https:\/\/www.linkedin.com\/company\/caminhos-de-ferro-de-moambique\/\"]},{\"@type\":\"Person\",\"@id\":\"https:\/\/www.cfm.co.mz\/#\/schema\/person\/0b8a8b95eb758e200c2a5c3f18b8e5b4\",\"name\":\"Ad\u00e9lio Dias\",\"image\":{\"@type\":\"ImageObject\",\"inLanguage\":\"en-US\",\"@id\":\"https:\/\/www.cfm.co.mz\/#\/schema\/person\/image\/\",\"url\":\"https:\/\/www.cfm.co.mz\/wp-content\/litespeed\/avatar\/9163cd4f0d73475e3a60c657aa28c78c.jpg?ver=1777454719\",\"contentUrl\":\"https:\/\/www.cfm.co.mz\/wp-content\/litespeed\/avatar\/9163cd4f0d73475e3a60c657aa28c78c.jpg?ver=1777454719\",\"caption\":\"Ad\u00e9lio Dias\"},\"url\":\"https:\/\/www.cfm.co.mz\/en\/author\/adelio-dias\/\"}]}<\/script>\n<!-- \/ Yoast SEO plugin. -->","yoast_head_json":{"title":"CFM instaura ciclo de Galardoa\u00e7\u00f5es aos Trabalhadores - CFM - Caminhos De Ferros de Mo\u00e7ambique","robots":{"index":"index","follow":"follow","max-snippet":"max-snippet:-1","max-image-preview":"max-image-preview:large","max-video-preview":"max-video-preview:-1"},"canonical":"https:\/\/www.cfm.co.mz\/en\/2015\/07\/24\/cfm-instaura-ciclo-de-galardoacoes-aos-trabalhadores\/","og_locale":"en_US","og_type":"article","og_title":"CFM instaura ciclo de Galardoa\u00e7\u00f5es aos Trabalhadores - CFM - Caminhos De Ferros de Mo\u00e7ambique","og_description":"O Conselho de Administra\u00e7\u00e3o do CFM iniciou um programa de condecora\u00e7\u00f5es aos trabalhadores que se distinguem na empresa nos v\u00e1rios sectores em que est\u00e3o afectos.","og_url":"https:\/\/www.cfm.co.mz\/en\/2015\/07\/24\/cfm-instaura-ciclo-de-galardoacoes-aos-trabalhadores\/","og_site_name":"CFM - Caminhos De Ferros de Mo\u00e7ambique","article_publisher":"https:\/\/www.facebook.com\/CFMMoz","article_published_time":"2015-07-24T10:23:57+00:00","og_image":[{"width":492,"height":480,"url":"https:\/\/www.cfm.co.mz\/wp-content\/uploads\/2015\/07\/galardoacao1.jpg","type":"image\/jpeg"}],"author":"Ad\u00e9lio Dias","twitter_card":"summary_large_image","twitter_misc":{"Written by":"Ad\u00e9lio Dias","Est. reading time":"2 minutes"},"schema":{"@context":"https:\/\/schema.org","@graph":[{"@type":"Article","@id":"https:\/\/www.cfm.co.mz\/2015\/07\/24\/cfm-instaura-ciclo-de-galardoacoes-aos-trabalhadores\/#article","isPartOf":{"@id":"https:\/\/www.cfm.co.mz\/2015\/07\/24\/cfm-instaura-ciclo-de-galardoacoes-aos-trabalhadores\/"},"author":{"name":"Ad\u00e9lio Dias","@id":"https:\/\/www.cfm.co.mz\/#\/schema\/person\/0b8a8b95eb758e200c2a5c3f18b8e5b4"},"headline":"CFM instaura ciclo de Galardoa\u00e7\u00f5es aos Trabalhadores","datePublished":"2015-07-24T10:23:57+00:00","mainEntityOfPage":{"@id":"https:\/\/www.cfm.co.mz\/2015\/07\/24\/cfm-instaura-ciclo-de-galardoacoes-aos-trabalhadores\/"},"wordCount":402,"commentCount":0,"publisher":{"@id":"https:\/\/www.cfm.co.mz\/#organization"},"image":{"@id":"https:\/\/www.cfm.co.mz\/2015\/07\/24\/cfm-instaura-ciclo-de-galardoacoes-aos-trabalhadores\/#primaryimage"},"thumbnailUrl":"https:\/\/www.cfm.co.mz\/wp-content\/uploads\/2015\/07\/galardoacao1.jpg","articleSection":["Noticias"],"inLanguage":"en-US","potentialAction":[{"@type":"CommentAction","name":"Comment","target":["https:\/\/www.cfm.co.mz\/2015\/07\/24\/cfm-instaura-ciclo-de-galardoacoes-aos-trabalhadores\/#respond"]}]},{"@type":"WebPage","@id":"https:\/\/www.cfm.co.mz\/2015\/07\/24\/cfm-instaura-ciclo-de-galardoacoes-aos-trabalhadores\/","url":"https:\/\/www.cfm.co.mz\/2015\/07\/24\/cfm-instaura-ciclo-de-galardoacoes-aos-trabalhadores\/","name":"CFM instaura ciclo de Galardoa\u00e7\u00f5es aos Trabalhadores - CFM - Caminhos De Ferros de Mo\u00e7ambique","isPartOf":{"@id":"https:\/\/www.cfm.co.mz\/#website"},"primaryImageOfPage":{"@id":"https:\/\/www.cfm.co.mz\/2015\/07\/24\/cfm-instaura-ciclo-de-galardoacoes-aos-trabalhadores\/#primaryimage"},"image":{"@id":"https:\/\/www.cfm.co.mz\/2015\/07\/24\/cfm-instaura-ciclo-de-galardoacoes-aos-trabalhadores\/#primaryimage"},"thumbnailUrl":"https:\/\/www.cfm.co.mz\/wp-content\/uploads\/2015\/07\/galardoacao1.jpg","datePublished":"2015-07-24T10:23:57+00:00","breadcrumb":{"@id":"https:\/\/www.cfm.co.mz\/2015\/07\/24\/cfm-instaura-ciclo-de-galardoacoes-aos-trabalhadores\/#breadcrumb"},"inLanguage":"en-US","potentialAction":[{"@type":"ReadAction","target":["https:\/\/www.cfm.co.mz\/2015\/07\/24\/cfm-instaura-ciclo-de-galardoacoes-aos-trabalhadores\/"]}]},{"@type":"ImageObject","inLanguage":"en-US","@id":"https:\/\/www.cfm.co.mz\/2015\/07\/24\/cfm-instaura-ciclo-de-galardoacoes-aos-trabalhadores\/#primaryimage","url":"https:\/\/www.cfm.co.mz\/wp-content\/uploads\/2015\/07\/galardoacao1.jpg","contentUrl":"https:\/\/www.cfm.co.mz\/wp-content\/uploads\/2015\/07\/galardoacao1.jpg","width":492,"height":480,"caption":"galardoacao1"},{"@type":"BreadcrumbList","@id":"https:\/\/www.cfm.co.mz\/2015\/07\/24\/cfm-instaura-ciclo-de-galardoacoes-aos-trabalhadores\/#breadcrumb","itemListElement":[{"@type":"ListItem","position":1,"name":"Home","item":"https:\/\/www.cfm.co.mz\/"},{"@type":"ListItem","position":2,"name":"CFM instaura ciclo de Galardoa\u00e7\u00f5es aos Trabalhadores"}]},{"@type":"WebSite","@id":"https:\/\/www.cfm.co.mz\/#website","url":"https:\/\/www.cfm.co.mz\/","name":"CFM - Caminhos De Ferros de Mo\u00e7ambique","description":"Ampliando Horizontes","publisher":{"@id":"https:\/\/www.cfm.co.mz\/#organization"},"potentialAction":[{"@type":"SearchAction","target":{"@type":"EntryPoint","urlTemplate":"https:\/\/www.cfm.co.mz\/?s={search_term_string}"},"query-input":{"@type":"PropertyValueSpecification","valueRequired":true,"valueName":"search_term_string"}}],"inLanguage":"en-US"},{"@type":"Organization","@id":"https:\/\/www.cfm.co.mz\/#organization","name":"CFM - Caminhos De Ferros de Mo\u00e7ambique","url":"https:\/\/www.cfm.co.mz\/","logo":{"@type":"ImageObject","inLanguage":"en-US","@id":"https:\/\/www.cfm.co.mz\/#\/schema\/logo\/image\/","url":"https:\/\/www.cfm.co.mz\/wp-content\/uploads\/2025\/07\/be5f0679-4f5b-4d02-9719-a26ceed29162.jpg","contentUrl":"https:\/\/www.cfm.co.mz\/wp-content\/uploads\/2025\/07\/be5f0679-4f5b-4d02-9719-a26ceed29162.jpg","width":400,"height":65,"caption":"CFM - Caminhos De Ferros de Mo\u00e7ambique"},"image":{"@id":"https:\/\/www.cfm.co.mz\/#\/schema\/logo\/image\/"},"sameAs":["https:\/\/www.facebook.com\/CFMMoz","https:\/\/www.linkedin.com\/company\/caminhos-de-ferro-de-moambique\/"]},{"@type":"Person","@id":"https:\/\/www.cfm.co.mz\/#\/schema\/person\/0b8a8b95eb758e200c2a5c3f18b8e5b4","name":"Ad\u00e9lio Dias","image":{"@type":"ImageObject","inLanguage":"en-US","@id":"https:\/\/www.cfm.co.mz\/#\/schema\/person\/image\/","url":"https:\/\/www.cfm.co.mz\/wp-content\/litespeed\/avatar\/9163cd4f0d73475e3a60c657aa28c78c.jpg?ver=1777454719","contentUrl":"https:\/\/www.cfm.co.mz\/wp-content\/litespeed\/avatar\/9163cd4f0d73475e3a60c657aa28c78c.jpg?ver=1777454719","caption":"Ad\u00e9lio Dias"},"url":"https:\/\/www.cfm.co.mz\/en\/author\/adelio-dias\/"}]}},"_links":{"self":[{"href":"https:\/\/www.cfm.co.mz\/en\/wp-json\/wp\/v2\/posts\/8669","targetHints":{"allow":["GET"]}}],"collection":[{"href":"https:\/\/www.cfm.co.mz\/en\/wp-json\/wp\/v2\/posts"}],"about":[{"href":"https:\/\/www.cfm.co.mz\/en\/wp-json\/wp\/v2\/types\/post"}],"author":[{"embeddable":true,"href":"https:\/\/www.cfm.co.mz\/en\/wp-json\/wp\/v2\/users\/91"}],"replies":[{"embeddable":true,"href":"https:\/\/www.cfm.co.mz\/en\/wp-json\/wp\/v2\/comments?post=8669"}],"version-history":[{"count":0,"href":"https:\/\/www.cfm.co.mz\/en\/wp-json\/wp\/v2\/posts\/8669\/revisions"}],"wp:featuredmedia":[{"embeddable":true,"href":"https:\/\/www.cfm.co.mz\/en\/wp-json\/wp\/v2\/media\/8667"}],"wp:attachment":[{"href":"https:\/\/www.cfm.co.mz\/en\/wp-json\/wp\/v2\/media?parent=8669"}],"wp:term":[{"taxonomy":"category","embeddable":true,"href":"https:\/\/www.cfm.co.mz\/en\/wp-json\/wp\/v2\/categories?post=8669"},{"taxonomy":"post_tag","embeddable":true,"href":"https:\/\/www.cfm.co.mz\/en\/wp-json\/wp\/v2\/tags?post=8669"}],"curies":[{"name":"wp","href":"https:\/\/api.w.org\/{rel}","templated":true}]}}