{"id":8664,"date":"2015-07-08T14:43:44","date_gmt":"2015-07-08T14:43:44","guid":{"rendered":"https:\/\/www.cfm.co.mz\/2015\/07\/08\/120-anos-movimentando-pessoas-e-bens\/"},"modified":"2015-07-08T14:43:44","modified_gmt":"2015-07-08T14:43:44","slug":"120-anos-movimentando-pessoas-e-bens","status":"publish","type":"post","link":"https:\/\/www.cfm.co.mz\/en\/2015\/07\/08\/120-anos-movimentando-pessoas-e-bens\/","title":{"rendered":"120 Anos Movimentando Pessoas e Bens"},"content":{"rendered":"<p style=\"text-align: justify;\"><a class=\"jcepopup\" type=\"image\" href=\"http:\/\/www.cfm.co.mz\/wp-content\/uploads\/2015\/07\/CFM-120anos.jpg\" target=\"_blank\" data-mediabox=\"width[617];height[862]\" rel=\"noopener\"><img decoding=\"async\" style=\"margin-top: 5px; margin-right: 10px; float: left;\" src=\"http:\/\/www.cfm.co.mz\/wp-content\/uploads\/2015\/07\/CFM-120anos.jpg\" alt=\"CFM-120anos\" width=\"100\" height=\"140\" \/><\/a>Foi exactamente h\u00e1 120 anos que Mo\u00e7ambique come\u00e7ou a explorar as vantagens da sua localiza\u00e7\u00e3o geo-estrat\u00e9gica diante dos pa\u00edses do hinterland, atrav\u00e9s dos Caminhos-de-ferro. Isso mesmo, foi a 8 de Julho de 1895 que o primeiro comboio apitou partindo de Louren\u00e7o Marques \u2013 Lagoa bay (hoje Maputo) com destino a Transvaal &#8211; na \u00c1frica do Sul.<\/p>\n<p><!--more--><\/p>\n<p style=\"text-align: justify;\">A partir dessa data, n\u00e3o mais parou\u2026 constru\u00edram-se outras linhas; tra\u00e7aram-se outros destinos at\u00e9 chegarmos hoje com a cobertura ferrovi\u00e1ria em todo o territ\u00f3rio nacional, que contempla tr\u00eas sistemas, nomeadamente, Norte, Centro e Sul.<\/p>\n<p style=\"text-align: justify;\">O Conselho de Administra\u00e7\u00e3o do CFM dedica hoje esta&nbsp;p\u00e1gina de Internet&nbsp;<strong>a todos os trabalhadores da empresa cuja hist\u00f3ria de heroicidade se confunde com a traject\u00f3ria da constru\u00e7\u00e3o da na\u00e7\u00e3o mo\u00e7ambicana.<\/strong><\/p>\n<p style=\"text-align: justify;\"><a class=\"jcepopup\" type=\"image\" href=\"http:\/\/www.cfm.co.mz\/wp-content\/uploads\/2015\/07\/parabens-aos-trabalhadores.jpg\" target=\"_blank\" data-mediabox=\"width[996];height[768]\" rel=\"noopener\"><img fetchpriority=\"high\" decoding=\"async\" style=\"margin-top: 5px; margin-left: 10px; float: right;\" src=\"http:\/\/www.cfm.co.mz\/wp-content\/uploads\/2015\/07\/parabens-aos-trabalhadores.jpg\" alt=\"parabens aos trabalhadores\" width=\"300\" height=\"210\" \/><\/a>Os Caminhos de Ferro de Mo\u00e7ambique contribu\u00edram na penetra\u00e7\u00e3o ao interior, atrav\u00e9s da liga\u00e7\u00e3o rodovi\u00e1ria e no provimento dos transportes em Mo\u00e7ambique, nos anos 1930, com a cria\u00e7\u00e3o da Camionagem Autom\u00f3vel. Do mesmo modo, os CFM est\u00e3o na origem da ind\u00fastria da avia\u00e7\u00e3o civil em Mo\u00e7ambique, com a cria\u00e7\u00e3o, em meados da d\u00e9cada de 30, do S\u00e9culo passado, da Ex-DETA&nbsp; (Divis\u00e3o de Explora\u00e7\u00e3o dos Transportes A\u00e9reos), que mais tarde se transformou em LAM (Linhas A\u00e9reas de Mo\u00e7ambique).<\/p>\n<p style=\"text-align: justify;\">&nbsp;<\/p>\n<p style=\"text-align: justify;\"><a class=\"jcepopup\" type=\"image\" href=\"http:\/\/www.cfm.co.mz\/wp-content\/uploads\/2014\/02\/terminalcombustiveismaputo.jpg\" target=\"_blank\" data-mediabox=\"width[448];height[329]\" rel=\"noopener\"><img decoding=\"async\" style=\"margin-top: 5px; margin-right: 10px; float: left;\" src=\"http:\/\/www.cfm.co.mz\/wp-content\/uploads\/2014\/02\/terminalcombustiveismaputo.jpg\" alt=\"terminalcombustiveismaputo\" width=\"300\" height=\"220\" \/><\/a>A nossa empresa vive, hoje, um novo contexto caracterizado por uma transforma\u00e7\u00e3o estrutural profunda, onde operadores privados, nacionais e estrangeiros, d\u00e3o a sua participa\u00e7\u00e3o ao sistema acompanhando a din\u00e2mica do crescimento econ\u00f3mico do Pa\u00eds perante os desafios do futuro.<\/p>\n<p style=\"text-align: justify;\">O nosso anivers\u00e1rio dos 120 anos coincide com os 40 anos da Independ\u00eancia nacional, facto que nos enobrece pois sentimo-nos, \u00e0 semelhan\u00e7a dos outros, parte da hist\u00f3ria de Mo\u00e7ambique. Em 40 anos de Independ\u00eancia Nacional, fomos construindo a Na\u00e7\u00e3o atrav\u00e9s das ferrovias e rede portu\u00e1ria.<\/p>\n<p style=\"text-align: justify;\"><a class=\"jcepopup\" type=\"image\" href=\"http:\/\/www.cfm.co.mz\/wp-content\/uploads\/2015\/07\/ultimo-pagrafo.JPG\" target=\"_blank\" data-mediabox=\"width[680];height[1024]\" rel=\"noopener\"><img loading=\"lazy\" decoding=\"async\" style=\"margin-top: 5px; margin-left: 10px; float: right;\" src=\"http:\/\/www.cfm.co.mz\/wp-content\/uploads\/2015\/07\/ultimo-pagrafo.JPG\" alt=\"ultimo pagrafo\" width=\"150\" height=\"175\" \/><\/a><em><strong>Parab\u00e9ns aos CFM!;<\/strong><\/em><br \/>Parab\u00e9ns aos seus Trabalhadores! Que a hist\u00f3ria, parafraseando o Presidente da Rep\u00fablica, \u201c<strong><em>continue a acontecer nos Portos e Caminhos de Ferro de Mo\u00e7ambique e seja sempre presenciada e sirva de refer\u00eancia\u201d.<\/em><\/strong><\/p>\n<p style=\"text-align: justify;\">Para celebrar a efem\u00e9ride, para al\u00e9m da Galardoa\u00e7\u00e3o dos Trabalhadores que se distinguiram no CFM nas v\u00e1rias frentes de trabalho, o&nbsp;Museu do CFM preparou uma s\u00e9rie de actividades das quais se incluem visita guiada aos trabalhadores, para que estes rememorem a hist\u00f3ria da empresa atrav\u00e9s de imagens iconogr\u00e1ficas.<\/p>","protected":false},"excerpt":{"rendered":"<p>Foi exactamente h\u00e1 120 anos que Mo\u00e7ambique come\u00e7ou a explorar as vantagens da sua localiza\u00e7\u00e3o geo-estrat\u00e9gica diante dos pa\u00edses do hinterland, atrav\u00e9s dos Caminhos-de-ferro. Isso mesmo, foi a 8 de Julho de 1895 que o primeiro comboio apitou partindo de Louren\u00e7o Marques \u2013 Lagoa bay (hoje Maputo) com destino a Transvaal &#8211; na \u00c1frica do Sul.<\/p>","protected":false},"author":91,"featured_media":8661,"comment_status":"open","ping_status":"open","sticky":false,"template":"","format":"standard","meta":{"_acf_changed":false,"pgc_sgb_lightbox_settings":"","footnotes":""},"categories":[680],"tags":[],"class_list":["post-8664","post","type-post","status-publish","format-standard","has-post-thumbnail","hentry","category-noticias"],"acf":[],"yoast_head":"<!-- This site is optimized with the Yoast SEO plugin v26.5 - https:\/\/yoast.com\/wordpress\/plugins\/seo\/ -->\n<title>120 Anos Movimentando Pessoas e Bens - CFM - Caminhos De Ferros de Mo\u00e7ambique<\/title>\n<meta name=\"robots\" content=\"index, follow, max-snippet:-1, max-image-preview:large, max-video-preview:-1\" \/>\n<link rel=\"canonical\" href=\"https:\/\/www.cfm.co.mz\/en\/2015\/07\/08\/120-anos-movimentando-pessoas-e-bens\/\" \/>\n<meta property=\"og:locale\" content=\"en_US\" \/>\n<meta property=\"og:type\" content=\"article\" \/>\n<meta property=\"og:title\" content=\"120 Anos Movimentando Pessoas e Bens - CFM - Caminhos De Ferros de Mo\u00e7ambique\" \/>\n<meta property=\"og:description\" content=\"Foi exactamente h\u00e1 120 anos que Mo\u00e7ambique come\u00e7ou a explorar as vantagens da sua localiza\u00e7\u00e3o geo-estrat\u00e9gica diante dos pa\u00edses do hinterland, atrav\u00e9s dos Caminhos-de-ferro. Isso mesmo, foi a 8 de Julho de 1895 que o primeiro comboio apitou partindo de Louren\u00e7o Marques \u2013 Lagoa bay (hoje Maputo) com destino a Transvaal &#8211; na \u00c1frica do Sul.\" \/>\n<meta property=\"og:url\" content=\"https:\/\/www.cfm.co.mz\/en\/2015\/07\/08\/120-anos-movimentando-pessoas-e-bens\/\" \/>\n<meta property=\"og:site_name\" content=\"CFM - Caminhos De Ferros de Mo\u00e7ambique\" \/>\n<meta property=\"article:publisher\" content=\"https:\/\/www.facebook.com\/CFMMoz\" \/>\n<meta property=\"article:published_time\" content=\"2015-07-08T14:43:44+00:00\" \/>\n<meta property=\"og:image\" content=\"https:\/\/www.cfm.co.mz\/wp-content\/uploads\/2015\/07\/CFM-120anos.jpg\" \/>\n\t<meta property=\"og:image:width\" content=\"617\" \/>\n\t<meta property=\"og:image:height\" content=\"862\" \/>\n\t<meta property=\"og:image:type\" content=\"image\/jpeg\" \/>\n<meta name=\"author\" content=\"Ad\u00e9lio Dias\" \/>\n<meta name=\"twitter:card\" content=\"summary_large_image\" \/>\n<meta name=\"twitter:label1\" content=\"Written by\" \/>\n\t<meta name=\"twitter:data1\" content=\"Ad\u00e9lio Dias\" \/>\n\t<meta name=\"twitter:label2\" content=\"Est. reading time\" \/>\n\t<meta name=\"twitter:data2\" content=\"2 minutes\" \/>\n<script type=\"application\/ld+json\" class=\"yoast-schema-graph\">{\"@context\":\"https:\/\/schema.org\",\"@graph\":[{\"@type\":\"Article\",\"@id\":\"https:\/\/www.cfm.co.mz\/2015\/07\/08\/120-anos-movimentando-pessoas-e-bens\/#article\",\"isPartOf\":{\"@id\":\"https:\/\/www.cfm.co.mz\/2015\/07\/08\/120-anos-movimentando-pessoas-e-bens\/\"},\"author\":{\"name\":\"Ad\u00e9lio Dias\",\"@id\":\"https:\/\/www.cfm.co.mz\/#\/schema\/person\/0b8a8b95eb758e200c2a5c3f18b8e5b4\"},\"headline\":\"120 Anos Movimentando Pessoas e Bens\",\"datePublished\":\"2015-07-08T14:43:44+00:00\",\"mainEntityOfPage\":{\"@id\":\"https:\/\/www.cfm.co.mz\/2015\/07\/08\/120-anos-movimentando-pessoas-e-bens\/\"},\"wordCount\":436,\"commentCount\":0,\"publisher\":{\"@id\":\"https:\/\/www.cfm.co.mz\/#organization\"},\"image\":{\"@id\":\"https:\/\/www.cfm.co.mz\/2015\/07\/08\/120-anos-movimentando-pessoas-e-bens\/#primaryimage\"},\"thumbnailUrl\":\"https:\/\/www.cfm.co.mz\/wp-content\/uploads\/2015\/07\/CFM-120anos.jpg\",\"articleSection\":[\"Noticias\"],\"inLanguage\":\"en-US\",\"potentialAction\":[{\"@type\":\"CommentAction\",\"name\":\"Comment\",\"target\":[\"https:\/\/www.cfm.co.mz\/2015\/07\/08\/120-anos-movimentando-pessoas-e-bens\/#respond\"]}]},{\"@type\":\"WebPage\",\"@id\":\"https:\/\/www.cfm.co.mz\/2015\/07\/08\/120-anos-movimentando-pessoas-e-bens\/\",\"url\":\"https:\/\/www.cfm.co.mz\/2015\/07\/08\/120-anos-movimentando-pessoas-e-bens\/\",\"name\":\"120 Anos Movimentando Pessoas e Bens - CFM - Caminhos De Ferros de Mo\u00e7ambique\",\"isPartOf\":{\"@id\":\"https:\/\/www.cfm.co.mz\/#website\"},\"primaryImageOfPage\":{\"@id\":\"https:\/\/www.cfm.co.mz\/2015\/07\/08\/120-anos-movimentando-pessoas-e-bens\/#primaryimage\"},\"image\":{\"@id\":\"https:\/\/www.cfm.co.mz\/2015\/07\/08\/120-anos-movimentando-pessoas-e-bens\/#primaryimage\"},\"thumbnailUrl\":\"https:\/\/www.cfm.co.mz\/wp-content\/uploads\/2015\/07\/CFM-120anos.jpg\",\"datePublished\":\"2015-07-08T14:43:44+00:00\",\"breadcrumb\":{\"@id\":\"https:\/\/www.cfm.co.mz\/2015\/07\/08\/120-anos-movimentando-pessoas-e-bens\/#breadcrumb\"},\"inLanguage\":\"en-US\",\"potentialAction\":[{\"@type\":\"ReadAction\",\"target\":[\"https:\/\/www.cfm.co.mz\/2015\/07\/08\/120-anos-movimentando-pessoas-e-bens\/\"]}]},{\"@type\":\"ImageObject\",\"inLanguage\":\"en-US\",\"@id\":\"https:\/\/www.cfm.co.mz\/2015\/07\/08\/120-anos-movimentando-pessoas-e-bens\/#primaryimage\",\"url\":\"https:\/\/www.cfm.co.mz\/wp-content\/uploads\/2015\/07\/CFM-120anos.jpg\",\"contentUrl\":\"https:\/\/www.cfm.co.mz\/wp-content\/uploads\/2015\/07\/CFM-120anos.jpg\",\"width\":617,\"height\":862,\"caption\":\"CFM-120anos\"},{\"@type\":\"BreadcrumbList\",\"@id\":\"https:\/\/www.cfm.co.mz\/2015\/07\/08\/120-anos-movimentando-pessoas-e-bens\/#breadcrumb\",\"itemListElement\":[{\"@type\":\"ListItem\",\"position\":1,\"name\":\"Home\",\"item\":\"https:\/\/www.cfm.co.mz\/\"},{\"@type\":\"ListItem\",\"position\":2,\"name\":\"120 Anos Movimentando Pessoas e Bens\"}]},{\"@type\":\"WebSite\",\"@id\":\"https:\/\/www.cfm.co.mz\/#website\",\"url\":\"https:\/\/www.cfm.co.mz\/\",\"name\":\"CFM - Caminhos De Ferros de Mo\u00e7ambique\",\"description\":\"Ampliando Horizontes\",\"publisher\":{\"@id\":\"https:\/\/www.cfm.co.mz\/#organization\"},\"potentialAction\":[{\"@type\":\"SearchAction\",\"target\":{\"@type\":\"EntryPoint\",\"urlTemplate\":\"https:\/\/www.cfm.co.mz\/?s={search_term_string}\"},\"query-input\":{\"@type\":\"PropertyValueSpecification\",\"valueRequired\":true,\"valueName\":\"search_term_string\"}}],\"inLanguage\":\"en-US\"},{\"@type\":\"Organization\",\"@id\":\"https:\/\/www.cfm.co.mz\/#organization\",\"name\":\"CFM - Caminhos De Ferros de Mo\u00e7ambique\",\"url\":\"https:\/\/www.cfm.co.mz\/\",\"logo\":{\"@type\":\"ImageObject\",\"inLanguage\":\"en-US\",\"@id\":\"https:\/\/www.cfm.co.mz\/#\/schema\/logo\/image\/\",\"url\":\"https:\/\/www.cfm.co.mz\/wp-content\/uploads\/2025\/07\/be5f0679-4f5b-4d02-9719-a26ceed29162.jpg\",\"contentUrl\":\"https:\/\/www.cfm.co.mz\/wp-content\/uploads\/2025\/07\/be5f0679-4f5b-4d02-9719-a26ceed29162.jpg\",\"width\":400,\"height\":65,\"caption\":\"CFM - Caminhos De Ferros de Mo\u00e7ambique\"},\"image\":{\"@id\":\"https:\/\/www.cfm.co.mz\/#\/schema\/logo\/image\/\"},\"sameAs\":[\"https:\/\/www.facebook.com\/CFMMoz\",\"https:\/\/www.linkedin.com\/company\/caminhos-de-ferro-de-moambique\/\"]},{\"@type\":\"Person\",\"@id\":\"https:\/\/www.cfm.co.mz\/#\/schema\/person\/0b8a8b95eb758e200c2a5c3f18b8e5b4\",\"name\":\"Ad\u00e9lio Dias\",\"image\":{\"@type\":\"ImageObject\",\"inLanguage\":\"en-US\",\"@id\":\"https:\/\/www.cfm.co.mz\/#\/schema\/person\/image\/\",\"url\":\"https:\/\/www.cfm.co.mz\/wp-content\/litespeed\/avatar\/9163cd4f0d73475e3a60c657aa28c78c.jpg?ver=1777454719\",\"contentUrl\":\"https:\/\/www.cfm.co.mz\/wp-content\/litespeed\/avatar\/9163cd4f0d73475e3a60c657aa28c78c.jpg?ver=1777454719\",\"caption\":\"Ad\u00e9lio Dias\"},\"url\":\"https:\/\/www.cfm.co.mz\/en\/author\/adelio-dias\/\"}]}<\/script>\n<!-- \/ Yoast SEO plugin. -->","yoast_head_json":{"title":"120 Anos Movimentando Pessoas e Bens - CFM - Caminhos De Ferros de Mo\u00e7ambique","robots":{"index":"index","follow":"follow","max-snippet":"max-snippet:-1","max-image-preview":"max-image-preview:large","max-video-preview":"max-video-preview:-1"},"canonical":"https:\/\/www.cfm.co.mz\/en\/2015\/07\/08\/120-anos-movimentando-pessoas-e-bens\/","og_locale":"en_US","og_type":"article","og_title":"120 Anos Movimentando Pessoas e Bens - CFM - Caminhos De Ferros de Mo\u00e7ambique","og_description":"Foi exactamente h\u00e1 120 anos que Mo\u00e7ambique come\u00e7ou a explorar as vantagens da sua localiza\u00e7\u00e3o geo-estrat\u00e9gica diante dos pa\u00edses do hinterland, atrav\u00e9s dos Caminhos-de-ferro. Isso mesmo, foi a 8 de Julho de 1895 que o primeiro comboio apitou partindo de Louren\u00e7o Marques \u2013 Lagoa bay (hoje Maputo) com destino a Transvaal &#8211; na \u00c1frica do Sul.","og_url":"https:\/\/www.cfm.co.mz\/en\/2015\/07\/08\/120-anos-movimentando-pessoas-e-bens\/","og_site_name":"CFM - Caminhos De Ferros de Mo\u00e7ambique","article_publisher":"https:\/\/www.facebook.com\/CFMMoz","article_published_time":"2015-07-08T14:43:44+00:00","og_image":[{"width":617,"height":862,"url":"https:\/\/www.cfm.co.mz\/wp-content\/uploads\/2015\/07\/CFM-120anos.jpg","type":"image\/jpeg"}],"author":"Ad\u00e9lio Dias","twitter_card":"summary_large_image","twitter_misc":{"Written by":"Ad\u00e9lio Dias","Est. reading time":"2 minutes"},"schema":{"@context":"https:\/\/schema.org","@graph":[{"@type":"Article","@id":"https:\/\/www.cfm.co.mz\/2015\/07\/08\/120-anos-movimentando-pessoas-e-bens\/#article","isPartOf":{"@id":"https:\/\/www.cfm.co.mz\/2015\/07\/08\/120-anos-movimentando-pessoas-e-bens\/"},"author":{"name":"Ad\u00e9lio Dias","@id":"https:\/\/www.cfm.co.mz\/#\/schema\/person\/0b8a8b95eb758e200c2a5c3f18b8e5b4"},"headline":"120 Anos Movimentando Pessoas e Bens","datePublished":"2015-07-08T14:43:44+00:00","mainEntityOfPage":{"@id":"https:\/\/www.cfm.co.mz\/2015\/07\/08\/120-anos-movimentando-pessoas-e-bens\/"},"wordCount":436,"commentCount":0,"publisher":{"@id":"https:\/\/www.cfm.co.mz\/#organization"},"image":{"@id":"https:\/\/www.cfm.co.mz\/2015\/07\/08\/120-anos-movimentando-pessoas-e-bens\/#primaryimage"},"thumbnailUrl":"https:\/\/www.cfm.co.mz\/wp-content\/uploads\/2015\/07\/CFM-120anos.jpg","articleSection":["Noticias"],"inLanguage":"en-US","potentialAction":[{"@type":"CommentAction","name":"Comment","target":["https:\/\/www.cfm.co.mz\/2015\/07\/08\/120-anos-movimentando-pessoas-e-bens\/#respond"]}]},{"@type":"WebPage","@id":"https:\/\/www.cfm.co.mz\/2015\/07\/08\/120-anos-movimentando-pessoas-e-bens\/","url":"https:\/\/www.cfm.co.mz\/2015\/07\/08\/120-anos-movimentando-pessoas-e-bens\/","name":"120 Anos Movimentando Pessoas e Bens - CFM - Caminhos De Ferros de Mo\u00e7ambique","isPartOf":{"@id":"https:\/\/www.cfm.co.mz\/#website"},"primaryImageOfPage":{"@id":"https:\/\/www.cfm.co.mz\/2015\/07\/08\/120-anos-movimentando-pessoas-e-bens\/#primaryimage"},"image":{"@id":"https:\/\/www.cfm.co.mz\/2015\/07\/08\/120-anos-movimentando-pessoas-e-bens\/#primaryimage"},"thumbnailUrl":"https:\/\/www.cfm.co.mz\/wp-content\/uploads\/2015\/07\/CFM-120anos.jpg","datePublished":"2015-07-08T14:43:44+00:00","breadcrumb":{"@id":"https:\/\/www.cfm.co.mz\/2015\/07\/08\/120-anos-movimentando-pessoas-e-bens\/#breadcrumb"},"inLanguage":"en-US","potentialAction":[{"@type":"ReadAction","target":["https:\/\/www.cfm.co.mz\/2015\/07\/08\/120-anos-movimentando-pessoas-e-bens\/"]}]},{"@type":"ImageObject","inLanguage":"en-US","@id":"https:\/\/www.cfm.co.mz\/2015\/07\/08\/120-anos-movimentando-pessoas-e-bens\/#primaryimage","url":"https:\/\/www.cfm.co.mz\/wp-content\/uploads\/2015\/07\/CFM-120anos.jpg","contentUrl":"https:\/\/www.cfm.co.mz\/wp-content\/uploads\/2015\/07\/CFM-120anos.jpg","width":617,"height":862,"caption":"CFM-120anos"},{"@type":"BreadcrumbList","@id":"https:\/\/www.cfm.co.mz\/2015\/07\/08\/120-anos-movimentando-pessoas-e-bens\/#breadcrumb","itemListElement":[{"@type":"ListItem","position":1,"name":"Home","item":"https:\/\/www.cfm.co.mz\/"},{"@type":"ListItem","position":2,"name":"120 Anos Movimentando Pessoas e Bens"}]},{"@type":"WebSite","@id":"https:\/\/www.cfm.co.mz\/#website","url":"https:\/\/www.cfm.co.mz\/","name":"CFM - Caminhos De Ferros de Mo\u00e7ambique","description":"Ampliando Horizontes","publisher":{"@id":"https:\/\/www.cfm.co.mz\/#organization"},"potentialAction":[{"@type":"SearchAction","target":{"@type":"EntryPoint","urlTemplate":"https:\/\/www.cfm.co.mz\/?s={search_term_string}"},"query-input":{"@type":"PropertyValueSpecification","valueRequired":true,"valueName":"search_term_string"}}],"inLanguage":"en-US"},{"@type":"Organization","@id":"https:\/\/www.cfm.co.mz\/#organization","name":"CFM - Caminhos De Ferros de Mo\u00e7ambique","url":"https:\/\/www.cfm.co.mz\/","logo":{"@type":"ImageObject","inLanguage":"en-US","@id":"https:\/\/www.cfm.co.mz\/#\/schema\/logo\/image\/","url":"https:\/\/www.cfm.co.mz\/wp-content\/uploads\/2025\/07\/be5f0679-4f5b-4d02-9719-a26ceed29162.jpg","contentUrl":"https:\/\/www.cfm.co.mz\/wp-content\/uploads\/2025\/07\/be5f0679-4f5b-4d02-9719-a26ceed29162.jpg","width":400,"height":65,"caption":"CFM - Caminhos De Ferros de Mo\u00e7ambique"},"image":{"@id":"https:\/\/www.cfm.co.mz\/#\/schema\/logo\/image\/"},"sameAs":["https:\/\/www.facebook.com\/CFMMoz","https:\/\/www.linkedin.com\/company\/caminhos-de-ferro-de-moambique\/"]},{"@type":"Person","@id":"https:\/\/www.cfm.co.mz\/#\/schema\/person\/0b8a8b95eb758e200c2a5c3f18b8e5b4","name":"Ad\u00e9lio Dias","image":{"@type":"ImageObject","inLanguage":"en-US","@id":"https:\/\/www.cfm.co.mz\/#\/schema\/person\/image\/","url":"https:\/\/www.cfm.co.mz\/wp-content\/litespeed\/avatar\/9163cd4f0d73475e3a60c657aa28c78c.jpg?ver=1777454719","contentUrl":"https:\/\/www.cfm.co.mz\/wp-content\/litespeed\/avatar\/9163cd4f0d73475e3a60c657aa28c78c.jpg?ver=1777454719","caption":"Ad\u00e9lio Dias"},"url":"https:\/\/www.cfm.co.mz\/en\/author\/adelio-dias\/"}]}},"_links":{"self":[{"href":"https:\/\/www.cfm.co.mz\/en\/wp-json\/wp\/v2\/posts\/8664","targetHints":{"allow":["GET"]}}],"collection":[{"href":"https:\/\/www.cfm.co.mz\/en\/wp-json\/wp\/v2\/posts"}],"about":[{"href":"https:\/\/www.cfm.co.mz\/en\/wp-json\/wp\/v2\/types\/post"}],"author":[{"embeddable":true,"href":"https:\/\/www.cfm.co.mz\/en\/wp-json\/wp\/v2\/users\/91"}],"replies":[{"embeddable":true,"href":"https:\/\/www.cfm.co.mz\/en\/wp-json\/wp\/v2\/comments?post=8664"}],"version-history":[{"count":0,"href":"https:\/\/www.cfm.co.mz\/en\/wp-json\/wp\/v2\/posts\/8664\/revisions"}],"wp:featuredmedia":[{"embeddable":true,"href":"https:\/\/www.cfm.co.mz\/en\/wp-json\/wp\/v2\/media\/8661"}],"wp:attachment":[{"href":"https:\/\/www.cfm.co.mz\/en\/wp-json\/wp\/v2\/media?parent=8664"}],"wp:term":[{"taxonomy":"category","embeddable":true,"href":"https:\/\/www.cfm.co.mz\/en\/wp-json\/wp\/v2\/categories?post=8664"},{"taxonomy":"post_tag","embeddable":true,"href":"https:\/\/www.cfm.co.mz\/en\/wp-json\/wp\/v2\/tags?post=8664"}],"curies":[{"name":"wp","href":"https:\/\/api.w.org\/{rel}","templated":true}]}}