{"id":8660,"date":"2015-06-22T15:34:38","date_gmt":"2015-06-22T15:34:38","guid":{"rendered":"https:\/\/www.cfm.co.mz\/2015\/06\/22\/pca-do-cfm-participa-da-reuniao-do-conselho-da-sara\/"},"modified":"2015-06-22T15:34:38","modified_gmt":"2015-06-22T15:34:38","slug":"pca-do-cfm-participa-da-reuniao-do-conselho-da-sara","status":"publish","type":"post","link":"https:\/\/www.cfm.co.mz\/en\/2015\/06\/22\/pca-do-cfm-participa-da-reuniao-do-conselho-da-sara\/","title":{"rendered":"PCA do CFM participa da Reuni\u00e3o do Conselho de Administra\u00e7\u00e3o da SARA"},"content":{"rendered":"<p style=\"text-align: justify;\"><img fetchpriority=\"high\" decoding=\"async\" class=\"alignleft size-full wp-image-8659\" style=\"margin-top: 5px; margin-right: 10px; float: left;\" src=\"http:\/\/www.cfm.co.mz\/wp-content\/uploads\/2015\/06\/MENSAGEM_PCA_AOS_TRABLHADORES.jpg\" alt=\"MENSAGEM PCA AOS TRABLHADORES\" width=\"350\" height=\"283\" srcset=\"https:\/\/www.cfm.co.mz\/wp-content\/uploads\/2015\/06\/MENSAGEM_PCA_AOS_TRABLHADORES.jpg 416w, https:\/\/www.cfm.co.mz\/wp-content\/uploads\/2015\/06\/MENSAGEM_PCA_AOS_TRABLHADORES-300x242.jpg 300w\" sizes=\"(max-width: 350px) 100vw, 350px\" \/>O Presidente do Conselho de Administra\u00e7\u00e3o do CFM, Dr. Victor Pedro Gomes, acompanhado de dois quadros da Empresa, participou, no passado dia 18 de Junho, na Suazil\u00e2ndia, da 1\u00aa Reuni\u00e3o de 2015, do Conselho de <span style=\"font-size: 13px; line-height: 18px; text-align: justify;\">Administra\u00e7\u00e3o&nbsp;<\/span>da Associa\u00e7\u00e3o das Empresas Ferrovi\u00e1rias da \u00c1frica Austral- SARA (traduzido do Ingl\u00eas, Southern African Railways Association).&nbsp;<\/p>\n<p><!--more--><\/p>\n<p style=\"text-align: justify;\">A Cerim\u00f3nia de Abertura foi presidida pela Ministra dos Transportes e Obras P\u00fablicas do Reino da Swazil\u00e2ndia, Pastora Lindiwe Dlamin que enalteceu o contributo da SARA no desenvolvimento da integra\u00e7\u00e3o regional. \u201c<strong><em>SARA \u00e9 um dos mais importantes bra\u00e7os da SADC no contexto das infraestruturas e servi\u00e7os. A regi\u00e3o da SADC \u00e9 um bloco econ\u00f3mico que se caracteriza pela producao de&nbsp;produtos similares cuja exporta\u00e7\u00e3o se destina a mercados semelhantes. Por exemplo, produzimos a\u00e7\u00facar que, para al\u00e9m de ser vendido no mercado local, tamb\u00e9m \u00e9 exportado para os Pa\u00edses da Uni\u00e3o Europeia e mercado Norte-americano. sabemos que outros Pa\u00edses, como o Brasil e a Tail\u00e2ndia tamb\u00e9m produzem a\u00e7\u00facar para o mesmo mercado<\/em><\/strong>\u201d. Nesse sentido, exortou Dlamin, \u201c<em><strong>dada essa natureza competitiva dos neg\u00f3cios, a Associa\u00e7\u00e3o&nbsp;SARA deve trabalhar no sentido de melhorar a efici\u00eancia a fim de reduzir os custos do transporte, para que possamos continuar a abastecer os mercados a pre\u00e7os competitivos\u201d.<\/strong><\/em><\/p>\n<p style=\"text-align: justify;\">Recorde-se que a&nbsp;<a href=\"http:\/\/www.sararail.org\/\"><span style=\"color: #0066cc;\">SARA<\/span><\/a>&nbsp;\u00e9 uma associa\u00e7\u00e3o constitu\u00edda em 1996, com o principal objetivo de&nbsp;promover os interesses comerciais dos Caminhos de Ferro da Regi\u00e3o Austral de \u00c1frica, como resultado do reconhecimento da necessidade da cria\u00e7\u00e3o de um forte grupo de lobby cujo objectivo \u00e9 defender uma competi\u00e7\u00e3o justa na \u00e1rea dos transportes ferrovi\u00e1rios.<\/p>\n<p style=\"text-align: justify;\">Este primeiro Conselho de 2015 permitiu eleger o Director-Executivo da Associa\u00e7\u00e3o, cargo que coube ao Senhor Babe Botana, de nacionalidade Tswana, em substitui\u00e7\u00e3o do Zimbabweano Bernard Dzawanda, por ter&nbsp;terminado o mandato. Babe Botana foi CEO do Botswana Railways, RSZ (Railways System os Zambia. Actualmente \u00e9 Comsultor na area de transportes no Botswana.&nbsp;<\/p>","protected":false},"excerpt":{"rendered":"<p>O Presidente do Conselho de Administra\u00e7\u00e3o do CFM, Dr. Victor Pedro Gomes, acompanhado de dois quadros da Empresa, participou, no passado dia 18 de Junho, na Suazil\u00e2ndia, da 1\u00aa Reuni\u00e3o de 2015, do Conselho de Administra\u00e7\u00e3o&nbsp;da Associa\u00e7\u00e3o das Empresas Ferrovi\u00e1rias da \u00c1frica Austral- SARA (traduzido do Ingl\u00eas, Southern African Railways Association).&nbsp;<\/p>","protected":false},"author":91,"featured_media":8659,"comment_status":"open","ping_status":"open","sticky":false,"template":"","format":"standard","meta":{"_acf_changed":false,"pgc_sgb_lightbox_settings":"","footnotes":""},"categories":[680],"tags":[],"class_list":["post-8660","post","type-post","status-publish","format-standard","has-post-thumbnail","hentry","category-noticias"],"acf":[],"yoast_head":"<!-- This site is optimized with the Yoast SEO plugin v26.5 - https:\/\/yoast.com\/wordpress\/plugins\/seo\/ -->\n<title>PCA do CFM participa da Reuni\u00e3o do Conselho de Administra\u00e7\u00e3o da SARA - CFM - Caminhos De Ferros de Mo\u00e7ambique<\/title>\n<meta name=\"robots\" content=\"index, follow, max-snippet:-1, max-image-preview:large, max-video-preview:-1\" \/>\n<link rel=\"canonical\" href=\"https:\/\/www.cfm.co.mz\/en\/2015\/06\/22\/pca-do-cfm-participa-da-reuniao-do-conselho-da-sara\/\" \/>\n<meta property=\"og:locale\" content=\"en_US\" \/>\n<meta property=\"og:type\" content=\"article\" \/>\n<meta property=\"og:title\" content=\"PCA do CFM participa da Reuni\u00e3o do Conselho de Administra\u00e7\u00e3o da SARA - CFM - Caminhos De Ferros de Mo\u00e7ambique\" \/>\n<meta property=\"og:description\" content=\"O Presidente do Conselho de Administra\u00e7\u00e3o do CFM, Dr. Victor Pedro Gomes, acompanhado de dois quadros da Empresa, participou, no passado dia 18 de Junho, na Suazil\u00e2ndia, da 1\u00aa Reuni\u00e3o de 2015, do Conselho de Administra\u00e7\u00e3o&nbsp;da Associa\u00e7\u00e3o das Empresas Ferrovi\u00e1rias da \u00c1frica Austral- SARA (traduzido do Ingl\u00eas, Southern African Railways Association).&nbsp;\" \/>\n<meta property=\"og:url\" content=\"https:\/\/www.cfm.co.mz\/en\/2015\/06\/22\/pca-do-cfm-participa-da-reuniao-do-conselho-da-sara\/\" \/>\n<meta property=\"og:site_name\" content=\"CFM - Caminhos De Ferros de Mo\u00e7ambique\" \/>\n<meta property=\"article:publisher\" content=\"https:\/\/www.facebook.com\/CFMMoz\" \/>\n<meta property=\"article:published_time\" content=\"2015-06-22T15:34:38+00:00\" \/>\n<meta property=\"og:image\" content=\"https:\/\/www.cfm.co.mz\/wp-content\/uploads\/2015\/06\/MENSAGEM_PCA_AOS_TRABLHADORES.jpg\" \/>\n\t<meta property=\"og:image:width\" content=\"416\" \/>\n\t<meta property=\"og:image:height\" content=\"336\" \/>\n\t<meta property=\"og:image:type\" content=\"image\/jpeg\" \/>\n<meta name=\"author\" content=\"Ad\u00e9lio Dias\" \/>\n<meta name=\"twitter:card\" content=\"summary_large_image\" \/>\n<meta name=\"twitter:label1\" content=\"Written by\" \/>\n\t<meta name=\"twitter:data1\" content=\"Ad\u00e9lio Dias\" \/>\n\t<meta name=\"twitter:label2\" content=\"Est. reading time\" \/>\n\t<meta name=\"twitter:data2\" content=\"2 minutes\" \/>\n<script type=\"application\/ld+json\" class=\"yoast-schema-graph\">{\"@context\":\"https:\/\/schema.org\",\"@graph\":[{\"@type\":\"Article\",\"@id\":\"https:\/\/www.cfm.co.mz\/2015\/06\/22\/pca-do-cfm-participa-da-reuniao-do-conselho-da-sara\/#article\",\"isPartOf\":{\"@id\":\"https:\/\/www.cfm.co.mz\/2015\/06\/22\/pca-do-cfm-participa-da-reuniao-do-conselho-da-sara\/\"},\"author\":{\"name\":\"Ad\u00e9lio Dias\",\"@id\":\"https:\/\/www.cfm.co.mz\/#\/schema\/person\/0b8a8b95eb758e200c2a5c3f18b8e5b4\"},\"headline\":\"PCA do CFM participa da Reuni\u00e3o do Conselho de Administra\u00e7\u00e3o da SARA\",\"datePublished\":\"2015-06-22T15:34:38+00:00\",\"mainEntityOfPage\":{\"@id\":\"https:\/\/www.cfm.co.mz\/2015\/06\/22\/pca-do-cfm-participa-da-reuniao-do-conselho-da-sara\/\"},\"wordCount\":359,\"commentCount\":0,\"publisher\":{\"@id\":\"https:\/\/www.cfm.co.mz\/#organization\"},\"image\":{\"@id\":\"https:\/\/www.cfm.co.mz\/2015\/06\/22\/pca-do-cfm-participa-da-reuniao-do-conselho-da-sara\/#primaryimage\"},\"thumbnailUrl\":\"https:\/\/www.cfm.co.mz\/wp-content\/uploads\/2015\/06\/MENSAGEM_PCA_AOS_TRABLHADORES.jpg\",\"articleSection\":[\"Noticias\"],\"inLanguage\":\"en-US\",\"potentialAction\":[{\"@type\":\"CommentAction\",\"name\":\"Comment\",\"target\":[\"https:\/\/www.cfm.co.mz\/2015\/06\/22\/pca-do-cfm-participa-da-reuniao-do-conselho-da-sara\/#respond\"]}]},{\"@type\":\"WebPage\",\"@id\":\"https:\/\/www.cfm.co.mz\/2015\/06\/22\/pca-do-cfm-participa-da-reuniao-do-conselho-da-sara\/\",\"url\":\"https:\/\/www.cfm.co.mz\/2015\/06\/22\/pca-do-cfm-participa-da-reuniao-do-conselho-da-sara\/\",\"name\":\"PCA do CFM participa da Reuni\u00e3o do Conselho de Administra\u00e7\u00e3o da SARA - CFM - Caminhos De Ferros de Mo\u00e7ambique\",\"isPartOf\":{\"@id\":\"https:\/\/www.cfm.co.mz\/#website\"},\"primaryImageOfPage\":{\"@id\":\"https:\/\/www.cfm.co.mz\/2015\/06\/22\/pca-do-cfm-participa-da-reuniao-do-conselho-da-sara\/#primaryimage\"},\"image\":{\"@id\":\"https:\/\/www.cfm.co.mz\/2015\/06\/22\/pca-do-cfm-participa-da-reuniao-do-conselho-da-sara\/#primaryimage\"},\"thumbnailUrl\":\"https:\/\/www.cfm.co.mz\/wp-content\/uploads\/2015\/06\/MENSAGEM_PCA_AOS_TRABLHADORES.jpg\",\"datePublished\":\"2015-06-22T15:34:38+00:00\",\"breadcrumb\":{\"@id\":\"https:\/\/www.cfm.co.mz\/2015\/06\/22\/pca-do-cfm-participa-da-reuniao-do-conselho-da-sara\/#breadcrumb\"},\"inLanguage\":\"en-US\",\"potentialAction\":[{\"@type\":\"ReadAction\",\"target\":[\"https:\/\/www.cfm.co.mz\/2015\/06\/22\/pca-do-cfm-participa-da-reuniao-do-conselho-da-sara\/\"]}]},{\"@type\":\"ImageObject\",\"inLanguage\":\"en-US\",\"@id\":\"https:\/\/www.cfm.co.mz\/2015\/06\/22\/pca-do-cfm-participa-da-reuniao-do-conselho-da-sara\/#primaryimage\",\"url\":\"https:\/\/www.cfm.co.mz\/wp-content\/uploads\/2015\/06\/MENSAGEM_PCA_AOS_TRABLHADORES.jpg\",\"contentUrl\":\"https:\/\/www.cfm.co.mz\/wp-content\/uploads\/2015\/06\/MENSAGEM_PCA_AOS_TRABLHADORES.jpg\",\"width\":416,\"height\":336,\"caption\":\"MENSAGEM PCA AOS TRABLHADORES\"},{\"@type\":\"BreadcrumbList\",\"@id\":\"https:\/\/www.cfm.co.mz\/2015\/06\/22\/pca-do-cfm-participa-da-reuniao-do-conselho-da-sara\/#breadcrumb\",\"itemListElement\":[{\"@type\":\"ListItem\",\"position\":1,\"name\":\"Home\",\"item\":\"https:\/\/www.cfm.co.mz\/\"},{\"@type\":\"ListItem\",\"position\":2,\"name\":\"PCA do CFM participa da Reuni\u00e3o do Conselho de Administra\u00e7\u00e3o da SARA\"}]},{\"@type\":\"WebSite\",\"@id\":\"https:\/\/www.cfm.co.mz\/#website\",\"url\":\"https:\/\/www.cfm.co.mz\/\",\"name\":\"CFM - Caminhos De Ferros de Mo\u00e7ambique\",\"description\":\"Ampliando Horizontes\",\"publisher\":{\"@id\":\"https:\/\/www.cfm.co.mz\/#organization\"},\"potentialAction\":[{\"@type\":\"SearchAction\",\"target\":{\"@type\":\"EntryPoint\",\"urlTemplate\":\"https:\/\/www.cfm.co.mz\/?s={search_term_string}\"},\"query-input\":{\"@type\":\"PropertyValueSpecification\",\"valueRequired\":true,\"valueName\":\"search_term_string\"}}],\"inLanguage\":\"en-US\"},{\"@type\":\"Organization\",\"@id\":\"https:\/\/www.cfm.co.mz\/#organization\",\"name\":\"CFM - Caminhos De Ferros de Mo\u00e7ambique\",\"url\":\"https:\/\/www.cfm.co.mz\/\",\"logo\":{\"@type\":\"ImageObject\",\"inLanguage\":\"en-US\",\"@id\":\"https:\/\/www.cfm.co.mz\/#\/schema\/logo\/image\/\",\"url\":\"https:\/\/www.cfm.co.mz\/wp-content\/uploads\/2025\/07\/be5f0679-4f5b-4d02-9719-a26ceed29162.jpg\",\"contentUrl\":\"https:\/\/www.cfm.co.mz\/wp-content\/uploads\/2025\/07\/be5f0679-4f5b-4d02-9719-a26ceed29162.jpg\",\"width\":400,\"height\":65,\"caption\":\"CFM - Caminhos De Ferros de Mo\u00e7ambique\"},\"image\":{\"@id\":\"https:\/\/www.cfm.co.mz\/#\/schema\/logo\/image\/\"},\"sameAs\":[\"https:\/\/www.facebook.com\/CFMMoz\",\"https:\/\/www.linkedin.com\/company\/caminhos-de-ferro-de-moambique\/\"]},{\"@type\":\"Person\",\"@id\":\"https:\/\/www.cfm.co.mz\/#\/schema\/person\/0b8a8b95eb758e200c2a5c3f18b8e5b4\",\"name\":\"Ad\u00e9lio Dias\",\"image\":{\"@type\":\"ImageObject\",\"inLanguage\":\"en-US\",\"@id\":\"https:\/\/www.cfm.co.mz\/#\/schema\/person\/image\/\",\"url\":\"https:\/\/www.cfm.co.mz\/wp-content\/litespeed\/avatar\/9163cd4f0d73475e3a60c657aa28c78c.jpg?ver=1777454719\",\"contentUrl\":\"https:\/\/www.cfm.co.mz\/wp-content\/litespeed\/avatar\/9163cd4f0d73475e3a60c657aa28c78c.jpg?ver=1777454719\",\"caption\":\"Ad\u00e9lio Dias\"},\"url\":\"https:\/\/www.cfm.co.mz\/en\/author\/adelio-dias\/\"}]}<\/script>\n<!-- \/ Yoast SEO plugin. -->","yoast_head_json":{"title":"PCA do CFM participa da Reuni\u00e3o do Conselho de Administra\u00e7\u00e3o da SARA - CFM - Caminhos De Ferros de Mo\u00e7ambique","robots":{"index":"index","follow":"follow","max-snippet":"max-snippet:-1","max-image-preview":"max-image-preview:large","max-video-preview":"max-video-preview:-1"},"canonical":"https:\/\/www.cfm.co.mz\/en\/2015\/06\/22\/pca-do-cfm-participa-da-reuniao-do-conselho-da-sara\/","og_locale":"en_US","og_type":"article","og_title":"PCA do CFM participa da Reuni\u00e3o do Conselho de Administra\u00e7\u00e3o da SARA - CFM - Caminhos De Ferros de Mo\u00e7ambique","og_description":"O Presidente do Conselho de Administra\u00e7\u00e3o do CFM, Dr. Victor Pedro Gomes, acompanhado de dois quadros da Empresa, participou, no passado dia 18 de Junho, na Suazil\u00e2ndia, da 1\u00aa Reuni\u00e3o de 2015, do Conselho de Administra\u00e7\u00e3o&nbsp;da Associa\u00e7\u00e3o das Empresas Ferrovi\u00e1rias da \u00c1frica Austral- SARA (traduzido do Ingl\u00eas, Southern African Railways Association).&nbsp;","og_url":"https:\/\/www.cfm.co.mz\/en\/2015\/06\/22\/pca-do-cfm-participa-da-reuniao-do-conselho-da-sara\/","og_site_name":"CFM - Caminhos De Ferros de Mo\u00e7ambique","article_publisher":"https:\/\/www.facebook.com\/CFMMoz","article_published_time":"2015-06-22T15:34:38+00:00","og_image":[{"width":416,"height":336,"url":"https:\/\/www.cfm.co.mz\/wp-content\/uploads\/2015\/06\/MENSAGEM_PCA_AOS_TRABLHADORES.jpg","type":"image\/jpeg"}],"author":"Ad\u00e9lio Dias","twitter_card":"summary_large_image","twitter_misc":{"Written by":"Ad\u00e9lio Dias","Est. reading time":"2 minutes"},"schema":{"@context":"https:\/\/schema.org","@graph":[{"@type":"Article","@id":"https:\/\/www.cfm.co.mz\/2015\/06\/22\/pca-do-cfm-participa-da-reuniao-do-conselho-da-sara\/#article","isPartOf":{"@id":"https:\/\/www.cfm.co.mz\/2015\/06\/22\/pca-do-cfm-participa-da-reuniao-do-conselho-da-sara\/"},"author":{"name":"Ad\u00e9lio Dias","@id":"https:\/\/www.cfm.co.mz\/#\/schema\/person\/0b8a8b95eb758e200c2a5c3f18b8e5b4"},"headline":"PCA do CFM participa da Reuni\u00e3o do Conselho de Administra\u00e7\u00e3o da SARA","datePublished":"2015-06-22T15:34:38+00:00","mainEntityOfPage":{"@id":"https:\/\/www.cfm.co.mz\/2015\/06\/22\/pca-do-cfm-participa-da-reuniao-do-conselho-da-sara\/"},"wordCount":359,"commentCount":0,"publisher":{"@id":"https:\/\/www.cfm.co.mz\/#organization"},"image":{"@id":"https:\/\/www.cfm.co.mz\/2015\/06\/22\/pca-do-cfm-participa-da-reuniao-do-conselho-da-sara\/#primaryimage"},"thumbnailUrl":"https:\/\/www.cfm.co.mz\/wp-content\/uploads\/2015\/06\/MENSAGEM_PCA_AOS_TRABLHADORES.jpg","articleSection":["Noticias"],"inLanguage":"en-US","potentialAction":[{"@type":"CommentAction","name":"Comment","target":["https:\/\/www.cfm.co.mz\/2015\/06\/22\/pca-do-cfm-participa-da-reuniao-do-conselho-da-sara\/#respond"]}]},{"@type":"WebPage","@id":"https:\/\/www.cfm.co.mz\/2015\/06\/22\/pca-do-cfm-participa-da-reuniao-do-conselho-da-sara\/","url":"https:\/\/www.cfm.co.mz\/2015\/06\/22\/pca-do-cfm-participa-da-reuniao-do-conselho-da-sara\/","name":"PCA do CFM participa da Reuni\u00e3o do Conselho de Administra\u00e7\u00e3o da SARA - CFM - Caminhos De Ferros de Mo\u00e7ambique","isPartOf":{"@id":"https:\/\/www.cfm.co.mz\/#website"},"primaryImageOfPage":{"@id":"https:\/\/www.cfm.co.mz\/2015\/06\/22\/pca-do-cfm-participa-da-reuniao-do-conselho-da-sara\/#primaryimage"},"image":{"@id":"https:\/\/www.cfm.co.mz\/2015\/06\/22\/pca-do-cfm-participa-da-reuniao-do-conselho-da-sara\/#primaryimage"},"thumbnailUrl":"https:\/\/www.cfm.co.mz\/wp-content\/uploads\/2015\/06\/MENSAGEM_PCA_AOS_TRABLHADORES.jpg","datePublished":"2015-06-22T15:34:38+00:00","breadcrumb":{"@id":"https:\/\/www.cfm.co.mz\/2015\/06\/22\/pca-do-cfm-participa-da-reuniao-do-conselho-da-sara\/#breadcrumb"},"inLanguage":"en-US","potentialAction":[{"@type":"ReadAction","target":["https:\/\/www.cfm.co.mz\/2015\/06\/22\/pca-do-cfm-participa-da-reuniao-do-conselho-da-sara\/"]}]},{"@type":"ImageObject","inLanguage":"en-US","@id":"https:\/\/www.cfm.co.mz\/2015\/06\/22\/pca-do-cfm-participa-da-reuniao-do-conselho-da-sara\/#primaryimage","url":"https:\/\/www.cfm.co.mz\/wp-content\/uploads\/2015\/06\/MENSAGEM_PCA_AOS_TRABLHADORES.jpg","contentUrl":"https:\/\/www.cfm.co.mz\/wp-content\/uploads\/2015\/06\/MENSAGEM_PCA_AOS_TRABLHADORES.jpg","width":416,"height":336,"caption":"MENSAGEM PCA AOS TRABLHADORES"},{"@type":"BreadcrumbList","@id":"https:\/\/www.cfm.co.mz\/2015\/06\/22\/pca-do-cfm-participa-da-reuniao-do-conselho-da-sara\/#breadcrumb","itemListElement":[{"@type":"ListItem","position":1,"name":"Home","item":"https:\/\/www.cfm.co.mz\/"},{"@type":"ListItem","position":2,"name":"PCA do CFM participa da Reuni\u00e3o do Conselho de Administra\u00e7\u00e3o da SARA"}]},{"@type":"WebSite","@id":"https:\/\/www.cfm.co.mz\/#website","url":"https:\/\/www.cfm.co.mz\/","name":"CFM - Caminhos De Ferros de Mo\u00e7ambique","description":"Ampliando Horizontes","publisher":{"@id":"https:\/\/www.cfm.co.mz\/#organization"},"potentialAction":[{"@type":"SearchAction","target":{"@type":"EntryPoint","urlTemplate":"https:\/\/www.cfm.co.mz\/?s={search_term_string}"},"query-input":{"@type":"PropertyValueSpecification","valueRequired":true,"valueName":"search_term_string"}}],"inLanguage":"en-US"},{"@type":"Organization","@id":"https:\/\/www.cfm.co.mz\/#organization","name":"CFM - Caminhos De Ferros de Mo\u00e7ambique","url":"https:\/\/www.cfm.co.mz\/","logo":{"@type":"ImageObject","inLanguage":"en-US","@id":"https:\/\/www.cfm.co.mz\/#\/schema\/logo\/image\/","url":"https:\/\/www.cfm.co.mz\/wp-content\/uploads\/2025\/07\/be5f0679-4f5b-4d02-9719-a26ceed29162.jpg","contentUrl":"https:\/\/www.cfm.co.mz\/wp-content\/uploads\/2025\/07\/be5f0679-4f5b-4d02-9719-a26ceed29162.jpg","width":400,"height":65,"caption":"CFM - Caminhos De Ferros de Mo\u00e7ambique"},"image":{"@id":"https:\/\/www.cfm.co.mz\/#\/schema\/logo\/image\/"},"sameAs":["https:\/\/www.facebook.com\/CFMMoz","https:\/\/www.linkedin.com\/company\/caminhos-de-ferro-de-moambique\/"]},{"@type":"Person","@id":"https:\/\/www.cfm.co.mz\/#\/schema\/person\/0b8a8b95eb758e200c2a5c3f18b8e5b4","name":"Ad\u00e9lio Dias","image":{"@type":"ImageObject","inLanguage":"en-US","@id":"https:\/\/www.cfm.co.mz\/#\/schema\/person\/image\/","url":"https:\/\/www.cfm.co.mz\/wp-content\/litespeed\/avatar\/9163cd4f0d73475e3a60c657aa28c78c.jpg?ver=1777454719","contentUrl":"https:\/\/www.cfm.co.mz\/wp-content\/litespeed\/avatar\/9163cd4f0d73475e3a60c657aa28c78c.jpg?ver=1777454719","caption":"Ad\u00e9lio Dias"},"url":"https:\/\/www.cfm.co.mz\/en\/author\/adelio-dias\/"}]}},"_links":{"self":[{"href":"https:\/\/www.cfm.co.mz\/en\/wp-json\/wp\/v2\/posts\/8660","targetHints":{"allow":["GET"]}}],"collection":[{"href":"https:\/\/www.cfm.co.mz\/en\/wp-json\/wp\/v2\/posts"}],"about":[{"href":"https:\/\/www.cfm.co.mz\/en\/wp-json\/wp\/v2\/types\/post"}],"author":[{"embeddable":true,"href":"https:\/\/www.cfm.co.mz\/en\/wp-json\/wp\/v2\/users\/91"}],"replies":[{"embeddable":true,"href":"https:\/\/www.cfm.co.mz\/en\/wp-json\/wp\/v2\/comments?post=8660"}],"version-history":[{"count":0,"href":"https:\/\/www.cfm.co.mz\/en\/wp-json\/wp\/v2\/posts\/8660\/revisions"}],"wp:featuredmedia":[{"embeddable":true,"href":"https:\/\/www.cfm.co.mz\/en\/wp-json\/wp\/v2\/media\/8659"}],"wp:attachment":[{"href":"https:\/\/www.cfm.co.mz\/en\/wp-json\/wp\/v2\/media?parent=8660"}],"wp:term":[{"taxonomy":"category","embeddable":true,"href":"https:\/\/www.cfm.co.mz\/en\/wp-json\/wp\/v2\/categories?post=8660"},{"taxonomy":"post_tag","embeddable":true,"href":"https:\/\/www.cfm.co.mz\/en\/wp-json\/wp\/v2\/tags?post=8660"}],"curies":[{"name":"wp","href":"https:\/\/api.w.org\/{rel}","templated":true}]}}