{"id":8658,"date":"2015-06-12T14:11:47","date_gmt":"2015-06-12T14:11:47","guid":{"rendered":"https:\/\/www.cfm.co.mz\/2015\/06\/12\/presidente-da-republica-inaugura-o-museu-dos-cfm\/"},"modified":"2015-06-12T14:11:47","modified_gmt":"2015-06-12T14:11:47","slug":"presidente-da-republica-inaugura-o-museu-dos-cfm","status":"publish","type":"post","link":"https:\/\/www.cfm.co.mz\/en\/2015\/06\/12\/presidente-da-republica-inaugura-o-museu-dos-cfm\/","title":{"rendered":"Presidente da Rep\u00fablica inaugura o Museu dos CFM"},"content":{"rendered":"<p style=\"text-align: justify;\"><a class=\"jcepopup\" type=\"image\" href=\"http:\/\/www.cfm.co.mz\/wp-content\/uploads\/2015\/06\/museucfm1.jpg\" target=\"_blank\" data-mediabox=\"width[450];height[260]\" rel=\"noopener\"><img fetchpriority=\"high\" decoding=\"async\" style=\"margin-right: 10px; margin-top: 5px; float: left;\" src=\"http:\/\/www.cfm.co.mz\/wp-content\/uploads\/2015\/06\/museucfm1.jpg\" alt=\"museucfm1\" width=\"300\" height=\"173\" \/><\/a>O Presidente da Rep\u00fablica de Mo\u00e7ambique, Filipe Jacinto Nyusi presidiu, na passada quinta-feira, 11 de Junho, a cerim\u00f3nia de inaugura\u00e7\u00e3o do Museu da Empresa Portos e Caminhos de Ferro de Mo\u00e7ambique- CFM, situado junto \u00e0 Estac\u00e3o Central dos Caminhos de Ferro, na baixa da capital mo\u00e7ambicana.<\/p>\n<p style=\"text-align: justify;\">A ideia de cria\u00e7\u00e3o de um Museu dos Caminhos de Ferro remonta aos anos 60, numa altura em que medidas de protec\u00e7\u00e3o dos esp\u00f3lios ferrovi\u00e1rios constitu\u00edam uma tend\u00eancia a n\u00edvel mundial. Em 1995, aquando dos festejos dos \u00ab100 Anos da Linha F\u00e9rrea Louren\u00e7o Marques &#8211; Transvaal\u00bb, a ideia viria a ser novamente equacionada tendo ganho novo incentivo do Eng.\u00ba Rui Fonseca, ent\u00e3o PCA da Empresa CFM, ap\u00f3s a visita \u00e0 antiga linha de Xai-Xai, em Janeiro de 2001.<\/p>\n<p><!--more--><\/p>\n<p style=\"text-align: justify;\"><a class=\"jcepopup\" type=\"image\" href=\"http:\/\/www.cfm.co.mz\/wp-content\/uploads\/2015\/06\/museucfm2.jpg\" target=\"_blank\" data-mediabox=\"width[553];height[480]\" rel=\"noopener\"><img decoding=\"async\" style=\"margin-top: 5px; margin-left: 10px; float: right;\" src=\"http:\/\/www.cfm.co.mz\/wp-content\/uploads\/2015\/06\/museucfm2.jpg\" alt=\"museucfm2\" width=\"300\" height=\"249\" \/><\/a>Na ocasi\u00e3o, Filipe Nyusi enalteceu o papel que a&nbsp;Empresa Portos e Caminhos de Ferro tem desempenhado&nbsp;na traject\u00f3ria do Pa\u00eds. \u201c<em><strong>A hist\u00f3ria dos Caminhos de Ferro de Mo\u00e7ambique confunde-se com a nossa hist\u00f3ria como Povo e como Na\u00e7\u00e3o\u2026A hist\u00f3ria dos CFM \u00e9 a hist\u00f3ria de heroicidade dos trabalhadores mo\u00e7ambicanos; daqueles que faziam comboios enfrentando a morte, dos muitos maquinistas que sa\u00edram para trabalhar e n\u00e3o mais voltaram \u00e0 casa, de outros tantos que foram feridos, mas o seu sentido de patriotismo n\u00e3o permitiu que a empresa parasse<\/strong><\/em>\u201d.<\/p>\n<p style=\"text-align: justify;\">\u201c<strong><em>Os CFM n\u00e3o s\u00e3o apenas uma base log\u00edstica para o escoamento de carga e para o tr\u00e2nsito e a mobilidade de pessoas e bens; Constituem um patrim\u00f3nio de valores no contexto da hist\u00f3ria dos Mo\u00e7ambicanos\u201d<\/em><\/strong>&#8211; Referiu o chefe do Estado mo\u00e7ambicano.<\/p>\n<p style=\"text-align: justify;\"><a class=\"jcepopup\" type=\"image\" href=\"http:\/\/www.cfm.co.mz\/wp-content\/uploads\/2015\/06\/lapidemuseu.jpg\" target=\"_blank\" data-mediabox=\"width[480];height[492]\" rel=\"noopener\"><img decoding=\"async\" style=\"margin-top: 5px; margin-right: 10px; float: left;\" src=\"http:\/\/www.cfm.co.mz\/wp-content\/uploads\/2015\/06\/lapidemuseu.jpg\" alt=\"lapidemuseu\" width=\"120\" height=\"123\" \/><\/a>O Museu ora inaugurado ter\u00e1 uma programa\u00e7\u00e3o activa, com exposi\u00e7\u00f5es tempor\u00e1rias, anima\u00e7\u00e3o cultural, debates e v\u00e1rias ac\u00e7\u00f5es dos Servi\u00e7os Educativos, vocacionados para as escolas e o p\u00fablico infanto-juvenil. Para al\u00e9m disso, o p\u00fablico poder\u00e1 visitar uma Exposi\u00e7\u00e3o Permanente, que tem uma extensa cronologia desde o seculo XIX at\u00e9 aos dias de hoje. O p\u00f3s-independ\u00eancia tem destaque com um contexto hist\u00f3rico, a evolu\u00e7\u00e3o dos tr\u00e1fegos ferrovi\u00e1rios e dos portos mo\u00e7ambicanos, os corredores de Maputo, Beira e Nacala, e a transforma\u00e7\u00e3o da empresa, na \u00faltima d\u00e9cada do s\u00e9culo passado.<\/p>","protected":false},"excerpt":{"rendered":"<p>O Presidente da Rep\u00fablica de Mo\u00e7ambique, Filipe Jacinto Nyusi presidiu, na passada quinta-feira, 11 de Junho, a cerim\u00f3nia de inaugura\u00e7\u00e3o do Museu da Empresa Portos e Caminhos de Ferro de Mo\u00e7ambique- CFM, situado junto \u00e0 Estac\u00e3o Central dos Caminhos de Ferro, na baixa da capital mo\u00e7ambicana. A ideia de cria\u00e7\u00e3o de um Museu dos Caminhos de Ferro remonta aos anos 60, numa altura em que medidas de protec\u00e7\u00e3o dos esp\u00f3lios ferrovi\u00e1rios constitu\u00edam uma tend\u00eancia a n\u00edvel mundial. Em 1995, aquando dos festejos dos \u00ab100 Anos da Linha F\u00e9rrea Louren\u00e7o Marques &#8211; Transvaal\u00bb, a ideia viria a ser novamente equacionada tendo ganho novo incentivo do Eng.\u00ba Rui Fonseca, ent\u00e3o PCA da Empresa CFM, ap\u00f3s a visita \u00e0 antiga linha de Xai-Xai, em Janeiro de 2001.<\/p>","protected":false},"author":91,"featured_media":8655,"comment_status":"open","ping_status":"open","sticky":false,"template":"","format":"standard","meta":{"_acf_changed":false,"pgc_sgb_lightbox_settings":"","footnotes":""},"categories":[680],"tags":[],"class_list":["post-8658","post","type-post","status-publish","format-standard","has-post-thumbnail","hentry","category-noticias"],"acf":[],"yoast_head":"<!-- This site is optimized with the Yoast SEO plugin v26.5 - https:\/\/yoast.com\/wordpress\/plugins\/seo\/ -->\n<title>Presidente da Rep\u00fablica inaugura o Museu dos CFM - CFM - Caminhos De Ferros de Mo\u00e7ambique<\/title>\n<meta name=\"robots\" content=\"index, follow, max-snippet:-1, max-image-preview:large, max-video-preview:-1\" \/>\n<link rel=\"canonical\" href=\"https:\/\/www.cfm.co.mz\/en\/2015\/06\/12\/presidente-da-republica-inaugura-o-museu-dos-cfm\/\" \/>\n<meta property=\"og:locale\" content=\"en_US\" \/>\n<meta property=\"og:type\" content=\"article\" \/>\n<meta property=\"og:title\" content=\"Presidente da Rep\u00fablica inaugura o Museu dos CFM - CFM - Caminhos De Ferros de Mo\u00e7ambique\" \/>\n<meta property=\"og:description\" content=\"O Presidente da Rep\u00fablica de Mo\u00e7ambique, Filipe Jacinto Nyusi presidiu, na passada quinta-feira, 11 de Junho, a cerim\u00f3nia de inaugura\u00e7\u00e3o do Museu da Empresa Portos e Caminhos de Ferro de Mo\u00e7ambique- CFM, situado junto \u00e0 Estac\u00e3o Central dos Caminhos de Ferro, na baixa da capital mo\u00e7ambicana. A ideia de cria\u00e7\u00e3o de um Museu dos Caminhos de Ferro remonta aos anos 60, numa altura em que medidas de protec\u00e7\u00e3o dos esp\u00f3lios ferrovi\u00e1rios constitu\u00edam uma tend\u00eancia a n\u00edvel mundial. Em 1995, aquando dos festejos dos \u00ab100 Anos da Linha F\u00e9rrea Louren\u00e7o Marques &#8211; Transvaal\u00bb, a ideia viria a ser novamente equacionada tendo ganho novo incentivo do Eng.\u00ba Rui Fonseca, ent\u00e3o PCA da Empresa CFM, ap\u00f3s a visita \u00e0 antiga linha de Xai-Xai, em Janeiro de 2001.\" \/>\n<meta property=\"og:url\" content=\"https:\/\/www.cfm.co.mz\/en\/2015\/06\/12\/presidente-da-republica-inaugura-o-museu-dos-cfm\/\" \/>\n<meta property=\"og:site_name\" content=\"CFM - Caminhos De Ferros de Mo\u00e7ambique\" \/>\n<meta property=\"article:publisher\" content=\"https:\/\/www.facebook.com\/CFMMoz\" \/>\n<meta property=\"article:published_time\" content=\"2015-06-12T14:11:47+00:00\" \/>\n<meta property=\"og:image\" content=\"https:\/\/www.cfm.co.mz\/wp-content\/uploads\/2015\/06\/museucfm1.jpg\" \/>\n\t<meta property=\"og:image:width\" content=\"450\" \/>\n\t<meta property=\"og:image:height\" content=\"260\" \/>\n\t<meta property=\"og:image:type\" content=\"image\/jpeg\" \/>\n<meta name=\"author\" content=\"Ad\u00e9lio Dias\" \/>\n<meta name=\"twitter:card\" content=\"summary_large_image\" \/>\n<meta name=\"twitter:label1\" content=\"Written by\" \/>\n\t<meta name=\"twitter:data1\" content=\"Ad\u00e9lio Dias\" \/>\n\t<meta name=\"twitter:label2\" content=\"Est. reading time\" \/>\n\t<meta name=\"twitter:data2\" content=\"2 minutes\" \/>\n<script type=\"application\/ld+json\" class=\"yoast-schema-graph\">{\"@context\":\"https:\/\/schema.org\",\"@graph\":[{\"@type\":\"Article\",\"@id\":\"https:\/\/www.cfm.co.mz\/2015\/06\/12\/presidente-da-republica-inaugura-o-museu-dos-cfm\/#article\",\"isPartOf\":{\"@id\":\"https:\/\/www.cfm.co.mz\/2015\/06\/12\/presidente-da-republica-inaugura-o-museu-dos-cfm\/\"},\"author\":{\"name\":\"Ad\u00e9lio Dias\",\"@id\":\"https:\/\/www.cfm.co.mz\/#\/schema\/person\/0b8a8b95eb758e200c2a5c3f18b8e5b4\"},\"headline\":\"Presidente da Rep\u00fablica inaugura o Museu dos CFM\",\"datePublished\":\"2015-06-12T14:11:47+00:00\",\"mainEntityOfPage\":{\"@id\":\"https:\/\/www.cfm.co.mz\/2015\/06\/12\/presidente-da-republica-inaugura-o-museu-dos-cfm\/\"},\"wordCount\":404,\"commentCount\":0,\"publisher\":{\"@id\":\"https:\/\/www.cfm.co.mz\/#organization\"},\"image\":{\"@id\":\"https:\/\/www.cfm.co.mz\/2015\/06\/12\/presidente-da-republica-inaugura-o-museu-dos-cfm\/#primaryimage\"},\"thumbnailUrl\":\"https:\/\/www.cfm.co.mz\/wp-content\/uploads\/2015\/06\/museucfm1.jpg\",\"articleSection\":[\"Noticias\"],\"inLanguage\":\"en-US\",\"potentialAction\":[{\"@type\":\"CommentAction\",\"name\":\"Comment\",\"target\":[\"https:\/\/www.cfm.co.mz\/2015\/06\/12\/presidente-da-republica-inaugura-o-museu-dos-cfm\/#respond\"]}]},{\"@type\":\"WebPage\",\"@id\":\"https:\/\/www.cfm.co.mz\/2015\/06\/12\/presidente-da-republica-inaugura-o-museu-dos-cfm\/\",\"url\":\"https:\/\/www.cfm.co.mz\/2015\/06\/12\/presidente-da-republica-inaugura-o-museu-dos-cfm\/\",\"name\":\"Presidente da Rep\u00fablica inaugura o Museu dos CFM - CFM - Caminhos De Ferros de Mo\u00e7ambique\",\"isPartOf\":{\"@id\":\"https:\/\/www.cfm.co.mz\/#website\"},\"primaryImageOfPage\":{\"@id\":\"https:\/\/www.cfm.co.mz\/2015\/06\/12\/presidente-da-republica-inaugura-o-museu-dos-cfm\/#primaryimage\"},\"image\":{\"@id\":\"https:\/\/www.cfm.co.mz\/2015\/06\/12\/presidente-da-republica-inaugura-o-museu-dos-cfm\/#primaryimage\"},\"thumbnailUrl\":\"https:\/\/www.cfm.co.mz\/wp-content\/uploads\/2015\/06\/museucfm1.jpg\",\"datePublished\":\"2015-06-12T14:11:47+00:00\",\"breadcrumb\":{\"@id\":\"https:\/\/www.cfm.co.mz\/2015\/06\/12\/presidente-da-republica-inaugura-o-museu-dos-cfm\/#breadcrumb\"},\"inLanguage\":\"en-US\",\"potentialAction\":[{\"@type\":\"ReadAction\",\"target\":[\"https:\/\/www.cfm.co.mz\/2015\/06\/12\/presidente-da-republica-inaugura-o-museu-dos-cfm\/\"]}]},{\"@type\":\"ImageObject\",\"inLanguage\":\"en-US\",\"@id\":\"https:\/\/www.cfm.co.mz\/2015\/06\/12\/presidente-da-republica-inaugura-o-museu-dos-cfm\/#primaryimage\",\"url\":\"https:\/\/www.cfm.co.mz\/wp-content\/uploads\/2015\/06\/museucfm1.jpg\",\"contentUrl\":\"https:\/\/www.cfm.co.mz\/wp-content\/uploads\/2015\/06\/museucfm1.jpg\",\"width\":450,\"height\":260,\"caption\":\"museucfm1\"},{\"@type\":\"BreadcrumbList\",\"@id\":\"https:\/\/www.cfm.co.mz\/2015\/06\/12\/presidente-da-republica-inaugura-o-museu-dos-cfm\/#breadcrumb\",\"itemListElement\":[{\"@type\":\"ListItem\",\"position\":1,\"name\":\"Home\",\"item\":\"https:\/\/www.cfm.co.mz\/\"},{\"@type\":\"ListItem\",\"position\":2,\"name\":\"Presidente da Rep\u00fablica inaugura o Museu dos CFM\"}]},{\"@type\":\"WebSite\",\"@id\":\"https:\/\/www.cfm.co.mz\/#website\",\"url\":\"https:\/\/www.cfm.co.mz\/\",\"name\":\"CFM - Caminhos De Ferros de Mo\u00e7ambique\",\"description\":\"Ampliando Horizontes\",\"publisher\":{\"@id\":\"https:\/\/www.cfm.co.mz\/#organization\"},\"potentialAction\":[{\"@type\":\"SearchAction\",\"target\":{\"@type\":\"EntryPoint\",\"urlTemplate\":\"https:\/\/www.cfm.co.mz\/?s={search_term_string}\"},\"query-input\":{\"@type\":\"PropertyValueSpecification\",\"valueRequired\":true,\"valueName\":\"search_term_string\"}}],\"inLanguage\":\"en-US\"},{\"@type\":\"Organization\",\"@id\":\"https:\/\/www.cfm.co.mz\/#organization\",\"name\":\"CFM - Caminhos De Ferros de Mo\u00e7ambique\",\"url\":\"https:\/\/www.cfm.co.mz\/\",\"logo\":{\"@type\":\"ImageObject\",\"inLanguage\":\"en-US\",\"@id\":\"https:\/\/www.cfm.co.mz\/#\/schema\/logo\/image\/\",\"url\":\"https:\/\/www.cfm.co.mz\/wp-content\/uploads\/2025\/07\/be5f0679-4f5b-4d02-9719-a26ceed29162.jpg\",\"contentUrl\":\"https:\/\/www.cfm.co.mz\/wp-content\/uploads\/2025\/07\/be5f0679-4f5b-4d02-9719-a26ceed29162.jpg\",\"width\":400,\"height\":65,\"caption\":\"CFM - Caminhos De Ferros de Mo\u00e7ambique\"},\"image\":{\"@id\":\"https:\/\/www.cfm.co.mz\/#\/schema\/logo\/image\/\"},\"sameAs\":[\"https:\/\/www.facebook.com\/CFMMoz\",\"https:\/\/www.linkedin.com\/company\/caminhos-de-ferro-de-moambique\/\"]},{\"@type\":\"Person\",\"@id\":\"https:\/\/www.cfm.co.mz\/#\/schema\/person\/0b8a8b95eb758e200c2a5c3f18b8e5b4\",\"name\":\"Ad\u00e9lio Dias\",\"image\":{\"@type\":\"ImageObject\",\"inLanguage\":\"en-US\",\"@id\":\"https:\/\/www.cfm.co.mz\/#\/schema\/person\/image\/\",\"url\":\"https:\/\/www.cfm.co.mz\/wp-content\/litespeed\/avatar\/9163cd4f0d73475e3a60c657aa28c78c.jpg?ver=1777454719\",\"contentUrl\":\"https:\/\/www.cfm.co.mz\/wp-content\/litespeed\/avatar\/9163cd4f0d73475e3a60c657aa28c78c.jpg?ver=1777454719\",\"caption\":\"Ad\u00e9lio Dias\"},\"url\":\"https:\/\/www.cfm.co.mz\/en\/author\/adelio-dias\/\"}]}<\/script>\n<!-- \/ Yoast SEO plugin. -->","yoast_head_json":{"title":"Presidente da Rep\u00fablica inaugura o Museu dos CFM - CFM - Caminhos De Ferros de Mo\u00e7ambique","robots":{"index":"index","follow":"follow","max-snippet":"max-snippet:-1","max-image-preview":"max-image-preview:large","max-video-preview":"max-video-preview:-1"},"canonical":"https:\/\/www.cfm.co.mz\/en\/2015\/06\/12\/presidente-da-republica-inaugura-o-museu-dos-cfm\/","og_locale":"en_US","og_type":"article","og_title":"Presidente da Rep\u00fablica inaugura o Museu dos CFM - CFM - Caminhos De Ferros de Mo\u00e7ambique","og_description":"O Presidente da Rep\u00fablica de Mo\u00e7ambique, Filipe Jacinto Nyusi presidiu, na passada quinta-feira, 11 de Junho, a cerim\u00f3nia de inaugura\u00e7\u00e3o do Museu da Empresa Portos e Caminhos de Ferro de Mo\u00e7ambique- CFM, situado junto \u00e0 Estac\u00e3o Central dos Caminhos de Ferro, na baixa da capital mo\u00e7ambicana. A ideia de cria\u00e7\u00e3o de um Museu dos Caminhos de Ferro remonta aos anos 60, numa altura em que medidas de protec\u00e7\u00e3o dos esp\u00f3lios ferrovi\u00e1rios constitu\u00edam uma tend\u00eancia a n\u00edvel mundial. Em 1995, aquando dos festejos dos \u00ab100 Anos da Linha F\u00e9rrea Louren\u00e7o Marques &#8211; Transvaal\u00bb, a ideia viria a ser novamente equacionada tendo ganho novo incentivo do Eng.\u00ba Rui Fonseca, ent\u00e3o PCA da Empresa CFM, ap\u00f3s a visita \u00e0 antiga linha de Xai-Xai, em Janeiro de 2001.","og_url":"https:\/\/www.cfm.co.mz\/en\/2015\/06\/12\/presidente-da-republica-inaugura-o-museu-dos-cfm\/","og_site_name":"CFM - Caminhos De Ferros de Mo\u00e7ambique","article_publisher":"https:\/\/www.facebook.com\/CFMMoz","article_published_time":"2015-06-12T14:11:47+00:00","og_image":[{"width":450,"height":260,"url":"https:\/\/www.cfm.co.mz\/wp-content\/uploads\/2015\/06\/museucfm1.jpg","type":"image\/jpeg"}],"author":"Ad\u00e9lio Dias","twitter_card":"summary_large_image","twitter_misc":{"Written by":"Ad\u00e9lio Dias","Est. reading time":"2 minutes"},"schema":{"@context":"https:\/\/schema.org","@graph":[{"@type":"Article","@id":"https:\/\/www.cfm.co.mz\/2015\/06\/12\/presidente-da-republica-inaugura-o-museu-dos-cfm\/#article","isPartOf":{"@id":"https:\/\/www.cfm.co.mz\/2015\/06\/12\/presidente-da-republica-inaugura-o-museu-dos-cfm\/"},"author":{"name":"Ad\u00e9lio Dias","@id":"https:\/\/www.cfm.co.mz\/#\/schema\/person\/0b8a8b95eb758e200c2a5c3f18b8e5b4"},"headline":"Presidente da Rep\u00fablica inaugura o Museu dos CFM","datePublished":"2015-06-12T14:11:47+00:00","mainEntityOfPage":{"@id":"https:\/\/www.cfm.co.mz\/2015\/06\/12\/presidente-da-republica-inaugura-o-museu-dos-cfm\/"},"wordCount":404,"commentCount":0,"publisher":{"@id":"https:\/\/www.cfm.co.mz\/#organization"},"image":{"@id":"https:\/\/www.cfm.co.mz\/2015\/06\/12\/presidente-da-republica-inaugura-o-museu-dos-cfm\/#primaryimage"},"thumbnailUrl":"https:\/\/www.cfm.co.mz\/wp-content\/uploads\/2015\/06\/museucfm1.jpg","articleSection":["Noticias"],"inLanguage":"en-US","potentialAction":[{"@type":"CommentAction","name":"Comment","target":["https:\/\/www.cfm.co.mz\/2015\/06\/12\/presidente-da-republica-inaugura-o-museu-dos-cfm\/#respond"]}]},{"@type":"WebPage","@id":"https:\/\/www.cfm.co.mz\/2015\/06\/12\/presidente-da-republica-inaugura-o-museu-dos-cfm\/","url":"https:\/\/www.cfm.co.mz\/2015\/06\/12\/presidente-da-republica-inaugura-o-museu-dos-cfm\/","name":"Presidente da Rep\u00fablica inaugura o Museu dos CFM - CFM - Caminhos De Ferros de Mo\u00e7ambique","isPartOf":{"@id":"https:\/\/www.cfm.co.mz\/#website"},"primaryImageOfPage":{"@id":"https:\/\/www.cfm.co.mz\/2015\/06\/12\/presidente-da-republica-inaugura-o-museu-dos-cfm\/#primaryimage"},"image":{"@id":"https:\/\/www.cfm.co.mz\/2015\/06\/12\/presidente-da-republica-inaugura-o-museu-dos-cfm\/#primaryimage"},"thumbnailUrl":"https:\/\/www.cfm.co.mz\/wp-content\/uploads\/2015\/06\/museucfm1.jpg","datePublished":"2015-06-12T14:11:47+00:00","breadcrumb":{"@id":"https:\/\/www.cfm.co.mz\/2015\/06\/12\/presidente-da-republica-inaugura-o-museu-dos-cfm\/#breadcrumb"},"inLanguage":"en-US","potentialAction":[{"@type":"ReadAction","target":["https:\/\/www.cfm.co.mz\/2015\/06\/12\/presidente-da-republica-inaugura-o-museu-dos-cfm\/"]}]},{"@type":"ImageObject","inLanguage":"en-US","@id":"https:\/\/www.cfm.co.mz\/2015\/06\/12\/presidente-da-republica-inaugura-o-museu-dos-cfm\/#primaryimage","url":"https:\/\/www.cfm.co.mz\/wp-content\/uploads\/2015\/06\/museucfm1.jpg","contentUrl":"https:\/\/www.cfm.co.mz\/wp-content\/uploads\/2015\/06\/museucfm1.jpg","width":450,"height":260,"caption":"museucfm1"},{"@type":"BreadcrumbList","@id":"https:\/\/www.cfm.co.mz\/2015\/06\/12\/presidente-da-republica-inaugura-o-museu-dos-cfm\/#breadcrumb","itemListElement":[{"@type":"ListItem","position":1,"name":"Home","item":"https:\/\/www.cfm.co.mz\/"},{"@type":"ListItem","position":2,"name":"Presidente da Rep\u00fablica inaugura o Museu dos CFM"}]},{"@type":"WebSite","@id":"https:\/\/www.cfm.co.mz\/#website","url":"https:\/\/www.cfm.co.mz\/","name":"CFM - Caminhos De Ferros de Mo\u00e7ambique","description":"Ampliando Horizontes","publisher":{"@id":"https:\/\/www.cfm.co.mz\/#organization"},"potentialAction":[{"@type":"SearchAction","target":{"@type":"EntryPoint","urlTemplate":"https:\/\/www.cfm.co.mz\/?s={search_term_string}"},"query-input":{"@type":"PropertyValueSpecification","valueRequired":true,"valueName":"search_term_string"}}],"inLanguage":"en-US"},{"@type":"Organization","@id":"https:\/\/www.cfm.co.mz\/#organization","name":"CFM - Caminhos De Ferros de Mo\u00e7ambique","url":"https:\/\/www.cfm.co.mz\/","logo":{"@type":"ImageObject","inLanguage":"en-US","@id":"https:\/\/www.cfm.co.mz\/#\/schema\/logo\/image\/","url":"https:\/\/www.cfm.co.mz\/wp-content\/uploads\/2025\/07\/be5f0679-4f5b-4d02-9719-a26ceed29162.jpg","contentUrl":"https:\/\/www.cfm.co.mz\/wp-content\/uploads\/2025\/07\/be5f0679-4f5b-4d02-9719-a26ceed29162.jpg","width":400,"height":65,"caption":"CFM - Caminhos De Ferros de Mo\u00e7ambique"},"image":{"@id":"https:\/\/www.cfm.co.mz\/#\/schema\/logo\/image\/"},"sameAs":["https:\/\/www.facebook.com\/CFMMoz","https:\/\/www.linkedin.com\/company\/caminhos-de-ferro-de-moambique\/"]},{"@type":"Person","@id":"https:\/\/www.cfm.co.mz\/#\/schema\/person\/0b8a8b95eb758e200c2a5c3f18b8e5b4","name":"Ad\u00e9lio Dias","image":{"@type":"ImageObject","inLanguage":"en-US","@id":"https:\/\/www.cfm.co.mz\/#\/schema\/person\/image\/","url":"https:\/\/www.cfm.co.mz\/wp-content\/litespeed\/avatar\/9163cd4f0d73475e3a60c657aa28c78c.jpg?ver=1777454719","contentUrl":"https:\/\/www.cfm.co.mz\/wp-content\/litespeed\/avatar\/9163cd4f0d73475e3a60c657aa28c78c.jpg?ver=1777454719","caption":"Ad\u00e9lio Dias"},"url":"https:\/\/www.cfm.co.mz\/en\/author\/adelio-dias\/"}]}},"_links":{"self":[{"href":"https:\/\/www.cfm.co.mz\/en\/wp-json\/wp\/v2\/posts\/8658","targetHints":{"allow":["GET"]}}],"collection":[{"href":"https:\/\/www.cfm.co.mz\/en\/wp-json\/wp\/v2\/posts"}],"about":[{"href":"https:\/\/www.cfm.co.mz\/en\/wp-json\/wp\/v2\/types\/post"}],"author":[{"embeddable":true,"href":"https:\/\/www.cfm.co.mz\/en\/wp-json\/wp\/v2\/users\/91"}],"replies":[{"embeddable":true,"href":"https:\/\/www.cfm.co.mz\/en\/wp-json\/wp\/v2\/comments?post=8658"}],"version-history":[{"count":0,"href":"https:\/\/www.cfm.co.mz\/en\/wp-json\/wp\/v2\/posts\/8658\/revisions"}],"wp:featuredmedia":[{"embeddable":true,"href":"https:\/\/www.cfm.co.mz\/en\/wp-json\/wp\/v2\/media\/8655"}],"wp:attachment":[{"href":"https:\/\/www.cfm.co.mz\/en\/wp-json\/wp\/v2\/media?parent=8658"}],"wp:term":[{"taxonomy":"category","embeddable":true,"href":"https:\/\/www.cfm.co.mz\/en\/wp-json\/wp\/v2\/categories?post=8658"},{"taxonomy":"post_tag","embeddable":true,"href":"https:\/\/www.cfm.co.mz\/en\/wp-json\/wp\/v2\/tags?post=8658"}],"curies":[{"name":"wp","href":"https:\/\/api.w.org\/{rel}","templated":true}]}}