{"id":8654,"date":"2015-06-05T15:29:00","date_gmt":"2015-06-05T15:29:00","guid":{"rendered":"https:\/\/www.cfm.co.mz\/2015\/06\/05\/aviso-publico-interdicao-de-circulacao-de-comboios-nas-linhas-de-ressano-garcia-e-limpopo\/"},"modified":"2015-06-05T15:29:00","modified_gmt":"2015-06-05T15:29:00","slug":"aviso-publico-interdicao-de-circulacao-de-comboios-nas-linhas-de-ressano-garcia-e-limpopo","status":"publish","type":"post","link":"https:\/\/www.cfm.co.mz\/en\/2015\/06\/05\/aviso-publico-interdicao-de-circulacao-de-comboios-nas-linhas-de-ressano-garcia-e-limpopo\/","title":{"rendered":"Aviso P\u00fablico &#8211; Interdi\u00e7\u00e3o de circula\u00e7\u00e3o de comboios nas Linhas de Ressano Garcia e Goba"},"content":{"rendered":"<p style=\"text-align: justify;\"><img fetchpriority=\"high\" decoding=\"async\" class=\"alignleft size-full wp-image-8653\" style=\"margin-top: 5px; margin-right: 10px; float: left;\" src=\"http:\/\/www.cfm.co.mz\/wp-content\/uploads\/2015\/06\/carruagem.JPG\" alt=\"carruagem\" width=\"350\" height=\"233\" srcset=\"https:\/\/www.cfm.co.mz\/wp-content\/uploads\/2015\/06\/carruagem.JPG 448w, https:\/\/www.cfm.co.mz\/wp-content\/uploads\/2015\/06\/carruagem-300x200.jpg 300w\" sizes=\"(max-width: 350px) 100vw, 350px\" \/>A Direc\u00e7\u00e3o Executiva do CFM-Sul serve-se do presente para informar a todos os seus clientes, passageiros e ao publico em geral que, no \u00e2mbito do cumprimento do programa de manuten\u00e7\u00e3o nas Linhas de Resano Garcia e Goba, a decorrer de 16 a 25 de Junho de 2015, haver\u00e1 cancelamento de comboios de passageiros segundo o programa:<\/p>\n<p><!--more--><\/p>\n<p style=\"text-align: justify;\"><strong>1.&nbsp;Linha de Ressano Garcia<\/strong><br \/>&#8211; Interdi\u00e7\u00e3o de circula\u00e7\u00e3o de todos os comboios nos dias 16, 17 e 18 de Junho de 2015;<br \/>&#8211; Nos dias 19, 20 e 21 de Junho de 2015, a interdi\u00e7\u00e3o ser\u00e1 observada no per\u00edodo das 07:00 \u00e0s 16:00 horas, podendo os comboios circularem no per\u00edodo das 17:00 \u00e0s 05:00 horas, pelo que o comboio de passageiros 111\/114 fica cancelado.<\/p>\n<p style=\"text-align: justify;\"><strong>2. Linha de Goba<\/strong><br \/>&#8211; Interdi\u00e7\u00e3o da circulacao de comboios de 16 a 24 de Junho de 2015, das 07:00 \u00e0s 16:00 horas, sendo permitidas as circula\u00e7\u00f5es em toda a extens\u00e3o da linha no per\u00edodo das 17:00 \u00e0s 05:00 horas.<\/p>\n<p style=\"text-align: justify;\">Cientes dos transtornos que ser\u00e3o causados, antecipadamente, pedimos as nossas mais sinceras desculpas.<\/p>\n<p style=\"text-align: center;\">Maputo, o2 de Junho de 2015.<\/p>\n<p style=\"text-align: center;\"><strong>O Director Executivo CFM-Sul<\/strong><br \/><strong>Antonio Bi\u00e9<\/strong><\/p>","protected":false},"excerpt":{"rendered":"<p>A Direc\u00e7\u00e3o Executiva do CFM-Sul serve-se do presente para informar a todos os seus clientes, passageiros e ao publico em geral que, no \u00e2mbito do cumprimento do programa de manuten\u00e7\u00e3o nas Linhas de Resano Garcia e Goba, a decorrer de 16 a 25 de Junho de 2015, haver\u00e1 cancelamento de comboios de passageiros segundo o programa:<\/p>","protected":false},"author":91,"featured_media":8653,"comment_status":"open","ping_status":"open","sticky":false,"template":"","format":"standard","meta":{"_acf_changed":false,"pgc_sgb_lightbox_settings":"","footnotes":""},"categories":[680],"tags":[],"class_list":["post-8654","post","type-post","status-publish","format-standard","has-post-thumbnail","hentry","category-noticias"],"acf":[],"yoast_head":"<!-- This site is optimized with the Yoast SEO plugin v26.5 - https:\/\/yoast.com\/wordpress\/plugins\/seo\/ -->\n<title>Aviso P\u00fablico - Interdi\u00e7\u00e3o de circula\u00e7\u00e3o de comboios nas Linhas de Ressano Garcia e Goba - CFM - Caminhos De Ferros de Mo\u00e7ambique<\/title>\n<meta name=\"robots\" content=\"index, follow, max-snippet:-1, max-image-preview:large, max-video-preview:-1\" \/>\n<link rel=\"canonical\" href=\"https:\/\/www.cfm.co.mz\/en\/2015\/06\/05\/aviso-publico-interdicao-de-circulacao-de-comboios-nas-linhas-de-ressano-garcia-e-limpopo\/\" \/>\n<meta property=\"og:locale\" content=\"en_US\" \/>\n<meta property=\"og:type\" content=\"article\" \/>\n<meta property=\"og:title\" content=\"Aviso P\u00fablico - Interdi\u00e7\u00e3o de circula\u00e7\u00e3o de comboios nas Linhas de Ressano Garcia e Goba - CFM - Caminhos De Ferros de Mo\u00e7ambique\" \/>\n<meta property=\"og:description\" content=\"A Direc\u00e7\u00e3o Executiva do CFM-Sul serve-se do presente para informar a todos os seus clientes, passageiros e ao publico em geral que, no \u00e2mbito do cumprimento do programa de manuten\u00e7\u00e3o nas Linhas de Resano Garcia e Goba, a decorrer de 16 a 25 de Junho de 2015, haver\u00e1 cancelamento de comboios de passageiros segundo o programa:\" \/>\n<meta property=\"og:url\" content=\"https:\/\/www.cfm.co.mz\/en\/2015\/06\/05\/aviso-publico-interdicao-de-circulacao-de-comboios-nas-linhas-de-ressano-garcia-e-limpopo\/\" \/>\n<meta property=\"og:site_name\" content=\"CFM - Caminhos De Ferros de Mo\u00e7ambique\" \/>\n<meta property=\"article:publisher\" content=\"https:\/\/www.facebook.com\/CFMMoz\" \/>\n<meta property=\"article:published_time\" content=\"2015-06-05T15:29:00+00:00\" \/>\n<meta property=\"og:image\" content=\"https:\/\/www.cfm.co.mz\/wp-content\/uploads\/2015\/06\/carruagem.JPG\" \/>\n\t<meta property=\"og:image:width\" content=\"448\" \/>\n\t<meta property=\"og:image:height\" content=\"298\" \/>\n\t<meta property=\"og:image:type\" content=\"image\/jpeg\" \/>\n<meta name=\"author\" content=\"Ad\u00e9lio Dias\" \/>\n<meta name=\"twitter:card\" content=\"summary_large_image\" \/>\n<meta name=\"twitter:label1\" content=\"Written by\" \/>\n\t<meta name=\"twitter:data1\" content=\"Ad\u00e9lio Dias\" \/>\n\t<meta name=\"twitter:label2\" content=\"Est. reading time\" \/>\n\t<meta name=\"twitter:data2\" content=\"1 minute\" \/>\n<script type=\"application\/ld+json\" class=\"yoast-schema-graph\">{\"@context\":\"https:\/\/schema.org\",\"@graph\":[{\"@type\":\"Article\",\"@id\":\"https:\/\/www.cfm.co.mz\/2015\/06\/05\/aviso-publico-interdicao-de-circulacao-de-comboios-nas-linhas-de-ressano-garcia-e-limpopo\/#article\",\"isPartOf\":{\"@id\":\"https:\/\/www.cfm.co.mz\/2015\/06\/05\/aviso-publico-interdicao-de-circulacao-de-comboios-nas-linhas-de-ressano-garcia-e-limpopo\/\"},\"author\":{\"name\":\"Ad\u00e9lio Dias\",\"@id\":\"https:\/\/www.cfm.co.mz\/#\/schema\/person\/0b8a8b95eb758e200c2a5c3f18b8e5b4\"},\"headline\":\"Aviso P\u00fablico &#8211; Interdi\u00e7\u00e3o de circula\u00e7\u00e3o de comboios nas Linhas de Ressano Garcia e Goba\",\"datePublished\":\"2015-06-05T15:29:00+00:00\",\"mainEntityOfPage\":{\"@id\":\"https:\/\/www.cfm.co.mz\/2015\/06\/05\/aviso-publico-interdicao-de-circulacao-de-comboios-nas-linhas-de-ressano-garcia-e-limpopo\/\"},\"wordCount\":191,\"commentCount\":0,\"publisher\":{\"@id\":\"https:\/\/www.cfm.co.mz\/#organization\"},\"image\":{\"@id\":\"https:\/\/www.cfm.co.mz\/2015\/06\/05\/aviso-publico-interdicao-de-circulacao-de-comboios-nas-linhas-de-ressano-garcia-e-limpopo\/#primaryimage\"},\"thumbnailUrl\":\"https:\/\/www.cfm.co.mz\/wp-content\/uploads\/2015\/06\/carruagem.JPG\",\"articleSection\":[\"Noticias\"],\"inLanguage\":\"en-US\",\"potentialAction\":[{\"@type\":\"CommentAction\",\"name\":\"Comment\",\"target\":[\"https:\/\/www.cfm.co.mz\/2015\/06\/05\/aviso-publico-interdicao-de-circulacao-de-comboios-nas-linhas-de-ressano-garcia-e-limpopo\/#respond\"]}]},{\"@type\":\"WebPage\",\"@id\":\"https:\/\/www.cfm.co.mz\/2015\/06\/05\/aviso-publico-interdicao-de-circulacao-de-comboios-nas-linhas-de-ressano-garcia-e-limpopo\/\",\"url\":\"https:\/\/www.cfm.co.mz\/2015\/06\/05\/aviso-publico-interdicao-de-circulacao-de-comboios-nas-linhas-de-ressano-garcia-e-limpopo\/\",\"name\":\"Aviso P\u00fablico - Interdi\u00e7\u00e3o de circula\u00e7\u00e3o de comboios nas Linhas de Ressano Garcia e Goba - CFM - Caminhos De Ferros de Mo\u00e7ambique\",\"isPartOf\":{\"@id\":\"https:\/\/www.cfm.co.mz\/#website\"},\"primaryImageOfPage\":{\"@id\":\"https:\/\/www.cfm.co.mz\/2015\/06\/05\/aviso-publico-interdicao-de-circulacao-de-comboios-nas-linhas-de-ressano-garcia-e-limpopo\/#primaryimage\"},\"image\":{\"@id\":\"https:\/\/www.cfm.co.mz\/2015\/06\/05\/aviso-publico-interdicao-de-circulacao-de-comboios-nas-linhas-de-ressano-garcia-e-limpopo\/#primaryimage\"},\"thumbnailUrl\":\"https:\/\/www.cfm.co.mz\/wp-content\/uploads\/2015\/06\/carruagem.JPG\",\"datePublished\":\"2015-06-05T15:29:00+00:00\",\"breadcrumb\":{\"@id\":\"https:\/\/www.cfm.co.mz\/2015\/06\/05\/aviso-publico-interdicao-de-circulacao-de-comboios-nas-linhas-de-ressano-garcia-e-limpopo\/#breadcrumb\"},\"inLanguage\":\"en-US\",\"potentialAction\":[{\"@type\":\"ReadAction\",\"target\":[\"https:\/\/www.cfm.co.mz\/2015\/06\/05\/aviso-publico-interdicao-de-circulacao-de-comboios-nas-linhas-de-ressano-garcia-e-limpopo\/\"]}]},{\"@type\":\"ImageObject\",\"inLanguage\":\"en-US\",\"@id\":\"https:\/\/www.cfm.co.mz\/2015\/06\/05\/aviso-publico-interdicao-de-circulacao-de-comboios-nas-linhas-de-ressano-garcia-e-limpopo\/#primaryimage\",\"url\":\"https:\/\/www.cfm.co.mz\/wp-content\/uploads\/2015\/06\/carruagem.JPG\",\"contentUrl\":\"https:\/\/www.cfm.co.mz\/wp-content\/uploads\/2015\/06\/carruagem.JPG\",\"width\":448,\"height\":298,\"caption\":\"carruagem\"},{\"@type\":\"BreadcrumbList\",\"@id\":\"https:\/\/www.cfm.co.mz\/2015\/06\/05\/aviso-publico-interdicao-de-circulacao-de-comboios-nas-linhas-de-ressano-garcia-e-limpopo\/#breadcrumb\",\"itemListElement\":[{\"@type\":\"ListItem\",\"position\":1,\"name\":\"Home\",\"item\":\"https:\/\/www.cfm.co.mz\/\"},{\"@type\":\"ListItem\",\"position\":2,\"name\":\"Aviso P\u00fablico &#8211; Interdi\u00e7\u00e3o de circula\u00e7\u00e3o de comboios nas Linhas de Ressano Garcia e Goba\"}]},{\"@type\":\"WebSite\",\"@id\":\"https:\/\/www.cfm.co.mz\/#website\",\"url\":\"https:\/\/www.cfm.co.mz\/\",\"name\":\"CFM - Caminhos De Ferros de Mo\u00e7ambique\",\"description\":\"Ampliando Horizontes\",\"publisher\":{\"@id\":\"https:\/\/www.cfm.co.mz\/#organization\"},\"potentialAction\":[{\"@type\":\"SearchAction\",\"target\":{\"@type\":\"EntryPoint\",\"urlTemplate\":\"https:\/\/www.cfm.co.mz\/?s={search_term_string}\"},\"query-input\":{\"@type\":\"PropertyValueSpecification\",\"valueRequired\":true,\"valueName\":\"search_term_string\"}}],\"inLanguage\":\"en-US\"},{\"@type\":\"Organization\",\"@id\":\"https:\/\/www.cfm.co.mz\/#organization\",\"name\":\"CFM - Caminhos De Ferros de Mo\u00e7ambique\",\"url\":\"https:\/\/www.cfm.co.mz\/\",\"logo\":{\"@type\":\"ImageObject\",\"inLanguage\":\"en-US\",\"@id\":\"https:\/\/www.cfm.co.mz\/#\/schema\/logo\/image\/\",\"url\":\"https:\/\/www.cfm.co.mz\/wp-content\/uploads\/2025\/07\/be5f0679-4f5b-4d02-9719-a26ceed29162.jpg\",\"contentUrl\":\"https:\/\/www.cfm.co.mz\/wp-content\/uploads\/2025\/07\/be5f0679-4f5b-4d02-9719-a26ceed29162.jpg\",\"width\":400,\"height\":65,\"caption\":\"CFM - Caminhos De Ferros de Mo\u00e7ambique\"},\"image\":{\"@id\":\"https:\/\/www.cfm.co.mz\/#\/schema\/logo\/image\/\"},\"sameAs\":[\"https:\/\/www.facebook.com\/CFMMoz\",\"https:\/\/www.linkedin.com\/company\/caminhos-de-ferro-de-moambique\/\"]},{\"@type\":\"Person\",\"@id\":\"https:\/\/www.cfm.co.mz\/#\/schema\/person\/0b8a8b95eb758e200c2a5c3f18b8e5b4\",\"name\":\"Ad\u00e9lio Dias\",\"image\":{\"@type\":\"ImageObject\",\"inLanguage\":\"en-US\",\"@id\":\"https:\/\/www.cfm.co.mz\/#\/schema\/person\/image\/\",\"url\":\"https:\/\/www.cfm.co.mz\/wp-content\/litespeed\/avatar\/9163cd4f0d73475e3a60c657aa28c78c.jpg?ver=1777454719\",\"contentUrl\":\"https:\/\/www.cfm.co.mz\/wp-content\/litespeed\/avatar\/9163cd4f0d73475e3a60c657aa28c78c.jpg?ver=1777454719\",\"caption\":\"Ad\u00e9lio Dias\"},\"url\":\"https:\/\/www.cfm.co.mz\/en\/author\/adelio-dias\/\"}]}<\/script>\n<!-- \/ Yoast SEO plugin. -->","yoast_head_json":{"title":"Aviso P\u00fablico - Interdi\u00e7\u00e3o de circula\u00e7\u00e3o de comboios nas Linhas de Ressano Garcia e Goba - CFM - Caminhos De Ferros de Mo\u00e7ambique","robots":{"index":"index","follow":"follow","max-snippet":"max-snippet:-1","max-image-preview":"max-image-preview:large","max-video-preview":"max-video-preview:-1"},"canonical":"https:\/\/www.cfm.co.mz\/en\/2015\/06\/05\/aviso-publico-interdicao-de-circulacao-de-comboios-nas-linhas-de-ressano-garcia-e-limpopo\/","og_locale":"en_US","og_type":"article","og_title":"Aviso P\u00fablico - Interdi\u00e7\u00e3o de circula\u00e7\u00e3o de comboios nas Linhas de Ressano Garcia e Goba - CFM - Caminhos De Ferros de Mo\u00e7ambique","og_description":"A Direc\u00e7\u00e3o Executiva do CFM-Sul serve-se do presente para informar a todos os seus clientes, passageiros e ao publico em geral que, no \u00e2mbito do cumprimento do programa de manuten\u00e7\u00e3o nas Linhas de Resano Garcia e Goba, a decorrer de 16 a 25 de Junho de 2015, haver\u00e1 cancelamento de comboios de passageiros segundo o programa:","og_url":"https:\/\/www.cfm.co.mz\/en\/2015\/06\/05\/aviso-publico-interdicao-de-circulacao-de-comboios-nas-linhas-de-ressano-garcia-e-limpopo\/","og_site_name":"CFM - Caminhos De Ferros de Mo\u00e7ambique","article_publisher":"https:\/\/www.facebook.com\/CFMMoz","article_published_time":"2015-06-05T15:29:00+00:00","og_image":[{"width":448,"height":298,"url":"https:\/\/www.cfm.co.mz\/wp-content\/uploads\/2015\/06\/carruagem.JPG","type":"image\/jpeg"}],"author":"Ad\u00e9lio Dias","twitter_card":"summary_large_image","twitter_misc":{"Written by":"Ad\u00e9lio Dias","Est. reading time":"1 minute"},"schema":{"@context":"https:\/\/schema.org","@graph":[{"@type":"Article","@id":"https:\/\/www.cfm.co.mz\/2015\/06\/05\/aviso-publico-interdicao-de-circulacao-de-comboios-nas-linhas-de-ressano-garcia-e-limpopo\/#article","isPartOf":{"@id":"https:\/\/www.cfm.co.mz\/2015\/06\/05\/aviso-publico-interdicao-de-circulacao-de-comboios-nas-linhas-de-ressano-garcia-e-limpopo\/"},"author":{"name":"Ad\u00e9lio Dias","@id":"https:\/\/www.cfm.co.mz\/#\/schema\/person\/0b8a8b95eb758e200c2a5c3f18b8e5b4"},"headline":"Aviso P\u00fablico &#8211; Interdi\u00e7\u00e3o de circula\u00e7\u00e3o de comboios nas Linhas de Ressano Garcia e Goba","datePublished":"2015-06-05T15:29:00+00:00","mainEntityOfPage":{"@id":"https:\/\/www.cfm.co.mz\/2015\/06\/05\/aviso-publico-interdicao-de-circulacao-de-comboios-nas-linhas-de-ressano-garcia-e-limpopo\/"},"wordCount":191,"commentCount":0,"publisher":{"@id":"https:\/\/www.cfm.co.mz\/#organization"},"image":{"@id":"https:\/\/www.cfm.co.mz\/2015\/06\/05\/aviso-publico-interdicao-de-circulacao-de-comboios-nas-linhas-de-ressano-garcia-e-limpopo\/#primaryimage"},"thumbnailUrl":"https:\/\/www.cfm.co.mz\/wp-content\/uploads\/2015\/06\/carruagem.JPG","articleSection":["Noticias"],"inLanguage":"en-US","potentialAction":[{"@type":"CommentAction","name":"Comment","target":["https:\/\/www.cfm.co.mz\/2015\/06\/05\/aviso-publico-interdicao-de-circulacao-de-comboios-nas-linhas-de-ressano-garcia-e-limpopo\/#respond"]}]},{"@type":"WebPage","@id":"https:\/\/www.cfm.co.mz\/2015\/06\/05\/aviso-publico-interdicao-de-circulacao-de-comboios-nas-linhas-de-ressano-garcia-e-limpopo\/","url":"https:\/\/www.cfm.co.mz\/2015\/06\/05\/aviso-publico-interdicao-de-circulacao-de-comboios-nas-linhas-de-ressano-garcia-e-limpopo\/","name":"Aviso P\u00fablico - Interdi\u00e7\u00e3o de circula\u00e7\u00e3o de comboios nas Linhas de Ressano Garcia e Goba - CFM - Caminhos De Ferros de Mo\u00e7ambique","isPartOf":{"@id":"https:\/\/www.cfm.co.mz\/#website"},"primaryImageOfPage":{"@id":"https:\/\/www.cfm.co.mz\/2015\/06\/05\/aviso-publico-interdicao-de-circulacao-de-comboios-nas-linhas-de-ressano-garcia-e-limpopo\/#primaryimage"},"image":{"@id":"https:\/\/www.cfm.co.mz\/2015\/06\/05\/aviso-publico-interdicao-de-circulacao-de-comboios-nas-linhas-de-ressano-garcia-e-limpopo\/#primaryimage"},"thumbnailUrl":"https:\/\/www.cfm.co.mz\/wp-content\/uploads\/2015\/06\/carruagem.JPG","datePublished":"2015-06-05T15:29:00+00:00","breadcrumb":{"@id":"https:\/\/www.cfm.co.mz\/2015\/06\/05\/aviso-publico-interdicao-de-circulacao-de-comboios-nas-linhas-de-ressano-garcia-e-limpopo\/#breadcrumb"},"inLanguage":"en-US","potentialAction":[{"@type":"ReadAction","target":["https:\/\/www.cfm.co.mz\/2015\/06\/05\/aviso-publico-interdicao-de-circulacao-de-comboios-nas-linhas-de-ressano-garcia-e-limpopo\/"]}]},{"@type":"ImageObject","inLanguage":"en-US","@id":"https:\/\/www.cfm.co.mz\/2015\/06\/05\/aviso-publico-interdicao-de-circulacao-de-comboios-nas-linhas-de-ressano-garcia-e-limpopo\/#primaryimage","url":"https:\/\/www.cfm.co.mz\/wp-content\/uploads\/2015\/06\/carruagem.JPG","contentUrl":"https:\/\/www.cfm.co.mz\/wp-content\/uploads\/2015\/06\/carruagem.JPG","width":448,"height":298,"caption":"carruagem"},{"@type":"BreadcrumbList","@id":"https:\/\/www.cfm.co.mz\/2015\/06\/05\/aviso-publico-interdicao-de-circulacao-de-comboios-nas-linhas-de-ressano-garcia-e-limpopo\/#breadcrumb","itemListElement":[{"@type":"ListItem","position":1,"name":"Home","item":"https:\/\/www.cfm.co.mz\/"},{"@type":"ListItem","position":2,"name":"Aviso P\u00fablico &#8211; Interdi\u00e7\u00e3o de circula\u00e7\u00e3o de comboios nas Linhas de Ressano Garcia e Goba"}]},{"@type":"WebSite","@id":"https:\/\/www.cfm.co.mz\/#website","url":"https:\/\/www.cfm.co.mz\/","name":"CFM - Caminhos De Ferros de Mo\u00e7ambique","description":"Ampliando Horizontes","publisher":{"@id":"https:\/\/www.cfm.co.mz\/#organization"},"potentialAction":[{"@type":"SearchAction","target":{"@type":"EntryPoint","urlTemplate":"https:\/\/www.cfm.co.mz\/?s={search_term_string}"},"query-input":{"@type":"PropertyValueSpecification","valueRequired":true,"valueName":"search_term_string"}}],"inLanguage":"en-US"},{"@type":"Organization","@id":"https:\/\/www.cfm.co.mz\/#organization","name":"CFM - Caminhos De Ferros de Mo\u00e7ambique","url":"https:\/\/www.cfm.co.mz\/","logo":{"@type":"ImageObject","inLanguage":"en-US","@id":"https:\/\/www.cfm.co.mz\/#\/schema\/logo\/image\/","url":"https:\/\/www.cfm.co.mz\/wp-content\/uploads\/2025\/07\/be5f0679-4f5b-4d02-9719-a26ceed29162.jpg","contentUrl":"https:\/\/www.cfm.co.mz\/wp-content\/uploads\/2025\/07\/be5f0679-4f5b-4d02-9719-a26ceed29162.jpg","width":400,"height":65,"caption":"CFM - Caminhos De Ferros de Mo\u00e7ambique"},"image":{"@id":"https:\/\/www.cfm.co.mz\/#\/schema\/logo\/image\/"},"sameAs":["https:\/\/www.facebook.com\/CFMMoz","https:\/\/www.linkedin.com\/company\/caminhos-de-ferro-de-moambique\/"]},{"@type":"Person","@id":"https:\/\/www.cfm.co.mz\/#\/schema\/person\/0b8a8b95eb758e200c2a5c3f18b8e5b4","name":"Ad\u00e9lio Dias","image":{"@type":"ImageObject","inLanguage":"en-US","@id":"https:\/\/www.cfm.co.mz\/#\/schema\/person\/image\/","url":"https:\/\/www.cfm.co.mz\/wp-content\/litespeed\/avatar\/9163cd4f0d73475e3a60c657aa28c78c.jpg?ver=1777454719","contentUrl":"https:\/\/www.cfm.co.mz\/wp-content\/litespeed\/avatar\/9163cd4f0d73475e3a60c657aa28c78c.jpg?ver=1777454719","caption":"Ad\u00e9lio Dias"},"url":"https:\/\/www.cfm.co.mz\/en\/author\/adelio-dias\/"}]}},"_links":{"self":[{"href":"https:\/\/www.cfm.co.mz\/en\/wp-json\/wp\/v2\/posts\/8654","targetHints":{"allow":["GET"]}}],"collection":[{"href":"https:\/\/www.cfm.co.mz\/en\/wp-json\/wp\/v2\/posts"}],"about":[{"href":"https:\/\/www.cfm.co.mz\/en\/wp-json\/wp\/v2\/types\/post"}],"author":[{"embeddable":true,"href":"https:\/\/www.cfm.co.mz\/en\/wp-json\/wp\/v2\/users\/91"}],"replies":[{"embeddable":true,"href":"https:\/\/www.cfm.co.mz\/en\/wp-json\/wp\/v2\/comments?post=8654"}],"version-history":[{"count":0,"href":"https:\/\/www.cfm.co.mz\/en\/wp-json\/wp\/v2\/posts\/8654\/revisions"}],"wp:featuredmedia":[{"embeddable":true,"href":"https:\/\/www.cfm.co.mz\/en\/wp-json\/wp\/v2\/media\/8653"}],"wp:attachment":[{"href":"https:\/\/www.cfm.co.mz\/en\/wp-json\/wp\/v2\/media?parent=8654"}],"wp:term":[{"taxonomy":"category","embeddable":true,"href":"https:\/\/www.cfm.co.mz\/en\/wp-json\/wp\/v2\/categories?post=8654"},{"taxonomy":"post_tag","embeddable":true,"href":"https:\/\/www.cfm.co.mz\/en\/wp-json\/wp\/v2\/tags?post=8654"}],"curies":[{"name":"wp","href":"https:\/\/api.w.org\/{rel}","templated":true}]}}