{"id":8652,"date":"2015-05-07T14:14:16","date_gmt":"2015-05-07T14:14:16","guid":{"rendered":"https:\/\/www.cfm.co.mz\/2015\/05\/07\/vice-ministra-dos-transporte-e-comunicacoes-satisfeita-com-o-desempenho-do-cfm\/"},"modified":"2015-05-07T14:14:16","modified_gmt":"2015-05-07T14:14:16","slug":"vice-ministra-dos-transporte-e-comunicacoes-satisfeita-com-o-desempenho-do-cfm","status":"publish","type":"post","link":"https:\/\/www.cfm.co.mz\/en\/2015\/05\/07\/vice-ministra-dos-transporte-e-comunicacoes-satisfeita-com-o-desempenho-do-cfm\/","title":{"rendered":"Vice- Ministra dos Transportes e Comunica\u00e7\u00f5es satisfeita com o desempenho do CFM"},"content":{"rendered":"<p style=\"text-align: justify;\"><a class=\"jcepopup\" type=\"image\" href=\"http:\/\/www.cfm.co.mz\/wp-content\/uploads\/2015\/05\/rg1.jpg\" target=\"_blank\" data-mediabox=\"width[500];height[250]\" rel=\"noopener\"><img decoding=\"async\" style=\"margin-right: 10px; margin-top: 5px; float: left;\" src=\"http:\/\/www.cfm.co.mz\/wp-content\/uploads\/2015\/05\/rg1.jpg\" alt=\"rg1\" width=\"250\" height=\"176\" \/><\/a>A Vice-Ministra dos Transportes e Comunica\u00e7\u00f5es de Mo\u00e7ambique, Dra. Manuela Rebelo ficou satisfeita com o resultado dos trabalhos desenvolvidos pela Empresa Portos e Caminhos de Ferro de Mo\u00e7ambique (CFM), na Linha de Ressano Garcia.<\/p>\n<p style=\"text-align: justify;\">Rebelo fez esse pronunciamento, no quadro da visita de trabalho que efectuou&nbsp;\u00e0 Linha de Ressano Garcia, no dia 6 de Maio de 2015. A governante percorreu a Linha de comboio que partiu da Esta\u00e7\u00e3o da Machava e terminou na Esta\u00e7\u00e3o fronteiri\u00e7a de Ressano Garcia.<\/p>\n<p><!--more--><\/p>\n<p style=\"text-align: justify;\"><a class=\"jcepopup\" type=\"image\" href=\"http:\/\/www.cfm.co.mz\/wp-content\/uploads\/2015\/05\/rg2.jpg\" target=\"_blank\" data-mediabox=\"width[600];height[300]\" rel=\"noopener\"><img decoding=\"async\" style=\"margin-top: 5px; margin-left: 10px; float: right;\" src=\"http:\/\/www.cfm.co.mz\/wp-content\/uploads\/2015\/05\/rg2.jpg\" alt=\"rg2\" width=\"220\" height=\"146\" \/><\/a>A Linha de Ressano Garcia, que faz fronteira com a \u00c1frica do Sul, constitui uma importante fonte de rendimentos para a economia do Pa\u00eds, e o objectivo da visita da governante era justamente para <strong><em>\u201cver em que condi\u00e7\u00f5es est\u00e1 a linha, quais as necessidades em termos de reabilita\u00e7\u00e3o, interven\u00e7\u00f5es, etc.\u201d<\/em><\/strong><\/p>\n<p style=\"text-align: justify;\">Ap\u00f3s a viagem, a Vice-Ministra concluiu que \u201c<strong><em>grande parte da linha n\u00e3o est\u00e1 como ach\u00e1vamos que estivesse mal. Os CFM est\u00e3o a trabalhar muito bem, est\u00e3o a fazer muitas interven\u00e7\u00f5es, principalmente em alguns pontos cr\u00edticos\u2026e isso \u00e9 muito bom.\u201d<\/em><\/strong><\/p>\n<p style=\"text-align: justify;\"><a class=\"jcepopup\" type=\"image\" href=\"http:\/\/www.cfm.co.mz\/wp-content\/uploads\/2015\/05\/linharg3.jpg\" target=\"_blank\" data-mediabox=\"width[600];height[250]\" rel=\"noopener\"><img decoding=\"async\" style=\"margin-top: 5px; margin-right: 10px; float: left;\" src=\"http:\/\/www.cfm.co.mz\/wp-content\/uploads\/2015\/05\/linharg3.jpg\" alt=\"linharg3\" width=\"200\" height=\"82\" \/><\/a>Para al\u00e9m da Linha de Ressano Garcia, a vice-Ministra visitou, igualmente, o Est\u00e1dio da Machava, propriedade do CFM, bem como os Terminais de Carv\u00e3o e de Combust\u00edveis, no Porto da Matola.<\/p>","protected":false},"excerpt":{"rendered":"<p>A Vice-Ministra dos Transportes e Comunica\u00e7\u00f5es de Mo\u00e7ambique, Dra. Manuela Rebelo ficou satisfeita com o resultado dos trabalhos desenvolvidos pela Empresa Portos e Caminhos de Ferro de Mo\u00e7ambique (CFM), na Linha de Ressano Garcia. Rebelo fez esse pronunciamento, no quadro da visita de trabalho que efectuou&nbsp;\u00e0 Linha de Ressano Garcia, no dia 6 de Maio de 2015. A governante percorreu a Linha de comboio que partiu da Esta\u00e7\u00e3o da Machava e terminou na Esta\u00e7\u00e3o fronteiri\u00e7a de Ressano Garcia.<\/p>","protected":false},"author":91,"featured_media":8649,"comment_status":"open","ping_status":"open","sticky":false,"template":"","format":"standard","meta":{"_acf_changed":false,"pgc_sgb_lightbox_settings":"","footnotes":""},"categories":[680],"tags":[],"class_list":["post-8652","post","type-post","status-publish","format-standard","has-post-thumbnail","hentry","category-noticias"],"acf":[],"yoast_head":"<!-- This site is optimized with the Yoast SEO plugin v26.5 - https:\/\/yoast.com\/wordpress\/plugins\/seo\/ -->\n<title>Vice- Ministra dos Transportes e Comunica\u00e7\u00f5es satisfeita com o desempenho do CFM - CFM - Caminhos De Ferros de Mo\u00e7ambique<\/title>\n<meta name=\"robots\" content=\"index, follow, max-snippet:-1, max-image-preview:large, max-video-preview:-1\" \/>\n<link rel=\"canonical\" href=\"https:\/\/www.cfm.co.mz\/en\/2015\/05\/07\/vice-ministra-dos-transporte-e-comunicacoes-satisfeita-com-o-desempenho-do-cfm\/\" \/>\n<meta property=\"og:locale\" content=\"en_US\" \/>\n<meta property=\"og:type\" content=\"article\" \/>\n<meta property=\"og:title\" content=\"Vice- Ministra dos Transportes e Comunica\u00e7\u00f5es satisfeita com o desempenho do CFM - CFM - Caminhos De Ferros de Mo\u00e7ambique\" \/>\n<meta property=\"og:description\" content=\"A Vice-Ministra dos Transportes e Comunica\u00e7\u00f5es de Mo\u00e7ambique, Dra. Manuela Rebelo ficou satisfeita com o resultado dos trabalhos desenvolvidos pela Empresa Portos e Caminhos de Ferro de Mo\u00e7ambique (CFM), na Linha de Ressano Garcia. Rebelo fez esse pronunciamento, no quadro da visita de trabalho que efectuou&nbsp;\u00e0 Linha de Ressano Garcia, no dia 6 de Maio de 2015. A governante percorreu a Linha de comboio que partiu da Esta\u00e7\u00e3o da Machava e terminou na Esta\u00e7\u00e3o fronteiri\u00e7a de Ressano Garcia.\" \/>\n<meta property=\"og:url\" content=\"https:\/\/www.cfm.co.mz\/en\/2015\/05\/07\/vice-ministra-dos-transporte-e-comunicacoes-satisfeita-com-o-desempenho-do-cfm\/\" \/>\n<meta property=\"og:site_name\" content=\"CFM - Caminhos De Ferros de Mo\u00e7ambique\" \/>\n<meta property=\"article:publisher\" content=\"https:\/\/www.facebook.com\/CFMMoz\" \/>\n<meta property=\"article:published_time\" content=\"2015-05-07T14:14:16+00:00\" \/>\n<meta property=\"og:image\" content=\"https:\/\/www.cfm.co.mz\/wp-content\/uploads\/2015\/05\/rg1.jpg\" \/>\n\t<meta property=\"og:image:width\" content=\"640\" \/>\n\t<meta property=\"og:image:height\" content=\"451\" \/>\n\t<meta property=\"og:image:type\" content=\"image\/jpeg\" \/>\n<meta name=\"author\" content=\"Ad\u00e9lio Dias\" \/>\n<meta name=\"twitter:card\" content=\"summary_large_image\" \/>\n<meta name=\"twitter:label1\" content=\"Written by\" \/>\n\t<meta name=\"twitter:data1\" content=\"Ad\u00e9lio Dias\" \/>\n\t<meta name=\"twitter:label2\" content=\"Est. reading time\" \/>\n\t<meta name=\"twitter:data2\" content=\"1 minute\" \/>\n<script type=\"application\/ld+json\" class=\"yoast-schema-graph\">{\"@context\":\"https:\/\/schema.org\",\"@graph\":[{\"@type\":\"Article\",\"@id\":\"https:\/\/www.cfm.co.mz\/2015\/05\/07\/vice-ministra-dos-transporte-e-comunicacoes-satisfeita-com-o-desempenho-do-cfm\/#article\",\"isPartOf\":{\"@id\":\"https:\/\/www.cfm.co.mz\/2015\/05\/07\/vice-ministra-dos-transporte-e-comunicacoes-satisfeita-com-o-desempenho-do-cfm\/\"},\"author\":{\"name\":\"Ad\u00e9lio Dias\",\"@id\":\"https:\/\/www.cfm.co.mz\/#\/schema\/person\/0b8a8b95eb758e200c2a5c3f18b8e5b4\"},\"headline\":\"Vice- Ministra dos Transportes e Comunica\u00e7\u00f5es satisfeita com o desempenho do CFM\",\"datePublished\":\"2015-05-07T14:14:16+00:00\",\"mainEntityOfPage\":{\"@id\":\"https:\/\/www.cfm.co.mz\/2015\/05\/07\/vice-ministra-dos-transporte-e-comunicacoes-satisfeita-com-o-desempenho-do-cfm\/\"},\"wordCount\":231,\"commentCount\":0,\"publisher\":{\"@id\":\"https:\/\/www.cfm.co.mz\/#organization\"},\"image\":{\"@id\":\"https:\/\/www.cfm.co.mz\/2015\/05\/07\/vice-ministra-dos-transporte-e-comunicacoes-satisfeita-com-o-desempenho-do-cfm\/#primaryimage\"},\"thumbnailUrl\":\"https:\/\/www.cfm.co.mz\/wp-content\/uploads\/2015\/05\/rg1.jpg\",\"articleSection\":[\"Noticias\"],\"inLanguage\":\"en-US\",\"potentialAction\":[{\"@type\":\"CommentAction\",\"name\":\"Comment\",\"target\":[\"https:\/\/www.cfm.co.mz\/2015\/05\/07\/vice-ministra-dos-transporte-e-comunicacoes-satisfeita-com-o-desempenho-do-cfm\/#respond\"]}]},{\"@type\":\"WebPage\",\"@id\":\"https:\/\/www.cfm.co.mz\/2015\/05\/07\/vice-ministra-dos-transporte-e-comunicacoes-satisfeita-com-o-desempenho-do-cfm\/\",\"url\":\"https:\/\/www.cfm.co.mz\/2015\/05\/07\/vice-ministra-dos-transporte-e-comunicacoes-satisfeita-com-o-desempenho-do-cfm\/\",\"name\":\"Vice- Ministra dos Transportes e Comunica\u00e7\u00f5es satisfeita com o desempenho do CFM - CFM - Caminhos De Ferros de Mo\u00e7ambique\",\"isPartOf\":{\"@id\":\"https:\/\/www.cfm.co.mz\/#website\"},\"primaryImageOfPage\":{\"@id\":\"https:\/\/www.cfm.co.mz\/2015\/05\/07\/vice-ministra-dos-transporte-e-comunicacoes-satisfeita-com-o-desempenho-do-cfm\/#primaryimage\"},\"image\":{\"@id\":\"https:\/\/www.cfm.co.mz\/2015\/05\/07\/vice-ministra-dos-transporte-e-comunicacoes-satisfeita-com-o-desempenho-do-cfm\/#primaryimage\"},\"thumbnailUrl\":\"https:\/\/www.cfm.co.mz\/wp-content\/uploads\/2015\/05\/rg1.jpg\",\"datePublished\":\"2015-05-07T14:14:16+00:00\",\"breadcrumb\":{\"@id\":\"https:\/\/www.cfm.co.mz\/2015\/05\/07\/vice-ministra-dos-transporte-e-comunicacoes-satisfeita-com-o-desempenho-do-cfm\/#breadcrumb\"},\"inLanguage\":\"en-US\",\"potentialAction\":[{\"@type\":\"ReadAction\",\"target\":[\"https:\/\/www.cfm.co.mz\/2015\/05\/07\/vice-ministra-dos-transporte-e-comunicacoes-satisfeita-com-o-desempenho-do-cfm\/\"]}]},{\"@type\":\"ImageObject\",\"inLanguage\":\"en-US\",\"@id\":\"https:\/\/www.cfm.co.mz\/2015\/05\/07\/vice-ministra-dos-transporte-e-comunicacoes-satisfeita-com-o-desempenho-do-cfm\/#primaryimage\",\"url\":\"https:\/\/www.cfm.co.mz\/wp-content\/uploads\/2015\/05\/rg1.jpg\",\"contentUrl\":\"https:\/\/www.cfm.co.mz\/wp-content\/uploads\/2015\/05\/rg1.jpg\",\"width\":640,\"height\":451,\"caption\":\"rg1\"},{\"@type\":\"BreadcrumbList\",\"@id\":\"https:\/\/www.cfm.co.mz\/2015\/05\/07\/vice-ministra-dos-transporte-e-comunicacoes-satisfeita-com-o-desempenho-do-cfm\/#breadcrumb\",\"itemListElement\":[{\"@type\":\"ListItem\",\"position\":1,\"name\":\"Home\",\"item\":\"https:\/\/www.cfm.co.mz\/\"},{\"@type\":\"ListItem\",\"position\":2,\"name\":\"Vice- Ministra dos Transportes e Comunica\u00e7\u00f5es satisfeita com o desempenho do CFM\"}]},{\"@type\":\"WebSite\",\"@id\":\"https:\/\/www.cfm.co.mz\/#website\",\"url\":\"https:\/\/www.cfm.co.mz\/\",\"name\":\"CFM - Caminhos De Ferros de Mo\u00e7ambique\",\"description\":\"Ampliando Horizontes\",\"publisher\":{\"@id\":\"https:\/\/www.cfm.co.mz\/#organization\"},\"potentialAction\":[{\"@type\":\"SearchAction\",\"target\":{\"@type\":\"EntryPoint\",\"urlTemplate\":\"https:\/\/www.cfm.co.mz\/?s={search_term_string}\"},\"query-input\":{\"@type\":\"PropertyValueSpecification\",\"valueRequired\":true,\"valueName\":\"search_term_string\"}}],\"inLanguage\":\"en-US\"},{\"@type\":\"Organization\",\"@id\":\"https:\/\/www.cfm.co.mz\/#organization\",\"name\":\"CFM - Caminhos De Ferros de Mo\u00e7ambique\",\"url\":\"https:\/\/www.cfm.co.mz\/\",\"logo\":{\"@type\":\"ImageObject\",\"inLanguage\":\"en-US\",\"@id\":\"https:\/\/www.cfm.co.mz\/#\/schema\/logo\/image\/\",\"url\":\"https:\/\/www.cfm.co.mz\/wp-content\/uploads\/2025\/07\/be5f0679-4f5b-4d02-9719-a26ceed29162.jpg\",\"contentUrl\":\"https:\/\/www.cfm.co.mz\/wp-content\/uploads\/2025\/07\/be5f0679-4f5b-4d02-9719-a26ceed29162.jpg\",\"width\":400,\"height\":65,\"caption\":\"CFM - Caminhos De Ferros de Mo\u00e7ambique\"},\"image\":{\"@id\":\"https:\/\/www.cfm.co.mz\/#\/schema\/logo\/image\/\"},\"sameAs\":[\"https:\/\/www.facebook.com\/CFMMoz\",\"https:\/\/www.linkedin.com\/company\/caminhos-de-ferro-de-moambique\/\"]},{\"@type\":\"Person\",\"@id\":\"https:\/\/www.cfm.co.mz\/#\/schema\/person\/0b8a8b95eb758e200c2a5c3f18b8e5b4\",\"name\":\"Ad\u00e9lio Dias\",\"image\":{\"@type\":\"ImageObject\",\"inLanguage\":\"en-US\",\"@id\":\"https:\/\/www.cfm.co.mz\/#\/schema\/person\/image\/\",\"url\":\"https:\/\/www.cfm.co.mz\/wp-content\/litespeed\/avatar\/9163cd4f0d73475e3a60c657aa28c78c.jpg?ver=1777454719\",\"contentUrl\":\"https:\/\/www.cfm.co.mz\/wp-content\/litespeed\/avatar\/9163cd4f0d73475e3a60c657aa28c78c.jpg?ver=1777454719\",\"caption\":\"Ad\u00e9lio Dias\"},\"url\":\"https:\/\/www.cfm.co.mz\/en\/author\/adelio-dias\/\"}]}<\/script>\n<!-- \/ Yoast SEO plugin. -->","yoast_head_json":{"title":"Vice- Ministra dos Transportes e Comunica\u00e7\u00f5es satisfeita com o desempenho do CFM - CFM - Caminhos De Ferros de Mo\u00e7ambique","robots":{"index":"index","follow":"follow","max-snippet":"max-snippet:-1","max-image-preview":"max-image-preview:large","max-video-preview":"max-video-preview:-1"},"canonical":"https:\/\/www.cfm.co.mz\/en\/2015\/05\/07\/vice-ministra-dos-transporte-e-comunicacoes-satisfeita-com-o-desempenho-do-cfm\/","og_locale":"en_US","og_type":"article","og_title":"Vice- Ministra dos Transportes e Comunica\u00e7\u00f5es satisfeita com o desempenho do CFM - CFM - Caminhos De Ferros de Mo\u00e7ambique","og_description":"A Vice-Ministra dos Transportes e Comunica\u00e7\u00f5es de Mo\u00e7ambique, Dra. Manuela Rebelo ficou satisfeita com o resultado dos trabalhos desenvolvidos pela Empresa Portos e Caminhos de Ferro de Mo\u00e7ambique (CFM), na Linha de Ressano Garcia. Rebelo fez esse pronunciamento, no quadro da visita de trabalho que efectuou&nbsp;\u00e0 Linha de Ressano Garcia, no dia 6 de Maio de 2015. A governante percorreu a Linha de comboio que partiu da Esta\u00e7\u00e3o da Machava e terminou na Esta\u00e7\u00e3o fronteiri\u00e7a de Ressano Garcia.","og_url":"https:\/\/www.cfm.co.mz\/en\/2015\/05\/07\/vice-ministra-dos-transporte-e-comunicacoes-satisfeita-com-o-desempenho-do-cfm\/","og_site_name":"CFM - Caminhos De Ferros de Mo\u00e7ambique","article_publisher":"https:\/\/www.facebook.com\/CFMMoz","article_published_time":"2015-05-07T14:14:16+00:00","og_image":[{"width":640,"height":451,"url":"https:\/\/www.cfm.co.mz\/wp-content\/uploads\/2015\/05\/rg1.jpg","type":"image\/jpeg"}],"author":"Ad\u00e9lio Dias","twitter_card":"summary_large_image","twitter_misc":{"Written by":"Ad\u00e9lio Dias","Est. reading time":"1 minute"},"schema":{"@context":"https:\/\/schema.org","@graph":[{"@type":"Article","@id":"https:\/\/www.cfm.co.mz\/2015\/05\/07\/vice-ministra-dos-transporte-e-comunicacoes-satisfeita-com-o-desempenho-do-cfm\/#article","isPartOf":{"@id":"https:\/\/www.cfm.co.mz\/2015\/05\/07\/vice-ministra-dos-transporte-e-comunicacoes-satisfeita-com-o-desempenho-do-cfm\/"},"author":{"name":"Ad\u00e9lio Dias","@id":"https:\/\/www.cfm.co.mz\/#\/schema\/person\/0b8a8b95eb758e200c2a5c3f18b8e5b4"},"headline":"Vice- Ministra dos Transportes e Comunica\u00e7\u00f5es satisfeita com o desempenho do CFM","datePublished":"2015-05-07T14:14:16+00:00","mainEntityOfPage":{"@id":"https:\/\/www.cfm.co.mz\/2015\/05\/07\/vice-ministra-dos-transporte-e-comunicacoes-satisfeita-com-o-desempenho-do-cfm\/"},"wordCount":231,"commentCount":0,"publisher":{"@id":"https:\/\/www.cfm.co.mz\/#organization"},"image":{"@id":"https:\/\/www.cfm.co.mz\/2015\/05\/07\/vice-ministra-dos-transporte-e-comunicacoes-satisfeita-com-o-desempenho-do-cfm\/#primaryimage"},"thumbnailUrl":"https:\/\/www.cfm.co.mz\/wp-content\/uploads\/2015\/05\/rg1.jpg","articleSection":["Noticias"],"inLanguage":"en-US","potentialAction":[{"@type":"CommentAction","name":"Comment","target":["https:\/\/www.cfm.co.mz\/2015\/05\/07\/vice-ministra-dos-transporte-e-comunicacoes-satisfeita-com-o-desempenho-do-cfm\/#respond"]}]},{"@type":"WebPage","@id":"https:\/\/www.cfm.co.mz\/2015\/05\/07\/vice-ministra-dos-transporte-e-comunicacoes-satisfeita-com-o-desempenho-do-cfm\/","url":"https:\/\/www.cfm.co.mz\/2015\/05\/07\/vice-ministra-dos-transporte-e-comunicacoes-satisfeita-com-o-desempenho-do-cfm\/","name":"Vice- Ministra dos Transportes e Comunica\u00e7\u00f5es satisfeita com o desempenho do CFM - CFM - Caminhos De Ferros de Mo\u00e7ambique","isPartOf":{"@id":"https:\/\/www.cfm.co.mz\/#website"},"primaryImageOfPage":{"@id":"https:\/\/www.cfm.co.mz\/2015\/05\/07\/vice-ministra-dos-transporte-e-comunicacoes-satisfeita-com-o-desempenho-do-cfm\/#primaryimage"},"image":{"@id":"https:\/\/www.cfm.co.mz\/2015\/05\/07\/vice-ministra-dos-transporte-e-comunicacoes-satisfeita-com-o-desempenho-do-cfm\/#primaryimage"},"thumbnailUrl":"https:\/\/www.cfm.co.mz\/wp-content\/uploads\/2015\/05\/rg1.jpg","datePublished":"2015-05-07T14:14:16+00:00","breadcrumb":{"@id":"https:\/\/www.cfm.co.mz\/2015\/05\/07\/vice-ministra-dos-transporte-e-comunicacoes-satisfeita-com-o-desempenho-do-cfm\/#breadcrumb"},"inLanguage":"en-US","potentialAction":[{"@type":"ReadAction","target":["https:\/\/www.cfm.co.mz\/2015\/05\/07\/vice-ministra-dos-transporte-e-comunicacoes-satisfeita-com-o-desempenho-do-cfm\/"]}]},{"@type":"ImageObject","inLanguage":"en-US","@id":"https:\/\/www.cfm.co.mz\/2015\/05\/07\/vice-ministra-dos-transporte-e-comunicacoes-satisfeita-com-o-desempenho-do-cfm\/#primaryimage","url":"https:\/\/www.cfm.co.mz\/wp-content\/uploads\/2015\/05\/rg1.jpg","contentUrl":"https:\/\/www.cfm.co.mz\/wp-content\/uploads\/2015\/05\/rg1.jpg","width":640,"height":451,"caption":"rg1"},{"@type":"BreadcrumbList","@id":"https:\/\/www.cfm.co.mz\/2015\/05\/07\/vice-ministra-dos-transporte-e-comunicacoes-satisfeita-com-o-desempenho-do-cfm\/#breadcrumb","itemListElement":[{"@type":"ListItem","position":1,"name":"Home","item":"https:\/\/www.cfm.co.mz\/"},{"@type":"ListItem","position":2,"name":"Vice- Ministra dos Transportes e Comunica\u00e7\u00f5es satisfeita com o desempenho do CFM"}]},{"@type":"WebSite","@id":"https:\/\/www.cfm.co.mz\/#website","url":"https:\/\/www.cfm.co.mz\/","name":"CFM - Caminhos De Ferros de Mo\u00e7ambique","description":"Ampliando Horizontes","publisher":{"@id":"https:\/\/www.cfm.co.mz\/#organization"},"potentialAction":[{"@type":"SearchAction","target":{"@type":"EntryPoint","urlTemplate":"https:\/\/www.cfm.co.mz\/?s={search_term_string}"},"query-input":{"@type":"PropertyValueSpecification","valueRequired":true,"valueName":"search_term_string"}}],"inLanguage":"en-US"},{"@type":"Organization","@id":"https:\/\/www.cfm.co.mz\/#organization","name":"CFM - Caminhos De Ferros de Mo\u00e7ambique","url":"https:\/\/www.cfm.co.mz\/","logo":{"@type":"ImageObject","inLanguage":"en-US","@id":"https:\/\/www.cfm.co.mz\/#\/schema\/logo\/image\/","url":"https:\/\/www.cfm.co.mz\/wp-content\/uploads\/2025\/07\/be5f0679-4f5b-4d02-9719-a26ceed29162.jpg","contentUrl":"https:\/\/www.cfm.co.mz\/wp-content\/uploads\/2025\/07\/be5f0679-4f5b-4d02-9719-a26ceed29162.jpg","width":400,"height":65,"caption":"CFM - Caminhos De Ferros de Mo\u00e7ambique"},"image":{"@id":"https:\/\/www.cfm.co.mz\/#\/schema\/logo\/image\/"},"sameAs":["https:\/\/www.facebook.com\/CFMMoz","https:\/\/www.linkedin.com\/company\/caminhos-de-ferro-de-moambique\/"]},{"@type":"Person","@id":"https:\/\/www.cfm.co.mz\/#\/schema\/person\/0b8a8b95eb758e200c2a5c3f18b8e5b4","name":"Ad\u00e9lio Dias","image":{"@type":"ImageObject","inLanguage":"en-US","@id":"https:\/\/www.cfm.co.mz\/#\/schema\/person\/image\/","url":"https:\/\/www.cfm.co.mz\/wp-content\/litespeed\/avatar\/9163cd4f0d73475e3a60c657aa28c78c.jpg?ver=1777454719","contentUrl":"https:\/\/www.cfm.co.mz\/wp-content\/litespeed\/avatar\/9163cd4f0d73475e3a60c657aa28c78c.jpg?ver=1777454719","caption":"Ad\u00e9lio Dias"},"url":"https:\/\/www.cfm.co.mz\/en\/author\/adelio-dias\/"}]}},"_links":{"self":[{"href":"https:\/\/www.cfm.co.mz\/en\/wp-json\/wp\/v2\/posts\/8652","targetHints":{"allow":["GET"]}}],"collection":[{"href":"https:\/\/www.cfm.co.mz\/en\/wp-json\/wp\/v2\/posts"}],"about":[{"href":"https:\/\/www.cfm.co.mz\/en\/wp-json\/wp\/v2\/types\/post"}],"author":[{"embeddable":true,"href":"https:\/\/www.cfm.co.mz\/en\/wp-json\/wp\/v2\/users\/91"}],"replies":[{"embeddable":true,"href":"https:\/\/www.cfm.co.mz\/en\/wp-json\/wp\/v2\/comments?post=8652"}],"version-history":[{"count":0,"href":"https:\/\/www.cfm.co.mz\/en\/wp-json\/wp\/v2\/posts\/8652\/revisions"}],"wp:featuredmedia":[{"embeddable":true,"href":"https:\/\/www.cfm.co.mz\/en\/wp-json\/wp\/v2\/media\/8649"}],"wp:attachment":[{"href":"https:\/\/www.cfm.co.mz\/en\/wp-json\/wp\/v2\/media?parent=8652"}],"wp:term":[{"taxonomy":"category","embeddable":true,"href":"https:\/\/www.cfm.co.mz\/en\/wp-json\/wp\/v2\/categories?post=8652"},{"taxonomy":"post_tag","embeddable":true,"href":"https:\/\/www.cfm.co.mz\/en\/wp-json\/wp\/v2\/tags?post=8652"}],"curies":[{"name":"wp","href":"https:\/\/api.w.org\/{rel}","templated":true}]}}