{"id":8645,"date":"2015-04-13T09:06:41","date_gmt":"2015-04-13T09:06:41","guid":{"rendered":"https:\/\/www.cfm.co.mz\/2015\/04\/13\/em-conselho-de-directores-cfm-analisa-gestao-da-empresa-em-varios-dominios\/"},"modified":"2015-04-13T09:06:41","modified_gmt":"2015-04-13T09:06:41","slug":"em-conselho-de-directores-cfm-analisa-gestao-da-empresa-em-varios-dominios","status":"publish","type":"post","link":"https:\/\/www.cfm.co.mz\/en\/2015\/04\/13\/em-conselho-de-directores-cfm-analisa-gestao-da-empresa-em-varios-dominios\/","title":{"rendered":"Em Conselho de Directores: CFM Analisa a Gest\u00e3o da Empresa em v\u00e1rios dom\u00ednios"},"content":{"rendered":"<p style=\"text-align: justify;\"><img fetchpriority=\"high\" decoding=\"async\" class=\"alignleft size-full wp-image-8642\" style=\"margin-right: 10px; margin-top: 5px; float: left;\" src=\"http:\/\/www.cfm.co.mz\/wp-content\/uploads\/2015\/04\/reuniaodirectores1.jpg\" alt=\"reuniaodirectores1\" width=\"300\" height=\"191\" \/><a class=\"jcepopup\" type=\"image\" href=\"http:\/\/www.cfm.co.mz\/wp-content\/uploads\/2015\/04\/reuniaodirectores1.jpg\" target=\"_blank\" data-mediabox=\"width[500];height[300]\" rel=\"noopener\"> <\/a>Decorreu, nos dias 8 e 9 de Mar\u00e7o de 2015, na cidade de Maputo, o XIX Conselho de Directores da Empresa Portos e Caminhos de Ferro de Mo\u00e7ambique (CFM), cujo objectivo era de fazer uma &#8220;radiografia&#8221; completa da gest\u00e3o da Empresa e tra\u00e7ar directrizes para as ac\u00e7\u00f5es futuras, sobretudo, numa altura em que a economia mundial est\u00e1-se caracterizando por uma crise financeira que vem impactando, tamb\u00e9m,&nbsp;no sector de log\u00edstica de transportes ferro-portu\u00e1ria.<\/p>\n<p><!--more--><\/p>\n<p style=\"text-align: justify;\">Falando na sess\u00e3o de Abertura, o Presidente do Conselho de Administra\u00e7\u00e3o do CFM, Dr. Victor Pedro Gomes, embora mostrando cautela quanto ao futuro que se espera por causa deste cen\u00e1rio, informou que, nos \u00faltimos seis anos, a empresa que dirige apresenta uma taxa m\u00e9dia de crescimento ferrovi\u00e1rio na ordem de 25% e do crescimento portu\u00e1rio, de cerca de 22%.<\/p>\n<p style=\"text-align: justify;\"><img decoding=\"async\" class=\"alignright size-full wp-image-8643\" style=\"margin-left: 10px; float: right;\" src=\"http:\/\/www.cfm.co.mz\/wp-content\/uploads\/2015\/04\/reuniaodirectores2.jpg\" alt=\"reuniaodirectores2\" width=\"210\" height=\"139\" \/>Victor Gomes exemplificou o ano de 2014, em que as opera\u00e7\u00f5es ferro-portu\u00e1rias arrecadaram cerca de dois mil, seiscentos e vinte e cinco milh\u00f5es de meticais o que representa um crescimento de 41% quando comparado aos resultados de 2013. \u201c<em><strong>Perante estes resultados que, naturalmente nos animam, assumimos o compromisso e desafio de prosseguir e fazer com que a nossa empresa continue a registar esses \u00edndices de crescimento, de modo a que possamos contribuir para o desenvolvimento do nosso Pa\u00eds<\/strong><\/em>\u201d- frisou Victor Gomes.<\/p>\n<p style=\"text-align: justify;\">A Cerim\u00f3nia de Abertura foi dirigida pelo Secret\u00e1rio Permanente do Ministerio dos Transportes e Comunica\u00e7\u00f5es, Dr. Pedro Ingl\u00eas, que referiu ser expectativa do Governo, ver concretizados os Projectos de reabilita\u00e7\u00e3o e constru\u00e7\u00e3o das infra-estruturas ferro-portu\u00e1rias tendo em vista o desenvolvimento do Pa\u00eds e da Regi\u00e3o. \u201c<strong><em>No Corredor Norte esperamos ver a breve tre-cho o in\u00edcio das opera\u00e7\u00f5es da linha f\u00e9rrea que liga Moatize a Nacala-a-Velha passando pelo Malawi e o termo da reabilita\u00e7\u00e3o Cuamba\/ Lichinga. <img decoding=\"async\" class=\"alignleft size-full wp-image-8644\" style=\"margin-top: 10px; margin-right: 10px; float: left;\" src=\"http:\/\/www.cfm.co.mz\/wp-content\/uploads\/2015\/04\/reuniaodirectores3.jpg\" alt=\"reuniaodirectores3\" width=\"300\" height=\"199\" \/>No Centro, a conclus\u00e3o das obras de reabilita\u00e7\u00e3o e aumento de capacidade das linhas de Sena e de Machipanda v\u00e3o dinamizar a economia nacional naquela parcela do pa\u00eds bem assim o incremento das trocas comerciais entre o nosso pa\u00eds e o vizinho Zimbabwe. O sistema ferro-portu\u00e1rio sul, a implementa\u00e7\u00e3o do Projecto de Reabilita\u00e7\u00e3o, Moderniza\u00e7\u00e3o e Expans\u00e3o da Linha de Ressano Garcia, Portos de Maputo e Matola Gare de Mercadorias, s\u00e3o alguns exemplos de resultados de m\u00e9dio prazo que esperamos ver concretizados sob lideran\u00e7a da Empresa Portos e Caminhos de Ferro de Mo\u00e7ambique\u201d<\/em><\/strong>, referiu o Secret\u00e1rio Permanente.<\/p>","protected":false},"excerpt":{"rendered":"<p>Decorreu, nos dias 8 e 9 de Mar\u00e7o de 2015, na cidade de Maputo, o XIX Conselho de Directores da Empresa Portos e Caminhos de Ferro de Mo\u00e7ambique (CFM), cujo objectivo era de fazer uma &#8220;radiografia&#8221; completa da gest\u00e3o da Empresa e tra\u00e7ar directrizes para as ac\u00e7\u00f5es futuras, sobretudo, numa altura em que a economia mundial est\u00e1-se caracterizando por uma crise financeira que vem impactando, tamb\u00e9m,&nbsp;no sector de log\u00edstica de transportes ferro-portu\u00e1ria.<\/p>","protected":false},"author":91,"featured_media":8642,"comment_status":"open","ping_status":"open","sticky":false,"template":"","format":"standard","meta":{"_acf_changed":false,"pgc_sgb_lightbox_settings":"","footnotes":""},"categories":[680],"tags":[],"class_list":["post-8645","post","type-post","status-publish","format-standard","has-post-thumbnail","hentry","category-noticias"],"acf":[],"yoast_head":"<!-- This site is optimized with the Yoast SEO plugin v26.5 - https:\/\/yoast.com\/wordpress\/plugins\/seo\/ -->\n<title>Em Conselho de Directores: CFM Analisa a Gest\u00e3o da Empresa em v\u00e1rios dom\u00ednios - CFM - Caminhos De Ferros de Mo\u00e7ambique<\/title>\n<meta name=\"robots\" content=\"index, follow, max-snippet:-1, max-image-preview:large, max-video-preview:-1\" \/>\n<link rel=\"canonical\" href=\"https:\/\/www.cfm.co.mz\/en\/2015\/04\/13\/em-conselho-de-directores-cfm-analisa-gestao-da-empresa-em-varios-dominios\/\" \/>\n<meta property=\"og:locale\" content=\"en_US\" \/>\n<meta property=\"og:type\" content=\"article\" \/>\n<meta property=\"og:title\" content=\"Em Conselho de Directores: CFM Analisa a Gest\u00e3o da Empresa em v\u00e1rios dom\u00ednios - CFM - Caminhos De Ferros de Mo\u00e7ambique\" \/>\n<meta property=\"og:description\" content=\"Decorreu, nos dias 8 e 9 de Mar\u00e7o de 2015, na cidade de Maputo, o XIX Conselho de Directores da Empresa Portos e Caminhos de Ferro de Mo\u00e7ambique (CFM), cujo objectivo era de fazer uma &#8220;radiografia&#8221; completa da gest\u00e3o da Empresa e tra\u00e7ar directrizes para as ac\u00e7\u00f5es futuras, sobretudo, numa altura em que a economia mundial est\u00e1-se caracterizando por uma crise financeira que vem impactando, tamb\u00e9m,&nbsp;no sector de log\u00edstica de transportes ferro-portu\u00e1ria.\" \/>\n<meta property=\"og:url\" content=\"https:\/\/www.cfm.co.mz\/en\/2015\/04\/13\/em-conselho-de-directores-cfm-analisa-gestao-da-empresa-em-varios-dominios\/\" \/>\n<meta property=\"og:site_name\" content=\"CFM - Caminhos De Ferros de Mo\u00e7ambique\" \/>\n<meta property=\"article:publisher\" content=\"https:\/\/www.facebook.com\/CFMMoz\" \/>\n<meta property=\"article:published_time\" content=\"2015-04-13T09:06:41+00:00\" \/>\n<meta property=\"og:image\" content=\"https:\/\/www.cfm.co.mz\/wp-content\/uploads\/2015\/04\/reuniaodirectores1.jpg\" \/>\n\t<meta property=\"og:image:width\" content=\"300\" \/>\n\t<meta property=\"og:image:height\" content=\"191\" \/>\n\t<meta property=\"og:image:type\" content=\"image\/jpeg\" \/>\n<meta name=\"author\" content=\"Ad\u00e9lio Dias\" \/>\n<meta name=\"twitter:card\" content=\"summary_large_image\" \/>\n<meta name=\"twitter:label1\" content=\"Written by\" \/>\n\t<meta name=\"twitter:data1\" content=\"Ad\u00e9lio Dias\" \/>\n\t<meta name=\"twitter:label2\" content=\"Est. reading time\" \/>\n\t<meta name=\"twitter:data2\" content=\"2 minutes\" \/>\n<script type=\"application\/ld+json\" class=\"yoast-schema-graph\">{\"@context\":\"https:\/\/schema.org\",\"@graph\":[{\"@type\":\"Article\",\"@id\":\"https:\/\/www.cfm.co.mz\/2015\/04\/13\/em-conselho-de-directores-cfm-analisa-gestao-da-empresa-em-varios-dominios\/#article\",\"isPartOf\":{\"@id\":\"https:\/\/www.cfm.co.mz\/2015\/04\/13\/em-conselho-de-directores-cfm-analisa-gestao-da-empresa-em-varios-dominios\/\"},\"author\":{\"name\":\"Ad\u00e9lio Dias\",\"@id\":\"https:\/\/www.cfm.co.mz\/#\/schema\/person\/0b8a8b95eb758e200c2a5c3f18b8e5b4\"},\"headline\":\"Em Conselho de Directores: CFM Analisa a Gest\u00e3o da Empresa em v\u00e1rios dom\u00ednios\",\"datePublished\":\"2015-04-13T09:06:41+00:00\",\"mainEntityOfPage\":{\"@id\":\"https:\/\/www.cfm.co.mz\/2015\/04\/13\/em-conselho-de-directores-cfm-analisa-gestao-da-empresa-em-varios-dominios\/\"},\"wordCount\":441,\"commentCount\":0,\"publisher\":{\"@id\":\"https:\/\/www.cfm.co.mz\/#organization\"},\"image\":{\"@id\":\"https:\/\/www.cfm.co.mz\/2015\/04\/13\/em-conselho-de-directores-cfm-analisa-gestao-da-empresa-em-varios-dominios\/#primaryimage\"},\"thumbnailUrl\":\"https:\/\/www.cfm.co.mz\/wp-content\/uploads\/2015\/04\/reuniaodirectores1.jpg\",\"articleSection\":[\"Noticias\"],\"inLanguage\":\"en-US\",\"potentialAction\":[{\"@type\":\"CommentAction\",\"name\":\"Comment\",\"target\":[\"https:\/\/www.cfm.co.mz\/2015\/04\/13\/em-conselho-de-directores-cfm-analisa-gestao-da-empresa-em-varios-dominios\/#respond\"]}]},{\"@type\":\"WebPage\",\"@id\":\"https:\/\/www.cfm.co.mz\/2015\/04\/13\/em-conselho-de-directores-cfm-analisa-gestao-da-empresa-em-varios-dominios\/\",\"url\":\"https:\/\/www.cfm.co.mz\/2015\/04\/13\/em-conselho-de-directores-cfm-analisa-gestao-da-empresa-em-varios-dominios\/\",\"name\":\"Em Conselho de Directores: CFM Analisa a Gest\u00e3o da Empresa em v\u00e1rios dom\u00ednios - CFM - Caminhos De Ferros de Mo\u00e7ambique\",\"isPartOf\":{\"@id\":\"https:\/\/www.cfm.co.mz\/#website\"},\"primaryImageOfPage\":{\"@id\":\"https:\/\/www.cfm.co.mz\/2015\/04\/13\/em-conselho-de-directores-cfm-analisa-gestao-da-empresa-em-varios-dominios\/#primaryimage\"},\"image\":{\"@id\":\"https:\/\/www.cfm.co.mz\/2015\/04\/13\/em-conselho-de-directores-cfm-analisa-gestao-da-empresa-em-varios-dominios\/#primaryimage\"},\"thumbnailUrl\":\"https:\/\/www.cfm.co.mz\/wp-content\/uploads\/2015\/04\/reuniaodirectores1.jpg\",\"datePublished\":\"2015-04-13T09:06:41+00:00\",\"breadcrumb\":{\"@id\":\"https:\/\/www.cfm.co.mz\/2015\/04\/13\/em-conselho-de-directores-cfm-analisa-gestao-da-empresa-em-varios-dominios\/#breadcrumb\"},\"inLanguage\":\"en-US\",\"potentialAction\":[{\"@type\":\"ReadAction\",\"target\":[\"https:\/\/www.cfm.co.mz\/2015\/04\/13\/em-conselho-de-directores-cfm-analisa-gestao-da-empresa-em-varios-dominios\/\"]}]},{\"@type\":\"ImageObject\",\"inLanguage\":\"en-US\",\"@id\":\"https:\/\/www.cfm.co.mz\/2015\/04\/13\/em-conselho-de-directores-cfm-analisa-gestao-da-empresa-em-varios-dominios\/#primaryimage\",\"url\":\"https:\/\/www.cfm.co.mz\/wp-content\/uploads\/2015\/04\/reuniaodirectores1.jpg\",\"contentUrl\":\"https:\/\/www.cfm.co.mz\/wp-content\/uploads\/2015\/04\/reuniaodirectores1.jpg\",\"width\":300,\"height\":191,\"caption\":\"reuniaodirectores1\"},{\"@type\":\"BreadcrumbList\",\"@id\":\"https:\/\/www.cfm.co.mz\/2015\/04\/13\/em-conselho-de-directores-cfm-analisa-gestao-da-empresa-em-varios-dominios\/#breadcrumb\",\"itemListElement\":[{\"@type\":\"ListItem\",\"position\":1,\"name\":\"Home\",\"item\":\"https:\/\/www.cfm.co.mz\/\"},{\"@type\":\"ListItem\",\"position\":2,\"name\":\"Em Conselho de Directores: CFM Analisa a Gest\u00e3o da Empresa em v\u00e1rios dom\u00ednios\"}]},{\"@type\":\"WebSite\",\"@id\":\"https:\/\/www.cfm.co.mz\/#website\",\"url\":\"https:\/\/www.cfm.co.mz\/\",\"name\":\"CFM - Caminhos De Ferros de Mo\u00e7ambique\",\"description\":\"Ampliando Horizontes\",\"publisher\":{\"@id\":\"https:\/\/www.cfm.co.mz\/#organization\"},\"potentialAction\":[{\"@type\":\"SearchAction\",\"target\":{\"@type\":\"EntryPoint\",\"urlTemplate\":\"https:\/\/www.cfm.co.mz\/?s={search_term_string}\"},\"query-input\":{\"@type\":\"PropertyValueSpecification\",\"valueRequired\":true,\"valueName\":\"search_term_string\"}}],\"inLanguage\":\"en-US\"},{\"@type\":\"Organization\",\"@id\":\"https:\/\/www.cfm.co.mz\/#organization\",\"name\":\"CFM - Caminhos De Ferros de Mo\u00e7ambique\",\"url\":\"https:\/\/www.cfm.co.mz\/\",\"logo\":{\"@type\":\"ImageObject\",\"inLanguage\":\"en-US\",\"@id\":\"https:\/\/www.cfm.co.mz\/#\/schema\/logo\/image\/\",\"url\":\"https:\/\/www.cfm.co.mz\/wp-content\/uploads\/2025\/07\/be5f0679-4f5b-4d02-9719-a26ceed29162.jpg\",\"contentUrl\":\"https:\/\/www.cfm.co.mz\/wp-content\/uploads\/2025\/07\/be5f0679-4f5b-4d02-9719-a26ceed29162.jpg\",\"width\":400,\"height\":65,\"caption\":\"CFM - Caminhos De Ferros de Mo\u00e7ambique\"},\"image\":{\"@id\":\"https:\/\/www.cfm.co.mz\/#\/schema\/logo\/image\/\"},\"sameAs\":[\"https:\/\/www.facebook.com\/CFMMoz\",\"https:\/\/www.linkedin.com\/company\/caminhos-de-ferro-de-moambique\/\"]},{\"@type\":\"Person\",\"@id\":\"https:\/\/www.cfm.co.mz\/#\/schema\/person\/0b8a8b95eb758e200c2a5c3f18b8e5b4\",\"name\":\"Ad\u00e9lio Dias\",\"image\":{\"@type\":\"ImageObject\",\"inLanguage\":\"en-US\",\"@id\":\"https:\/\/www.cfm.co.mz\/#\/schema\/person\/image\/\",\"url\":\"https:\/\/www.cfm.co.mz\/wp-content\/litespeed\/avatar\/9163cd4f0d73475e3a60c657aa28c78c.jpg?ver=1777454719\",\"contentUrl\":\"https:\/\/www.cfm.co.mz\/wp-content\/litespeed\/avatar\/9163cd4f0d73475e3a60c657aa28c78c.jpg?ver=1777454719\",\"caption\":\"Ad\u00e9lio Dias\"},\"url\":\"https:\/\/www.cfm.co.mz\/en\/author\/adelio-dias\/\"}]}<\/script>\n<!-- \/ Yoast SEO plugin. -->","yoast_head_json":{"title":"Em Conselho de Directores: CFM Analisa a Gest\u00e3o da Empresa em v\u00e1rios dom\u00ednios - CFM - Caminhos De Ferros de Mo\u00e7ambique","robots":{"index":"index","follow":"follow","max-snippet":"max-snippet:-1","max-image-preview":"max-image-preview:large","max-video-preview":"max-video-preview:-1"},"canonical":"https:\/\/www.cfm.co.mz\/en\/2015\/04\/13\/em-conselho-de-directores-cfm-analisa-gestao-da-empresa-em-varios-dominios\/","og_locale":"en_US","og_type":"article","og_title":"Em Conselho de Directores: CFM Analisa a Gest\u00e3o da Empresa em v\u00e1rios dom\u00ednios - CFM - Caminhos De Ferros de Mo\u00e7ambique","og_description":"Decorreu, nos dias 8 e 9 de Mar\u00e7o de 2015, na cidade de Maputo, o XIX Conselho de Directores da Empresa Portos e Caminhos de Ferro de Mo\u00e7ambique (CFM), cujo objectivo era de fazer uma &#8220;radiografia&#8221; completa da gest\u00e3o da Empresa e tra\u00e7ar directrizes para as ac\u00e7\u00f5es futuras, sobretudo, numa altura em que a economia mundial est\u00e1-se caracterizando por uma crise financeira que vem impactando, tamb\u00e9m,&nbsp;no sector de log\u00edstica de transportes ferro-portu\u00e1ria.","og_url":"https:\/\/www.cfm.co.mz\/en\/2015\/04\/13\/em-conselho-de-directores-cfm-analisa-gestao-da-empresa-em-varios-dominios\/","og_site_name":"CFM - Caminhos De Ferros de Mo\u00e7ambique","article_publisher":"https:\/\/www.facebook.com\/CFMMoz","article_published_time":"2015-04-13T09:06:41+00:00","og_image":[{"width":300,"height":191,"url":"https:\/\/www.cfm.co.mz\/wp-content\/uploads\/2015\/04\/reuniaodirectores1.jpg","type":"image\/jpeg"}],"author":"Ad\u00e9lio Dias","twitter_card":"summary_large_image","twitter_misc":{"Written by":"Ad\u00e9lio Dias","Est. reading time":"2 minutes"},"schema":{"@context":"https:\/\/schema.org","@graph":[{"@type":"Article","@id":"https:\/\/www.cfm.co.mz\/2015\/04\/13\/em-conselho-de-directores-cfm-analisa-gestao-da-empresa-em-varios-dominios\/#article","isPartOf":{"@id":"https:\/\/www.cfm.co.mz\/2015\/04\/13\/em-conselho-de-directores-cfm-analisa-gestao-da-empresa-em-varios-dominios\/"},"author":{"name":"Ad\u00e9lio Dias","@id":"https:\/\/www.cfm.co.mz\/#\/schema\/person\/0b8a8b95eb758e200c2a5c3f18b8e5b4"},"headline":"Em Conselho de Directores: CFM Analisa a Gest\u00e3o da Empresa em v\u00e1rios dom\u00ednios","datePublished":"2015-04-13T09:06:41+00:00","mainEntityOfPage":{"@id":"https:\/\/www.cfm.co.mz\/2015\/04\/13\/em-conselho-de-directores-cfm-analisa-gestao-da-empresa-em-varios-dominios\/"},"wordCount":441,"commentCount":0,"publisher":{"@id":"https:\/\/www.cfm.co.mz\/#organization"},"image":{"@id":"https:\/\/www.cfm.co.mz\/2015\/04\/13\/em-conselho-de-directores-cfm-analisa-gestao-da-empresa-em-varios-dominios\/#primaryimage"},"thumbnailUrl":"https:\/\/www.cfm.co.mz\/wp-content\/uploads\/2015\/04\/reuniaodirectores1.jpg","articleSection":["Noticias"],"inLanguage":"en-US","potentialAction":[{"@type":"CommentAction","name":"Comment","target":["https:\/\/www.cfm.co.mz\/2015\/04\/13\/em-conselho-de-directores-cfm-analisa-gestao-da-empresa-em-varios-dominios\/#respond"]}]},{"@type":"WebPage","@id":"https:\/\/www.cfm.co.mz\/2015\/04\/13\/em-conselho-de-directores-cfm-analisa-gestao-da-empresa-em-varios-dominios\/","url":"https:\/\/www.cfm.co.mz\/2015\/04\/13\/em-conselho-de-directores-cfm-analisa-gestao-da-empresa-em-varios-dominios\/","name":"Em Conselho de Directores: CFM Analisa a Gest\u00e3o da Empresa em v\u00e1rios dom\u00ednios - CFM - Caminhos De Ferros de Mo\u00e7ambique","isPartOf":{"@id":"https:\/\/www.cfm.co.mz\/#website"},"primaryImageOfPage":{"@id":"https:\/\/www.cfm.co.mz\/2015\/04\/13\/em-conselho-de-directores-cfm-analisa-gestao-da-empresa-em-varios-dominios\/#primaryimage"},"image":{"@id":"https:\/\/www.cfm.co.mz\/2015\/04\/13\/em-conselho-de-directores-cfm-analisa-gestao-da-empresa-em-varios-dominios\/#primaryimage"},"thumbnailUrl":"https:\/\/www.cfm.co.mz\/wp-content\/uploads\/2015\/04\/reuniaodirectores1.jpg","datePublished":"2015-04-13T09:06:41+00:00","breadcrumb":{"@id":"https:\/\/www.cfm.co.mz\/2015\/04\/13\/em-conselho-de-directores-cfm-analisa-gestao-da-empresa-em-varios-dominios\/#breadcrumb"},"inLanguage":"en-US","potentialAction":[{"@type":"ReadAction","target":["https:\/\/www.cfm.co.mz\/2015\/04\/13\/em-conselho-de-directores-cfm-analisa-gestao-da-empresa-em-varios-dominios\/"]}]},{"@type":"ImageObject","inLanguage":"en-US","@id":"https:\/\/www.cfm.co.mz\/2015\/04\/13\/em-conselho-de-directores-cfm-analisa-gestao-da-empresa-em-varios-dominios\/#primaryimage","url":"https:\/\/www.cfm.co.mz\/wp-content\/uploads\/2015\/04\/reuniaodirectores1.jpg","contentUrl":"https:\/\/www.cfm.co.mz\/wp-content\/uploads\/2015\/04\/reuniaodirectores1.jpg","width":300,"height":191,"caption":"reuniaodirectores1"},{"@type":"BreadcrumbList","@id":"https:\/\/www.cfm.co.mz\/2015\/04\/13\/em-conselho-de-directores-cfm-analisa-gestao-da-empresa-em-varios-dominios\/#breadcrumb","itemListElement":[{"@type":"ListItem","position":1,"name":"Home","item":"https:\/\/www.cfm.co.mz\/"},{"@type":"ListItem","position":2,"name":"Em Conselho de Directores: CFM Analisa a Gest\u00e3o da Empresa em v\u00e1rios dom\u00ednios"}]},{"@type":"WebSite","@id":"https:\/\/www.cfm.co.mz\/#website","url":"https:\/\/www.cfm.co.mz\/","name":"CFM - Caminhos De Ferros de Mo\u00e7ambique","description":"Ampliando Horizontes","publisher":{"@id":"https:\/\/www.cfm.co.mz\/#organization"},"potentialAction":[{"@type":"SearchAction","target":{"@type":"EntryPoint","urlTemplate":"https:\/\/www.cfm.co.mz\/?s={search_term_string}"},"query-input":{"@type":"PropertyValueSpecification","valueRequired":true,"valueName":"search_term_string"}}],"inLanguage":"en-US"},{"@type":"Organization","@id":"https:\/\/www.cfm.co.mz\/#organization","name":"CFM - Caminhos De Ferros de Mo\u00e7ambique","url":"https:\/\/www.cfm.co.mz\/","logo":{"@type":"ImageObject","inLanguage":"en-US","@id":"https:\/\/www.cfm.co.mz\/#\/schema\/logo\/image\/","url":"https:\/\/www.cfm.co.mz\/wp-content\/uploads\/2025\/07\/be5f0679-4f5b-4d02-9719-a26ceed29162.jpg","contentUrl":"https:\/\/www.cfm.co.mz\/wp-content\/uploads\/2025\/07\/be5f0679-4f5b-4d02-9719-a26ceed29162.jpg","width":400,"height":65,"caption":"CFM - Caminhos De Ferros de Mo\u00e7ambique"},"image":{"@id":"https:\/\/www.cfm.co.mz\/#\/schema\/logo\/image\/"},"sameAs":["https:\/\/www.facebook.com\/CFMMoz","https:\/\/www.linkedin.com\/company\/caminhos-de-ferro-de-moambique\/"]},{"@type":"Person","@id":"https:\/\/www.cfm.co.mz\/#\/schema\/person\/0b8a8b95eb758e200c2a5c3f18b8e5b4","name":"Ad\u00e9lio Dias","image":{"@type":"ImageObject","inLanguage":"en-US","@id":"https:\/\/www.cfm.co.mz\/#\/schema\/person\/image\/","url":"https:\/\/www.cfm.co.mz\/wp-content\/litespeed\/avatar\/9163cd4f0d73475e3a60c657aa28c78c.jpg?ver=1777454719","contentUrl":"https:\/\/www.cfm.co.mz\/wp-content\/litespeed\/avatar\/9163cd4f0d73475e3a60c657aa28c78c.jpg?ver=1777454719","caption":"Ad\u00e9lio Dias"},"url":"https:\/\/www.cfm.co.mz\/en\/author\/adelio-dias\/"}]}},"_links":{"self":[{"href":"https:\/\/www.cfm.co.mz\/en\/wp-json\/wp\/v2\/posts\/8645","targetHints":{"allow":["GET"]}}],"collection":[{"href":"https:\/\/www.cfm.co.mz\/en\/wp-json\/wp\/v2\/posts"}],"about":[{"href":"https:\/\/www.cfm.co.mz\/en\/wp-json\/wp\/v2\/types\/post"}],"author":[{"embeddable":true,"href":"https:\/\/www.cfm.co.mz\/en\/wp-json\/wp\/v2\/users\/91"}],"replies":[{"embeddable":true,"href":"https:\/\/www.cfm.co.mz\/en\/wp-json\/wp\/v2\/comments?post=8645"}],"version-history":[{"count":0,"href":"https:\/\/www.cfm.co.mz\/en\/wp-json\/wp\/v2\/posts\/8645\/revisions"}],"wp:featuredmedia":[{"embeddable":true,"href":"https:\/\/www.cfm.co.mz\/en\/wp-json\/wp\/v2\/media\/8642"}],"wp:attachment":[{"href":"https:\/\/www.cfm.co.mz\/en\/wp-json\/wp\/v2\/media?parent=8645"}],"wp:term":[{"taxonomy":"category","embeddable":true,"href":"https:\/\/www.cfm.co.mz\/en\/wp-json\/wp\/v2\/categories?post=8645"},{"taxonomy":"post_tag","embeddable":true,"href":"https:\/\/www.cfm.co.mz\/en\/wp-json\/wp\/v2\/tags?post=8645"}],"curies":[{"name":"wp","href":"https:\/\/api.w.org\/{rel}","templated":true}]}}