{"id":8640,"date":"2015-03-31T12:44:56","date_gmt":"2015-03-31T12:44:56","guid":{"rendered":"https:\/\/www.cfm.co.mz\/2015\/03\/31\/cfm-acolhe-o-viii-congresso-da-aplop\/"},"modified":"2015-03-31T12:44:56","modified_gmt":"2015-03-31T12:44:56","slug":"cfm-acolhe-o-viii-congresso-da-aplop","status":"publish","type":"post","link":"https:\/\/www.cfm.co.mz\/en\/2015\/03\/31\/cfm-acolhe-o-viii-congresso-da-aplop\/","title":{"rendered":"CFM acolhe o VIII Congresso da APLOP"},"content":{"rendered":"<p style=\"text-align: justify;\"><img fetchpriority=\"high\" decoding=\"async\" class=\"alignleft size-full wp-image-8637\" style=\"margin-right: 10px; margin-top: 10px; float: left;\" src=\"http:\/\/www.cfm.co.mz\/wp-content\/uploads\/2015\/03\/aplop1.jpg\" alt=\"aplop1\" width=\"300\" height=\"190\" \/>A Empresa Portos e Caminhos de Ferro de Mo\u00e7ambique- CFM acolheu, nos dias 26 e 27 de Mar\u00e7o passado, nas instala\u00e7\u00f5es do Hotel VIP- Maputo, o VIII Congresso da Associa\u00e7\u00e3o dos Portos de L\u00edngua Portuguesa- APLOP.<\/p>\n<p style=\"text-align: justify;\">Sob o lema \u201cEstreitando Rela\u00e7\u00f5es Comerciais e de Coopera\u00e7\u00e3o no Espa\u00e7o da Lusofonia\u201d, o Congresso reuniu, para al\u00e9m de todas as administra\u00e7\u00f5es que congregam a APLOP, diversas individualidades entre pol\u00edticos, empres\u00e1rios, acad\u00eamicos, bem como outros intervenientes da \u00e1rea ferro-portu\u00e1ria do espa\u00e7o Lus\u00f4fono.<\/p>\n<p><!--more--><\/p>\n<p style=\"text-align: justify;\"><img decoding=\"async\" class=\"alignright size-full wp-image-8638\" style=\"margin-left: 10px; margin-top: 10px; float: right;\" src=\"http:\/\/www.cfm.co.mz\/wp-content\/uploads\/2015\/03\/aplop2.jpg\" alt=\"aplop2\" width=\"300\" height=\"159\" \/>O evento foi presidido pelo Ministro dos Transportes e Comunica\u00e7\u00f5es de Mo\u00e7ambique, Eng. Carlos Mesquita para quem, o congresso constituiu uma oportunidade das empresas associadas \u201c<strong><em>identificarem um conjunto de solu\u00e7\u00f5es concretas que possam ser aplicadas aos sectores dos Portos e dos transportes mar\u00edtimos, impulsionando estas actividades econ\u00f4micas em beneficio das empresas e da economia dos nossos Pa\u00edses no seu todo e, em particular, das regi\u00f5es em que cada um, individualmente, est\u00e1 inserido<\/em><\/strong>\u201d.<\/p>\n<p style=\"text-align: justify;\">Recorde-se que a APLOP \u00e9 uma associa\u00e7\u00e3o criada no \u00e2mbito da CPLP-Comunidade dos Pa\u00edses de L\u00edngua Portuguesa e que tem como principal objectivo assegurar a defesa e a promo\u00e7\u00e3o dos interesses dos seus associados e contribuir para o desenvolvimento e moderniza\u00e7\u00e3o dos seus Portos.<\/p>\n<p style=\"text-align: justify;\"><img decoding=\"async\" class=\"alignleft size-full wp-image-8639\" style=\"margin-right: 10px; margin-top: 10px; float: left;\" src=\"http:\/\/www.cfm.co.mz\/wp-content\/uploads\/2015\/03\/aplop3.jpg\" alt=\"aplop3\" width=\"300\" height=\"196\" \/>S\u00e3o membros do APLOP as administra\u00e7\u00f5es portu\u00e1rias dos 7 Pa\u00edses da CPLP, designadamente, Angola, Brasil, Cabo Verde, Guin\u00e9-Bissau, Mo\u00e7ambique, Portugal e S\u00e3o Tom\u00e9 e Pr\u00edncipe. Podem, ainda, ser associadas as Administra\u00e7\u00f5es ou Empresas P\u00fablicas Portu\u00e1rias, ou quaisquer outras Entidades Gestoras de Portos da CPLP, bem como as Associa\u00e7\u00f5es de Portos, legalmente constitu\u00eddas, dentro do espa\u00e7o CPLP e as autoridades portu\u00e1rias de qualquer pa\u00eds de L\u00edngua Portuguesa.<\/p>\n<p style=\"text-align: justify;\">O CFM \u00e9 membro fundador da APLOP desde 2010 e, a partir dessa data, segundo o PCA da empresa, Dr. Victor Gomes, \u201c<em><strong>tem vindo a encarrar este projecto com muita expectativa, para o refor\u00e7o da coopera\u00e7\u00e3o entre os nossos pa\u00edses e da busca de solu\u00e7\u00f5es inovadoras para o desenvolvimento das nossas infraestruturas<\/strong><\/em>\u201d.<\/p>","protected":false},"excerpt":{"rendered":"<p>A Empresa Portos e Caminhos de Ferro de Mo\u00e7ambique- CFM acolheu, nos dias 26 e 27 de Mar\u00e7o passado, nas instala\u00e7\u00f5es do Hotel VIP- Maputo, o VIII Congresso da Associa\u00e7\u00e3o dos Portos de L\u00edngua Portuguesa- APLOP. Sob o lema \u201cEstreitando Rela\u00e7\u00f5es Comerciais e de Coopera\u00e7\u00e3o no Espa\u00e7o da Lusofonia\u201d, o Congresso reuniu, para al\u00e9m de todas as administra\u00e7\u00f5es que congregam a APLOP, diversas individualidades entre pol\u00edticos, empres\u00e1rios, acad\u00eamicos, bem como outros intervenientes da \u00e1rea ferro-portu\u00e1ria do espa\u00e7o Lus\u00f4fono.<\/p>","protected":false},"author":91,"featured_media":8637,"comment_status":"open","ping_status":"open","sticky":false,"template":"","format":"standard","meta":{"_acf_changed":false,"pgc_sgb_lightbox_settings":"","footnotes":""},"categories":[680],"tags":[],"class_list":["post-8640","post","type-post","status-publish","format-standard","has-post-thumbnail","hentry","category-noticias"],"acf":[],"yoast_head":"<!-- This site is optimized with the Yoast SEO plugin v26.5 - https:\/\/yoast.com\/wordpress\/plugins\/seo\/ -->\n<title>CFM acolhe o VIII Congresso da APLOP - CFM - Caminhos De Ferros de Mo\u00e7ambique<\/title>\n<meta name=\"robots\" content=\"index, follow, max-snippet:-1, max-image-preview:large, max-video-preview:-1\" \/>\n<link rel=\"canonical\" href=\"https:\/\/www.cfm.co.mz\/en\/2015\/03\/31\/cfm-acolhe-o-viii-congresso-da-aplop\/\" \/>\n<meta property=\"og:locale\" content=\"en_US\" \/>\n<meta property=\"og:type\" content=\"article\" \/>\n<meta property=\"og:title\" content=\"CFM acolhe o VIII Congresso da APLOP - CFM - Caminhos De Ferros de Mo\u00e7ambique\" \/>\n<meta property=\"og:description\" content=\"A Empresa Portos e Caminhos de Ferro de Mo\u00e7ambique- CFM acolheu, nos dias 26 e 27 de Mar\u00e7o passado, nas instala\u00e7\u00f5es do Hotel VIP- Maputo, o VIII Congresso da Associa\u00e7\u00e3o dos Portos de L\u00edngua Portuguesa- APLOP. Sob o lema \u201cEstreitando Rela\u00e7\u00f5es Comerciais e de Coopera\u00e7\u00e3o no Espa\u00e7o da Lusofonia\u201d, o Congresso reuniu, para al\u00e9m de todas as administra\u00e7\u00f5es que congregam a APLOP, diversas individualidades entre pol\u00edticos, empres\u00e1rios, acad\u00eamicos, bem como outros intervenientes da \u00e1rea ferro-portu\u00e1ria do espa\u00e7o Lus\u00f4fono.\" \/>\n<meta property=\"og:url\" content=\"https:\/\/www.cfm.co.mz\/en\/2015\/03\/31\/cfm-acolhe-o-viii-congresso-da-aplop\/\" \/>\n<meta property=\"og:site_name\" content=\"CFM - Caminhos De Ferros de Mo\u00e7ambique\" \/>\n<meta property=\"article:publisher\" content=\"https:\/\/www.facebook.com\/CFMMoz\" \/>\n<meta property=\"article:published_time\" content=\"2015-03-31T12:44:56+00:00\" \/>\n<meta property=\"og:image\" content=\"https:\/\/www.cfm.co.mz\/wp-content\/uploads\/2015\/03\/aplop1.jpg\" \/>\n\t<meta property=\"og:image:width\" content=\"300\" \/>\n\t<meta property=\"og:image:height\" content=\"190\" \/>\n\t<meta property=\"og:image:type\" content=\"image\/jpeg\" \/>\n<meta name=\"author\" content=\"Ad\u00e9lio Dias\" \/>\n<meta name=\"twitter:card\" content=\"summary_large_image\" \/>\n<meta name=\"twitter:label1\" content=\"Written by\" \/>\n\t<meta name=\"twitter:data1\" content=\"Ad\u00e9lio Dias\" \/>\n\t<meta name=\"twitter:label2\" content=\"Est. reading time\" \/>\n\t<meta name=\"twitter:data2\" content=\"2 minutes\" \/>\n<script type=\"application\/ld+json\" class=\"yoast-schema-graph\">{\"@context\":\"https:\/\/schema.org\",\"@graph\":[{\"@type\":\"Article\",\"@id\":\"https:\/\/www.cfm.co.mz\/2015\/03\/31\/cfm-acolhe-o-viii-congresso-da-aplop\/#article\",\"isPartOf\":{\"@id\":\"https:\/\/www.cfm.co.mz\/2015\/03\/31\/cfm-acolhe-o-viii-congresso-da-aplop\/\"},\"author\":{\"name\":\"Ad\u00e9lio Dias\",\"@id\":\"https:\/\/www.cfm.co.mz\/#\/schema\/person\/0b8a8b95eb758e200c2a5c3f18b8e5b4\"},\"headline\":\"CFM acolhe o VIII Congresso da APLOP\",\"datePublished\":\"2015-03-31T12:44:56+00:00\",\"mainEntityOfPage\":{\"@id\":\"https:\/\/www.cfm.co.mz\/2015\/03\/31\/cfm-acolhe-o-viii-congresso-da-aplop\/\"},\"wordCount\":362,\"commentCount\":0,\"publisher\":{\"@id\":\"https:\/\/www.cfm.co.mz\/#organization\"},\"image\":{\"@id\":\"https:\/\/www.cfm.co.mz\/2015\/03\/31\/cfm-acolhe-o-viii-congresso-da-aplop\/#primaryimage\"},\"thumbnailUrl\":\"https:\/\/www.cfm.co.mz\/wp-content\/uploads\/2015\/03\/aplop1.jpg\",\"articleSection\":[\"Noticias\"],\"inLanguage\":\"en-US\",\"potentialAction\":[{\"@type\":\"CommentAction\",\"name\":\"Comment\",\"target\":[\"https:\/\/www.cfm.co.mz\/2015\/03\/31\/cfm-acolhe-o-viii-congresso-da-aplop\/#respond\"]}]},{\"@type\":\"WebPage\",\"@id\":\"https:\/\/www.cfm.co.mz\/2015\/03\/31\/cfm-acolhe-o-viii-congresso-da-aplop\/\",\"url\":\"https:\/\/www.cfm.co.mz\/2015\/03\/31\/cfm-acolhe-o-viii-congresso-da-aplop\/\",\"name\":\"CFM acolhe o VIII Congresso da APLOP - CFM - Caminhos De Ferros de Mo\u00e7ambique\",\"isPartOf\":{\"@id\":\"https:\/\/www.cfm.co.mz\/#website\"},\"primaryImageOfPage\":{\"@id\":\"https:\/\/www.cfm.co.mz\/2015\/03\/31\/cfm-acolhe-o-viii-congresso-da-aplop\/#primaryimage\"},\"image\":{\"@id\":\"https:\/\/www.cfm.co.mz\/2015\/03\/31\/cfm-acolhe-o-viii-congresso-da-aplop\/#primaryimage\"},\"thumbnailUrl\":\"https:\/\/www.cfm.co.mz\/wp-content\/uploads\/2015\/03\/aplop1.jpg\",\"datePublished\":\"2015-03-31T12:44:56+00:00\",\"breadcrumb\":{\"@id\":\"https:\/\/www.cfm.co.mz\/2015\/03\/31\/cfm-acolhe-o-viii-congresso-da-aplop\/#breadcrumb\"},\"inLanguage\":\"en-US\",\"potentialAction\":[{\"@type\":\"ReadAction\",\"target\":[\"https:\/\/www.cfm.co.mz\/2015\/03\/31\/cfm-acolhe-o-viii-congresso-da-aplop\/\"]}]},{\"@type\":\"ImageObject\",\"inLanguage\":\"en-US\",\"@id\":\"https:\/\/www.cfm.co.mz\/2015\/03\/31\/cfm-acolhe-o-viii-congresso-da-aplop\/#primaryimage\",\"url\":\"https:\/\/www.cfm.co.mz\/wp-content\/uploads\/2015\/03\/aplop1.jpg\",\"contentUrl\":\"https:\/\/www.cfm.co.mz\/wp-content\/uploads\/2015\/03\/aplop1.jpg\",\"width\":300,\"height\":190,\"caption\":\"aplop1\"},{\"@type\":\"BreadcrumbList\",\"@id\":\"https:\/\/www.cfm.co.mz\/2015\/03\/31\/cfm-acolhe-o-viii-congresso-da-aplop\/#breadcrumb\",\"itemListElement\":[{\"@type\":\"ListItem\",\"position\":1,\"name\":\"Home\",\"item\":\"https:\/\/www.cfm.co.mz\/\"},{\"@type\":\"ListItem\",\"position\":2,\"name\":\"CFM acolhe o VIII Congresso da APLOP\"}]},{\"@type\":\"WebSite\",\"@id\":\"https:\/\/www.cfm.co.mz\/#website\",\"url\":\"https:\/\/www.cfm.co.mz\/\",\"name\":\"CFM - Caminhos De Ferros de Mo\u00e7ambique\",\"description\":\"Ampliando Horizontes\",\"publisher\":{\"@id\":\"https:\/\/www.cfm.co.mz\/#organization\"},\"potentialAction\":[{\"@type\":\"SearchAction\",\"target\":{\"@type\":\"EntryPoint\",\"urlTemplate\":\"https:\/\/www.cfm.co.mz\/?s={search_term_string}\"},\"query-input\":{\"@type\":\"PropertyValueSpecification\",\"valueRequired\":true,\"valueName\":\"search_term_string\"}}],\"inLanguage\":\"en-US\"},{\"@type\":\"Organization\",\"@id\":\"https:\/\/www.cfm.co.mz\/#organization\",\"name\":\"CFM - Caminhos De Ferros de Mo\u00e7ambique\",\"url\":\"https:\/\/www.cfm.co.mz\/\",\"logo\":{\"@type\":\"ImageObject\",\"inLanguage\":\"en-US\",\"@id\":\"https:\/\/www.cfm.co.mz\/#\/schema\/logo\/image\/\",\"url\":\"https:\/\/www.cfm.co.mz\/wp-content\/uploads\/2025\/07\/be5f0679-4f5b-4d02-9719-a26ceed29162.jpg\",\"contentUrl\":\"https:\/\/www.cfm.co.mz\/wp-content\/uploads\/2025\/07\/be5f0679-4f5b-4d02-9719-a26ceed29162.jpg\",\"width\":400,\"height\":65,\"caption\":\"CFM - Caminhos De Ferros de Mo\u00e7ambique\"},\"image\":{\"@id\":\"https:\/\/www.cfm.co.mz\/#\/schema\/logo\/image\/\"},\"sameAs\":[\"https:\/\/www.facebook.com\/CFMMoz\",\"https:\/\/www.linkedin.com\/company\/caminhos-de-ferro-de-moambique\/\"]},{\"@type\":\"Person\",\"@id\":\"https:\/\/www.cfm.co.mz\/#\/schema\/person\/0b8a8b95eb758e200c2a5c3f18b8e5b4\",\"name\":\"Ad\u00e9lio Dias\",\"image\":{\"@type\":\"ImageObject\",\"inLanguage\":\"en-US\",\"@id\":\"https:\/\/www.cfm.co.mz\/#\/schema\/person\/image\/\",\"url\":\"https:\/\/www.cfm.co.mz\/wp-content\/litespeed\/avatar\/9163cd4f0d73475e3a60c657aa28c78c.jpg?ver=1777454719\",\"contentUrl\":\"https:\/\/www.cfm.co.mz\/wp-content\/litespeed\/avatar\/9163cd4f0d73475e3a60c657aa28c78c.jpg?ver=1777454719\",\"caption\":\"Ad\u00e9lio Dias\"},\"url\":\"https:\/\/www.cfm.co.mz\/en\/author\/adelio-dias\/\"}]}<\/script>\n<!-- \/ Yoast SEO plugin. -->","yoast_head_json":{"title":"CFM acolhe o VIII Congresso da APLOP - CFM - Caminhos De Ferros de Mo\u00e7ambique","robots":{"index":"index","follow":"follow","max-snippet":"max-snippet:-1","max-image-preview":"max-image-preview:large","max-video-preview":"max-video-preview:-1"},"canonical":"https:\/\/www.cfm.co.mz\/en\/2015\/03\/31\/cfm-acolhe-o-viii-congresso-da-aplop\/","og_locale":"en_US","og_type":"article","og_title":"CFM acolhe o VIII Congresso da APLOP - CFM - Caminhos De Ferros de Mo\u00e7ambique","og_description":"A Empresa Portos e Caminhos de Ferro de Mo\u00e7ambique- CFM acolheu, nos dias 26 e 27 de Mar\u00e7o passado, nas instala\u00e7\u00f5es do Hotel VIP- Maputo, o VIII Congresso da Associa\u00e7\u00e3o dos Portos de L\u00edngua Portuguesa- APLOP. Sob o lema \u201cEstreitando Rela\u00e7\u00f5es Comerciais e de Coopera\u00e7\u00e3o no Espa\u00e7o da Lusofonia\u201d, o Congresso reuniu, para al\u00e9m de todas as administra\u00e7\u00f5es que congregam a APLOP, diversas individualidades entre pol\u00edticos, empres\u00e1rios, acad\u00eamicos, bem como outros intervenientes da \u00e1rea ferro-portu\u00e1ria do espa\u00e7o Lus\u00f4fono.","og_url":"https:\/\/www.cfm.co.mz\/en\/2015\/03\/31\/cfm-acolhe-o-viii-congresso-da-aplop\/","og_site_name":"CFM - Caminhos De Ferros de Mo\u00e7ambique","article_publisher":"https:\/\/www.facebook.com\/CFMMoz","article_published_time":"2015-03-31T12:44:56+00:00","og_image":[{"width":300,"height":190,"url":"https:\/\/www.cfm.co.mz\/wp-content\/uploads\/2015\/03\/aplop1.jpg","type":"image\/jpeg"}],"author":"Ad\u00e9lio Dias","twitter_card":"summary_large_image","twitter_misc":{"Written by":"Ad\u00e9lio Dias","Est. reading time":"2 minutes"},"schema":{"@context":"https:\/\/schema.org","@graph":[{"@type":"Article","@id":"https:\/\/www.cfm.co.mz\/2015\/03\/31\/cfm-acolhe-o-viii-congresso-da-aplop\/#article","isPartOf":{"@id":"https:\/\/www.cfm.co.mz\/2015\/03\/31\/cfm-acolhe-o-viii-congresso-da-aplop\/"},"author":{"name":"Ad\u00e9lio Dias","@id":"https:\/\/www.cfm.co.mz\/#\/schema\/person\/0b8a8b95eb758e200c2a5c3f18b8e5b4"},"headline":"CFM acolhe o VIII Congresso da APLOP","datePublished":"2015-03-31T12:44:56+00:00","mainEntityOfPage":{"@id":"https:\/\/www.cfm.co.mz\/2015\/03\/31\/cfm-acolhe-o-viii-congresso-da-aplop\/"},"wordCount":362,"commentCount":0,"publisher":{"@id":"https:\/\/www.cfm.co.mz\/#organization"},"image":{"@id":"https:\/\/www.cfm.co.mz\/2015\/03\/31\/cfm-acolhe-o-viii-congresso-da-aplop\/#primaryimage"},"thumbnailUrl":"https:\/\/www.cfm.co.mz\/wp-content\/uploads\/2015\/03\/aplop1.jpg","articleSection":["Noticias"],"inLanguage":"en-US","potentialAction":[{"@type":"CommentAction","name":"Comment","target":["https:\/\/www.cfm.co.mz\/2015\/03\/31\/cfm-acolhe-o-viii-congresso-da-aplop\/#respond"]}]},{"@type":"WebPage","@id":"https:\/\/www.cfm.co.mz\/2015\/03\/31\/cfm-acolhe-o-viii-congresso-da-aplop\/","url":"https:\/\/www.cfm.co.mz\/2015\/03\/31\/cfm-acolhe-o-viii-congresso-da-aplop\/","name":"CFM acolhe o VIII Congresso da APLOP - CFM - Caminhos De Ferros de Mo\u00e7ambique","isPartOf":{"@id":"https:\/\/www.cfm.co.mz\/#website"},"primaryImageOfPage":{"@id":"https:\/\/www.cfm.co.mz\/2015\/03\/31\/cfm-acolhe-o-viii-congresso-da-aplop\/#primaryimage"},"image":{"@id":"https:\/\/www.cfm.co.mz\/2015\/03\/31\/cfm-acolhe-o-viii-congresso-da-aplop\/#primaryimage"},"thumbnailUrl":"https:\/\/www.cfm.co.mz\/wp-content\/uploads\/2015\/03\/aplop1.jpg","datePublished":"2015-03-31T12:44:56+00:00","breadcrumb":{"@id":"https:\/\/www.cfm.co.mz\/2015\/03\/31\/cfm-acolhe-o-viii-congresso-da-aplop\/#breadcrumb"},"inLanguage":"en-US","potentialAction":[{"@type":"ReadAction","target":["https:\/\/www.cfm.co.mz\/2015\/03\/31\/cfm-acolhe-o-viii-congresso-da-aplop\/"]}]},{"@type":"ImageObject","inLanguage":"en-US","@id":"https:\/\/www.cfm.co.mz\/2015\/03\/31\/cfm-acolhe-o-viii-congresso-da-aplop\/#primaryimage","url":"https:\/\/www.cfm.co.mz\/wp-content\/uploads\/2015\/03\/aplop1.jpg","contentUrl":"https:\/\/www.cfm.co.mz\/wp-content\/uploads\/2015\/03\/aplop1.jpg","width":300,"height":190,"caption":"aplop1"},{"@type":"BreadcrumbList","@id":"https:\/\/www.cfm.co.mz\/2015\/03\/31\/cfm-acolhe-o-viii-congresso-da-aplop\/#breadcrumb","itemListElement":[{"@type":"ListItem","position":1,"name":"Home","item":"https:\/\/www.cfm.co.mz\/"},{"@type":"ListItem","position":2,"name":"CFM acolhe o VIII Congresso da APLOP"}]},{"@type":"WebSite","@id":"https:\/\/www.cfm.co.mz\/#website","url":"https:\/\/www.cfm.co.mz\/","name":"CFM - Caminhos De Ferros de Mo\u00e7ambique","description":"Ampliando Horizontes","publisher":{"@id":"https:\/\/www.cfm.co.mz\/#organization"},"potentialAction":[{"@type":"SearchAction","target":{"@type":"EntryPoint","urlTemplate":"https:\/\/www.cfm.co.mz\/?s={search_term_string}"},"query-input":{"@type":"PropertyValueSpecification","valueRequired":true,"valueName":"search_term_string"}}],"inLanguage":"en-US"},{"@type":"Organization","@id":"https:\/\/www.cfm.co.mz\/#organization","name":"CFM - Caminhos De Ferros de Mo\u00e7ambique","url":"https:\/\/www.cfm.co.mz\/","logo":{"@type":"ImageObject","inLanguage":"en-US","@id":"https:\/\/www.cfm.co.mz\/#\/schema\/logo\/image\/","url":"https:\/\/www.cfm.co.mz\/wp-content\/uploads\/2025\/07\/be5f0679-4f5b-4d02-9719-a26ceed29162.jpg","contentUrl":"https:\/\/www.cfm.co.mz\/wp-content\/uploads\/2025\/07\/be5f0679-4f5b-4d02-9719-a26ceed29162.jpg","width":400,"height":65,"caption":"CFM - Caminhos De Ferros de Mo\u00e7ambique"},"image":{"@id":"https:\/\/www.cfm.co.mz\/#\/schema\/logo\/image\/"},"sameAs":["https:\/\/www.facebook.com\/CFMMoz","https:\/\/www.linkedin.com\/company\/caminhos-de-ferro-de-moambique\/"]},{"@type":"Person","@id":"https:\/\/www.cfm.co.mz\/#\/schema\/person\/0b8a8b95eb758e200c2a5c3f18b8e5b4","name":"Ad\u00e9lio Dias","image":{"@type":"ImageObject","inLanguage":"en-US","@id":"https:\/\/www.cfm.co.mz\/#\/schema\/person\/image\/","url":"https:\/\/www.cfm.co.mz\/wp-content\/litespeed\/avatar\/9163cd4f0d73475e3a60c657aa28c78c.jpg?ver=1777454719","contentUrl":"https:\/\/www.cfm.co.mz\/wp-content\/litespeed\/avatar\/9163cd4f0d73475e3a60c657aa28c78c.jpg?ver=1777454719","caption":"Ad\u00e9lio Dias"},"url":"https:\/\/www.cfm.co.mz\/en\/author\/adelio-dias\/"}]}},"_links":{"self":[{"href":"https:\/\/www.cfm.co.mz\/en\/wp-json\/wp\/v2\/posts\/8640","targetHints":{"allow":["GET"]}}],"collection":[{"href":"https:\/\/www.cfm.co.mz\/en\/wp-json\/wp\/v2\/posts"}],"about":[{"href":"https:\/\/www.cfm.co.mz\/en\/wp-json\/wp\/v2\/types\/post"}],"author":[{"embeddable":true,"href":"https:\/\/www.cfm.co.mz\/en\/wp-json\/wp\/v2\/users\/91"}],"replies":[{"embeddable":true,"href":"https:\/\/www.cfm.co.mz\/en\/wp-json\/wp\/v2\/comments?post=8640"}],"version-history":[{"count":0,"href":"https:\/\/www.cfm.co.mz\/en\/wp-json\/wp\/v2\/posts\/8640\/revisions"}],"wp:featuredmedia":[{"embeddable":true,"href":"https:\/\/www.cfm.co.mz\/en\/wp-json\/wp\/v2\/media\/8637"}],"wp:attachment":[{"href":"https:\/\/www.cfm.co.mz\/en\/wp-json\/wp\/v2\/media?parent=8640"}],"wp:term":[{"taxonomy":"category","embeddable":true,"href":"https:\/\/www.cfm.co.mz\/en\/wp-json\/wp\/v2\/categories?post=8640"},{"taxonomy":"post_tag","embeddable":true,"href":"https:\/\/www.cfm.co.mz\/en\/wp-json\/wp\/v2\/tags?post=8640"}],"curies":[{"name":"wp","href":"https:\/\/api.w.org\/{rel}","templated":true}]}}