{"id":8631,"date":"2015-01-23T07:47:28","date_gmt":"2015-01-23T07:47:28","guid":{"rendered":"https:\/\/www.cfm.co.mz\/2015\/01\/23\/cfm-solidariza-se-com-as-vitimas-das-cheias\/"},"modified":"2015-01-23T07:47:28","modified_gmt":"2015-01-23T07:47:28","slug":"cfm-solidariza-se-com-as-vitimas-das-cheias","status":"publish","type":"post","link":"https:\/\/www.cfm.co.mz\/en\/2015\/01\/23\/cfm-solidariza-se-com-as-vitimas-das-cheias\/","title":{"rendered":"CFM solidariza-se com as v\u00edtimas das cheias"},"content":{"rendered":"<p style=\"text-align: justify;\"><img decoding=\"async\" class=\"alignleft size-full wp-image-8630\" style=\"margin-right: 10px; float: left;\" src=\"http:\/\/www.cfm.co.mz\/wp-content\/uploads\/2015\/01\/cheias2.jpg\" alt=\"cheias2\" width=\"130\" height=\"107\" srcset=\"https:\/\/www.cfm.co.mz\/wp-content\/uploads\/2015\/01\/cheias2.jpg 585w, https:\/\/www.cfm.co.mz\/wp-content\/uploads\/2015\/01\/cheias2-300x246.jpg 300w\" sizes=\"(max-width: 130px) 100vw, 130px\" \/>O Conselho de Administra\u00e7\u00e3o da empresa Portos e Caminhos de Ferro de Mo\u00e7ambique, reunido na sua 2\u00aa Sess\u00e3o de 2015, apelou a todos os trabalhadores da empresa, no sentido de se juntarem \u00e0 campanha de solidariedade para com as v\u00edtimas das cheias, que neste momento est\u00e3o a sofrer em consequ\u00eancia das chuvas que assolaram as regi\u00f5es Centro e Norte do Pa\u00eds, especificamente nas prov\u00edncias de Sofala, Zamb\u00e9zia, Nampula e Niassa.<\/p>\n<p style=\"text-align: justify;\">As ajudas, que poder\u00e3o ser em forma de produtos n\u00e3o perec\u00edveis, incluindo vestu\u00e1rio, mantas, capulanas, material escolar, livros, entre outros, est\u00e3o sendo recolhidas a n\u00edvel das direc\u00e7\u00f5es dos v\u00e1rios sectores da empresa e ser\u00e3o canalizadas \u00e0s autoridades que far\u00e3o chegar aos necessitados.<\/p>","protected":false},"excerpt":{"rendered":"<p>O Conselho de Administra\u00e7\u00e3o da empresa Portos e Caminhos de Ferro de Mo\u00e7ambique, reunido na sua 2\u00aa Sess\u00e3o de 2015, apelou a todos os trabalhadores da empresa, no sentido de se juntarem \u00e0 campanha de solidariedade para com as v\u00edtimas das cheias, que neste momento est\u00e3o a sofrer em consequ\u00eancia das chuvas que assolaram as regi\u00f5es Centro e Norte do Pa\u00eds, especificamente nas prov\u00edncias de Sofala, Zamb\u00e9zia, Nampula e Niassa. As ajudas, que poder\u00e3o ser em forma de produtos n\u00e3o perec\u00edveis, incluindo vestu\u00e1rio, mantas, capulanas, material escolar, livros, entre outros, est\u00e3o sendo recolhidas a n\u00edvel das direc\u00e7\u00f5es dos v\u00e1rios sectores da empresa e ser\u00e3o canalizadas \u00e0s autoridades que far\u00e3o chegar aos necessitados.<\/p>","protected":false},"author":91,"featured_media":8630,"comment_status":"open","ping_status":"open","sticky":false,"template":"","format":"standard","meta":{"_acf_changed":false,"pgc_sgb_lightbox_settings":"","footnotes":""},"categories":[680],"tags":[],"class_list":["post-8631","post","type-post","status-publish","format-standard","has-post-thumbnail","hentry","category-noticias"],"acf":[],"yoast_head":"<!-- This site is optimized with the Yoast SEO plugin v26.5 - https:\/\/yoast.com\/wordpress\/plugins\/seo\/ -->\n<title>CFM solidariza-se com as v\u00edtimas das cheias - CFM - Caminhos De Ferros de Mo\u00e7ambique<\/title>\n<meta name=\"robots\" content=\"index, follow, max-snippet:-1, max-image-preview:large, max-video-preview:-1\" \/>\n<link rel=\"canonical\" href=\"https:\/\/www.cfm.co.mz\/en\/2015\/01\/23\/cfm-solidariza-se-com-as-vitimas-das-cheias\/\" \/>\n<meta property=\"og:locale\" content=\"en_US\" \/>\n<meta property=\"og:type\" content=\"article\" \/>\n<meta property=\"og:title\" content=\"CFM solidariza-se com as v\u00edtimas das cheias - CFM - Caminhos De Ferros de Mo\u00e7ambique\" \/>\n<meta property=\"og:description\" content=\"O Conselho de Administra\u00e7\u00e3o da empresa Portos e Caminhos de Ferro de Mo\u00e7ambique, reunido na sua 2\u00aa Sess\u00e3o de 2015, apelou a todos os trabalhadores da empresa, no sentido de se juntarem \u00e0 campanha de solidariedade para com as v\u00edtimas das cheias, que neste momento est\u00e3o a sofrer em consequ\u00eancia das chuvas que assolaram as regi\u00f5es Centro e Norte do Pa\u00eds, especificamente nas prov\u00edncias de Sofala, Zamb\u00e9zia, Nampula e Niassa. As ajudas, que poder\u00e3o ser em forma de produtos n\u00e3o perec\u00edveis, incluindo vestu\u00e1rio, mantas, capulanas, material escolar, livros, entre outros, est\u00e3o sendo recolhidas a n\u00edvel das direc\u00e7\u00f5es dos v\u00e1rios sectores da empresa e ser\u00e3o canalizadas \u00e0s autoridades que far\u00e3o chegar aos necessitados.\" \/>\n<meta property=\"og:url\" content=\"https:\/\/www.cfm.co.mz\/en\/2015\/01\/23\/cfm-solidariza-se-com-as-vitimas-das-cheias\/\" \/>\n<meta property=\"og:site_name\" content=\"CFM - Caminhos De Ferros de Mo\u00e7ambique\" \/>\n<meta property=\"article:publisher\" content=\"https:\/\/www.facebook.com\/CFMMoz\" \/>\n<meta property=\"article:published_time\" content=\"2015-01-23T07:47:28+00:00\" \/>\n<meta property=\"og:image\" content=\"https:\/\/www.cfm.co.mz\/wp-content\/uploads\/2015\/01\/cheias2.jpg\" \/>\n\t<meta property=\"og:image:width\" content=\"585\" \/>\n\t<meta property=\"og:image:height\" content=\"480\" \/>\n\t<meta property=\"og:image:type\" content=\"image\/jpeg\" \/>\n<meta name=\"author\" content=\"Ad\u00e9lio Dias\" \/>\n<meta name=\"twitter:card\" content=\"summary_large_image\" \/>\n<meta name=\"twitter:label1\" content=\"Written by\" \/>\n\t<meta name=\"twitter:data1\" content=\"Ad\u00e9lio Dias\" \/>\n\t<meta name=\"twitter:label2\" content=\"Est. reading time\" \/>\n\t<meta name=\"twitter:data2\" content=\"1 minute\" \/>\n<script type=\"application\/ld+json\" class=\"yoast-schema-graph\">{\"@context\":\"https:\/\/schema.org\",\"@graph\":[{\"@type\":\"Article\",\"@id\":\"https:\/\/www.cfm.co.mz\/2015\/01\/23\/cfm-solidariza-se-com-as-vitimas-das-cheias\/#article\",\"isPartOf\":{\"@id\":\"https:\/\/www.cfm.co.mz\/2015\/01\/23\/cfm-solidariza-se-com-as-vitimas-das-cheias\/\"},\"author\":{\"name\":\"Ad\u00e9lio Dias\",\"@id\":\"https:\/\/www.cfm.co.mz\/#\/schema\/person\/0b8a8b95eb758e200c2a5c3f18b8e5b4\"},\"headline\":\"CFM solidariza-se com as v\u00edtimas das cheias\",\"datePublished\":\"2015-01-23T07:47:28+00:00\",\"mainEntityOfPage\":{\"@id\":\"https:\/\/www.cfm.co.mz\/2015\/01\/23\/cfm-solidariza-se-com-as-vitimas-das-cheias\/\"},\"wordCount\":137,\"commentCount\":0,\"publisher\":{\"@id\":\"https:\/\/www.cfm.co.mz\/#organization\"},\"image\":{\"@id\":\"https:\/\/www.cfm.co.mz\/2015\/01\/23\/cfm-solidariza-se-com-as-vitimas-das-cheias\/#primaryimage\"},\"thumbnailUrl\":\"https:\/\/www.cfm.co.mz\/wp-content\/uploads\/2015\/01\/cheias2.jpg\",\"articleSection\":[\"Noticias\"],\"inLanguage\":\"en-US\",\"potentialAction\":[{\"@type\":\"CommentAction\",\"name\":\"Comment\",\"target\":[\"https:\/\/www.cfm.co.mz\/2015\/01\/23\/cfm-solidariza-se-com-as-vitimas-das-cheias\/#respond\"]}]},{\"@type\":\"WebPage\",\"@id\":\"https:\/\/www.cfm.co.mz\/2015\/01\/23\/cfm-solidariza-se-com-as-vitimas-das-cheias\/\",\"url\":\"https:\/\/www.cfm.co.mz\/2015\/01\/23\/cfm-solidariza-se-com-as-vitimas-das-cheias\/\",\"name\":\"CFM solidariza-se com as v\u00edtimas das cheias - CFM - Caminhos De Ferros de Mo\u00e7ambique\",\"isPartOf\":{\"@id\":\"https:\/\/www.cfm.co.mz\/#website\"},\"primaryImageOfPage\":{\"@id\":\"https:\/\/www.cfm.co.mz\/2015\/01\/23\/cfm-solidariza-se-com-as-vitimas-das-cheias\/#primaryimage\"},\"image\":{\"@id\":\"https:\/\/www.cfm.co.mz\/2015\/01\/23\/cfm-solidariza-se-com-as-vitimas-das-cheias\/#primaryimage\"},\"thumbnailUrl\":\"https:\/\/www.cfm.co.mz\/wp-content\/uploads\/2015\/01\/cheias2.jpg\",\"datePublished\":\"2015-01-23T07:47:28+00:00\",\"breadcrumb\":{\"@id\":\"https:\/\/www.cfm.co.mz\/2015\/01\/23\/cfm-solidariza-se-com-as-vitimas-das-cheias\/#breadcrumb\"},\"inLanguage\":\"en-US\",\"potentialAction\":[{\"@type\":\"ReadAction\",\"target\":[\"https:\/\/www.cfm.co.mz\/2015\/01\/23\/cfm-solidariza-se-com-as-vitimas-das-cheias\/\"]}]},{\"@type\":\"ImageObject\",\"inLanguage\":\"en-US\",\"@id\":\"https:\/\/www.cfm.co.mz\/2015\/01\/23\/cfm-solidariza-se-com-as-vitimas-das-cheias\/#primaryimage\",\"url\":\"https:\/\/www.cfm.co.mz\/wp-content\/uploads\/2015\/01\/cheias2.jpg\",\"contentUrl\":\"https:\/\/www.cfm.co.mz\/wp-content\/uploads\/2015\/01\/cheias2.jpg\",\"width\":585,\"height\":480,\"caption\":\"cheias2\"},{\"@type\":\"BreadcrumbList\",\"@id\":\"https:\/\/www.cfm.co.mz\/2015\/01\/23\/cfm-solidariza-se-com-as-vitimas-das-cheias\/#breadcrumb\",\"itemListElement\":[{\"@type\":\"ListItem\",\"position\":1,\"name\":\"Home\",\"item\":\"https:\/\/www.cfm.co.mz\/\"},{\"@type\":\"ListItem\",\"position\":2,\"name\":\"CFM solidariza-se com as v\u00edtimas das cheias\"}]},{\"@type\":\"WebSite\",\"@id\":\"https:\/\/www.cfm.co.mz\/#website\",\"url\":\"https:\/\/www.cfm.co.mz\/\",\"name\":\"CFM - Caminhos De Ferros de Mo\u00e7ambique\",\"description\":\"Ampliando Horizontes\",\"publisher\":{\"@id\":\"https:\/\/www.cfm.co.mz\/#organization\"},\"potentialAction\":[{\"@type\":\"SearchAction\",\"target\":{\"@type\":\"EntryPoint\",\"urlTemplate\":\"https:\/\/www.cfm.co.mz\/?s={search_term_string}\"},\"query-input\":{\"@type\":\"PropertyValueSpecification\",\"valueRequired\":true,\"valueName\":\"search_term_string\"}}],\"inLanguage\":\"en-US\"},{\"@type\":\"Organization\",\"@id\":\"https:\/\/www.cfm.co.mz\/#organization\",\"name\":\"CFM - Caminhos De Ferros de Mo\u00e7ambique\",\"url\":\"https:\/\/www.cfm.co.mz\/\",\"logo\":{\"@type\":\"ImageObject\",\"inLanguage\":\"en-US\",\"@id\":\"https:\/\/www.cfm.co.mz\/#\/schema\/logo\/image\/\",\"url\":\"https:\/\/www.cfm.co.mz\/wp-content\/uploads\/2025\/07\/be5f0679-4f5b-4d02-9719-a26ceed29162.jpg\",\"contentUrl\":\"https:\/\/www.cfm.co.mz\/wp-content\/uploads\/2025\/07\/be5f0679-4f5b-4d02-9719-a26ceed29162.jpg\",\"width\":400,\"height\":65,\"caption\":\"CFM - Caminhos De Ferros de Mo\u00e7ambique\"},\"image\":{\"@id\":\"https:\/\/www.cfm.co.mz\/#\/schema\/logo\/image\/\"},\"sameAs\":[\"https:\/\/www.facebook.com\/CFMMoz\",\"https:\/\/www.linkedin.com\/company\/caminhos-de-ferro-de-moambique\/\"]},{\"@type\":\"Person\",\"@id\":\"https:\/\/www.cfm.co.mz\/#\/schema\/person\/0b8a8b95eb758e200c2a5c3f18b8e5b4\",\"name\":\"Ad\u00e9lio Dias\",\"image\":{\"@type\":\"ImageObject\",\"inLanguage\":\"en-US\",\"@id\":\"https:\/\/www.cfm.co.mz\/#\/schema\/person\/image\/\",\"url\":\"https:\/\/www.cfm.co.mz\/wp-content\/litespeed\/avatar\/9163cd4f0d73475e3a60c657aa28c78c.jpg?ver=1777454719\",\"contentUrl\":\"https:\/\/www.cfm.co.mz\/wp-content\/litespeed\/avatar\/9163cd4f0d73475e3a60c657aa28c78c.jpg?ver=1777454719\",\"caption\":\"Ad\u00e9lio Dias\"},\"url\":\"https:\/\/www.cfm.co.mz\/en\/author\/adelio-dias\/\"}]}<\/script>\n<!-- \/ Yoast SEO plugin. -->","yoast_head_json":{"title":"CFM solidariza-se com as v\u00edtimas das cheias - CFM - Caminhos De Ferros de Mo\u00e7ambique","robots":{"index":"index","follow":"follow","max-snippet":"max-snippet:-1","max-image-preview":"max-image-preview:large","max-video-preview":"max-video-preview:-1"},"canonical":"https:\/\/www.cfm.co.mz\/en\/2015\/01\/23\/cfm-solidariza-se-com-as-vitimas-das-cheias\/","og_locale":"en_US","og_type":"article","og_title":"CFM solidariza-se com as v\u00edtimas das cheias - CFM - Caminhos De Ferros de Mo\u00e7ambique","og_description":"O Conselho de Administra\u00e7\u00e3o da empresa Portos e Caminhos de Ferro de Mo\u00e7ambique, reunido na sua 2\u00aa Sess\u00e3o de 2015, apelou a todos os trabalhadores da empresa, no sentido de se juntarem \u00e0 campanha de solidariedade para com as v\u00edtimas das cheias, que neste momento est\u00e3o a sofrer em consequ\u00eancia das chuvas que assolaram as regi\u00f5es Centro e Norte do Pa\u00eds, especificamente nas prov\u00edncias de Sofala, Zamb\u00e9zia, Nampula e Niassa. As ajudas, que poder\u00e3o ser em forma de produtos n\u00e3o perec\u00edveis, incluindo vestu\u00e1rio, mantas, capulanas, material escolar, livros, entre outros, est\u00e3o sendo recolhidas a n\u00edvel das direc\u00e7\u00f5es dos v\u00e1rios sectores da empresa e ser\u00e3o canalizadas \u00e0s autoridades que far\u00e3o chegar aos necessitados.","og_url":"https:\/\/www.cfm.co.mz\/en\/2015\/01\/23\/cfm-solidariza-se-com-as-vitimas-das-cheias\/","og_site_name":"CFM - Caminhos De Ferros de Mo\u00e7ambique","article_publisher":"https:\/\/www.facebook.com\/CFMMoz","article_published_time":"2015-01-23T07:47:28+00:00","og_image":[{"width":585,"height":480,"url":"https:\/\/www.cfm.co.mz\/wp-content\/uploads\/2015\/01\/cheias2.jpg","type":"image\/jpeg"}],"author":"Ad\u00e9lio Dias","twitter_card":"summary_large_image","twitter_misc":{"Written by":"Ad\u00e9lio Dias","Est. reading time":"1 minute"},"schema":{"@context":"https:\/\/schema.org","@graph":[{"@type":"Article","@id":"https:\/\/www.cfm.co.mz\/2015\/01\/23\/cfm-solidariza-se-com-as-vitimas-das-cheias\/#article","isPartOf":{"@id":"https:\/\/www.cfm.co.mz\/2015\/01\/23\/cfm-solidariza-se-com-as-vitimas-das-cheias\/"},"author":{"name":"Ad\u00e9lio Dias","@id":"https:\/\/www.cfm.co.mz\/#\/schema\/person\/0b8a8b95eb758e200c2a5c3f18b8e5b4"},"headline":"CFM solidariza-se com as v\u00edtimas das cheias","datePublished":"2015-01-23T07:47:28+00:00","mainEntityOfPage":{"@id":"https:\/\/www.cfm.co.mz\/2015\/01\/23\/cfm-solidariza-se-com-as-vitimas-das-cheias\/"},"wordCount":137,"commentCount":0,"publisher":{"@id":"https:\/\/www.cfm.co.mz\/#organization"},"image":{"@id":"https:\/\/www.cfm.co.mz\/2015\/01\/23\/cfm-solidariza-se-com-as-vitimas-das-cheias\/#primaryimage"},"thumbnailUrl":"https:\/\/www.cfm.co.mz\/wp-content\/uploads\/2015\/01\/cheias2.jpg","articleSection":["Noticias"],"inLanguage":"en-US","potentialAction":[{"@type":"CommentAction","name":"Comment","target":["https:\/\/www.cfm.co.mz\/2015\/01\/23\/cfm-solidariza-se-com-as-vitimas-das-cheias\/#respond"]}]},{"@type":"WebPage","@id":"https:\/\/www.cfm.co.mz\/2015\/01\/23\/cfm-solidariza-se-com-as-vitimas-das-cheias\/","url":"https:\/\/www.cfm.co.mz\/2015\/01\/23\/cfm-solidariza-se-com-as-vitimas-das-cheias\/","name":"CFM solidariza-se com as v\u00edtimas das cheias - CFM - Caminhos De Ferros de Mo\u00e7ambique","isPartOf":{"@id":"https:\/\/www.cfm.co.mz\/#website"},"primaryImageOfPage":{"@id":"https:\/\/www.cfm.co.mz\/2015\/01\/23\/cfm-solidariza-se-com-as-vitimas-das-cheias\/#primaryimage"},"image":{"@id":"https:\/\/www.cfm.co.mz\/2015\/01\/23\/cfm-solidariza-se-com-as-vitimas-das-cheias\/#primaryimage"},"thumbnailUrl":"https:\/\/www.cfm.co.mz\/wp-content\/uploads\/2015\/01\/cheias2.jpg","datePublished":"2015-01-23T07:47:28+00:00","breadcrumb":{"@id":"https:\/\/www.cfm.co.mz\/2015\/01\/23\/cfm-solidariza-se-com-as-vitimas-das-cheias\/#breadcrumb"},"inLanguage":"en-US","potentialAction":[{"@type":"ReadAction","target":["https:\/\/www.cfm.co.mz\/2015\/01\/23\/cfm-solidariza-se-com-as-vitimas-das-cheias\/"]}]},{"@type":"ImageObject","inLanguage":"en-US","@id":"https:\/\/www.cfm.co.mz\/2015\/01\/23\/cfm-solidariza-se-com-as-vitimas-das-cheias\/#primaryimage","url":"https:\/\/www.cfm.co.mz\/wp-content\/uploads\/2015\/01\/cheias2.jpg","contentUrl":"https:\/\/www.cfm.co.mz\/wp-content\/uploads\/2015\/01\/cheias2.jpg","width":585,"height":480,"caption":"cheias2"},{"@type":"BreadcrumbList","@id":"https:\/\/www.cfm.co.mz\/2015\/01\/23\/cfm-solidariza-se-com-as-vitimas-das-cheias\/#breadcrumb","itemListElement":[{"@type":"ListItem","position":1,"name":"Home","item":"https:\/\/www.cfm.co.mz\/"},{"@type":"ListItem","position":2,"name":"CFM solidariza-se com as v\u00edtimas das cheias"}]},{"@type":"WebSite","@id":"https:\/\/www.cfm.co.mz\/#website","url":"https:\/\/www.cfm.co.mz\/","name":"CFM - Caminhos De Ferros de Mo\u00e7ambique","description":"Ampliando Horizontes","publisher":{"@id":"https:\/\/www.cfm.co.mz\/#organization"},"potentialAction":[{"@type":"SearchAction","target":{"@type":"EntryPoint","urlTemplate":"https:\/\/www.cfm.co.mz\/?s={search_term_string}"},"query-input":{"@type":"PropertyValueSpecification","valueRequired":true,"valueName":"search_term_string"}}],"inLanguage":"en-US"},{"@type":"Organization","@id":"https:\/\/www.cfm.co.mz\/#organization","name":"CFM - Caminhos De Ferros de Mo\u00e7ambique","url":"https:\/\/www.cfm.co.mz\/","logo":{"@type":"ImageObject","inLanguage":"en-US","@id":"https:\/\/www.cfm.co.mz\/#\/schema\/logo\/image\/","url":"https:\/\/www.cfm.co.mz\/wp-content\/uploads\/2025\/07\/be5f0679-4f5b-4d02-9719-a26ceed29162.jpg","contentUrl":"https:\/\/www.cfm.co.mz\/wp-content\/uploads\/2025\/07\/be5f0679-4f5b-4d02-9719-a26ceed29162.jpg","width":400,"height":65,"caption":"CFM - Caminhos De Ferros de Mo\u00e7ambique"},"image":{"@id":"https:\/\/www.cfm.co.mz\/#\/schema\/logo\/image\/"},"sameAs":["https:\/\/www.facebook.com\/CFMMoz","https:\/\/www.linkedin.com\/company\/caminhos-de-ferro-de-moambique\/"]},{"@type":"Person","@id":"https:\/\/www.cfm.co.mz\/#\/schema\/person\/0b8a8b95eb758e200c2a5c3f18b8e5b4","name":"Ad\u00e9lio Dias","image":{"@type":"ImageObject","inLanguage":"en-US","@id":"https:\/\/www.cfm.co.mz\/#\/schema\/person\/image\/","url":"https:\/\/www.cfm.co.mz\/wp-content\/litespeed\/avatar\/9163cd4f0d73475e3a60c657aa28c78c.jpg?ver=1777454719","contentUrl":"https:\/\/www.cfm.co.mz\/wp-content\/litespeed\/avatar\/9163cd4f0d73475e3a60c657aa28c78c.jpg?ver=1777454719","caption":"Ad\u00e9lio Dias"},"url":"https:\/\/www.cfm.co.mz\/en\/author\/adelio-dias\/"}]}},"_links":{"self":[{"href":"https:\/\/www.cfm.co.mz\/en\/wp-json\/wp\/v2\/posts\/8631","targetHints":{"allow":["GET"]}}],"collection":[{"href":"https:\/\/www.cfm.co.mz\/en\/wp-json\/wp\/v2\/posts"}],"about":[{"href":"https:\/\/www.cfm.co.mz\/en\/wp-json\/wp\/v2\/types\/post"}],"author":[{"embeddable":true,"href":"https:\/\/www.cfm.co.mz\/en\/wp-json\/wp\/v2\/users\/91"}],"replies":[{"embeddable":true,"href":"https:\/\/www.cfm.co.mz\/en\/wp-json\/wp\/v2\/comments?post=8631"}],"version-history":[{"count":0,"href":"https:\/\/www.cfm.co.mz\/en\/wp-json\/wp\/v2\/posts\/8631\/revisions"}],"wp:featuredmedia":[{"embeddable":true,"href":"https:\/\/www.cfm.co.mz\/en\/wp-json\/wp\/v2\/media\/8630"}],"wp:attachment":[{"href":"https:\/\/www.cfm.co.mz\/en\/wp-json\/wp\/v2\/media?parent=8631"}],"wp:term":[{"taxonomy":"category","embeddable":true,"href":"https:\/\/www.cfm.co.mz\/en\/wp-json\/wp\/v2\/categories?post=8631"},{"taxonomy":"post_tag","embeddable":true,"href":"https:\/\/www.cfm.co.mz\/en\/wp-json\/wp\/v2\/tags?post=8631"}],"curies":[{"name":"wp","href":"https:\/\/api.w.org\/{rel}","templated":true}]}}