{"id":8620,"date":"2014-12-07T17:58:32","date_gmt":"2014-12-07T17:58:32","guid":{"rendered":"https:\/\/www.cfm.co.mz\/2014\/12\/07\/cfm-promove-seminario-sobre-manutencao-da-infra-estrutura-ferroviaria\/"},"modified":"2014-12-07T17:58:32","modified_gmt":"2014-12-07T17:58:32","slug":"cfm-promove-seminario-sobre-manutencao-da-infra-estrutura-ferroviaria","status":"publish","type":"post","link":"https:\/\/www.cfm.co.mz\/en\/2014\/12\/07\/cfm-promove-seminario-sobre-manutencao-da-infra-estrutura-ferroviaria\/","title":{"rendered":"CFM promove Semin\u00e1rio sobre Manuten\u00e7\u00e3o da Infra-estrutura Ferrovi\u00e1ria"},"content":{"rendered":"<p><img fetchpriority=\"high\" decoding=\"async\" class=\"alignleft size-full wp-image-8618\" style=\"margin-right: 10px; float: left;\" src=\"http:\/\/www.cfm.co.mz\/wp-content\/uploads\/2014\/12\/manutencaoferroviaria.jpg\" alt=\"manutencaoferroviaria\" width=\"350\" height=\"194\" srcset=\"https:\/\/www.cfm.co.mz\/wp-content\/uploads\/2014\/12\/manutencaoferroviaria.jpg 448w, https:\/\/www.cfm.co.mz\/wp-content\/uploads\/2014\/12\/manutencaoferroviaria-300x166.jpg 300w\" sizes=\"(max-width: 350px) 100vw, 350px\" \/>A Empresa Portos e Caminhos de Ferro de Mo\u00e7ambique (CFM) organizou, no passado dia 28 de Novembro do corrente ano, no Centro Regional de Forma\u00e7\u00e3o do CFM- Sul, na cidade de Maputo, em parceria com a Betar Consultores, um <strong><i>Semin\u00e1riosobre Manuten\u00e7\u00e3o da Infra-estrutura Ferrovi\u00e1ria<\/i><\/strong>, cujo principal objectivo era de Promover o debate e troca de experiencias sobre os modelos de organiza\u00e7\u00e3o da manuten\u00e7\u00e3o das infra-estruturas ferrovi\u00e1rias.<\/p>\n<p>Estiveram presentes no Semin\u00e1rio, para al\u00e9m dos gestores e quadros t\u00e9cnicos das empresas organizadoras, outros profissionais do ramo (entre nacionais e estrangeiros), com experi\u00eancia ligada \u00e0 manuten\u00e7\u00e3o de infra-estrutura ferrovi\u00e1ria, e que est\u00e3o interessados em aprofundar e consolidar&nbsp;os seus conhecimentos sobre a \u00e1rea.<\/p>\n<p><!--more--><\/p>\n<p>Procedeu a abertura do Semin\u00e1rio, o PCA do CFM, Dr. Victor Pedro Gomes, para quem esta actividade realiza-se num momento de m\u00faltiplos desafios para a empresa CFM, desafios esses caracterizados pelo crescimento que Mo\u00e7ambique est\u00e1 a registar no dom\u00ednio das trocas comerciais e da produ\u00e7\u00e3o alimentar. &#8220;<i>O CFM \u00e9, assim, chamado a dar respostas concretas e c\u00e9leres no que tange ao transporte dessas mercadorias com a necess\u00e1ria seguran\u00e7a e comodidade. E isso, s\u00f3 podemos faz\u00ea-lo com infra-estruturas em boas condi\u00e7\u00f5es<\/i>&#8220;.- Reconheceu Victor Gomes.<\/p>\n<p><img decoding=\"async\" class=\"alignright size-full wp-image-8619\" style=\"margin-left: 10px; float: right;\" src=\"http:\/\/www.cfm.co.mz\/wp-content\/uploads\/2014\/12\/participantesseminario1.jpg\" alt=\"participantesseminario1\" width=\"300\" height=\"120\" srcset=\"https:\/\/www.cfm.co.mz\/wp-content\/uploads\/2014\/12\/participantesseminario1.jpg 448w, https:\/\/www.cfm.co.mz\/wp-content\/uploads\/2014\/12\/participantesseminario1-300x121.jpg 300w\" sizes=\"(max-width: 300px) 100vw, 300px\" \/>O PCA do CFM anunciou que neste momento o CFM est\u00e1 apostando seriamente nesta componente de manuten\u00e7\u00e3o das &#8220;nossas&#8221; infra-estruturas, porque, &#8220;<i>entendemos que a manuten\u00e7\u00e3o \u00e9 um processo que visa garantir maior tempo de utiliza\u00e7\u00e3o e maior rendimento e seguran\u00e7a de qualquer equipamento<\/i>&#8220;- Salientou, para terminar.<\/p>","protected":false},"excerpt":{"rendered":"<p>A Empresa Portos e Caminhos de Ferro de Mo\u00e7ambique (CFM) organizou, no passado dia 28 de Novembro do corrente ano, no Centro Regional de Forma\u00e7\u00e3o do CFM- Sul, na cidade de Maputo, em parceria com a Betar Consultores, um Semin\u00e1riosobre Manuten\u00e7\u00e3o da Infra-estrutura Ferrovi\u00e1ria, cujo principal objectivo era de Promover o debate e troca de experiencias sobre os modelos de organiza\u00e7\u00e3o da manuten\u00e7\u00e3o das infra-estruturas ferrovi\u00e1rias. Estiveram presentes no Semin\u00e1rio, para al\u00e9m dos gestores e quadros t\u00e9cnicos das empresas organizadoras, outros profissionais do ramo (entre nacionais e estrangeiros), com experi\u00eancia ligada \u00e0 manuten\u00e7\u00e3o de infra-estrutura ferrovi\u00e1ria, e que est\u00e3o interessados em aprofundar e consolidar&nbsp;os seus conhecimentos sobre a \u00e1rea.<\/p>","protected":false},"author":91,"featured_media":8618,"comment_status":"open","ping_status":"open","sticky":false,"template":"","format":"standard","meta":{"_acf_changed":false,"pgc_sgb_lightbox_settings":"","footnotes":""},"categories":[680],"tags":[],"class_list":["post-8620","post","type-post","status-publish","format-standard","has-post-thumbnail","hentry","category-noticias"],"acf":[],"yoast_head":"<!-- This site is optimized with the Yoast SEO plugin v26.5 - https:\/\/yoast.com\/wordpress\/plugins\/seo\/ -->\n<title>CFM promove Semin\u00e1rio sobre Manuten\u00e7\u00e3o da Infra-estrutura Ferrovi\u00e1ria - CFM - Caminhos De Ferros de Mo\u00e7ambique<\/title>\n<meta name=\"robots\" content=\"index, follow, max-snippet:-1, max-image-preview:large, max-video-preview:-1\" \/>\n<link rel=\"canonical\" href=\"https:\/\/www.cfm.co.mz\/en\/2014\/12\/07\/cfm-promove-seminario-sobre-manutencao-da-infra-estrutura-ferroviaria\/\" \/>\n<meta property=\"og:locale\" content=\"en_US\" \/>\n<meta property=\"og:type\" content=\"article\" \/>\n<meta property=\"og:title\" content=\"CFM promove Semin\u00e1rio sobre Manuten\u00e7\u00e3o da Infra-estrutura Ferrovi\u00e1ria - CFM - Caminhos De Ferros de Mo\u00e7ambique\" \/>\n<meta property=\"og:description\" content=\"A Empresa Portos e Caminhos de Ferro de Mo\u00e7ambique (CFM) organizou, no passado dia 28 de Novembro do corrente ano, no Centro Regional de Forma\u00e7\u00e3o do CFM- Sul, na cidade de Maputo, em parceria com a Betar Consultores, um Semin\u00e1riosobre Manuten\u00e7\u00e3o da Infra-estrutura Ferrovi\u00e1ria, cujo principal objectivo era de Promover o debate e troca de experiencias sobre os modelos de organiza\u00e7\u00e3o da manuten\u00e7\u00e3o das infra-estruturas ferrovi\u00e1rias. Estiveram presentes no Semin\u00e1rio, para al\u00e9m dos gestores e quadros t\u00e9cnicos das empresas organizadoras, outros profissionais do ramo (entre nacionais e estrangeiros), com experi\u00eancia ligada \u00e0 manuten\u00e7\u00e3o de infra-estrutura ferrovi\u00e1ria, e que est\u00e3o interessados em aprofundar e consolidar&nbsp;os seus conhecimentos sobre a \u00e1rea.\" \/>\n<meta property=\"og:url\" content=\"https:\/\/www.cfm.co.mz\/en\/2014\/12\/07\/cfm-promove-seminario-sobre-manutencao-da-infra-estrutura-ferroviaria\/\" \/>\n<meta property=\"og:site_name\" content=\"CFM - Caminhos De Ferros de Mo\u00e7ambique\" \/>\n<meta property=\"article:publisher\" content=\"https:\/\/www.facebook.com\/CFMMoz\" \/>\n<meta property=\"article:published_time\" content=\"2014-12-07T17:58:32+00:00\" \/>\n<meta property=\"og:image\" content=\"https:\/\/www.cfm.co.mz\/wp-content\/uploads\/2014\/12\/manutencaoferroviaria.jpg\" \/>\n\t<meta property=\"og:image:width\" content=\"448\" \/>\n\t<meta property=\"og:image:height\" content=\"248\" \/>\n\t<meta property=\"og:image:type\" content=\"image\/jpeg\" \/>\n<meta name=\"author\" content=\"Ad\u00e9lio Dias\" \/>\n<meta name=\"twitter:card\" content=\"summary_large_image\" \/>\n<meta name=\"twitter:label1\" content=\"Written by\" \/>\n\t<meta name=\"twitter:data1\" content=\"Ad\u00e9lio Dias\" \/>\n\t<meta name=\"twitter:label2\" content=\"Est. reading time\" \/>\n\t<meta name=\"twitter:data2\" content=\"1 minute\" \/>\n<script type=\"application\/ld+json\" class=\"yoast-schema-graph\">{\"@context\":\"https:\/\/schema.org\",\"@graph\":[{\"@type\":\"Article\",\"@id\":\"https:\/\/www.cfm.co.mz\/2014\/12\/07\/cfm-promove-seminario-sobre-manutencao-da-infra-estrutura-ferroviaria\/#article\",\"isPartOf\":{\"@id\":\"https:\/\/www.cfm.co.mz\/2014\/12\/07\/cfm-promove-seminario-sobre-manutencao-da-infra-estrutura-ferroviaria\/\"},\"author\":{\"name\":\"Ad\u00e9lio Dias\",\"@id\":\"https:\/\/www.cfm.co.mz\/#\/schema\/person\/0b8a8b95eb758e200c2a5c3f18b8e5b4\"},\"headline\":\"CFM promove Semin\u00e1rio sobre Manuten\u00e7\u00e3o da Infra-estrutura Ferrovi\u00e1ria\",\"datePublished\":\"2014-12-07T17:58:32+00:00\",\"mainEntityOfPage\":{\"@id\":\"https:\/\/www.cfm.co.mz\/2014\/12\/07\/cfm-promove-seminario-sobre-manutencao-da-infra-estrutura-ferroviaria\/\"},\"wordCount\":278,\"commentCount\":0,\"publisher\":{\"@id\":\"https:\/\/www.cfm.co.mz\/#organization\"},\"image\":{\"@id\":\"https:\/\/www.cfm.co.mz\/2014\/12\/07\/cfm-promove-seminario-sobre-manutencao-da-infra-estrutura-ferroviaria\/#primaryimage\"},\"thumbnailUrl\":\"https:\/\/www.cfm.co.mz\/wp-content\/uploads\/2014\/12\/manutencaoferroviaria.jpg\",\"articleSection\":[\"Noticias\"],\"inLanguage\":\"en-US\",\"potentialAction\":[{\"@type\":\"CommentAction\",\"name\":\"Comment\",\"target\":[\"https:\/\/www.cfm.co.mz\/2014\/12\/07\/cfm-promove-seminario-sobre-manutencao-da-infra-estrutura-ferroviaria\/#respond\"]}]},{\"@type\":\"WebPage\",\"@id\":\"https:\/\/www.cfm.co.mz\/2014\/12\/07\/cfm-promove-seminario-sobre-manutencao-da-infra-estrutura-ferroviaria\/\",\"url\":\"https:\/\/www.cfm.co.mz\/2014\/12\/07\/cfm-promove-seminario-sobre-manutencao-da-infra-estrutura-ferroviaria\/\",\"name\":\"CFM promove Semin\u00e1rio sobre Manuten\u00e7\u00e3o da Infra-estrutura Ferrovi\u00e1ria - CFM - Caminhos De Ferros de Mo\u00e7ambique\",\"isPartOf\":{\"@id\":\"https:\/\/www.cfm.co.mz\/#website\"},\"primaryImageOfPage\":{\"@id\":\"https:\/\/www.cfm.co.mz\/2014\/12\/07\/cfm-promove-seminario-sobre-manutencao-da-infra-estrutura-ferroviaria\/#primaryimage\"},\"image\":{\"@id\":\"https:\/\/www.cfm.co.mz\/2014\/12\/07\/cfm-promove-seminario-sobre-manutencao-da-infra-estrutura-ferroviaria\/#primaryimage\"},\"thumbnailUrl\":\"https:\/\/www.cfm.co.mz\/wp-content\/uploads\/2014\/12\/manutencaoferroviaria.jpg\",\"datePublished\":\"2014-12-07T17:58:32+00:00\",\"breadcrumb\":{\"@id\":\"https:\/\/www.cfm.co.mz\/2014\/12\/07\/cfm-promove-seminario-sobre-manutencao-da-infra-estrutura-ferroviaria\/#breadcrumb\"},\"inLanguage\":\"en-US\",\"potentialAction\":[{\"@type\":\"ReadAction\",\"target\":[\"https:\/\/www.cfm.co.mz\/2014\/12\/07\/cfm-promove-seminario-sobre-manutencao-da-infra-estrutura-ferroviaria\/\"]}]},{\"@type\":\"ImageObject\",\"inLanguage\":\"en-US\",\"@id\":\"https:\/\/www.cfm.co.mz\/2014\/12\/07\/cfm-promove-seminario-sobre-manutencao-da-infra-estrutura-ferroviaria\/#primaryimage\",\"url\":\"https:\/\/www.cfm.co.mz\/wp-content\/uploads\/2014\/12\/manutencaoferroviaria.jpg\",\"contentUrl\":\"https:\/\/www.cfm.co.mz\/wp-content\/uploads\/2014\/12\/manutencaoferroviaria.jpg\",\"width\":448,\"height\":248,\"caption\":\"manutencaoferroviaria\"},{\"@type\":\"BreadcrumbList\",\"@id\":\"https:\/\/www.cfm.co.mz\/2014\/12\/07\/cfm-promove-seminario-sobre-manutencao-da-infra-estrutura-ferroviaria\/#breadcrumb\",\"itemListElement\":[{\"@type\":\"ListItem\",\"position\":1,\"name\":\"Home\",\"item\":\"https:\/\/www.cfm.co.mz\/\"},{\"@type\":\"ListItem\",\"position\":2,\"name\":\"CFM promove Semin\u00e1rio sobre Manuten\u00e7\u00e3o da Infra-estrutura Ferrovi\u00e1ria\"}]},{\"@type\":\"WebSite\",\"@id\":\"https:\/\/www.cfm.co.mz\/#website\",\"url\":\"https:\/\/www.cfm.co.mz\/\",\"name\":\"CFM - Caminhos De Ferros de Mo\u00e7ambique\",\"description\":\"Ampliando Horizontes\",\"publisher\":{\"@id\":\"https:\/\/www.cfm.co.mz\/#organization\"},\"potentialAction\":[{\"@type\":\"SearchAction\",\"target\":{\"@type\":\"EntryPoint\",\"urlTemplate\":\"https:\/\/www.cfm.co.mz\/?s={search_term_string}\"},\"query-input\":{\"@type\":\"PropertyValueSpecification\",\"valueRequired\":true,\"valueName\":\"search_term_string\"}}],\"inLanguage\":\"en-US\"},{\"@type\":\"Organization\",\"@id\":\"https:\/\/www.cfm.co.mz\/#organization\",\"name\":\"CFM - Caminhos De Ferros de Mo\u00e7ambique\",\"url\":\"https:\/\/www.cfm.co.mz\/\",\"logo\":{\"@type\":\"ImageObject\",\"inLanguage\":\"en-US\",\"@id\":\"https:\/\/www.cfm.co.mz\/#\/schema\/logo\/image\/\",\"url\":\"https:\/\/www.cfm.co.mz\/wp-content\/uploads\/2025\/07\/be5f0679-4f5b-4d02-9719-a26ceed29162.jpg\",\"contentUrl\":\"https:\/\/www.cfm.co.mz\/wp-content\/uploads\/2025\/07\/be5f0679-4f5b-4d02-9719-a26ceed29162.jpg\",\"width\":400,\"height\":65,\"caption\":\"CFM - Caminhos De Ferros de Mo\u00e7ambique\"},\"image\":{\"@id\":\"https:\/\/www.cfm.co.mz\/#\/schema\/logo\/image\/\"},\"sameAs\":[\"https:\/\/www.facebook.com\/CFMMoz\",\"https:\/\/www.linkedin.com\/company\/caminhos-de-ferro-de-moambique\/\"]},{\"@type\":\"Person\",\"@id\":\"https:\/\/www.cfm.co.mz\/#\/schema\/person\/0b8a8b95eb758e200c2a5c3f18b8e5b4\",\"name\":\"Ad\u00e9lio Dias\",\"image\":{\"@type\":\"ImageObject\",\"inLanguage\":\"en-US\",\"@id\":\"https:\/\/www.cfm.co.mz\/#\/schema\/person\/image\/\",\"url\":\"https:\/\/www.cfm.co.mz\/wp-content\/litespeed\/avatar\/9163cd4f0d73475e3a60c657aa28c78c.jpg?ver=1777454719\",\"contentUrl\":\"https:\/\/www.cfm.co.mz\/wp-content\/litespeed\/avatar\/9163cd4f0d73475e3a60c657aa28c78c.jpg?ver=1777454719\",\"caption\":\"Ad\u00e9lio Dias\"},\"url\":\"https:\/\/www.cfm.co.mz\/en\/author\/adelio-dias\/\"}]}<\/script>\n<!-- \/ Yoast SEO plugin. -->","yoast_head_json":{"title":"CFM promove Semin\u00e1rio sobre Manuten\u00e7\u00e3o da Infra-estrutura Ferrovi\u00e1ria - CFM - Caminhos De Ferros de Mo\u00e7ambique","robots":{"index":"index","follow":"follow","max-snippet":"max-snippet:-1","max-image-preview":"max-image-preview:large","max-video-preview":"max-video-preview:-1"},"canonical":"https:\/\/www.cfm.co.mz\/en\/2014\/12\/07\/cfm-promove-seminario-sobre-manutencao-da-infra-estrutura-ferroviaria\/","og_locale":"en_US","og_type":"article","og_title":"CFM promove Semin\u00e1rio sobre Manuten\u00e7\u00e3o da Infra-estrutura Ferrovi\u00e1ria - CFM - Caminhos De Ferros de Mo\u00e7ambique","og_description":"A Empresa Portos e Caminhos de Ferro de Mo\u00e7ambique (CFM) organizou, no passado dia 28 de Novembro do corrente ano, no Centro Regional de Forma\u00e7\u00e3o do CFM- Sul, na cidade de Maputo, em parceria com a Betar Consultores, um Semin\u00e1riosobre Manuten\u00e7\u00e3o da Infra-estrutura Ferrovi\u00e1ria, cujo principal objectivo era de Promover o debate e troca de experiencias sobre os modelos de organiza\u00e7\u00e3o da manuten\u00e7\u00e3o das infra-estruturas ferrovi\u00e1rias. Estiveram presentes no Semin\u00e1rio, para al\u00e9m dos gestores e quadros t\u00e9cnicos das empresas organizadoras, outros profissionais do ramo (entre nacionais e estrangeiros), com experi\u00eancia ligada \u00e0 manuten\u00e7\u00e3o de infra-estrutura ferrovi\u00e1ria, e que est\u00e3o interessados em aprofundar e consolidar&nbsp;os seus conhecimentos sobre a \u00e1rea.","og_url":"https:\/\/www.cfm.co.mz\/en\/2014\/12\/07\/cfm-promove-seminario-sobre-manutencao-da-infra-estrutura-ferroviaria\/","og_site_name":"CFM - Caminhos De Ferros de Mo\u00e7ambique","article_publisher":"https:\/\/www.facebook.com\/CFMMoz","article_published_time":"2014-12-07T17:58:32+00:00","og_image":[{"width":448,"height":248,"url":"https:\/\/www.cfm.co.mz\/wp-content\/uploads\/2014\/12\/manutencaoferroviaria.jpg","type":"image\/jpeg"}],"author":"Ad\u00e9lio Dias","twitter_card":"summary_large_image","twitter_misc":{"Written by":"Ad\u00e9lio Dias","Est. reading time":"1 minute"},"schema":{"@context":"https:\/\/schema.org","@graph":[{"@type":"Article","@id":"https:\/\/www.cfm.co.mz\/2014\/12\/07\/cfm-promove-seminario-sobre-manutencao-da-infra-estrutura-ferroviaria\/#article","isPartOf":{"@id":"https:\/\/www.cfm.co.mz\/2014\/12\/07\/cfm-promove-seminario-sobre-manutencao-da-infra-estrutura-ferroviaria\/"},"author":{"name":"Ad\u00e9lio Dias","@id":"https:\/\/www.cfm.co.mz\/#\/schema\/person\/0b8a8b95eb758e200c2a5c3f18b8e5b4"},"headline":"CFM promove Semin\u00e1rio sobre Manuten\u00e7\u00e3o da Infra-estrutura Ferrovi\u00e1ria","datePublished":"2014-12-07T17:58:32+00:00","mainEntityOfPage":{"@id":"https:\/\/www.cfm.co.mz\/2014\/12\/07\/cfm-promove-seminario-sobre-manutencao-da-infra-estrutura-ferroviaria\/"},"wordCount":278,"commentCount":0,"publisher":{"@id":"https:\/\/www.cfm.co.mz\/#organization"},"image":{"@id":"https:\/\/www.cfm.co.mz\/2014\/12\/07\/cfm-promove-seminario-sobre-manutencao-da-infra-estrutura-ferroviaria\/#primaryimage"},"thumbnailUrl":"https:\/\/www.cfm.co.mz\/wp-content\/uploads\/2014\/12\/manutencaoferroviaria.jpg","articleSection":["Noticias"],"inLanguage":"en-US","potentialAction":[{"@type":"CommentAction","name":"Comment","target":["https:\/\/www.cfm.co.mz\/2014\/12\/07\/cfm-promove-seminario-sobre-manutencao-da-infra-estrutura-ferroviaria\/#respond"]}]},{"@type":"WebPage","@id":"https:\/\/www.cfm.co.mz\/2014\/12\/07\/cfm-promove-seminario-sobre-manutencao-da-infra-estrutura-ferroviaria\/","url":"https:\/\/www.cfm.co.mz\/2014\/12\/07\/cfm-promove-seminario-sobre-manutencao-da-infra-estrutura-ferroviaria\/","name":"CFM promove Semin\u00e1rio sobre Manuten\u00e7\u00e3o da Infra-estrutura Ferrovi\u00e1ria - CFM - Caminhos De Ferros de Mo\u00e7ambique","isPartOf":{"@id":"https:\/\/www.cfm.co.mz\/#website"},"primaryImageOfPage":{"@id":"https:\/\/www.cfm.co.mz\/2014\/12\/07\/cfm-promove-seminario-sobre-manutencao-da-infra-estrutura-ferroviaria\/#primaryimage"},"image":{"@id":"https:\/\/www.cfm.co.mz\/2014\/12\/07\/cfm-promove-seminario-sobre-manutencao-da-infra-estrutura-ferroviaria\/#primaryimage"},"thumbnailUrl":"https:\/\/www.cfm.co.mz\/wp-content\/uploads\/2014\/12\/manutencaoferroviaria.jpg","datePublished":"2014-12-07T17:58:32+00:00","breadcrumb":{"@id":"https:\/\/www.cfm.co.mz\/2014\/12\/07\/cfm-promove-seminario-sobre-manutencao-da-infra-estrutura-ferroviaria\/#breadcrumb"},"inLanguage":"en-US","potentialAction":[{"@type":"ReadAction","target":["https:\/\/www.cfm.co.mz\/2014\/12\/07\/cfm-promove-seminario-sobre-manutencao-da-infra-estrutura-ferroviaria\/"]}]},{"@type":"ImageObject","inLanguage":"en-US","@id":"https:\/\/www.cfm.co.mz\/2014\/12\/07\/cfm-promove-seminario-sobre-manutencao-da-infra-estrutura-ferroviaria\/#primaryimage","url":"https:\/\/www.cfm.co.mz\/wp-content\/uploads\/2014\/12\/manutencaoferroviaria.jpg","contentUrl":"https:\/\/www.cfm.co.mz\/wp-content\/uploads\/2014\/12\/manutencaoferroviaria.jpg","width":448,"height":248,"caption":"manutencaoferroviaria"},{"@type":"BreadcrumbList","@id":"https:\/\/www.cfm.co.mz\/2014\/12\/07\/cfm-promove-seminario-sobre-manutencao-da-infra-estrutura-ferroviaria\/#breadcrumb","itemListElement":[{"@type":"ListItem","position":1,"name":"Home","item":"https:\/\/www.cfm.co.mz\/"},{"@type":"ListItem","position":2,"name":"CFM promove Semin\u00e1rio sobre Manuten\u00e7\u00e3o da Infra-estrutura Ferrovi\u00e1ria"}]},{"@type":"WebSite","@id":"https:\/\/www.cfm.co.mz\/#website","url":"https:\/\/www.cfm.co.mz\/","name":"CFM - Caminhos De Ferros de Mo\u00e7ambique","description":"Ampliando Horizontes","publisher":{"@id":"https:\/\/www.cfm.co.mz\/#organization"},"potentialAction":[{"@type":"SearchAction","target":{"@type":"EntryPoint","urlTemplate":"https:\/\/www.cfm.co.mz\/?s={search_term_string}"},"query-input":{"@type":"PropertyValueSpecification","valueRequired":true,"valueName":"search_term_string"}}],"inLanguage":"en-US"},{"@type":"Organization","@id":"https:\/\/www.cfm.co.mz\/#organization","name":"CFM - Caminhos De Ferros de Mo\u00e7ambique","url":"https:\/\/www.cfm.co.mz\/","logo":{"@type":"ImageObject","inLanguage":"en-US","@id":"https:\/\/www.cfm.co.mz\/#\/schema\/logo\/image\/","url":"https:\/\/www.cfm.co.mz\/wp-content\/uploads\/2025\/07\/be5f0679-4f5b-4d02-9719-a26ceed29162.jpg","contentUrl":"https:\/\/www.cfm.co.mz\/wp-content\/uploads\/2025\/07\/be5f0679-4f5b-4d02-9719-a26ceed29162.jpg","width":400,"height":65,"caption":"CFM - Caminhos De Ferros de Mo\u00e7ambique"},"image":{"@id":"https:\/\/www.cfm.co.mz\/#\/schema\/logo\/image\/"},"sameAs":["https:\/\/www.facebook.com\/CFMMoz","https:\/\/www.linkedin.com\/company\/caminhos-de-ferro-de-moambique\/"]},{"@type":"Person","@id":"https:\/\/www.cfm.co.mz\/#\/schema\/person\/0b8a8b95eb758e200c2a5c3f18b8e5b4","name":"Ad\u00e9lio Dias","image":{"@type":"ImageObject","inLanguage":"en-US","@id":"https:\/\/www.cfm.co.mz\/#\/schema\/person\/image\/","url":"https:\/\/www.cfm.co.mz\/wp-content\/litespeed\/avatar\/9163cd4f0d73475e3a60c657aa28c78c.jpg?ver=1777454719","contentUrl":"https:\/\/www.cfm.co.mz\/wp-content\/litespeed\/avatar\/9163cd4f0d73475e3a60c657aa28c78c.jpg?ver=1777454719","caption":"Ad\u00e9lio Dias"},"url":"https:\/\/www.cfm.co.mz\/en\/author\/adelio-dias\/"}]}},"_links":{"self":[{"href":"https:\/\/www.cfm.co.mz\/en\/wp-json\/wp\/v2\/posts\/8620","targetHints":{"allow":["GET"]}}],"collection":[{"href":"https:\/\/www.cfm.co.mz\/en\/wp-json\/wp\/v2\/posts"}],"about":[{"href":"https:\/\/www.cfm.co.mz\/en\/wp-json\/wp\/v2\/types\/post"}],"author":[{"embeddable":true,"href":"https:\/\/www.cfm.co.mz\/en\/wp-json\/wp\/v2\/users\/91"}],"replies":[{"embeddable":true,"href":"https:\/\/www.cfm.co.mz\/en\/wp-json\/wp\/v2\/comments?post=8620"}],"version-history":[{"count":0,"href":"https:\/\/www.cfm.co.mz\/en\/wp-json\/wp\/v2\/posts\/8620\/revisions"}],"wp:featuredmedia":[{"embeddable":true,"href":"https:\/\/www.cfm.co.mz\/en\/wp-json\/wp\/v2\/media\/8618"}],"wp:attachment":[{"href":"https:\/\/www.cfm.co.mz\/en\/wp-json\/wp\/v2\/media?parent=8620"}],"wp:term":[{"taxonomy":"category","embeddable":true,"href":"https:\/\/www.cfm.co.mz\/en\/wp-json\/wp\/v2\/categories?post=8620"},{"taxonomy":"post_tag","embeddable":true,"href":"https:\/\/www.cfm.co.mz\/en\/wp-json\/wp\/v2\/tags?post=8620"}],"curies":[{"name":"wp","href":"https:\/\/api.w.org\/{rel}","templated":true}]}}