{"id":8617,"date":"2014-11-26T20:01:14","date_gmt":"2014-11-26T20:01:14","guid":{"rendered":"https:\/\/www.cfm.co.mz\/2014\/11\/26\/mais-maquinistas-para-o-sistema-feroviario-centro\/"},"modified":"2014-11-26T20:01:14","modified_gmt":"2014-11-26T20:01:14","slug":"mais-maquinistas-para-o-sistema-feroviario-centro","status":"publish","type":"post","link":"https:\/\/www.cfm.co.mz\/en\/2014\/11\/26\/mais-maquinistas-para-o-sistema-feroviario-centro\/","title":{"rendered":"Mais Maquinistas para o Sistema Ferrovi\u00e1rio- Centro"},"content":{"rendered":"<p style=\"text-align: justify;\" align=\"JUSTIFY\"><img decoding=\"async\" class=\"alignleft size-full wp-image-8615\" style=\"margin-right: 10px; float: left;\" src=\"http:\/\/www.cfm.co.mz\/wp-content\/uploads\/2014\/11\/pca.jpg\" alt=\"pca\" width=\"200\" height=\"207\" srcset=\"https:\/\/www.cfm.co.mz\/wp-content\/uploads\/2014\/11\/pca.jpg 336w, https:\/\/www.cfm.co.mz\/wp-content\/uploads\/2014\/11\/pca-290x300.jpg 290w\" sizes=\"(max-width: 200px) 100vw, 200px\" \/>Decorreu, no passado dia 25 de Novembro do corrente ano, na cidade da Beira, a Cerim\u00f3nia de encerramento de 3 cursos de Forma\u00e7\u00e3o Profissional, promovidos pela Empresa Portos e Caminhos de Ferro de Mo\u00e7ambique (CFM).<\/p>\n<p><!--more--><\/p>\n<p style=\"text-align: justify;\" align=\"JUSTIFY\">Para presidir a cerim\u00f3nia, e acompanhado de alguns quadros s\u00e9niores da empresa, deslocou-se \u00e0quela cidade, o Presidente do Conselho de Administra\u00e7\u00e3o, Dr. Victor Pedro Gomes, para quem o processo de forma\u00e7\u00e3o profissional no CFM \u00e9 uma tradi\u00e7\u00e3o que permite dotar os quadros da empresa de ferramentas t\u00e9cnico-cient\u00edficas adequadas para fazer face aos in\u00fameros desafios que os v\u00e1rios momentos imp\u00f5em.<\/p>\n<p style=\"text-align: justify;\" align=\"JUSTIFY\">No seu discurso, o PCA do CFM reconheceu que as tarefas que se esperam aos rec\u00e9m-formados s\u00e3o muito duras, devido, fundamentalmente, \u00e0s condi\u00e7\u00f5es adversas e desafiantes a que estar\u00e3o sujeitos. Contudo, &#8220;<strong><i>acreditamos que, por terem conscientemente assumido o sacrif\u00edcio ao longo de todo o per\u00edodo de dura\u00e7\u00e3o da vossa forma\u00e7\u00e3o, saber\u00e3o exercer, com grande responsabilidade, profissionalismo, dedica\u00e7\u00e3o e zelo, estas profiss\u00f5es que escolheram&#8221;<\/i>.<\/strong><\/p>\n<p style=\"text-align: justify;\" align=\"JUSTIFY\">Nestes cursos foram formados 146 trabalhadores, que ir\u00e3o engrandecer \u00e0 for\u00e7a do trabalho da empresa naquela regi\u00e3o do Pa\u00eds. S\u00e3o, especificamente, 66 Maquinistas de Locomotivas &#8220;B&#8221;, 30 Revisores de Material Circulante e 37 Capatazes de Via &#8220;C&#8221;, num investimento que custou 70 milh\u00f5es de meticais dos cofres da empresa.<\/p>\n<p style=\"text-align: justify;\" align=\"JUSTIFY\"><img fetchpriority=\"high\" decoding=\"async\" class=\"alignright size-full wp-image-8616\" style=\"margin-left: 10px; float: right;\" src=\"http:\/\/www.cfm.co.mz\/wp-content\/uploads\/2014\/11\/fotofamilia.jpg\" alt=\"fotofamilia\" width=\"300\" height=\"239\" srcset=\"https:\/\/www.cfm.co.mz\/wp-content\/uploads\/2014\/11\/fotofamilia.jpg 422w, https:\/\/www.cfm.co.mz\/wp-content\/uploads\/2014\/11\/fotofamilia-300x239.jpg 300w\" sizes=\"(max-width: 300px) 100vw, 300px\" \/>Recorde-se que o Corredor da Beira \u00e9 ponto de entrada e sa\u00eddas de diversas mercadorias para os Pa\u00edses da zona de influ\u00eancia de Mo\u00e7ambique. \u00c9 neste sentido que o CFM tem a responsabilidade de garantir o manuseamento e transporte dessas mercadorias de e para esses pa\u00edses, com seguran\u00e7a e efici\u00eancia para, por um lado, garantir receitas para a sustentabilidade da empresa e, por outro, angariar divisas para a melhoria da Balan\u00e7a de Pagamentos do Pa\u00eds, para al\u00e9m da enorme responsabilidade social da empresa, que \u00e9 de assegurar o transporte di\u00e1rio de passageiros da periferia e do campo para cidade e vice-versa, como contributo para o desenvolvimento equilibrado de Mo\u00e7ambique.<\/p>\n<p style=\"text-align: justify;\" align=\"JUSTIFY\">Victor Gomes encerrou a cerim\u00f3nia exortando aos trabalhadores do CFM,&nbsp;em geral, \u00e0 pr\u00e1tica das normas de <strong>Higiene e Seguran\u00e7a no Trabalho<\/strong>, normas essas que ir\u00e3o garantir o sucesso desejado. &#8220;<strong><i>Saibam que esta quest\u00e3o de Higiene e Seguran\u00e7a no Trabalho constitui o topo das nossas preocupa\u00e7\u00f5es, como Conselho de Administra\u00e7\u00e3o. Estamos a caminhar para TOLER\u00c2NCIA ZERO a todos infractores das regras de seguran\u00e7a<\/i><\/strong>&#8220;. Asseverou o PCA do CFM.<\/p>","protected":false},"excerpt":{"rendered":"<p>Decorreu, no passado dia 25 de Novembro do corrente ano, na cidade da Beira, a Cerim\u00f3nia de encerramento de 3 cursos de Forma\u00e7\u00e3o Profissional, promovidos pela Empresa Portos e Caminhos de Ferro de Mo\u00e7ambique (CFM).<\/p>","protected":false},"author":91,"featured_media":8615,"comment_status":"open","ping_status":"open","sticky":false,"template":"","format":"standard","meta":{"_acf_changed":false,"pgc_sgb_lightbox_settings":"","footnotes":""},"categories":[680],"tags":[],"class_list":["post-8617","post","type-post","status-publish","format-standard","has-post-thumbnail","hentry","category-noticias"],"acf":[],"yoast_head":"<!-- This site is optimized with the Yoast SEO plugin v26.5 - https:\/\/yoast.com\/wordpress\/plugins\/seo\/ -->\n<title>Mais Maquinistas para o Sistema Ferrovi\u00e1rio- Centro - CFM - Caminhos De Ferros de Mo\u00e7ambique<\/title>\n<meta name=\"robots\" content=\"index, follow, max-snippet:-1, max-image-preview:large, max-video-preview:-1\" \/>\n<link rel=\"canonical\" href=\"https:\/\/www.cfm.co.mz\/en\/2014\/11\/26\/mais-maquinistas-para-o-sistema-feroviario-centro\/\" \/>\n<meta property=\"og:locale\" content=\"en_US\" \/>\n<meta property=\"og:type\" content=\"article\" \/>\n<meta property=\"og:title\" content=\"Mais Maquinistas para o Sistema Ferrovi\u00e1rio- Centro - CFM - Caminhos De Ferros de Mo\u00e7ambique\" \/>\n<meta property=\"og:description\" content=\"Decorreu, no passado dia 25 de Novembro do corrente ano, na cidade da Beira, a Cerim\u00f3nia de encerramento de 3 cursos de Forma\u00e7\u00e3o Profissional, promovidos pela Empresa Portos e Caminhos de Ferro de Mo\u00e7ambique (CFM).\" \/>\n<meta property=\"og:url\" content=\"https:\/\/www.cfm.co.mz\/en\/2014\/11\/26\/mais-maquinistas-para-o-sistema-feroviario-centro\/\" \/>\n<meta property=\"og:site_name\" content=\"CFM - Caminhos De Ferros de Mo\u00e7ambique\" \/>\n<meta property=\"article:publisher\" content=\"https:\/\/www.facebook.com\/CFMMoz\" \/>\n<meta property=\"article:published_time\" content=\"2014-11-26T20:01:14+00:00\" \/>\n<meta property=\"og:image\" content=\"https:\/\/www.cfm.co.mz\/wp-content\/uploads\/2014\/11\/pca.jpg\" \/>\n\t<meta property=\"og:image:width\" content=\"336\" \/>\n\t<meta property=\"og:image:height\" content=\"347\" \/>\n\t<meta property=\"og:image:type\" content=\"image\/jpeg\" \/>\n<meta name=\"author\" content=\"Ad\u00e9lio Dias\" \/>\n<meta name=\"twitter:card\" content=\"summary_large_image\" \/>\n<meta name=\"twitter:label1\" content=\"Written by\" \/>\n\t<meta name=\"twitter:data1\" content=\"Ad\u00e9lio Dias\" \/>\n\t<meta name=\"twitter:label2\" content=\"Est. reading time\" \/>\n\t<meta name=\"twitter:data2\" content=\"2 minutes\" \/>\n<script type=\"application\/ld+json\" class=\"yoast-schema-graph\">{\"@context\":\"https:\/\/schema.org\",\"@graph\":[{\"@type\":\"Article\",\"@id\":\"https:\/\/www.cfm.co.mz\/2014\/11\/26\/mais-maquinistas-para-o-sistema-feroviario-centro\/#article\",\"isPartOf\":{\"@id\":\"https:\/\/www.cfm.co.mz\/2014\/11\/26\/mais-maquinistas-para-o-sistema-feroviario-centro\/\"},\"author\":{\"name\":\"Ad\u00e9lio Dias\",\"@id\":\"https:\/\/www.cfm.co.mz\/#\/schema\/person\/0b8a8b95eb758e200c2a5c3f18b8e5b4\"},\"headline\":\"Mais Maquinistas para o Sistema Ferrovi\u00e1rio- Centro\",\"datePublished\":\"2014-11-26T20:01:14+00:00\",\"mainEntityOfPage\":{\"@id\":\"https:\/\/www.cfm.co.mz\/2014\/11\/26\/mais-maquinistas-para-o-sistema-feroviario-centro\/\"},\"wordCount\":431,\"commentCount\":0,\"publisher\":{\"@id\":\"https:\/\/www.cfm.co.mz\/#organization\"},\"image\":{\"@id\":\"https:\/\/www.cfm.co.mz\/2014\/11\/26\/mais-maquinistas-para-o-sistema-feroviario-centro\/#primaryimage\"},\"thumbnailUrl\":\"https:\/\/www.cfm.co.mz\/wp-content\/uploads\/2014\/11\/pca.jpg\",\"articleSection\":[\"Noticias\"],\"inLanguage\":\"en-US\",\"potentialAction\":[{\"@type\":\"CommentAction\",\"name\":\"Comment\",\"target\":[\"https:\/\/www.cfm.co.mz\/2014\/11\/26\/mais-maquinistas-para-o-sistema-feroviario-centro\/#respond\"]}]},{\"@type\":\"WebPage\",\"@id\":\"https:\/\/www.cfm.co.mz\/2014\/11\/26\/mais-maquinistas-para-o-sistema-feroviario-centro\/\",\"url\":\"https:\/\/www.cfm.co.mz\/2014\/11\/26\/mais-maquinistas-para-o-sistema-feroviario-centro\/\",\"name\":\"Mais Maquinistas para o Sistema Ferrovi\u00e1rio- Centro - CFM - Caminhos De Ferros de Mo\u00e7ambique\",\"isPartOf\":{\"@id\":\"https:\/\/www.cfm.co.mz\/#website\"},\"primaryImageOfPage\":{\"@id\":\"https:\/\/www.cfm.co.mz\/2014\/11\/26\/mais-maquinistas-para-o-sistema-feroviario-centro\/#primaryimage\"},\"image\":{\"@id\":\"https:\/\/www.cfm.co.mz\/2014\/11\/26\/mais-maquinistas-para-o-sistema-feroviario-centro\/#primaryimage\"},\"thumbnailUrl\":\"https:\/\/www.cfm.co.mz\/wp-content\/uploads\/2014\/11\/pca.jpg\",\"datePublished\":\"2014-11-26T20:01:14+00:00\",\"breadcrumb\":{\"@id\":\"https:\/\/www.cfm.co.mz\/2014\/11\/26\/mais-maquinistas-para-o-sistema-feroviario-centro\/#breadcrumb\"},\"inLanguage\":\"en-US\",\"potentialAction\":[{\"@type\":\"ReadAction\",\"target\":[\"https:\/\/www.cfm.co.mz\/2014\/11\/26\/mais-maquinistas-para-o-sistema-feroviario-centro\/\"]}]},{\"@type\":\"ImageObject\",\"inLanguage\":\"en-US\",\"@id\":\"https:\/\/www.cfm.co.mz\/2014\/11\/26\/mais-maquinistas-para-o-sistema-feroviario-centro\/#primaryimage\",\"url\":\"https:\/\/www.cfm.co.mz\/wp-content\/uploads\/2014\/11\/pca.jpg\",\"contentUrl\":\"https:\/\/www.cfm.co.mz\/wp-content\/uploads\/2014\/11\/pca.jpg\",\"width\":336,\"height\":347,\"caption\":\"pca\"},{\"@type\":\"BreadcrumbList\",\"@id\":\"https:\/\/www.cfm.co.mz\/2014\/11\/26\/mais-maquinistas-para-o-sistema-feroviario-centro\/#breadcrumb\",\"itemListElement\":[{\"@type\":\"ListItem\",\"position\":1,\"name\":\"Home\",\"item\":\"https:\/\/www.cfm.co.mz\/\"},{\"@type\":\"ListItem\",\"position\":2,\"name\":\"Mais Maquinistas para o Sistema Ferrovi\u00e1rio- Centro\"}]},{\"@type\":\"WebSite\",\"@id\":\"https:\/\/www.cfm.co.mz\/#website\",\"url\":\"https:\/\/www.cfm.co.mz\/\",\"name\":\"CFM - Caminhos De Ferros de Mo\u00e7ambique\",\"description\":\"Ampliando Horizontes\",\"publisher\":{\"@id\":\"https:\/\/www.cfm.co.mz\/#organization\"},\"potentialAction\":[{\"@type\":\"SearchAction\",\"target\":{\"@type\":\"EntryPoint\",\"urlTemplate\":\"https:\/\/www.cfm.co.mz\/?s={search_term_string}\"},\"query-input\":{\"@type\":\"PropertyValueSpecification\",\"valueRequired\":true,\"valueName\":\"search_term_string\"}}],\"inLanguage\":\"en-US\"},{\"@type\":\"Organization\",\"@id\":\"https:\/\/www.cfm.co.mz\/#organization\",\"name\":\"CFM - Caminhos De Ferros de Mo\u00e7ambique\",\"url\":\"https:\/\/www.cfm.co.mz\/\",\"logo\":{\"@type\":\"ImageObject\",\"inLanguage\":\"en-US\",\"@id\":\"https:\/\/www.cfm.co.mz\/#\/schema\/logo\/image\/\",\"url\":\"https:\/\/www.cfm.co.mz\/wp-content\/uploads\/2025\/07\/be5f0679-4f5b-4d02-9719-a26ceed29162.jpg\",\"contentUrl\":\"https:\/\/www.cfm.co.mz\/wp-content\/uploads\/2025\/07\/be5f0679-4f5b-4d02-9719-a26ceed29162.jpg\",\"width\":400,\"height\":65,\"caption\":\"CFM - Caminhos De Ferros de Mo\u00e7ambique\"},\"image\":{\"@id\":\"https:\/\/www.cfm.co.mz\/#\/schema\/logo\/image\/\"},\"sameAs\":[\"https:\/\/www.facebook.com\/CFMMoz\",\"https:\/\/www.linkedin.com\/company\/caminhos-de-ferro-de-moambique\/\"]},{\"@type\":\"Person\",\"@id\":\"https:\/\/www.cfm.co.mz\/#\/schema\/person\/0b8a8b95eb758e200c2a5c3f18b8e5b4\",\"name\":\"Ad\u00e9lio Dias\",\"image\":{\"@type\":\"ImageObject\",\"inLanguage\":\"en-US\",\"@id\":\"https:\/\/www.cfm.co.mz\/#\/schema\/person\/image\/\",\"url\":\"https:\/\/www.cfm.co.mz\/wp-content\/litespeed\/avatar\/9163cd4f0d73475e3a60c657aa28c78c.jpg?ver=1777454719\",\"contentUrl\":\"https:\/\/www.cfm.co.mz\/wp-content\/litespeed\/avatar\/9163cd4f0d73475e3a60c657aa28c78c.jpg?ver=1777454719\",\"caption\":\"Ad\u00e9lio Dias\"},\"url\":\"https:\/\/www.cfm.co.mz\/en\/author\/adelio-dias\/\"}]}<\/script>\n<!-- \/ Yoast SEO plugin. -->","yoast_head_json":{"title":"Mais Maquinistas para o Sistema Ferrovi\u00e1rio- Centro - CFM - Caminhos De Ferros de Mo\u00e7ambique","robots":{"index":"index","follow":"follow","max-snippet":"max-snippet:-1","max-image-preview":"max-image-preview:large","max-video-preview":"max-video-preview:-1"},"canonical":"https:\/\/www.cfm.co.mz\/en\/2014\/11\/26\/mais-maquinistas-para-o-sistema-feroviario-centro\/","og_locale":"en_US","og_type":"article","og_title":"Mais Maquinistas para o Sistema Ferrovi\u00e1rio- Centro - CFM - Caminhos De Ferros de Mo\u00e7ambique","og_description":"Decorreu, no passado dia 25 de Novembro do corrente ano, na cidade da Beira, a Cerim\u00f3nia de encerramento de 3 cursos de Forma\u00e7\u00e3o Profissional, promovidos pela Empresa Portos e Caminhos de Ferro de Mo\u00e7ambique (CFM).","og_url":"https:\/\/www.cfm.co.mz\/en\/2014\/11\/26\/mais-maquinistas-para-o-sistema-feroviario-centro\/","og_site_name":"CFM - Caminhos De Ferros de Mo\u00e7ambique","article_publisher":"https:\/\/www.facebook.com\/CFMMoz","article_published_time":"2014-11-26T20:01:14+00:00","og_image":[{"width":336,"height":347,"url":"https:\/\/www.cfm.co.mz\/wp-content\/uploads\/2014\/11\/pca.jpg","type":"image\/jpeg"}],"author":"Ad\u00e9lio Dias","twitter_card":"summary_large_image","twitter_misc":{"Written by":"Ad\u00e9lio Dias","Est. reading time":"2 minutes"},"schema":{"@context":"https:\/\/schema.org","@graph":[{"@type":"Article","@id":"https:\/\/www.cfm.co.mz\/2014\/11\/26\/mais-maquinistas-para-o-sistema-feroviario-centro\/#article","isPartOf":{"@id":"https:\/\/www.cfm.co.mz\/2014\/11\/26\/mais-maquinistas-para-o-sistema-feroviario-centro\/"},"author":{"name":"Ad\u00e9lio Dias","@id":"https:\/\/www.cfm.co.mz\/#\/schema\/person\/0b8a8b95eb758e200c2a5c3f18b8e5b4"},"headline":"Mais Maquinistas para o Sistema Ferrovi\u00e1rio- Centro","datePublished":"2014-11-26T20:01:14+00:00","mainEntityOfPage":{"@id":"https:\/\/www.cfm.co.mz\/2014\/11\/26\/mais-maquinistas-para-o-sistema-feroviario-centro\/"},"wordCount":431,"commentCount":0,"publisher":{"@id":"https:\/\/www.cfm.co.mz\/#organization"},"image":{"@id":"https:\/\/www.cfm.co.mz\/2014\/11\/26\/mais-maquinistas-para-o-sistema-feroviario-centro\/#primaryimage"},"thumbnailUrl":"https:\/\/www.cfm.co.mz\/wp-content\/uploads\/2014\/11\/pca.jpg","articleSection":["Noticias"],"inLanguage":"en-US","potentialAction":[{"@type":"CommentAction","name":"Comment","target":["https:\/\/www.cfm.co.mz\/2014\/11\/26\/mais-maquinistas-para-o-sistema-feroviario-centro\/#respond"]}]},{"@type":"WebPage","@id":"https:\/\/www.cfm.co.mz\/2014\/11\/26\/mais-maquinistas-para-o-sistema-feroviario-centro\/","url":"https:\/\/www.cfm.co.mz\/2014\/11\/26\/mais-maquinistas-para-o-sistema-feroviario-centro\/","name":"Mais Maquinistas para o Sistema Ferrovi\u00e1rio- Centro - CFM - Caminhos De Ferros de Mo\u00e7ambique","isPartOf":{"@id":"https:\/\/www.cfm.co.mz\/#website"},"primaryImageOfPage":{"@id":"https:\/\/www.cfm.co.mz\/2014\/11\/26\/mais-maquinistas-para-o-sistema-feroviario-centro\/#primaryimage"},"image":{"@id":"https:\/\/www.cfm.co.mz\/2014\/11\/26\/mais-maquinistas-para-o-sistema-feroviario-centro\/#primaryimage"},"thumbnailUrl":"https:\/\/www.cfm.co.mz\/wp-content\/uploads\/2014\/11\/pca.jpg","datePublished":"2014-11-26T20:01:14+00:00","breadcrumb":{"@id":"https:\/\/www.cfm.co.mz\/2014\/11\/26\/mais-maquinistas-para-o-sistema-feroviario-centro\/#breadcrumb"},"inLanguage":"en-US","potentialAction":[{"@type":"ReadAction","target":["https:\/\/www.cfm.co.mz\/2014\/11\/26\/mais-maquinistas-para-o-sistema-feroviario-centro\/"]}]},{"@type":"ImageObject","inLanguage":"en-US","@id":"https:\/\/www.cfm.co.mz\/2014\/11\/26\/mais-maquinistas-para-o-sistema-feroviario-centro\/#primaryimage","url":"https:\/\/www.cfm.co.mz\/wp-content\/uploads\/2014\/11\/pca.jpg","contentUrl":"https:\/\/www.cfm.co.mz\/wp-content\/uploads\/2014\/11\/pca.jpg","width":336,"height":347,"caption":"pca"},{"@type":"BreadcrumbList","@id":"https:\/\/www.cfm.co.mz\/2014\/11\/26\/mais-maquinistas-para-o-sistema-feroviario-centro\/#breadcrumb","itemListElement":[{"@type":"ListItem","position":1,"name":"Home","item":"https:\/\/www.cfm.co.mz\/"},{"@type":"ListItem","position":2,"name":"Mais Maquinistas para o Sistema Ferrovi\u00e1rio- Centro"}]},{"@type":"WebSite","@id":"https:\/\/www.cfm.co.mz\/#website","url":"https:\/\/www.cfm.co.mz\/","name":"CFM - Caminhos De Ferros de Mo\u00e7ambique","description":"Ampliando Horizontes","publisher":{"@id":"https:\/\/www.cfm.co.mz\/#organization"},"potentialAction":[{"@type":"SearchAction","target":{"@type":"EntryPoint","urlTemplate":"https:\/\/www.cfm.co.mz\/?s={search_term_string}"},"query-input":{"@type":"PropertyValueSpecification","valueRequired":true,"valueName":"search_term_string"}}],"inLanguage":"en-US"},{"@type":"Organization","@id":"https:\/\/www.cfm.co.mz\/#organization","name":"CFM - Caminhos De Ferros de Mo\u00e7ambique","url":"https:\/\/www.cfm.co.mz\/","logo":{"@type":"ImageObject","inLanguage":"en-US","@id":"https:\/\/www.cfm.co.mz\/#\/schema\/logo\/image\/","url":"https:\/\/www.cfm.co.mz\/wp-content\/uploads\/2025\/07\/be5f0679-4f5b-4d02-9719-a26ceed29162.jpg","contentUrl":"https:\/\/www.cfm.co.mz\/wp-content\/uploads\/2025\/07\/be5f0679-4f5b-4d02-9719-a26ceed29162.jpg","width":400,"height":65,"caption":"CFM - Caminhos De Ferros de Mo\u00e7ambique"},"image":{"@id":"https:\/\/www.cfm.co.mz\/#\/schema\/logo\/image\/"},"sameAs":["https:\/\/www.facebook.com\/CFMMoz","https:\/\/www.linkedin.com\/company\/caminhos-de-ferro-de-moambique\/"]},{"@type":"Person","@id":"https:\/\/www.cfm.co.mz\/#\/schema\/person\/0b8a8b95eb758e200c2a5c3f18b8e5b4","name":"Ad\u00e9lio Dias","image":{"@type":"ImageObject","inLanguage":"en-US","@id":"https:\/\/www.cfm.co.mz\/#\/schema\/person\/image\/","url":"https:\/\/www.cfm.co.mz\/wp-content\/litespeed\/avatar\/9163cd4f0d73475e3a60c657aa28c78c.jpg?ver=1777454719","contentUrl":"https:\/\/www.cfm.co.mz\/wp-content\/litespeed\/avatar\/9163cd4f0d73475e3a60c657aa28c78c.jpg?ver=1777454719","caption":"Ad\u00e9lio Dias"},"url":"https:\/\/www.cfm.co.mz\/en\/author\/adelio-dias\/"}]}},"_links":{"self":[{"href":"https:\/\/www.cfm.co.mz\/en\/wp-json\/wp\/v2\/posts\/8617","targetHints":{"allow":["GET"]}}],"collection":[{"href":"https:\/\/www.cfm.co.mz\/en\/wp-json\/wp\/v2\/posts"}],"about":[{"href":"https:\/\/www.cfm.co.mz\/en\/wp-json\/wp\/v2\/types\/post"}],"author":[{"embeddable":true,"href":"https:\/\/www.cfm.co.mz\/en\/wp-json\/wp\/v2\/users\/91"}],"replies":[{"embeddable":true,"href":"https:\/\/www.cfm.co.mz\/en\/wp-json\/wp\/v2\/comments?post=8617"}],"version-history":[{"count":0,"href":"https:\/\/www.cfm.co.mz\/en\/wp-json\/wp\/v2\/posts\/8617\/revisions"}],"wp:featuredmedia":[{"embeddable":true,"href":"https:\/\/www.cfm.co.mz\/en\/wp-json\/wp\/v2\/media\/8615"}],"wp:attachment":[{"href":"https:\/\/www.cfm.co.mz\/en\/wp-json\/wp\/v2\/media?parent=8617"}],"wp:term":[{"taxonomy":"category","embeddable":true,"href":"https:\/\/www.cfm.co.mz\/en\/wp-json\/wp\/v2\/categories?post=8617"},{"taxonomy":"post_tag","embeddable":true,"href":"https:\/\/www.cfm.co.mz\/en\/wp-json\/wp\/v2\/tags?post=8617"}],"curies":[{"name":"wp","href":"https:\/\/api.w.org\/{rel}","templated":true}]}}