{"id":8611,"date":"2014-10-27T16:59:16","date_gmt":"2014-10-27T16:59:16","guid":{"rendered":"https:\/\/www.cfm.co.mz\/2014\/10\/27\/cfm-mpdc-swazyrail-e-tfr-inauguram-centro-de-operacoes-cojuntas\/"},"modified":"2014-10-27T16:59:16","modified_gmt":"2014-10-27T16:59:16","slug":"cfm-mpdc-swazyrail-e-tfr-inauguram-centro-de-operacoes-cojuntas","status":"publish","type":"post","link":"https:\/\/www.cfm.co.mz\/en\/2014\/10\/27\/cfm-mpdc-swazyrail-e-tfr-inauguram-centro-de-operacoes-cojuntas\/","title":{"rendered":"CFM, MPDC, SWAZY RAIL e TFR inauguram Centro de Opera\u00e7\u00f5es Conjuntas"},"content":{"rendered":"<p style=\"text-align: justify;\"><img decoding=\"async\" class=\"alignleft size-full wp-image-8609\" style=\"margin-right: 10px; float: left;\" src=\"http:\/\/www.cfm.co.mz\/wp-content\/uploads\/2014\/10\/joc2.jpg\" alt=\"joc2\" width=\"250\" height=\"166\" srcset=\"https:\/\/www.cfm.co.mz\/wp-content\/uploads\/2014\/10\/joc2.jpg 640w, https:\/\/www.cfm.co.mz\/wp-content\/uploads\/2014\/10\/joc2-300x200.jpg 300w\" sizes=\"(max-width: 250px) 100vw, 250px\" \/>As Empresas CFM, MPDC, Swazy Rail e TFR inauguram, no passado dia 22 de Setembro, nas Oficinas Gerais do CFM-Sul, o Centro de Opera\u00e7\u00f5es Conjunto- JOC, uma plataforma que possibilitar\u00e1 o controle das opera\u00e7\u00f5es ferrovi\u00e1rias ao longo do Corredor de Maputo.<\/p>\n<p><!--more--><\/p>\n<p style=\"text-align: justify;\">Falando na cerim\u00f4nia, que contou a presen\u00e7a dos Presidentes dos Conselhos de Administra\u00e7\u00e3o das empresas envolvidas, o Ministro dos Transportes e Comunica\u00e7\u00f5es de Mo\u00e7ambique, Gabriel Muthisse congratulou o projecto, pois atrav\u00e9s dele \u201c<strong><em>\u00e9 poss\u00edvel termos uma comunica\u00e7\u00e3o em tempo real, permitindo uma planifica\u00e7\u00e3o conjunta vi\u00e1vel de circula\u00e7\u00e3o de comboios, o que poder\u00e1 contribuir para o resgate do tr\u00e1fego ferrovi\u00e1rio que neste momento, esta sendo operacionalizado por via rodovi\u00e1ria\u201d<\/em><\/strong>.<\/p>\n<p style=\"text-align: justify;\"><img decoding=\"async\" class=\"alignright size-full wp-image-8610\" style=\"margin-left: 10px; float: right;\" src=\"http:\/\/www.cfm.co.mz\/wp-content\/uploads\/2014\/10\/joc3.jpg\" alt=\"joc3\" width=\"150\" height=\"114\" srcset=\"https:\/\/www.cfm.co.mz\/wp-content\/uploads\/2014\/10\/joc3.jpg 631w, https:\/\/www.cfm.co.mz\/wp-content\/uploads\/2014\/10\/joc3-300x228.jpg 300w\" sizes=\"(max-width: 150px) 100vw, 150px\" \/>Gabriel Muthisse acrescentou, ainda, que \u201c<strong><em>este projecto \u00e9, sem d\u00favidas, a materializa\u00e7\u00e3o dos esfor\u00e7os dos nossos Governos ao preconizado no Protocolo sobre os Transportes, Comunica\u00e7\u00f5es e Meteorologia<\/em><\/strong>\u201d.<\/p>\n<p style=\"text-align: justify;\">Recorde-se que o Corredor de Maputo, onde o JOC ir\u00e1 operar, \u00e9 utilizado, de forma directa, por, no m\u00ednimo, 3 Pa\u00edses da regi\u00e3o, o que constitui uma mais-valia nos esfor\u00e7os dos governos para o incremento das economias desses pa\u00edses, no geral, e na melhoria das condi\u00e7\u00f5es de vida das popula\u00e7\u00f5es, em particular.<\/p>","protected":false},"excerpt":{"rendered":"<p>As Empresas CFM, MPDC, Swazy Rail e TFR inauguram, no passado dia 22 de Setembro, nas Oficinas Gerais do CFM-Sul, o Centro de Opera\u00e7\u00f5es Conjunto- JOC, uma plataforma que possibilitar\u00e1 o controle das opera\u00e7\u00f5es ferrovi\u00e1rias ao longo do Corredor de Maputo.<\/p>","protected":false},"author":91,"featured_media":8609,"comment_status":"open","ping_status":"open","sticky":false,"template":"","format":"standard","meta":{"_acf_changed":false,"pgc_sgb_lightbox_settings":"","footnotes":""},"categories":[680],"tags":[],"class_list":["post-8611","post","type-post","status-publish","format-standard","has-post-thumbnail","hentry","category-noticias"],"acf":[],"yoast_head":"<!-- This site is optimized with the Yoast SEO plugin v26.5 - https:\/\/yoast.com\/wordpress\/plugins\/seo\/ -->\n<title>CFM, MPDC, SWAZY RAIL e TFR inauguram Centro de Opera\u00e7\u00f5es Conjuntas - CFM - Caminhos De Ferros de Mo\u00e7ambique<\/title>\n<meta name=\"robots\" content=\"index, follow, max-snippet:-1, max-image-preview:large, max-video-preview:-1\" \/>\n<link rel=\"canonical\" href=\"https:\/\/www.cfm.co.mz\/en\/2014\/10\/27\/cfm-mpdc-swazyrail-e-tfr-inauguram-centro-de-operacoes-cojuntas\/\" \/>\n<meta property=\"og:locale\" content=\"en_US\" \/>\n<meta property=\"og:type\" content=\"article\" \/>\n<meta property=\"og:title\" content=\"CFM, MPDC, SWAZY RAIL e TFR inauguram Centro de Opera\u00e7\u00f5es Conjuntas - CFM - Caminhos De Ferros de Mo\u00e7ambique\" \/>\n<meta property=\"og:description\" content=\"As Empresas CFM, MPDC, Swazy Rail e TFR inauguram, no passado dia 22 de Setembro, nas Oficinas Gerais do CFM-Sul, o Centro de Opera\u00e7\u00f5es Conjunto- JOC, uma plataforma que possibilitar\u00e1 o controle das opera\u00e7\u00f5es ferrovi\u00e1rias ao longo do Corredor de Maputo.\" \/>\n<meta property=\"og:url\" content=\"https:\/\/www.cfm.co.mz\/en\/2014\/10\/27\/cfm-mpdc-swazyrail-e-tfr-inauguram-centro-de-operacoes-cojuntas\/\" \/>\n<meta property=\"og:site_name\" content=\"CFM - Caminhos De Ferros de Mo\u00e7ambique\" \/>\n<meta property=\"article:publisher\" content=\"https:\/\/www.facebook.com\/CFMMoz\" \/>\n<meta property=\"article:published_time\" content=\"2014-10-27T16:59:16+00:00\" \/>\n<meta property=\"og:image\" content=\"https:\/\/www.cfm.co.mz\/wp-content\/uploads\/2014\/10\/joc2.jpg\" \/>\n\t<meta property=\"og:image:width\" content=\"640\" \/>\n\t<meta property=\"og:image:height\" content=\"426\" \/>\n\t<meta property=\"og:image:type\" content=\"image\/jpeg\" \/>\n<meta name=\"author\" content=\"Ad\u00e9lio Dias\" \/>\n<meta name=\"twitter:card\" content=\"summary_large_image\" \/>\n<meta name=\"twitter:label1\" content=\"Written by\" \/>\n\t<meta name=\"twitter:data1\" content=\"Ad\u00e9lio Dias\" \/>\n\t<meta name=\"twitter:label2\" content=\"Est. reading time\" \/>\n\t<meta name=\"twitter:data2\" content=\"1 minute\" \/>\n<script type=\"application\/ld+json\" class=\"yoast-schema-graph\">{\"@context\":\"https:\/\/schema.org\",\"@graph\":[{\"@type\":\"Article\",\"@id\":\"https:\/\/www.cfm.co.mz\/2014\/10\/27\/cfm-mpdc-swazyrail-e-tfr-inauguram-centro-de-operacoes-cojuntas\/#article\",\"isPartOf\":{\"@id\":\"https:\/\/www.cfm.co.mz\/2014\/10\/27\/cfm-mpdc-swazyrail-e-tfr-inauguram-centro-de-operacoes-cojuntas\/\"},\"author\":{\"name\":\"Ad\u00e9lio Dias\",\"@id\":\"https:\/\/www.cfm.co.mz\/#\/schema\/person\/0b8a8b95eb758e200c2a5c3f18b8e5b4\"},\"headline\":\"CFM, MPDC, SWAZY RAIL e TFR inauguram Centro de Opera\u00e7\u00f5es Conjuntas\",\"datePublished\":\"2014-10-27T16:59:16+00:00\",\"mainEntityOfPage\":{\"@id\":\"https:\/\/www.cfm.co.mz\/2014\/10\/27\/cfm-mpdc-swazyrail-e-tfr-inauguram-centro-de-operacoes-cojuntas\/\"},\"wordCount\":223,\"commentCount\":0,\"publisher\":{\"@id\":\"https:\/\/www.cfm.co.mz\/#organization\"},\"image\":{\"@id\":\"https:\/\/www.cfm.co.mz\/2014\/10\/27\/cfm-mpdc-swazyrail-e-tfr-inauguram-centro-de-operacoes-cojuntas\/#primaryimage\"},\"thumbnailUrl\":\"https:\/\/www.cfm.co.mz\/wp-content\/uploads\/2014\/10\/joc2.jpg\",\"articleSection\":[\"Noticias\"],\"inLanguage\":\"en-US\",\"potentialAction\":[{\"@type\":\"CommentAction\",\"name\":\"Comment\",\"target\":[\"https:\/\/www.cfm.co.mz\/2014\/10\/27\/cfm-mpdc-swazyrail-e-tfr-inauguram-centro-de-operacoes-cojuntas\/#respond\"]}]},{\"@type\":\"WebPage\",\"@id\":\"https:\/\/www.cfm.co.mz\/2014\/10\/27\/cfm-mpdc-swazyrail-e-tfr-inauguram-centro-de-operacoes-cojuntas\/\",\"url\":\"https:\/\/www.cfm.co.mz\/2014\/10\/27\/cfm-mpdc-swazyrail-e-tfr-inauguram-centro-de-operacoes-cojuntas\/\",\"name\":\"CFM, MPDC, SWAZY RAIL e TFR inauguram Centro de Opera\u00e7\u00f5es Conjuntas - CFM - Caminhos De Ferros de Mo\u00e7ambique\",\"isPartOf\":{\"@id\":\"https:\/\/www.cfm.co.mz\/#website\"},\"primaryImageOfPage\":{\"@id\":\"https:\/\/www.cfm.co.mz\/2014\/10\/27\/cfm-mpdc-swazyrail-e-tfr-inauguram-centro-de-operacoes-cojuntas\/#primaryimage\"},\"image\":{\"@id\":\"https:\/\/www.cfm.co.mz\/2014\/10\/27\/cfm-mpdc-swazyrail-e-tfr-inauguram-centro-de-operacoes-cojuntas\/#primaryimage\"},\"thumbnailUrl\":\"https:\/\/www.cfm.co.mz\/wp-content\/uploads\/2014\/10\/joc2.jpg\",\"datePublished\":\"2014-10-27T16:59:16+00:00\",\"breadcrumb\":{\"@id\":\"https:\/\/www.cfm.co.mz\/2014\/10\/27\/cfm-mpdc-swazyrail-e-tfr-inauguram-centro-de-operacoes-cojuntas\/#breadcrumb\"},\"inLanguage\":\"en-US\",\"potentialAction\":[{\"@type\":\"ReadAction\",\"target\":[\"https:\/\/www.cfm.co.mz\/2014\/10\/27\/cfm-mpdc-swazyrail-e-tfr-inauguram-centro-de-operacoes-cojuntas\/\"]}]},{\"@type\":\"ImageObject\",\"inLanguage\":\"en-US\",\"@id\":\"https:\/\/www.cfm.co.mz\/2014\/10\/27\/cfm-mpdc-swazyrail-e-tfr-inauguram-centro-de-operacoes-cojuntas\/#primaryimage\",\"url\":\"https:\/\/www.cfm.co.mz\/wp-content\/uploads\/2014\/10\/joc2.jpg\",\"contentUrl\":\"https:\/\/www.cfm.co.mz\/wp-content\/uploads\/2014\/10\/joc2.jpg\",\"width\":640,\"height\":426,\"caption\":\"joc2\"},{\"@type\":\"BreadcrumbList\",\"@id\":\"https:\/\/www.cfm.co.mz\/2014\/10\/27\/cfm-mpdc-swazyrail-e-tfr-inauguram-centro-de-operacoes-cojuntas\/#breadcrumb\",\"itemListElement\":[{\"@type\":\"ListItem\",\"position\":1,\"name\":\"Home\",\"item\":\"https:\/\/www.cfm.co.mz\/\"},{\"@type\":\"ListItem\",\"position\":2,\"name\":\"CFM, MPDC, SWAZY RAIL e TFR inauguram Centro de Opera\u00e7\u00f5es Conjuntas\"}]},{\"@type\":\"WebSite\",\"@id\":\"https:\/\/www.cfm.co.mz\/#website\",\"url\":\"https:\/\/www.cfm.co.mz\/\",\"name\":\"CFM - Caminhos De Ferros de Mo\u00e7ambique\",\"description\":\"Ampliando Horizontes\",\"publisher\":{\"@id\":\"https:\/\/www.cfm.co.mz\/#organization\"},\"potentialAction\":[{\"@type\":\"SearchAction\",\"target\":{\"@type\":\"EntryPoint\",\"urlTemplate\":\"https:\/\/www.cfm.co.mz\/?s={search_term_string}\"},\"query-input\":{\"@type\":\"PropertyValueSpecification\",\"valueRequired\":true,\"valueName\":\"search_term_string\"}}],\"inLanguage\":\"en-US\"},{\"@type\":\"Organization\",\"@id\":\"https:\/\/www.cfm.co.mz\/#organization\",\"name\":\"CFM - Caminhos De Ferros de Mo\u00e7ambique\",\"url\":\"https:\/\/www.cfm.co.mz\/\",\"logo\":{\"@type\":\"ImageObject\",\"inLanguage\":\"en-US\",\"@id\":\"https:\/\/www.cfm.co.mz\/#\/schema\/logo\/image\/\",\"url\":\"https:\/\/www.cfm.co.mz\/wp-content\/uploads\/2025\/07\/be5f0679-4f5b-4d02-9719-a26ceed29162.jpg\",\"contentUrl\":\"https:\/\/www.cfm.co.mz\/wp-content\/uploads\/2025\/07\/be5f0679-4f5b-4d02-9719-a26ceed29162.jpg\",\"width\":400,\"height\":65,\"caption\":\"CFM - Caminhos De Ferros de Mo\u00e7ambique\"},\"image\":{\"@id\":\"https:\/\/www.cfm.co.mz\/#\/schema\/logo\/image\/\"},\"sameAs\":[\"https:\/\/www.facebook.com\/CFMMoz\",\"https:\/\/www.linkedin.com\/company\/caminhos-de-ferro-de-moambique\/\"]},{\"@type\":\"Person\",\"@id\":\"https:\/\/www.cfm.co.mz\/#\/schema\/person\/0b8a8b95eb758e200c2a5c3f18b8e5b4\",\"name\":\"Ad\u00e9lio Dias\",\"image\":{\"@type\":\"ImageObject\",\"inLanguage\":\"en-US\",\"@id\":\"https:\/\/www.cfm.co.mz\/#\/schema\/person\/image\/\",\"url\":\"https:\/\/www.cfm.co.mz\/wp-content\/litespeed\/avatar\/9163cd4f0d73475e3a60c657aa28c78c.jpg?ver=1777454719\",\"contentUrl\":\"https:\/\/www.cfm.co.mz\/wp-content\/litespeed\/avatar\/9163cd4f0d73475e3a60c657aa28c78c.jpg?ver=1777454719\",\"caption\":\"Ad\u00e9lio Dias\"},\"url\":\"https:\/\/www.cfm.co.mz\/en\/author\/adelio-dias\/\"}]}<\/script>\n<!-- \/ Yoast SEO plugin. -->","yoast_head_json":{"title":"CFM, MPDC, SWAZY RAIL e TFR inauguram Centro de Opera\u00e7\u00f5es Conjuntas - CFM - Caminhos De Ferros de Mo\u00e7ambique","robots":{"index":"index","follow":"follow","max-snippet":"max-snippet:-1","max-image-preview":"max-image-preview:large","max-video-preview":"max-video-preview:-1"},"canonical":"https:\/\/www.cfm.co.mz\/en\/2014\/10\/27\/cfm-mpdc-swazyrail-e-tfr-inauguram-centro-de-operacoes-cojuntas\/","og_locale":"en_US","og_type":"article","og_title":"CFM, MPDC, SWAZY RAIL e TFR inauguram Centro de Opera\u00e7\u00f5es Conjuntas - CFM - Caminhos De Ferros de Mo\u00e7ambique","og_description":"As Empresas CFM, MPDC, Swazy Rail e TFR inauguram, no passado dia 22 de Setembro, nas Oficinas Gerais do CFM-Sul, o Centro de Opera\u00e7\u00f5es Conjunto- JOC, uma plataforma que possibilitar\u00e1 o controle das opera\u00e7\u00f5es ferrovi\u00e1rias ao longo do Corredor de Maputo.","og_url":"https:\/\/www.cfm.co.mz\/en\/2014\/10\/27\/cfm-mpdc-swazyrail-e-tfr-inauguram-centro-de-operacoes-cojuntas\/","og_site_name":"CFM - Caminhos De Ferros de Mo\u00e7ambique","article_publisher":"https:\/\/www.facebook.com\/CFMMoz","article_published_time":"2014-10-27T16:59:16+00:00","og_image":[{"width":640,"height":426,"url":"https:\/\/www.cfm.co.mz\/wp-content\/uploads\/2014\/10\/joc2.jpg","type":"image\/jpeg"}],"author":"Ad\u00e9lio Dias","twitter_card":"summary_large_image","twitter_misc":{"Written by":"Ad\u00e9lio Dias","Est. reading time":"1 minute"},"schema":{"@context":"https:\/\/schema.org","@graph":[{"@type":"Article","@id":"https:\/\/www.cfm.co.mz\/2014\/10\/27\/cfm-mpdc-swazyrail-e-tfr-inauguram-centro-de-operacoes-cojuntas\/#article","isPartOf":{"@id":"https:\/\/www.cfm.co.mz\/2014\/10\/27\/cfm-mpdc-swazyrail-e-tfr-inauguram-centro-de-operacoes-cojuntas\/"},"author":{"name":"Ad\u00e9lio Dias","@id":"https:\/\/www.cfm.co.mz\/#\/schema\/person\/0b8a8b95eb758e200c2a5c3f18b8e5b4"},"headline":"CFM, MPDC, SWAZY RAIL e TFR inauguram Centro de Opera\u00e7\u00f5es Conjuntas","datePublished":"2014-10-27T16:59:16+00:00","mainEntityOfPage":{"@id":"https:\/\/www.cfm.co.mz\/2014\/10\/27\/cfm-mpdc-swazyrail-e-tfr-inauguram-centro-de-operacoes-cojuntas\/"},"wordCount":223,"commentCount":0,"publisher":{"@id":"https:\/\/www.cfm.co.mz\/#organization"},"image":{"@id":"https:\/\/www.cfm.co.mz\/2014\/10\/27\/cfm-mpdc-swazyrail-e-tfr-inauguram-centro-de-operacoes-cojuntas\/#primaryimage"},"thumbnailUrl":"https:\/\/www.cfm.co.mz\/wp-content\/uploads\/2014\/10\/joc2.jpg","articleSection":["Noticias"],"inLanguage":"en-US","potentialAction":[{"@type":"CommentAction","name":"Comment","target":["https:\/\/www.cfm.co.mz\/2014\/10\/27\/cfm-mpdc-swazyrail-e-tfr-inauguram-centro-de-operacoes-cojuntas\/#respond"]}]},{"@type":"WebPage","@id":"https:\/\/www.cfm.co.mz\/2014\/10\/27\/cfm-mpdc-swazyrail-e-tfr-inauguram-centro-de-operacoes-cojuntas\/","url":"https:\/\/www.cfm.co.mz\/2014\/10\/27\/cfm-mpdc-swazyrail-e-tfr-inauguram-centro-de-operacoes-cojuntas\/","name":"CFM, MPDC, SWAZY RAIL e TFR inauguram Centro de Opera\u00e7\u00f5es Conjuntas - CFM - Caminhos De Ferros de Mo\u00e7ambique","isPartOf":{"@id":"https:\/\/www.cfm.co.mz\/#website"},"primaryImageOfPage":{"@id":"https:\/\/www.cfm.co.mz\/2014\/10\/27\/cfm-mpdc-swazyrail-e-tfr-inauguram-centro-de-operacoes-cojuntas\/#primaryimage"},"image":{"@id":"https:\/\/www.cfm.co.mz\/2014\/10\/27\/cfm-mpdc-swazyrail-e-tfr-inauguram-centro-de-operacoes-cojuntas\/#primaryimage"},"thumbnailUrl":"https:\/\/www.cfm.co.mz\/wp-content\/uploads\/2014\/10\/joc2.jpg","datePublished":"2014-10-27T16:59:16+00:00","breadcrumb":{"@id":"https:\/\/www.cfm.co.mz\/2014\/10\/27\/cfm-mpdc-swazyrail-e-tfr-inauguram-centro-de-operacoes-cojuntas\/#breadcrumb"},"inLanguage":"en-US","potentialAction":[{"@type":"ReadAction","target":["https:\/\/www.cfm.co.mz\/2014\/10\/27\/cfm-mpdc-swazyrail-e-tfr-inauguram-centro-de-operacoes-cojuntas\/"]}]},{"@type":"ImageObject","inLanguage":"en-US","@id":"https:\/\/www.cfm.co.mz\/2014\/10\/27\/cfm-mpdc-swazyrail-e-tfr-inauguram-centro-de-operacoes-cojuntas\/#primaryimage","url":"https:\/\/www.cfm.co.mz\/wp-content\/uploads\/2014\/10\/joc2.jpg","contentUrl":"https:\/\/www.cfm.co.mz\/wp-content\/uploads\/2014\/10\/joc2.jpg","width":640,"height":426,"caption":"joc2"},{"@type":"BreadcrumbList","@id":"https:\/\/www.cfm.co.mz\/2014\/10\/27\/cfm-mpdc-swazyrail-e-tfr-inauguram-centro-de-operacoes-cojuntas\/#breadcrumb","itemListElement":[{"@type":"ListItem","position":1,"name":"Home","item":"https:\/\/www.cfm.co.mz\/"},{"@type":"ListItem","position":2,"name":"CFM, MPDC, SWAZY RAIL e TFR inauguram Centro de Opera\u00e7\u00f5es Conjuntas"}]},{"@type":"WebSite","@id":"https:\/\/www.cfm.co.mz\/#website","url":"https:\/\/www.cfm.co.mz\/","name":"CFM - Caminhos De Ferros de Mo\u00e7ambique","description":"Ampliando Horizontes","publisher":{"@id":"https:\/\/www.cfm.co.mz\/#organization"},"potentialAction":[{"@type":"SearchAction","target":{"@type":"EntryPoint","urlTemplate":"https:\/\/www.cfm.co.mz\/?s={search_term_string}"},"query-input":{"@type":"PropertyValueSpecification","valueRequired":true,"valueName":"search_term_string"}}],"inLanguage":"en-US"},{"@type":"Organization","@id":"https:\/\/www.cfm.co.mz\/#organization","name":"CFM - Caminhos De Ferros de Mo\u00e7ambique","url":"https:\/\/www.cfm.co.mz\/","logo":{"@type":"ImageObject","inLanguage":"en-US","@id":"https:\/\/www.cfm.co.mz\/#\/schema\/logo\/image\/","url":"https:\/\/www.cfm.co.mz\/wp-content\/uploads\/2025\/07\/be5f0679-4f5b-4d02-9719-a26ceed29162.jpg","contentUrl":"https:\/\/www.cfm.co.mz\/wp-content\/uploads\/2025\/07\/be5f0679-4f5b-4d02-9719-a26ceed29162.jpg","width":400,"height":65,"caption":"CFM - Caminhos De Ferros de Mo\u00e7ambique"},"image":{"@id":"https:\/\/www.cfm.co.mz\/#\/schema\/logo\/image\/"},"sameAs":["https:\/\/www.facebook.com\/CFMMoz","https:\/\/www.linkedin.com\/company\/caminhos-de-ferro-de-moambique\/"]},{"@type":"Person","@id":"https:\/\/www.cfm.co.mz\/#\/schema\/person\/0b8a8b95eb758e200c2a5c3f18b8e5b4","name":"Ad\u00e9lio Dias","image":{"@type":"ImageObject","inLanguage":"en-US","@id":"https:\/\/www.cfm.co.mz\/#\/schema\/person\/image\/","url":"https:\/\/www.cfm.co.mz\/wp-content\/litespeed\/avatar\/9163cd4f0d73475e3a60c657aa28c78c.jpg?ver=1777454719","contentUrl":"https:\/\/www.cfm.co.mz\/wp-content\/litespeed\/avatar\/9163cd4f0d73475e3a60c657aa28c78c.jpg?ver=1777454719","caption":"Ad\u00e9lio Dias"},"url":"https:\/\/www.cfm.co.mz\/en\/author\/adelio-dias\/"}]}},"_links":{"self":[{"href":"https:\/\/www.cfm.co.mz\/en\/wp-json\/wp\/v2\/posts\/8611","targetHints":{"allow":["GET"]}}],"collection":[{"href":"https:\/\/www.cfm.co.mz\/en\/wp-json\/wp\/v2\/posts"}],"about":[{"href":"https:\/\/www.cfm.co.mz\/en\/wp-json\/wp\/v2\/types\/post"}],"author":[{"embeddable":true,"href":"https:\/\/www.cfm.co.mz\/en\/wp-json\/wp\/v2\/users\/91"}],"replies":[{"embeddable":true,"href":"https:\/\/www.cfm.co.mz\/en\/wp-json\/wp\/v2\/comments?post=8611"}],"version-history":[{"count":0,"href":"https:\/\/www.cfm.co.mz\/en\/wp-json\/wp\/v2\/posts\/8611\/revisions"}],"wp:featuredmedia":[{"embeddable":true,"href":"https:\/\/www.cfm.co.mz\/en\/wp-json\/wp\/v2\/media\/8609"}],"wp:attachment":[{"href":"https:\/\/www.cfm.co.mz\/en\/wp-json\/wp\/v2\/media?parent=8611"}],"wp:term":[{"taxonomy":"category","embeddable":true,"href":"https:\/\/www.cfm.co.mz\/en\/wp-json\/wp\/v2\/categories?post=8611"},{"taxonomy":"post_tag","embeddable":true,"href":"https:\/\/www.cfm.co.mz\/en\/wp-json\/wp\/v2\/tags?post=8611"}],"curies":[{"name":"wp","href":"https:\/\/api.w.org\/{rel}","templated":true}]}}