{"id":8608,"date":"2014-02-24T15:18:04","date_gmt":"2014-02-24T15:18:04","guid":{"rendered":"https:\/\/www.cfm.co.mz\/2014\/02\/24\/horario-de-comboios\/"},"modified":"2014-02-24T15:18:04","modified_gmt":"2014-02-24T15:18:04","slug":"horario-de-comboios","status":"publish","type":"post","link":"https:\/\/www.cfm.co.mz\/en\/2014\/02\/24\/horario-de-comboios\/","title":{"rendered":"Hor\u00e1rio de Comboios"},"content":{"rendered":"<p><strong>Consulte os hor\u00e1rios dos comboios seleccionando a zona:<\/strong><\/p>\n<p><a href=\"index.php\/zona-norte\"><img decoding=\"async\" class=\"alignleft size-full wp-image-8605\" src=\"http:\/\/www.cfm.co.mz\/wp-content\/uploads\/2014\/02\/horarios-norte.jpg\" alt=\"horarios norte\" width=\"232\" height=\"139\" style=\"float: left; padding-left: 0!important;\" \/><\/a> <a href=\"index.php\/zona-centro\"><img decoding=\"async\" class=\"alignleft size-full wp-image-8606\" src=\"http:\/\/www.cfm.co.mz\/wp-content\/uploads\/2014\/02\/horarios-centro.jpg\" alt=\"horarios centro\" width=\"232\" height=\"139\" style=\"float: left;\" \/><\/a> <a href=\"index.php\/zona-sul\"><img decoding=\"async\" class=\"alignleft size-full wp-image-8607\" src=\"http:\/\/www.cfm.co.mz\/wp-content\/uploads\/2014\/02\/horarios-sul.jpg\" alt=\"horarios sul\" width=\"232\" height=\"139\" style=\"float: left;\" \/><\/a><\/p>","protected":false},"excerpt":{"rendered":"<p>Consulte os hor\u00e1rios dos comboios seleccionando a zona:<\/p>","protected":false},"author":89,"featured_media":8605,"comment_status":"open","ping_status":"open","sticky":false,"template":"","format":"standard","meta":{"_acf_changed":false,"pgc_sgb_lightbox_settings":"","footnotes":""},"categories":[1],"tags":[],"class_list":["post-8608","post","type-post","status-publish","format-standard","has-post-thumbnail","hentry","category-uncategorized"],"acf":[],"yoast_head":"<!-- This site is optimized with the Yoast SEO plugin v26.5 - https:\/\/yoast.com\/wordpress\/plugins\/seo\/ -->\n<title>Hor\u00e1rio de Comboios - CFM - Caminhos De Ferros de Mo\u00e7ambique<\/title>\n<meta name=\"robots\" content=\"index, follow, max-snippet:-1, max-image-preview:large, max-video-preview:-1\" \/>\n<link rel=\"canonical\" href=\"https:\/\/www.cfm.co.mz\/en\/2014\/02\/24\/horario-de-comboios\/\" \/>\n<meta property=\"og:locale\" content=\"en_US\" \/>\n<meta property=\"og:type\" content=\"article\" \/>\n<meta property=\"og:title\" content=\"Hor\u00e1rio de Comboios - CFM - Caminhos De Ferros de Mo\u00e7ambique\" \/>\n<meta property=\"og:description\" content=\"Consulte os hor\u00e1rios dos comboios seleccionando a zona:\" \/>\n<meta property=\"og:url\" content=\"https:\/\/www.cfm.co.mz\/en\/2014\/02\/24\/horario-de-comboios\/\" \/>\n<meta property=\"og:site_name\" content=\"CFM - Caminhos De Ferros de Mo\u00e7ambique\" \/>\n<meta property=\"article:publisher\" content=\"https:\/\/www.facebook.com\/CFMMoz\" \/>\n<meta property=\"article:published_time\" content=\"2014-02-24T15:18:04+00:00\" \/>\n<meta property=\"og:image\" content=\"https:\/\/www.cfm.co.mz\/wp-content\/uploads\/2014\/02\/horarios-norte.jpg\" \/>\n\t<meta property=\"og:image:width\" content=\"232\" \/>\n\t<meta property=\"og:image:height\" content=\"139\" \/>\n\t<meta property=\"og:image:type\" content=\"image\/jpeg\" \/>\n<meta name=\"author\" content=\"Super User\" \/>\n<meta name=\"twitter:card\" content=\"summary_large_image\" \/>\n<meta name=\"twitter:label1\" content=\"Written by\" \/>\n\t<meta name=\"twitter:data1\" content=\"Super User\" \/>\n<script type=\"application\/ld+json\" class=\"yoast-schema-graph\">{\"@context\":\"https:\/\/schema.org\",\"@graph\":[{\"@type\":\"Article\",\"@id\":\"https:\/\/www.cfm.co.mz\/2014\/02\/24\/horario-de-comboios\/#article\",\"isPartOf\":{\"@id\":\"https:\/\/www.cfm.co.mz\/2014\/02\/24\/horario-de-comboios\/\"},\"author\":{\"name\":\"Super User\",\"@id\":\"https:\/\/www.cfm.co.mz\/#\/schema\/person\/3e9ce142c56e7938ec1a4908f0636cc2\"},\"headline\":\"Hor\u00e1rio de Comboios\",\"datePublished\":\"2014-02-24T15:18:04+00:00\",\"mainEntityOfPage\":{\"@id\":\"https:\/\/www.cfm.co.mz\/2014\/02\/24\/horario-de-comboios\/\"},\"wordCount\":13,\"commentCount\":0,\"publisher\":{\"@id\":\"https:\/\/www.cfm.co.mz\/#organization\"},\"image\":{\"@id\":\"https:\/\/www.cfm.co.mz\/2014\/02\/24\/horario-de-comboios\/#primaryimage\"},\"thumbnailUrl\":\"https:\/\/www.cfm.co.mz\/wp-content\/uploads\/2014\/02\/horarios-norte.jpg\",\"inLanguage\":\"en-US\",\"potentialAction\":[{\"@type\":\"CommentAction\",\"name\":\"Comment\",\"target\":[\"https:\/\/www.cfm.co.mz\/2014\/02\/24\/horario-de-comboios\/#respond\"]}]},{\"@type\":\"WebPage\",\"@id\":\"https:\/\/www.cfm.co.mz\/2014\/02\/24\/horario-de-comboios\/\",\"url\":\"https:\/\/www.cfm.co.mz\/2014\/02\/24\/horario-de-comboios\/\",\"name\":\"Hor\u00e1rio de Comboios - CFM - Caminhos De Ferros de Mo\u00e7ambique\",\"isPartOf\":{\"@id\":\"https:\/\/www.cfm.co.mz\/#website\"},\"primaryImageOfPage\":{\"@id\":\"https:\/\/www.cfm.co.mz\/2014\/02\/24\/horario-de-comboios\/#primaryimage\"},\"image\":{\"@id\":\"https:\/\/www.cfm.co.mz\/2014\/02\/24\/horario-de-comboios\/#primaryimage\"},\"thumbnailUrl\":\"https:\/\/www.cfm.co.mz\/wp-content\/uploads\/2014\/02\/horarios-norte.jpg\",\"datePublished\":\"2014-02-24T15:18:04+00:00\",\"breadcrumb\":{\"@id\":\"https:\/\/www.cfm.co.mz\/2014\/02\/24\/horario-de-comboios\/#breadcrumb\"},\"inLanguage\":\"en-US\",\"potentialAction\":[{\"@type\":\"ReadAction\",\"target\":[\"https:\/\/www.cfm.co.mz\/2014\/02\/24\/horario-de-comboios\/\"]}]},{\"@type\":\"ImageObject\",\"inLanguage\":\"en-US\",\"@id\":\"https:\/\/www.cfm.co.mz\/2014\/02\/24\/horario-de-comboios\/#primaryimage\",\"url\":\"https:\/\/www.cfm.co.mz\/wp-content\/uploads\/2014\/02\/horarios-norte.jpg\",\"contentUrl\":\"https:\/\/www.cfm.co.mz\/wp-content\/uploads\/2014\/02\/horarios-norte.jpg\",\"width\":232,\"height\":139,\"caption\":\"horarios norte\"},{\"@type\":\"BreadcrumbList\",\"@id\":\"https:\/\/www.cfm.co.mz\/2014\/02\/24\/horario-de-comboios\/#breadcrumb\",\"itemListElement\":[{\"@type\":\"ListItem\",\"position\":1,\"name\":\"Home\",\"item\":\"https:\/\/www.cfm.co.mz\/\"},{\"@type\":\"ListItem\",\"position\":2,\"name\":\"Hor\u00e1rio de Comboios\"}]},{\"@type\":\"WebSite\",\"@id\":\"https:\/\/www.cfm.co.mz\/#website\",\"url\":\"https:\/\/www.cfm.co.mz\/\",\"name\":\"CFM - Caminhos De Ferros de Mo\u00e7ambique\",\"description\":\"Ampliando Horizontes\",\"publisher\":{\"@id\":\"https:\/\/www.cfm.co.mz\/#organization\"},\"potentialAction\":[{\"@type\":\"SearchAction\",\"target\":{\"@type\":\"EntryPoint\",\"urlTemplate\":\"https:\/\/www.cfm.co.mz\/?s={search_term_string}\"},\"query-input\":{\"@type\":\"PropertyValueSpecification\",\"valueRequired\":true,\"valueName\":\"search_term_string\"}}],\"inLanguage\":\"en-US\"},{\"@type\":\"Organization\",\"@id\":\"https:\/\/www.cfm.co.mz\/#organization\",\"name\":\"CFM - Caminhos De Ferros de Mo\u00e7ambique\",\"url\":\"https:\/\/www.cfm.co.mz\/\",\"logo\":{\"@type\":\"ImageObject\",\"inLanguage\":\"en-US\",\"@id\":\"https:\/\/www.cfm.co.mz\/#\/schema\/logo\/image\/\",\"url\":\"https:\/\/www.cfm.co.mz\/wp-content\/uploads\/2025\/07\/be5f0679-4f5b-4d02-9719-a26ceed29162.jpg\",\"contentUrl\":\"https:\/\/www.cfm.co.mz\/wp-content\/uploads\/2025\/07\/be5f0679-4f5b-4d02-9719-a26ceed29162.jpg\",\"width\":400,\"height\":65,\"caption\":\"CFM - Caminhos De Ferros de Mo\u00e7ambique\"},\"image\":{\"@id\":\"https:\/\/www.cfm.co.mz\/#\/schema\/logo\/image\/\"},\"sameAs\":[\"https:\/\/www.facebook.com\/CFMMoz\",\"https:\/\/www.linkedin.com\/company\/caminhos-de-ferro-de-moambique\/\"]},{\"@type\":\"Person\",\"@id\":\"https:\/\/www.cfm.co.mz\/#\/schema\/person\/3e9ce142c56e7938ec1a4908f0636cc2\",\"name\":\"Super User\",\"image\":{\"@type\":\"ImageObject\",\"inLanguage\":\"en-US\",\"@id\":\"https:\/\/www.cfm.co.mz\/#\/schema\/person\/image\/\",\"url\":\"https:\/\/www.cfm.co.mz\/wp-content\/litespeed\/avatar\/1950724abc4e9ac04a0d842cb44cc541.jpg?ver=1777454475\",\"contentUrl\":\"https:\/\/www.cfm.co.mz\/wp-content\/litespeed\/avatar\/1950724abc4e9ac04a0d842cb44cc541.jpg?ver=1777454475\",\"caption\":\"Super User\"},\"url\":\"https:\/\/www.cfm.co.mz\/en\/author\/dotcom\/\"}]}<\/script>\n<!-- \/ Yoast SEO plugin. -->","yoast_head_json":{"title":"Hor\u00e1rio de Comboios - CFM - Caminhos De Ferros de Mo\u00e7ambique","robots":{"index":"index","follow":"follow","max-snippet":"max-snippet:-1","max-image-preview":"max-image-preview:large","max-video-preview":"max-video-preview:-1"},"canonical":"https:\/\/www.cfm.co.mz\/en\/2014\/02\/24\/horario-de-comboios\/","og_locale":"en_US","og_type":"article","og_title":"Hor\u00e1rio de Comboios - CFM - Caminhos De Ferros de Mo\u00e7ambique","og_description":"Consulte os hor\u00e1rios dos comboios seleccionando a zona:","og_url":"https:\/\/www.cfm.co.mz\/en\/2014\/02\/24\/horario-de-comboios\/","og_site_name":"CFM - Caminhos De Ferros de Mo\u00e7ambique","article_publisher":"https:\/\/www.facebook.com\/CFMMoz","article_published_time":"2014-02-24T15:18:04+00:00","og_image":[{"width":232,"height":139,"url":"https:\/\/www.cfm.co.mz\/wp-content\/uploads\/2014\/02\/horarios-norte.jpg","type":"image\/jpeg"}],"author":"Super User","twitter_card":"summary_large_image","twitter_misc":{"Written by":"Super User"},"schema":{"@context":"https:\/\/schema.org","@graph":[{"@type":"Article","@id":"https:\/\/www.cfm.co.mz\/2014\/02\/24\/horario-de-comboios\/#article","isPartOf":{"@id":"https:\/\/www.cfm.co.mz\/2014\/02\/24\/horario-de-comboios\/"},"author":{"name":"Super User","@id":"https:\/\/www.cfm.co.mz\/#\/schema\/person\/3e9ce142c56e7938ec1a4908f0636cc2"},"headline":"Hor\u00e1rio de Comboios","datePublished":"2014-02-24T15:18:04+00:00","mainEntityOfPage":{"@id":"https:\/\/www.cfm.co.mz\/2014\/02\/24\/horario-de-comboios\/"},"wordCount":13,"commentCount":0,"publisher":{"@id":"https:\/\/www.cfm.co.mz\/#organization"},"image":{"@id":"https:\/\/www.cfm.co.mz\/2014\/02\/24\/horario-de-comboios\/#primaryimage"},"thumbnailUrl":"https:\/\/www.cfm.co.mz\/wp-content\/uploads\/2014\/02\/horarios-norte.jpg","inLanguage":"en-US","potentialAction":[{"@type":"CommentAction","name":"Comment","target":["https:\/\/www.cfm.co.mz\/2014\/02\/24\/horario-de-comboios\/#respond"]}]},{"@type":"WebPage","@id":"https:\/\/www.cfm.co.mz\/2014\/02\/24\/horario-de-comboios\/","url":"https:\/\/www.cfm.co.mz\/2014\/02\/24\/horario-de-comboios\/","name":"Hor\u00e1rio de Comboios - CFM - Caminhos De Ferros de Mo\u00e7ambique","isPartOf":{"@id":"https:\/\/www.cfm.co.mz\/#website"},"primaryImageOfPage":{"@id":"https:\/\/www.cfm.co.mz\/2014\/02\/24\/horario-de-comboios\/#primaryimage"},"image":{"@id":"https:\/\/www.cfm.co.mz\/2014\/02\/24\/horario-de-comboios\/#primaryimage"},"thumbnailUrl":"https:\/\/www.cfm.co.mz\/wp-content\/uploads\/2014\/02\/horarios-norte.jpg","datePublished":"2014-02-24T15:18:04+00:00","breadcrumb":{"@id":"https:\/\/www.cfm.co.mz\/2014\/02\/24\/horario-de-comboios\/#breadcrumb"},"inLanguage":"en-US","potentialAction":[{"@type":"ReadAction","target":["https:\/\/www.cfm.co.mz\/2014\/02\/24\/horario-de-comboios\/"]}]},{"@type":"ImageObject","inLanguage":"en-US","@id":"https:\/\/www.cfm.co.mz\/2014\/02\/24\/horario-de-comboios\/#primaryimage","url":"https:\/\/www.cfm.co.mz\/wp-content\/uploads\/2014\/02\/horarios-norte.jpg","contentUrl":"https:\/\/www.cfm.co.mz\/wp-content\/uploads\/2014\/02\/horarios-norte.jpg","width":232,"height":139,"caption":"horarios norte"},{"@type":"BreadcrumbList","@id":"https:\/\/www.cfm.co.mz\/2014\/02\/24\/horario-de-comboios\/#breadcrumb","itemListElement":[{"@type":"ListItem","position":1,"name":"Home","item":"https:\/\/www.cfm.co.mz\/"},{"@type":"ListItem","position":2,"name":"Hor\u00e1rio de Comboios"}]},{"@type":"WebSite","@id":"https:\/\/www.cfm.co.mz\/#website","url":"https:\/\/www.cfm.co.mz\/","name":"CFM - Caminhos De Ferros de Mo\u00e7ambique","description":"Ampliando Horizontes","publisher":{"@id":"https:\/\/www.cfm.co.mz\/#organization"},"potentialAction":[{"@type":"SearchAction","target":{"@type":"EntryPoint","urlTemplate":"https:\/\/www.cfm.co.mz\/?s={search_term_string}"},"query-input":{"@type":"PropertyValueSpecification","valueRequired":true,"valueName":"search_term_string"}}],"inLanguage":"en-US"},{"@type":"Organization","@id":"https:\/\/www.cfm.co.mz\/#organization","name":"CFM - Caminhos De Ferros de Mo\u00e7ambique","url":"https:\/\/www.cfm.co.mz\/","logo":{"@type":"ImageObject","inLanguage":"en-US","@id":"https:\/\/www.cfm.co.mz\/#\/schema\/logo\/image\/","url":"https:\/\/www.cfm.co.mz\/wp-content\/uploads\/2025\/07\/be5f0679-4f5b-4d02-9719-a26ceed29162.jpg","contentUrl":"https:\/\/www.cfm.co.mz\/wp-content\/uploads\/2025\/07\/be5f0679-4f5b-4d02-9719-a26ceed29162.jpg","width":400,"height":65,"caption":"CFM - Caminhos De Ferros de Mo\u00e7ambique"},"image":{"@id":"https:\/\/www.cfm.co.mz\/#\/schema\/logo\/image\/"},"sameAs":["https:\/\/www.facebook.com\/CFMMoz","https:\/\/www.linkedin.com\/company\/caminhos-de-ferro-de-moambique\/"]},{"@type":"Person","@id":"https:\/\/www.cfm.co.mz\/#\/schema\/person\/3e9ce142c56e7938ec1a4908f0636cc2","name":"Super User","image":{"@type":"ImageObject","inLanguage":"en-US","@id":"https:\/\/www.cfm.co.mz\/#\/schema\/person\/image\/","url":"https:\/\/www.cfm.co.mz\/wp-content\/litespeed\/avatar\/1950724abc4e9ac04a0d842cb44cc541.jpg?ver=1777454475","contentUrl":"https:\/\/www.cfm.co.mz\/wp-content\/litespeed\/avatar\/1950724abc4e9ac04a0d842cb44cc541.jpg?ver=1777454475","caption":"Super User"},"url":"https:\/\/www.cfm.co.mz\/en\/author\/dotcom\/"}]}},"_links":{"self":[{"href":"https:\/\/www.cfm.co.mz\/en\/wp-json\/wp\/v2\/posts\/8608","targetHints":{"allow":["GET"]}}],"collection":[{"href":"https:\/\/www.cfm.co.mz\/en\/wp-json\/wp\/v2\/posts"}],"about":[{"href":"https:\/\/www.cfm.co.mz\/en\/wp-json\/wp\/v2\/types\/post"}],"author":[{"embeddable":true,"href":"https:\/\/www.cfm.co.mz\/en\/wp-json\/wp\/v2\/users\/89"}],"replies":[{"embeddable":true,"href":"https:\/\/www.cfm.co.mz\/en\/wp-json\/wp\/v2\/comments?post=8608"}],"version-history":[{"count":0,"href":"https:\/\/www.cfm.co.mz\/en\/wp-json\/wp\/v2\/posts\/8608\/revisions"}],"wp:featuredmedia":[{"embeddable":true,"href":"https:\/\/www.cfm.co.mz\/en\/wp-json\/wp\/v2\/media\/8605"}],"wp:attachment":[{"href":"https:\/\/www.cfm.co.mz\/en\/wp-json\/wp\/v2\/media?parent=8608"}],"wp:term":[{"taxonomy":"category","embeddable":true,"href":"https:\/\/www.cfm.co.mz\/en\/wp-json\/wp\/v2\/categories?post=8608"},{"taxonomy":"post_tag","embeddable":true,"href":"https:\/\/www.cfm.co.mz\/en\/wp-json\/wp\/v2\/tags?post=8608"}],"curies":[{"name":"wp","href":"https:\/\/api.w.org\/{rel}","templated":true}]}}