{"id":8604,"date":"2014-06-26T13:45:57","date_gmt":"2014-06-26T13:45:57","guid":{"rendered":"https:\/\/www.cfm.co.mz\/2014\/06\/26\/cfm-assina-memorando-de-entendimento\/"},"modified":"2014-06-26T13:45:57","modified_gmt":"2014-06-26T13:45:57","slug":"cfm-assina-memorando-de-entendimento","status":"publish","type":"post","link":"https:\/\/www.cfm.co.mz\/en\/2014\/06\/26\/cfm-assina-memorando-de-entendimento\/","title":{"rendered":"CFM Assina Memorando de Entendimento"},"content":{"rendered":"<p><img fetchpriority=\"high\" decoding=\"async\" class=\"alignleft size-full wp-image-8602\" style=\"margin-right: 10px; float: left;\" src=\"http:\/\/www.cfm.co.mz\/wp-content\/uploads\/2014\/06\/memorandoo.jpg\" alt=\"memorandoo\" width=\"300\" height=\"177\" srcset=\"https:\/\/www.cfm.co.mz\/wp-content\/uploads\/2014\/06\/memorandoo.jpg 448w, https:\/\/www.cfm.co.mz\/wp-content\/uploads\/2014\/06\/memorandoo-300x177.jpg 300w\" sizes=\"(max-width: 300px) 100vw, 300px\" \/>A Empresa Portos e Caminhos de Ferro de Mo\u00e7ambique- CFM, assinou, esta semana, dia 02 de Junho, um Memorando de entendimento com o grupo Visabeira Mo\u00e7ambique e EMEF- Empresa de Manuten\u00e7\u00e3o de Equipamentos Ferrovi\u00e1rio, visando constituir uma sociedade em Mo\u00e7ambique para, entre outros, garantir a manuten\u00e7\u00e3o, reabilita\u00e7\u00e3o, grande repara\u00e7\u00e3o e fabrico de material circulante ferrovi\u00e1rio.<\/p>\n<p><!--more--><\/p>\n<p>Falando na ocasi\u00e3o, o PCA do CFM, Dr. Victor Gomes considerou que, \u201cao assinarmos este memorando, temos a certeza de que escolhemos os parceiros certos, que t\u00eam a capacidade comprovada para, juntos connosco, avan\u00e7armos com a instala\u00e7\u00e3o de uma unidade de produ\u00e7\u00e3o e repara\u00e7\u00e3o de material circulante, que possa responder \u00e0s exig\u00eancias que o mercado actual imp\u00f5e.<\/p>\n<p><img decoding=\"async\" class=\"alignright size-full wp-image-8603\" style=\"margin-left: 10px; float: right;\" src=\"http:\/\/www.cfm.co.mz\/wp-content\/uploads\/2014\/06\/carrvao.jpg\" alt=\"carrvao\" width=\"250\" height=\"188\" srcset=\"https:\/\/www.cfm.co.mz\/wp-content\/uploads\/2014\/06\/carrvao.jpg 640w, https:\/\/www.cfm.co.mz\/wp-content\/uploads\/2014\/06\/carrvao-300x225.jpg 300w\" sizes=\"(max-width: 250px) 100vw, 250px\" \/>Recorde-se que a assinatura deste memorando vai ao encontro da conclus\u00e3o das obras do Corredor Ferrovi\u00e1rio Norte que, segundo o PCA do CFM, \u201cao se juntar aos corredores j\u00e1 existentes, muito contribuir\u00e1 para responder \u00e0s exig\u00eancias do desenvolvimento do Pa\u00eds\u201d.<\/p>\n<p>Refira-se que a conclus\u00e3o das obras da constru\u00e7\u00e3o da Linha F\u00e9rrea Moatize-Nacala, que ser\u00e1 usada para transportar o carv\u00e3o de Moatize e outras cargas, numa extens\u00e3o de 912 Km, est\u00e1 prevista para Outubro deste ano.<\/p>","protected":false},"excerpt":{"rendered":"<p>A Empresa Portos e Caminhos de Ferro de Mo\u00e7ambique- CFM, assinou, esta semana, dia 02 de Junho, um Memorando de entendimento com o grupo Visabeira Mo\u00e7ambique e EMEF- Empresa de Manuten\u00e7\u00e3o de Equipamentos Ferrovi\u00e1rio, visando constituir uma sociedade em Mo\u00e7ambique para, entre outros, garantir a manuten\u00e7\u00e3o, reabilita\u00e7\u00e3o, grande repara\u00e7\u00e3o e fabrico de material circulante ferrovi\u00e1rio.<\/p>","protected":false},"author":89,"featured_media":8602,"comment_status":"open","ping_status":"open","sticky":false,"template":"","format":"standard","meta":{"_acf_changed":false,"pgc_sgb_lightbox_settings":"","footnotes":""},"categories":[680],"tags":[],"class_list":["post-8604","post","type-post","status-publish","format-standard","has-post-thumbnail","hentry","category-noticias"],"acf":[],"yoast_head":"<!-- This site is optimized with the Yoast SEO plugin v26.5 - https:\/\/yoast.com\/wordpress\/plugins\/seo\/ -->\n<title>CFM Assina Memorando de Entendimento - CFM - Caminhos De Ferros de Mo\u00e7ambique<\/title>\n<meta name=\"robots\" content=\"index, follow, max-snippet:-1, max-image-preview:large, max-video-preview:-1\" \/>\n<link rel=\"canonical\" href=\"https:\/\/www.cfm.co.mz\/en\/2014\/06\/26\/cfm-assina-memorando-de-entendimento\/\" \/>\n<meta property=\"og:locale\" content=\"en_US\" \/>\n<meta property=\"og:type\" content=\"article\" \/>\n<meta property=\"og:title\" content=\"CFM Assina Memorando de Entendimento - CFM - Caminhos De Ferros de Mo\u00e7ambique\" \/>\n<meta property=\"og:description\" content=\"A Empresa Portos e Caminhos de Ferro de Mo\u00e7ambique- CFM, assinou, esta semana, dia 02 de Junho, um Memorando de entendimento com o grupo Visabeira Mo\u00e7ambique e EMEF- Empresa de Manuten\u00e7\u00e3o de Equipamentos Ferrovi\u00e1rio, visando constituir uma sociedade em Mo\u00e7ambique para, entre outros, garantir a manuten\u00e7\u00e3o, reabilita\u00e7\u00e3o, grande repara\u00e7\u00e3o e fabrico de material circulante ferrovi\u00e1rio.\" \/>\n<meta property=\"og:url\" content=\"https:\/\/www.cfm.co.mz\/en\/2014\/06\/26\/cfm-assina-memorando-de-entendimento\/\" \/>\n<meta property=\"og:site_name\" content=\"CFM - Caminhos De Ferros de Mo\u00e7ambique\" \/>\n<meta property=\"article:publisher\" content=\"https:\/\/www.facebook.com\/CFMMoz\" \/>\n<meta property=\"article:published_time\" content=\"2014-06-26T13:45:57+00:00\" \/>\n<meta property=\"og:image\" content=\"https:\/\/www.cfm.co.mz\/wp-content\/uploads\/2014\/06\/memorandoo.jpg\" \/>\n\t<meta property=\"og:image:width\" content=\"448\" \/>\n\t<meta property=\"og:image:height\" content=\"264\" \/>\n\t<meta property=\"og:image:type\" content=\"image\/jpeg\" \/>\n<meta name=\"author\" content=\"Super User\" \/>\n<meta name=\"twitter:card\" content=\"summary_large_image\" \/>\n<meta name=\"twitter:label1\" content=\"Written by\" \/>\n\t<meta name=\"twitter:data1\" content=\"Super User\" \/>\n\t<meta name=\"twitter:label2\" content=\"Est. reading time\" \/>\n\t<meta name=\"twitter:data2\" content=\"1 minute\" \/>\n<script type=\"application\/ld+json\" class=\"yoast-schema-graph\">{\"@context\":\"https:\/\/schema.org\",\"@graph\":[{\"@type\":\"Article\",\"@id\":\"https:\/\/www.cfm.co.mz\/2014\/06\/26\/cfm-assina-memorando-de-entendimento\/#article\",\"isPartOf\":{\"@id\":\"https:\/\/www.cfm.co.mz\/2014\/06\/26\/cfm-assina-memorando-de-entendimento\/\"},\"author\":{\"name\":\"Super User\",\"@id\":\"https:\/\/www.cfm.co.mz\/#\/schema\/person\/3e9ce142c56e7938ec1a4908f0636cc2\"},\"headline\":\"CFM Assina Memorando de Entendimento\",\"datePublished\":\"2014-06-26T13:45:57+00:00\",\"mainEntityOfPage\":{\"@id\":\"https:\/\/www.cfm.co.mz\/2014\/06\/26\/cfm-assina-memorando-de-entendimento\/\"},\"wordCount\":216,\"commentCount\":0,\"publisher\":{\"@id\":\"https:\/\/www.cfm.co.mz\/#organization\"},\"image\":{\"@id\":\"https:\/\/www.cfm.co.mz\/2014\/06\/26\/cfm-assina-memorando-de-entendimento\/#primaryimage\"},\"thumbnailUrl\":\"https:\/\/www.cfm.co.mz\/wp-content\/uploads\/2014\/06\/memorandoo.jpg\",\"articleSection\":[\"Noticias\"],\"inLanguage\":\"en-US\",\"potentialAction\":[{\"@type\":\"CommentAction\",\"name\":\"Comment\",\"target\":[\"https:\/\/www.cfm.co.mz\/2014\/06\/26\/cfm-assina-memorando-de-entendimento\/#respond\"]}]},{\"@type\":\"WebPage\",\"@id\":\"https:\/\/www.cfm.co.mz\/2014\/06\/26\/cfm-assina-memorando-de-entendimento\/\",\"url\":\"https:\/\/www.cfm.co.mz\/2014\/06\/26\/cfm-assina-memorando-de-entendimento\/\",\"name\":\"CFM Assina Memorando de Entendimento - CFM - Caminhos De Ferros de Mo\u00e7ambique\",\"isPartOf\":{\"@id\":\"https:\/\/www.cfm.co.mz\/#website\"},\"primaryImageOfPage\":{\"@id\":\"https:\/\/www.cfm.co.mz\/2014\/06\/26\/cfm-assina-memorando-de-entendimento\/#primaryimage\"},\"image\":{\"@id\":\"https:\/\/www.cfm.co.mz\/2014\/06\/26\/cfm-assina-memorando-de-entendimento\/#primaryimage\"},\"thumbnailUrl\":\"https:\/\/www.cfm.co.mz\/wp-content\/uploads\/2014\/06\/memorandoo.jpg\",\"datePublished\":\"2014-06-26T13:45:57+00:00\",\"breadcrumb\":{\"@id\":\"https:\/\/www.cfm.co.mz\/2014\/06\/26\/cfm-assina-memorando-de-entendimento\/#breadcrumb\"},\"inLanguage\":\"en-US\",\"potentialAction\":[{\"@type\":\"ReadAction\",\"target\":[\"https:\/\/www.cfm.co.mz\/2014\/06\/26\/cfm-assina-memorando-de-entendimento\/\"]}]},{\"@type\":\"ImageObject\",\"inLanguage\":\"en-US\",\"@id\":\"https:\/\/www.cfm.co.mz\/2014\/06\/26\/cfm-assina-memorando-de-entendimento\/#primaryimage\",\"url\":\"https:\/\/www.cfm.co.mz\/wp-content\/uploads\/2014\/06\/memorandoo.jpg\",\"contentUrl\":\"https:\/\/www.cfm.co.mz\/wp-content\/uploads\/2014\/06\/memorandoo.jpg\",\"width\":448,\"height\":264,\"caption\":\"memorandoo\"},{\"@type\":\"BreadcrumbList\",\"@id\":\"https:\/\/www.cfm.co.mz\/2014\/06\/26\/cfm-assina-memorando-de-entendimento\/#breadcrumb\",\"itemListElement\":[{\"@type\":\"ListItem\",\"position\":1,\"name\":\"Home\",\"item\":\"https:\/\/www.cfm.co.mz\/\"},{\"@type\":\"ListItem\",\"position\":2,\"name\":\"CFM Assina Memorando de Entendimento\"}]},{\"@type\":\"WebSite\",\"@id\":\"https:\/\/www.cfm.co.mz\/#website\",\"url\":\"https:\/\/www.cfm.co.mz\/\",\"name\":\"CFM - Caminhos De Ferros de Mo\u00e7ambique\",\"description\":\"Ampliando Horizontes\",\"publisher\":{\"@id\":\"https:\/\/www.cfm.co.mz\/#organization\"},\"potentialAction\":[{\"@type\":\"SearchAction\",\"target\":{\"@type\":\"EntryPoint\",\"urlTemplate\":\"https:\/\/www.cfm.co.mz\/?s={search_term_string}\"},\"query-input\":{\"@type\":\"PropertyValueSpecification\",\"valueRequired\":true,\"valueName\":\"search_term_string\"}}],\"inLanguage\":\"en-US\"},{\"@type\":\"Organization\",\"@id\":\"https:\/\/www.cfm.co.mz\/#organization\",\"name\":\"CFM - Caminhos De Ferros de Mo\u00e7ambique\",\"url\":\"https:\/\/www.cfm.co.mz\/\",\"logo\":{\"@type\":\"ImageObject\",\"inLanguage\":\"en-US\",\"@id\":\"https:\/\/www.cfm.co.mz\/#\/schema\/logo\/image\/\",\"url\":\"https:\/\/www.cfm.co.mz\/wp-content\/uploads\/2025\/07\/be5f0679-4f5b-4d02-9719-a26ceed29162.jpg\",\"contentUrl\":\"https:\/\/www.cfm.co.mz\/wp-content\/uploads\/2025\/07\/be5f0679-4f5b-4d02-9719-a26ceed29162.jpg\",\"width\":400,\"height\":65,\"caption\":\"CFM - Caminhos De Ferros de Mo\u00e7ambique\"},\"image\":{\"@id\":\"https:\/\/www.cfm.co.mz\/#\/schema\/logo\/image\/\"},\"sameAs\":[\"https:\/\/www.facebook.com\/CFMMoz\",\"https:\/\/www.linkedin.com\/company\/caminhos-de-ferro-de-moambique\/\"]},{\"@type\":\"Person\",\"@id\":\"https:\/\/www.cfm.co.mz\/#\/schema\/person\/3e9ce142c56e7938ec1a4908f0636cc2\",\"name\":\"Super User\",\"image\":{\"@type\":\"ImageObject\",\"inLanguage\":\"en-US\",\"@id\":\"https:\/\/www.cfm.co.mz\/#\/schema\/person\/image\/\",\"url\":\"https:\/\/www.cfm.co.mz\/wp-content\/litespeed\/avatar\/1950724abc4e9ac04a0d842cb44cc541.jpg?ver=1777454475\",\"contentUrl\":\"https:\/\/www.cfm.co.mz\/wp-content\/litespeed\/avatar\/1950724abc4e9ac04a0d842cb44cc541.jpg?ver=1777454475\",\"caption\":\"Super User\"},\"url\":\"https:\/\/www.cfm.co.mz\/en\/author\/dotcom\/\"}]}<\/script>\n<!-- \/ Yoast SEO plugin. -->","yoast_head_json":{"title":"CFM Assina Memorando de Entendimento - CFM - Caminhos De Ferros de Mo\u00e7ambique","robots":{"index":"index","follow":"follow","max-snippet":"max-snippet:-1","max-image-preview":"max-image-preview:large","max-video-preview":"max-video-preview:-1"},"canonical":"https:\/\/www.cfm.co.mz\/en\/2014\/06\/26\/cfm-assina-memorando-de-entendimento\/","og_locale":"en_US","og_type":"article","og_title":"CFM Assina Memorando de Entendimento - CFM - Caminhos De Ferros de Mo\u00e7ambique","og_description":"A Empresa Portos e Caminhos de Ferro de Mo\u00e7ambique- CFM, assinou, esta semana, dia 02 de Junho, um Memorando de entendimento com o grupo Visabeira Mo\u00e7ambique e EMEF- Empresa de Manuten\u00e7\u00e3o de Equipamentos Ferrovi\u00e1rio, visando constituir uma sociedade em Mo\u00e7ambique para, entre outros, garantir a manuten\u00e7\u00e3o, reabilita\u00e7\u00e3o, grande repara\u00e7\u00e3o e fabrico de material circulante ferrovi\u00e1rio.","og_url":"https:\/\/www.cfm.co.mz\/en\/2014\/06\/26\/cfm-assina-memorando-de-entendimento\/","og_site_name":"CFM - Caminhos De Ferros de Mo\u00e7ambique","article_publisher":"https:\/\/www.facebook.com\/CFMMoz","article_published_time":"2014-06-26T13:45:57+00:00","og_image":[{"width":448,"height":264,"url":"https:\/\/www.cfm.co.mz\/wp-content\/uploads\/2014\/06\/memorandoo.jpg","type":"image\/jpeg"}],"author":"Super User","twitter_card":"summary_large_image","twitter_misc":{"Written by":"Super User","Est. reading time":"1 minute"},"schema":{"@context":"https:\/\/schema.org","@graph":[{"@type":"Article","@id":"https:\/\/www.cfm.co.mz\/2014\/06\/26\/cfm-assina-memorando-de-entendimento\/#article","isPartOf":{"@id":"https:\/\/www.cfm.co.mz\/2014\/06\/26\/cfm-assina-memorando-de-entendimento\/"},"author":{"name":"Super User","@id":"https:\/\/www.cfm.co.mz\/#\/schema\/person\/3e9ce142c56e7938ec1a4908f0636cc2"},"headline":"CFM Assina Memorando de Entendimento","datePublished":"2014-06-26T13:45:57+00:00","mainEntityOfPage":{"@id":"https:\/\/www.cfm.co.mz\/2014\/06\/26\/cfm-assina-memorando-de-entendimento\/"},"wordCount":216,"commentCount":0,"publisher":{"@id":"https:\/\/www.cfm.co.mz\/#organization"},"image":{"@id":"https:\/\/www.cfm.co.mz\/2014\/06\/26\/cfm-assina-memorando-de-entendimento\/#primaryimage"},"thumbnailUrl":"https:\/\/www.cfm.co.mz\/wp-content\/uploads\/2014\/06\/memorandoo.jpg","articleSection":["Noticias"],"inLanguage":"en-US","potentialAction":[{"@type":"CommentAction","name":"Comment","target":["https:\/\/www.cfm.co.mz\/2014\/06\/26\/cfm-assina-memorando-de-entendimento\/#respond"]}]},{"@type":"WebPage","@id":"https:\/\/www.cfm.co.mz\/2014\/06\/26\/cfm-assina-memorando-de-entendimento\/","url":"https:\/\/www.cfm.co.mz\/2014\/06\/26\/cfm-assina-memorando-de-entendimento\/","name":"CFM Assina Memorando de Entendimento - CFM - Caminhos De Ferros de Mo\u00e7ambique","isPartOf":{"@id":"https:\/\/www.cfm.co.mz\/#website"},"primaryImageOfPage":{"@id":"https:\/\/www.cfm.co.mz\/2014\/06\/26\/cfm-assina-memorando-de-entendimento\/#primaryimage"},"image":{"@id":"https:\/\/www.cfm.co.mz\/2014\/06\/26\/cfm-assina-memorando-de-entendimento\/#primaryimage"},"thumbnailUrl":"https:\/\/www.cfm.co.mz\/wp-content\/uploads\/2014\/06\/memorandoo.jpg","datePublished":"2014-06-26T13:45:57+00:00","breadcrumb":{"@id":"https:\/\/www.cfm.co.mz\/2014\/06\/26\/cfm-assina-memorando-de-entendimento\/#breadcrumb"},"inLanguage":"en-US","potentialAction":[{"@type":"ReadAction","target":["https:\/\/www.cfm.co.mz\/2014\/06\/26\/cfm-assina-memorando-de-entendimento\/"]}]},{"@type":"ImageObject","inLanguage":"en-US","@id":"https:\/\/www.cfm.co.mz\/2014\/06\/26\/cfm-assina-memorando-de-entendimento\/#primaryimage","url":"https:\/\/www.cfm.co.mz\/wp-content\/uploads\/2014\/06\/memorandoo.jpg","contentUrl":"https:\/\/www.cfm.co.mz\/wp-content\/uploads\/2014\/06\/memorandoo.jpg","width":448,"height":264,"caption":"memorandoo"},{"@type":"BreadcrumbList","@id":"https:\/\/www.cfm.co.mz\/2014\/06\/26\/cfm-assina-memorando-de-entendimento\/#breadcrumb","itemListElement":[{"@type":"ListItem","position":1,"name":"Home","item":"https:\/\/www.cfm.co.mz\/"},{"@type":"ListItem","position":2,"name":"CFM Assina Memorando de Entendimento"}]},{"@type":"WebSite","@id":"https:\/\/www.cfm.co.mz\/#website","url":"https:\/\/www.cfm.co.mz\/","name":"CFM - Caminhos De Ferros de Mo\u00e7ambique","description":"Ampliando Horizontes","publisher":{"@id":"https:\/\/www.cfm.co.mz\/#organization"},"potentialAction":[{"@type":"SearchAction","target":{"@type":"EntryPoint","urlTemplate":"https:\/\/www.cfm.co.mz\/?s={search_term_string}"},"query-input":{"@type":"PropertyValueSpecification","valueRequired":true,"valueName":"search_term_string"}}],"inLanguage":"en-US"},{"@type":"Organization","@id":"https:\/\/www.cfm.co.mz\/#organization","name":"CFM - Caminhos De Ferros de Mo\u00e7ambique","url":"https:\/\/www.cfm.co.mz\/","logo":{"@type":"ImageObject","inLanguage":"en-US","@id":"https:\/\/www.cfm.co.mz\/#\/schema\/logo\/image\/","url":"https:\/\/www.cfm.co.mz\/wp-content\/uploads\/2025\/07\/be5f0679-4f5b-4d02-9719-a26ceed29162.jpg","contentUrl":"https:\/\/www.cfm.co.mz\/wp-content\/uploads\/2025\/07\/be5f0679-4f5b-4d02-9719-a26ceed29162.jpg","width":400,"height":65,"caption":"CFM - Caminhos De Ferros de Mo\u00e7ambique"},"image":{"@id":"https:\/\/www.cfm.co.mz\/#\/schema\/logo\/image\/"},"sameAs":["https:\/\/www.facebook.com\/CFMMoz","https:\/\/www.linkedin.com\/company\/caminhos-de-ferro-de-moambique\/"]},{"@type":"Person","@id":"https:\/\/www.cfm.co.mz\/#\/schema\/person\/3e9ce142c56e7938ec1a4908f0636cc2","name":"Super User","image":{"@type":"ImageObject","inLanguage":"en-US","@id":"https:\/\/www.cfm.co.mz\/#\/schema\/person\/image\/","url":"https:\/\/www.cfm.co.mz\/wp-content\/litespeed\/avatar\/1950724abc4e9ac04a0d842cb44cc541.jpg?ver=1777454475","contentUrl":"https:\/\/www.cfm.co.mz\/wp-content\/litespeed\/avatar\/1950724abc4e9ac04a0d842cb44cc541.jpg?ver=1777454475","caption":"Super User"},"url":"https:\/\/www.cfm.co.mz\/en\/author\/dotcom\/"}]}},"_links":{"self":[{"href":"https:\/\/www.cfm.co.mz\/en\/wp-json\/wp\/v2\/posts\/8604","targetHints":{"allow":["GET"]}}],"collection":[{"href":"https:\/\/www.cfm.co.mz\/en\/wp-json\/wp\/v2\/posts"}],"about":[{"href":"https:\/\/www.cfm.co.mz\/en\/wp-json\/wp\/v2\/types\/post"}],"author":[{"embeddable":true,"href":"https:\/\/www.cfm.co.mz\/en\/wp-json\/wp\/v2\/users\/89"}],"replies":[{"embeddable":true,"href":"https:\/\/www.cfm.co.mz\/en\/wp-json\/wp\/v2\/comments?post=8604"}],"version-history":[{"count":0,"href":"https:\/\/www.cfm.co.mz\/en\/wp-json\/wp\/v2\/posts\/8604\/revisions"}],"wp:featuredmedia":[{"embeddable":true,"href":"https:\/\/www.cfm.co.mz\/en\/wp-json\/wp\/v2\/media\/8602"}],"wp:attachment":[{"href":"https:\/\/www.cfm.co.mz\/en\/wp-json\/wp\/v2\/media?parent=8604"}],"wp:term":[{"taxonomy":"category","embeddable":true,"href":"https:\/\/www.cfm.co.mz\/en\/wp-json\/wp\/v2\/categories?post=8604"},{"taxonomy":"post_tag","embeddable":true,"href":"https:\/\/www.cfm.co.mz\/en\/wp-json\/wp\/v2\/tags?post=8604"}],"curies":[{"name":"wp","href":"https:\/\/api.w.org\/{rel}","templated":true}]}}