{"id":8601,"date":"2014-05-06T11:21:47","date_gmt":"2014-05-06T11:21:47","guid":{"rendered":"https:\/\/www.cfm.co.mz\/2014\/05\/06\/pca-do-cfm-procede-encerramento-de-mais-um-curso-de-formacao-profissional\/"},"modified":"2014-05-06T11:21:47","modified_gmt":"2014-05-06T11:21:47","slug":"pca-do-cfm-procede-encerramento-de-mais-um-curso-de-formacao-profissional","status":"publish","type":"post","link":"https:\/\/www.cfm.co.mz\/en\/2014\/05\/06\/pca-do-cfm-procede-encerramento-de-mais-um-curso-de-formacao-profissional\/","title":{"rendered":"PCA do CFM procede encerramento de mais um Curso de Forma\u00e7\u00e3o Profissional"},"content":{"rendered":"<p style=\"text-align: justify;\"><img decoding=\"async\" class=\"alignleft size-full wp-image-8598\" style=\"margin-top: 5px; margin-right: 10px; float: left;\" src=\"http:\/\/www.cfm.co.mz\/wp-content\/uploads\/2014\/05\/encerramento-tecnicos-via.jpg\" alt=\"encerramento-tecnicos-via\" width=\"250\" height=\"165\" \/>O Presidente do Conselho de Administra\u00e7\u00e3o do CFM Dr. Victor Gomes, procedeu o encerramento do Curso de T\u00e9cnicos de Via, cerim\u00f3nia que ocorreu no passado dia 27 de Abril de 2014, na Brigada para a Reconstru\u00e7\u00e3o da Linha de Sena- BRLS, em Dondo, prov\u00edncia de Sofala.<\/p>\n<p><!--more--><\/p>\n<p style=\"text-align: justify;\">Na ocasi\u00e3o, Victor Gomes dirigiu-se aos finalistas para que estes assumissem a profiss\u00e3o com muita responsabilidade, n\u00e3o obstante ser uma tarefa extremamente dif\u00edcil e muito exigente, pelo rigor dos seus processos.<\/p>\n<p style=\"text-align: justify;\"><img fetchpriority=\"high\" decoding=\"async\" class=\"alignright size-full wp-image-8599\" style=\"margin-top: 5px; margin-left: 10px; float: right;\" src=\"http:\/\/www.cfm.co.mz\/wp-content\/uploads\/2014\/05\/tecnicosvia-encerramento.jpg\" alt=\"tecnicosvia-encerramento\" width=\"250\" height=\"203\" \/>Mas, \u00e0 par desses desafios, segundo o PCA do CFM, <em>\u201ctamb\u00e9m se abrir\u00e3o oportunidades para uma aprendizagem cont\u00ednua, e uma aplica\u00e7\u00e3o correcta e eficiente dos conhecimentos adquiridos ao longo da vossa forma\u00e7\u00e3o, bem como possibilita para uma interac\u00e7\u00e3o profissional inter-pessoal no dia-a-dia que, capitalizados, ser\u00e3o a garantia da afirma\u00e7\u00e3o profissional individual e prosperidade colectiva.\u201d<\/em><\/p>\n<p style=\"text-align: justify;\">Foram formados neste curso 38 T\u00e9cnicos de Via, que se juntar\u00e3o aos colegas que est\u00e3o a trabalhar em diversas \u00e1reas de interven\u00e7\u00e3o das infra-estruturas ferrovi\u00e1rias.<\/p>\n<p style=\"text-align: justify;\">Recorde-se que a pol\u00edtica de Forma\u00e7\u00e3o na empresa sempre foi uma componente de destaque dentro do CFM.<\/p>\n<p style=\"text-align: justify;\"><img decoding=\"async\" class=\"alignright size-full wp-image-8600\" style=\"margin-top: 5px; margin-left: 10px; float: right;\" src=\"http:\/\/www.cfm.co.mz\/wp-content\/uploads\/2014\/05\/formandos.jpg\" alt=\"formandos\" width=\"250\" height=\"152\" \/>A cerim\u00f3nia contou com a presen\u00e7a dos membros do Conselho de Administra\u00e7\u00e3o do CFM, bem como dos Directores, Chefes de Servi\u00e7o e demais Quadros da empresa.<\/p>","protected":false},"excerpt":{"rendered":"<p>O Presidente do Conselho de Administra\u00e7\u00e3o do CFM Dr. Victor Gomes, procedeu o encerramento do Curso de T\u00e9cnicos de Via, cerim\u00f3nia que ocorreu no passado dia 27 de Abril de 2014, na Brigada para a Reconstru\u00e7\u00e3o da Linha de Sena- BRLS, em Dondo, prov\u00edncia de Sofala.<\/p>","protected":false},"author":89,"featured_media":8598,"comment_status":"open","ping_status":"open","sticky":false,"template":"","format":"standard","meta":{"_acf_changed":false,"pgc_sgb_lightbox_settings":"","footnotes":""},"categories":[680],"tags":[],"class_list":["post-8601","post","type-post","status-publish","format-standard","has-post-thumbnail","hentry","category-noticias"],"acf":[],"yoast_head":"<!-- This site is optimized with the Yoast SEO plugin v26.5 - https:\/\/yoast.com\/wordpress\/plugins\/seo\/ -->\n<title>PCA do CFM procede encerramento de mais um Curso de Forma\u00e7\u00e3o Profissional - CFM - Caminhos De Ferros de Mo\u00e7ambique<\/title>\n<meta name=\"robots\" content=\"index, follow, max-snippet:-1, max-image-preview:large, max-video-preview:-1\" \/>\n<link rel=\"canonical\" href=\"https:\/\/www.cfm.co.mz\/en\/2014\/05\/06\/pca-do-cfm-procede-encerramento-de-mais-um-curso-de-formacao-profissional\/\" \/>\n<meta property=\"og:locale\" content=\"en_US\" \/>\n<meta property=\"og:type\" content=\"article\" \/>\n<meta property=\"og:title\" content=\"PCA do CFM procede encerramento de mais um Curso de Forma\u00e7\u00e3o Profissional - CFM - Caminhos De Ferros de Mo\u00e7ambique\" \/>\n<meta property=\"og:description\" content=\"O Presidente do Conselho de Administra\u00e7\u00e3o do CFM Dr. Victor Gomes, procedeu o encerramento do Curso de T\u00e9cnicos de Via, cerim\u00f3nia que ocorreu no passado dia 27 de Abril de 2014, na Brigada para a Reconstru\u00e7\u00e3o da Linha de Sena- BRLS, em Dondo, prov\u00edncia de Sofala.\" \/>\n<meta property=\"og:url\" content=\"https:\/\/www.cfm.co.mz\/en\/2014\/05\/06\/pca-do-cfm-procede-encerramento-de-mais-um-curso-de-formacao-profissional\/\" \/>\n<meta property=\"og:site_name\" content=\"CFM - Caminhos De Ferros de Mo\u00e7ambique\" \/>\n<meta property=\"article:publisher\" content=\"https:\/\/www.facebook.com\/CFMMoz\" \/>\n<meta property=\"article:published_time\" content=\"2014-05-06T11:21:47+00:00\" \/>\n<meta property=\"og:image\" content=\"https:\/\/www.cfm.co.mz\/wp-content\/uploads\/2014\/05\/encerramento-tecnicos-via.jpg\" \/>\n\t<meta property=\"og:image:width\" content=\"250\" \/>\n\t<meta property=\"og:image:height\" content=\"165\" \/>\n\t<meta property=\"og:image:type\" content=\"image\/jpeg\" \/>\n<meta name=\"author\" content=\"Super User\" \/>\n<meta name=\"twitter:card\" content=\"summary_large_image\" \/>\n<meta name=\"twitter:label1\" content=\"Written by\" \/>\n\t<meta name=\"twitter:data1\" content=\"Super User\" \/>\n\t<meta name=\"twitter:label2\" content=\"Est. reading time\" \/>\n\t<meta name=\"twitter:data2\" content=\"1 minute\" \/>\n<script type=\"application\/ld+json\" class=\"yoast-schema-graph\">{\"@context\":\"https:\/\/schema.org\",\"@graph\":[{\"@type\":\"Article\",\"@id\":\"https:\/\/www.cfm.co.mz\/2014\/05\/06\/pca-do-cfm-procede-encerramento-de-mais-um-curso-de-formacao-profissional\/#article\",\"isPartOf\":{\"@id\":\"https:\/\/www.cfm.co.mz\/2014\/05\/06\/pca-do-cfm-procede-encerramento-de-mais-um-curso-de-formacao-profissional\/\"},\"author\":{\"name\":\"Super User\",\"@id\":\"https:\/\/www.cfm.co.mz\/#\/schema\/person\/3e9ce142c56e7938ec1a4908f0636cc2\"},\"headline\":\"PCA do CFM procede encerramento de mais um Curso de Forma\u00e7\u00e3o Profissional\",\"datePublished\":\"2014-05-06T11:21:47+00:00\",\"mainEntityOfPage\":{\"@id\":\"https:\/\/www.cfm.co.mz\/2014\/05\/06\/pca-do-cfm-procede-encerramento-de-mais-um-curso-de-formacao-profissional\/\"},\"wordCount\":236,\"commentCount\":0,\"publisher\":{\"@id\":\"https:\/\/www.cfm.co.mz\/#organization\"},\"image\":{\"@id\":\"https:\/\/www.cfm.co.mz\/2014\/05\/06\/pca-do-cfm-procede-encerramento-de-mais-um-curso-de-formacao-profissional\/#primaryimage\"},\"thumbnailUrl\":\"https:\/\/www.cfm.co.mz\/wp-content\/uploads\/2014\/05\/encerramento-tecnicos-via.jpg\",\"articleSection\":[\"Noticias\"],\"inLanguage\":\"en-US\",\"potentialAction\":[{\"@type\":\"CommentAction\",\"name\":\"Comment\",\"target\":[\"https:\/\/www.cfm.co.mz\/2014\/05\/06\/pca-do-cfm-procede-encerramento-de-mais-um-curso-de-formacao-profissional\/#respond\"]}]},{\"@type\":\"WebPage\",\"@id\":\"https:\/\/www.cfm.co.mz\/2014\/05\/06\/pca-do-cfm-procede-encerramento-de-mais-um-curso-de-formacao-profissional\/\",\"url\":\"https:\/\/www.cfm.co.mz\/2014\/05\/06\/pca-do-cfm-procede-encerramento-de-mais-um-curso-de-formacao-profissional\/\",\"name\":\"PCA do CFM procede encerramento de mais um Curso de Forma\u00e7\u00e3o Profissional - CFM - Caminhos De Ferros de Mo\u00e7ambique\",\"isPartOf\":{\"@id\":\"https:\/\/www.cfm.co.mz\/#website\"},\"primaryImageOfPage\":{\"@id\":\"https:\/\/www.cfm.co.mz\/2014\/05\/06\/pca-do-cfm-procede-encerramento-de-mais-um-curso-de-formacao-profissional\/#primaryimage\"},\"image\":{\"@id\":\"https:\/\/www.cfm.co.mz\/2014\/05\/06\/pca-do-cfm-procede-encerramento-de-mais-um-curso-de-formacao-profissional\/#primaryimage\"},\"thumbnailUrl\":\"https:\/\/www.cfm.co.mz\/wp-content\/uploads\/2014\/05\/encerramento-tecnicos-via.jpg\",\"datePublished\":\"2014-05-06T11:21:47+00:00\",\"breadcrumb\":{\"@id\":\"https:\/\/www.cfm.co.mz\/2014\/05\/06\/pca-do-cfm-procede-encerramento-de-mais-um-curso-de-formacao-profissional\/#breadcrumb\"},\"inLanguage\":\"en-US\",\"potentialAction\":[{\"@type\":\"ReadAction\",\"target\":[\"https:\/\/www.cfm.co.mz\/2014\/05\/06\/pca-do-cfm-procede-encerramento-de-mais-um-curso-de-formacao-profissional\/\"]}]},{\"@type\":\"ImageObject\",\"inLanguage\":\"en-US\",\"@id\":\"https:\/\/www.cfm.co.mz\/2014\/05\/06\/pca-do-cfm-procede-encerramento-de-mais-um-curso-de-formacao-profissional\/#primaryimage\",\"url\":\"https:\/\/www.cfm.co.mz\/wp-content\/uploads\/2014\/05\/encerramento-tecnicos-via.jpg\",\"contentUrl\":\"https:\/\/www.cfm.co.mz\/wp-content\/uploads\/2014\/05\/encerramento-tecnicos-via.jpg\",\"width\":250,\"height\":165,\"caption\":\"encerramento-tecnicos-via\"},{\"@type\":\"BreadcrumbList\",\"@id\":\"https:\/\/www.cfm.co.mz\/2014\/05\/06\/pca-do-cfm-procede-encerramento-de-mais-um-curso-de-formacao-profissional\/#breadcrumb\",\"itemListElement\":[{\"@type\":\"ListItem\",\"position\":1,\"name\":\"Home\",\"item\":\"https:\/\/www.cfm.co.mz\/\"},{\"@type\":\"ListItem\",\"position\":2,\"name\":\"PCA do CFM procede encerramento de mais um Curso de Forma\u00e7\u00e3o Profissional\"}]},{\"@type\":\"WebSite\",\"@id\":\"https:\/\/www.cfm.co.mz\/#website\",\"url\":\"https:\/\/www.cfm.co.mz\/\",\"name\":\"CFM - Caminhos De Ferros de Mo\u00e7ambique\",\"description\":\"Ampliando Horizontes\",\"publisher\":{\"@id\":\"https:\/\/www.cfm.co.mz\/#organization\"},\"potentialAction\":[{\"@type\":\"SearchAction\",\"target\":{\"@type\":\"EntryPoint\",\"urlTemplate\":\"https:\/\/www.cfm.co.mz\/?s={search_term_string}\"},\"query-input\":{\"@type\":\"PropertyValueSpecification\",\"valueRequired\":true,\"valueName\":\"search_term_string\"}}],\"inLanguage\":\"en-US\"},{\"@type\":\"Organization\",\"@id\":\"https:\/\/www.cfm.co.mz\/#organization\",\"name\":\"CFM - Caminhos De Ferros de Mo\u00e7ambique\",\"url\":\"https:\/\/www.cfm.co.mz\/\",\"logo\":{\"@type\":\"ImageObject\",\"inLanguage\":\"en-US\",\"@id\":\"https:\/\/www.cfm.co.mz\/#\/schema\/logo\/image\/\",\"url\":\"https:\/\/www.cfm.co.mz\/wp-content\/uploads\/2025\/07\/be5f0679-4f5b-4d02-9719-a26ceed29162.jpg\",\"contentUrl\":\"https:\/\/www.cfm.co.mz\/wp-content\/uploads\/2025\/07\/be5f0679-4f5b-4d02-9719-a26ceed29162.jpg\",\"width\":400,\"height\":65,\"caption\":\"CFM - Caminhos De Ferros de Mo\u00e7ambique\"},\"image\":{\"@id\":\"https:\/\/www.cfm.co.mz\/#\/schema\/logo\/image\/\"},\"sameAs\":[\"https:\/\/www.facebook.com\/CFMMoz\",\"https:\/\/www.linkedin.com\/company\/caminhos-de-ferro-de-moambique\/\"]},{\"@type\":\"Person\",\"@id\":\"https:\/\/www.cfm.co.mz\/#\/schema\/person\/3e9ce142c56e7938ec1a4908f0636cc2\",\"name\":\"Super User\",\"image\":{\"@type\":\"ImageObject\",\"inLanguage\":\"en-US\",\"@id\":\"https:\/\/www.cfm.co.mz\/#\/schema\/person\/image\/\",\"url\":\"https:\/\/www.cfm.co.mz\/wp-content\/litespeed\/avatar\/1950724abc4e9ac04a0d842cb44cc541.jpg?ver=1777454475\",\"contentUrl\":\"https:\/\/www.cfm.co.mz\/wp-content\/litespeed\/avatar\/1950724abc4e9ac04a0d842cb44cc541.jpg?ver=1777454475\",\"caption\":\"Super User\"},\"url\":\"https:\/\/www.cfm.co.mz\/en\/author\/dotcom\/\"}]}<\/script>\n<!-- \/ Yoast SEO plugin. -->","yoast_head_json":{"title":"PCA do CFM procede encerramento de mais um Curso de Forma\u00e7\u00e3o Profissional - CFM - Caminhos De Ferros de Mo\u00e7ambique","robots":{"index":"index","follow":"follow","max-snippet":"max-snippet:-1","max-image-preview":"max-image-preview:large","max-video-preview":"max-video-preview:-1"},"canonical":"https:\/\/www.cfm.co.mz\/en\/2014\/05\/06\/pca-do-cfm-procede-encerramento-de-mais-um-curso-de-formacao-profissional\/","og_locale":"en_US","og_type":"article","og_title":"PCA do CFM procede encerramento de mais um Curso de Forma\u00e7\u00e3o Profissional - CFM - Caminhos De Ferros de Mo\u00e7ambique","og_description":"O Presidente do Conselho de Administra\u00e7\u00e3o do CFM Dr. Victor Gomes, procedeu o encerramento do Curso de T\u00e9cnicos de Via, cerim\u00f3nia que ocorreu no passado dia 27 de Abril de 2014, na Brigada para a Reconstru\u00e7\u00e3o da Linha de Sena- BRLS, em Dondo, prov\u00edncia de Sofala.","og_url":"https:\/\/www.cfm.co.mz\/en\/2014\/05\/06\/pca-do-cfm-procede-encerramento-de-mais-um-curso-de-formacao-profissional\/","og_site_name":"CFM - Caminhos De Ferros de Mo\u00e7ambique","article_publisher":"https:\/\/www.facebook.com\/CFMMoz","article_published_time":"2014-05-06T11:21:47+00:00","og_image":[{"width":250,"height":165,"url":"https:\/\/www.cfm.co.mz\/wp-content\/uploads\/2014\/05\/encerramento-tecnicos-via.jpg","type":"image\/jpeg"}],"author":"Super User","twitter_card":"summary_large_image","twitter_misc":{"Written by":"Super User","Est. reading time":"1 minute"},"schema":{"@context":"https:\/\/schema.org","@graph":[{"@type":"Article","@id":"https:\/\/www.cfm.co.mz\/2014\/05\/06\/pca-do-cfm-procede-encerramento-de-mais-um-curso-de-formacao-profissional\/#article","isPartOf":{"@id":"https:\/\/www.cfm.co.mz\/2014\/05\/06\/pca-do-cfm-procede-encerramento-de-mais-um-curso-de-formacao-profissional\/"},"author":{"name":"Super User","@id":"https:\/\/www.cfm.co.mz\/#\/schema\/person\/3e9ce142c56e7938ec1a4908f0636cc2"},"headline":"PCA do CFM procede encerramento de mais um Curso de Forma\u00e7\u00e3o Profissional","datePublished":"2014-05-06T11:21:47+00:00","mainEntityOfPage":{"@id":"https:\/\/www.cfm.co.mz\/2014\/05\/06\/pca-do-cfm-procede-encerramento-de-mais-um-curso-de-formacao-profissional\/"},"wordCount":236,"commentCount":0,"publisher":{"@id":"https:\/\/www.cfm.co.mz\/#organization"},"image":{"@id":"https:\/\/www.cfm.co.mz\/2014\/05\/06\/pca-do-cfm-procede-encerramento-de-mais-um-curso-de-formacao-profissional\/#primaryimage"},"thumbnailUrl":"https:\/\/www.cfm.co.mz\/wp-content\/uploads\/2014\/05\/encerramento-tecnicos-via.jpg","articleSection":["Noticias"],"inLanguage":"en-US","potentialAction":[{"@type":"CommentAction","name":"Comment","target":["https:\/\/www.cfm.co.mz\/2014\/05\/06\/pca-do-cfm-procede-encerramento-de-mais-um-curso-de-formacao-profissional\/#respond"]}]},{"@type":"WebPage","@id":"https:\/\/www.cfm.co.mz\/2014\/05\/06\/pca-do-cfm-procede-encerramento-de-mais-um-curso-de-formacao-profissional\/","url":"https:\/\/www.cfm.co.mz\/2014\/05\/06\/pca-do-cfm-procede-encerramento-de-mais-um-curso-de-formacao-profissional\/","name":"PCA do CFM procede encerramento de mais um Curso de Forma\u00e7\u00e3o Profissional - CFM - Caminhos De Ferros de Mo\u00e7ambique","isPartOf":{"@id":"https:\/\/www.cfm.co.mz\/#website"},"primaryImageOfPage":{"@id":"https:\/\/www.cfm.co.mz\/2014\/05\/06\/pca-do-cfm-procede-encerramento-de-mais-um-curso-de-formacao-profissional\/#primaryimage"},"image":{"@id":"https:\/\/www.cfm.co.mz\/2014\/05\/06\/pca-do-cfm-procede-encerramento-de-mais-um-curso-de-formacao-profissional\/#primaryimage"},"thumbnailUrl":"https:\/\/www.cfm.co.mz\/wp-content\/uploads\/2014\/05\/encerramento-tecnicos-via.jpg","datePublished":"2014-05-06T11:21:47+00:00","breadcrumb":{"@id":"https:\/\/www.cfm.co.mz\/2014\/05\/06\/pca-do-cfm-procede-encerramento-de-mais-um-curso-de-formacao-profissional\/#breadcrumb"},"inLanguage":"en-US","potentialAction":[{"@type":"ReadAction","target":["https:\/\/www.cfm.co.mz\/2014\/05\/06\/pca-do-cfm-procede-encerramento-de-mais-um-curso-de-formacao-profissional\/"]}]},{"@type":"ImageObject","inLanguage":"en-US","@id":"https:\/\/www.cfm.co.mz\/2014\/05\/06\/pca-do-cfm-procede-encerramento-de-mais-um-curso-de-formacao-profissional\/#primaryimage","url":"https:\/\/www.cfm.co.mz\/wp-content\/uploads\/2014\/05\/encerramento-tecnicos-via.jpg","contentUrl":"https:\/\/www.cfm.co.mz\/wp-content\/uploads\/2014\/05\/encerramento-tecnicos-via.jpg","width":250,"height":165,"caption":"encerramento-tecnicos-via"},{"@type":"BreadcrumbList","@id":"https:\/\/www.cfm.co.mz\/2014\/05\/06\/pca-do-cfm-procede-encerramento-de-mais-um-curso-de-formacao-profissional\/#breadcrumb","itemListElement":[{"@type":"ListItem","position":1,"name":"Home","item":"https:\/\/www.cfm.co.mz\/"},{"@type":"ListItem","position":2,"name":"PCA do CFM procede encerramento de mais um Curso de Forma\u00e7\u00e3o Profissional"}]},{"@type":"WebSite","@id":"https:\/\/www.cfm.co.mz\/#website","url":"https:\/\/www.cfm.co.mz\/","name":"CFM - Caminhos De Ferros de Mo\u00e7ambique","description":"Ampliando Horizontes","publisher":{"@id":"https:\/\/www.cfm.co.mz\/#organization"},"potentialAction":[{"@type":"SearchAction","target":{"@type":"EntryPoint","urlTemplate":"https:\/\/www.cfm.co.mz\/?s={search_term_string}"},"query-input":{"@type":"PropertyValueSpecification","valueRequired":true,"valueName":"search_term_string"}}],"inLanguage":"en-US"},{"@type":"Organization","@id":"https:\/\/www.cfm.co.mz\/#organization","name":"CFM - Caminhos De Ferros de Mo\u00e7ambique","url":"https:\/\/www.cfm.co.mz\/","logo":{"@type":"ImageObject","inLanguage":"en-US","@id":"https:\/\/www.cfm.co.mz\/#\/schema\/logo\/image\/","url":"https:\/\/www.cfm.co.mz\/wp-content\/uploads\/2025\/07\/be5f0679-4f5b-4d02-9719-a26ceed29162.jpg","contentUrl":"https:\/\/www.cfm.co.mz\/wp-content\/uploads\/2025\/07\/be5f0679-4f5b-4d02-9719-a26ceed29162.jpg","width":400,"height":65,"caption":"CFM - Caminhos De Ferros de Mo\u00e7ambique"},"image":{"@id":"https:\/\/www.cfm.co.mz\/#\/schema\/logo\/image\/"},"sameAs":["https:\/\/www.facebook.com\/CFMMoz","https:\/\/www.linkedin.com\/company\/caminhos-de-ferro-de-moambique\/"]},{"@type":"Person","@id":"https:\/\/www.cfm.co.mz\/#\/schema\/person\/3e9ce142c56e7938ec1a4908f0636cc2","name":"Super User","image":{"@type":"ImageObject","inLanguage":"en-US","@id":"https:\/\/www.cfm.co.mz\/#\/schema\/person\/image\/","url":"https:\/\/www.cfm.co.mz\/wp-content\/litespeed\/avatar\/1950724abc4e9ac04a0d842cb44cc541.jpg?ver=1777454475","contentUrl":"https:\/\/www.cfm.co.mz\/wp-content\/litespeed\/avatar\/1950724abc4e9ac04a0d842cb44cc541.jpg?ver=1777454475","caption":"Super User"},"url":"https:\/\/www.cfm.co.mz\/en\/author\/dotcom\/"}]}},"_links":{"self":[{"href":"https:\/\/www.cfm.co.mz\/en\/wp-json\/wp\/v2\/posts\/8601","targetHints":{"allow":["GET"]}}],"collection":[{"href":"https:\/\/www.cfm.co.mz\/en\/wp-json\/wp\/v2\/posts"}],"about":[{"href":"https:\/\/www.cfm.co.mz\/en\/wp-json\/wp\/v2\/types\/post"}],"author":[{"embeddable":true,"href":"https:\/\/www.cfm.co.mz\/en\/wp-json\/wp\/v2\/users\/89"}],"replies":[{"embeddable":true,"href":"https:\/\/www.cfm.co.mz\/en\/wp-json\/wp\/v2\/comments?post=8601"}],"version-history":[{"count":0,"href":"https:\/\/www.cfm.co.mz\/en\/wp-json\/wp\/v2\/posts\/8601\/revisions"}],"wp:featuredmedia":[{"embeddable":true,"href":"https:\/\/www.cfm.co.mz\/en\/wp-json\/wp\/v2\/media\/8598"}],"wp:attachment":[{"href":"https:\/\/www.cfm.co.mz\/en\/wp-json\/wp\/v2\/media?parent=8601"}],"wp:term":[{"taxonomy":"category","embeddable":true,"href":"https:\/\/www.cfm.co.mz\/en\/wp-json\/wp\/v2\/categories?post=8601"},{"taxonomy":"post_tag","embeddable":true,"href":"https:\/\/www.cfm.co.mz\/en\/wp-json\/wp\/v2\/tags?post=8601"}],"curies":[{"name":"wp","href":"https:\/\/api.w.org\/{rel}","templated":true}]}}