{"id":8597,"date":"2014-05-06T10:18:30","date_gmt":"2014-05-06T10:18:30","guid":{"rendered":"https:\/\/www.cfm.co.mz\/2014\/05\/06\/cfm-realiza-o-xviii-conselho-de-directores\/"},"modified":"2014-05-06T10:18:30","modified_gmt":"2014-05-06T10:18:30","slug":"cfm-realiza-o-xviii-conselho-de-directores","status":"publish","type":"post","link":"https:\/\/www.cfm.co.mz\/en\/2014\/05\/06\/cfm-realiza-o-xviii-conselho-de-directores\/","title":{"rendered":"CFM realiza o XVIII Conselho de Directores"},"content":{"rendered":"<p style=\"text-align: justify;\"><img decoding=\"async\" class=\"alignleft size-full wp-image-8594\" style=\"margin-right: 10px; margin-top: 5px; float: left;\" src=\"http:\/\/www.cfm.co.mz\/wp-content\/uploads\/2014\/05\/conselho-directores1.jpg\" alt=\"conselho-directores1\" width=\"250\" height=\"147\" \/>Decorreu, no edif\u00edcio da Direc\u00e7\u00e3o Executiva Centro, na cidade da Beira, nos dias 24 e 25 de Abril de 2014, o XVIII Conselho de Directores da Empresa Portos e Caminhos de Ferro de Mo\u00e7ambique- CFM, um evento que visava discutir sobre os aspectos de gest\u00e3o da empresa, com destaque para a mensura\u00e7\u00e3o do grau de implementa\u00e7\u00e3o dos grandes Projectos ora em curso, bem como os desafios e solu\u00e7\u00f5es para o aumento da capacidade profissional dos trabalhadores, atrav\u00e9s da intensifica\u00e7\u00e3o de ac\u00e7\u00f5es de forma\u00e7\u00e3o e avalia\u00e7\u00e3o de desempenho profissional permanentes.<\/p>\n<p><!--more--><\/p>\n<p style=\"text-align: justify;\">O evento, cuja sess\u00e3o de Abertura foi dirigida por Sexa. o Governador da prov\u00edncia de Sofala, Dr. F\u00e9lix Paulo, reuniu todos os Directores Executivos das tr\u00eas regi\u00f5es do Pa\u00eds, Directores por fun\u00e7\u00e3o, Consultores, Assessores, para al\u00e9m dos membros do Conselho de Administra\u00e7\u00e3o.<\/p>\n<p style=\"text-align: justify;\">Durante as sess\u00f5es de debates ficou constatado que a empresa teve um desempenho global de 2013 acima do que foi conseguido no ano de 2012, facto que encoraja o executivo a trabalhar mais, de modo a que <em>\u201ca Empresa Portos e Caminhos de Ferro continue a registar esses \u00edndices de crescimento e possa corresponder \u00e0 grandeza da sua dimens\u00e3o centen\u00e1ria\u201c<\/em>, frisou o Presidente do Conselho de Administra\u00e7\u00e3o, Dr. Victor Gomes na sua interven\u00e7\u00e3o.<\/p>\n<p style=\"text-align: justify;\"><img decoding=\"async\" class=\"alignright size-full wp-image-8595\" style=\"margin-left: 10px; margin-top: 5px; float: right;\" src=\"http:\/\/www.cfm.co.mz\/wp-content\/uploads\/2014\/05\/PCA-CFM.jpg\" alt=\"PCA-CFM\" width=\"250\" height=\"187\" \/>V\u00edctor Gomes exortou, ainda, os participantes para pautarem por uma actua\u00e7\u00e3o baseada em <em>\u201cprinc\u00edpios de boa governan\u00e7a\u201c<\/em>, tendo em vista a concretiza\u00e7\u00e3o dos grandes projectos que a empresa est\u00e1 envolvida, designadamente, o <em>Projecto de Constru\u00e7\u00e3o da Linha f\u00e9rrea entre Moatize e Nacala<\/em>; o <em>Projecto de Reabilita\u00e7\u00e3o e Constru\u00e7\u00e3o de Novas infra-estruturas do Porto de Nacala<\/em>; o <em>Projecto de Desenvolvimento de Nova Terminal de hidrocarbonetos no Porto de Palma<\/em>; a <em>Conclus\u00e3o do Projecto de Aumento da Capacidade da Linha de Sena para 20MTPA<\/em> &#8211; s\u00f3 para citar alguns exemplos.<\/p>\n<p style=\"text-align: justify;\">O PCA do CFM fez saber que o n\u00edvel de investimentos dos projectos mencionados demanda grandes aplica\u00e7\u00f5es financeiras, valores que a empresa, sozinha, n\u00e3o det\u00e9m. <em>\u201cA busca de solu\u00e7\u00f5es financeiras internas ou de parceiros ser\u00e1 imperativo, com vista a criarem-se condi\u00e7\u00f5es log\u00edsticas que o Pa\u00eds demanda\u201c<\/em>.<\/p>\n<p style=\"text-align: justify;\"><img decoding=\"async\" class=\"alignleft size-full wp-image-8596\" style=\"margin-right: 10px; margin-top: 5px; float: left;\" src=\"http:\/\/www.cfm.co.mz\/wp-content\/uploads\/2014\/05\/carruagempassageiros.jpg\" alt=\"carruagempassageiros\" width=\"250\" height=\"126\" \/>Para terminar Victor Gomes apontou, como outro desafio para a empresa, no dom\u00ednio da Responsabilidade Social, a componente do transporte de passageiros. Segundo ele, <em>\u201cprecisamos, muito rapidamente, delinear e implementar estrat\u00e9gias visando alocar mais carruagens para que possamos prestar este servi\u00e7o com a necess\u00e1ria comodidade e seguran\u00e7a, contribuindo para a mitiga\u00e7\u00e3o do problema da falta de transporte urbano e inter-urbano de passageiros\u201c<\/em>.<\/p>","protected":false},"excerpt":{"rendered":"<p>Decorreu, no edif\u00edcio da Direc\u00e7\u00e3o Executiva Centro, na cidade da Beira, nos dias 24 e 25 de Abril de 2014, o XVIII Conselho de Directores da Empresa Portos e Caminhos de Ferro de Mo\u00e7ambique- CFM, um evento que visava discutir sobre os aspectos de gest\u00e3o da empresa, com destaque para a mensura\u00e7\u00e3o do grau de implementa\u00e7\u00e3o dos grandes Projectos ora em curso, bem como os desafios e solu\u00e7\u00f5es para o aumento da capacidade profissional dos trabalhadores, atrav\u00e9s da intensifica\u00e7\u00e3o de ac\u00e7\u00f5es de forma\u00e7\u00e3o e avalia\u00e7\u00e3o de desempenho profissional permanentes.<\/p>","protected":false},"author":89,"featured_media":8594,"comment_status":"open","ping_status":"open","sticky":false,"template":"","format":"standard","meta":{"_acf_changed":false,"pgc_sgb_lightbox_settings":"","footnotes":""},"categories":[680],"tags":[],"class_list":["post-8597","post","type-post","status-publish","format-standard","has-post-thumbnail","hentry","category-noticias"],"acf":[],"yoast_head":"<!-- This site is optimized with the Yoast SEO plugin v26.5 - https:\/\/yoast.com\/wordpress\/plugins\/seo\/ -->\n<title>CFM realiza o XVIII Conselho de Directores - CFM - Caminhos De Ferros de Mo\u00e7ambique<\/title>\n<meta name=\"robots\" content=\"index, follow, max-snippet:-1, max-image-preview:large, max-video-preview:-1\" \/>\n<link rel=\"canonical\" href=\"https:\/\/www.cfm.co.mz\/en\/2014\/05\/06\/cfm-realiza-o-xviii-conselho-de-directores\/\" \/>\n<meta property=\"og:locale\" content=\"en_US\" \/>\n<meta property=\"og:type\" content=\"article\" \/>\n<meta property=\"og:title\" content=\"CFM realiza o XVIII Conselho de Directores - CFM - Caminhos De Ferros de Mo\u00e7ambique\" \/>\n<meta property=\"og:description\" content=\"Decorreu, no edif\u00edcio da Direc\u00e7\u00e3o Executiva Centro, na cidade da Beira, nos dias 24 e 25 de Abril de 2014, o XVIII Conselho de Directores da Empresa Portos e Caminhos de Ferro de Mo\u00e7ambique- CFM, um evento que visava discutir sobre os aspectos de gest\u00e3o da empresa, com destaque para a mensura\u00e7\u00e3o do grau de implementa\u00e7\u00e3o dos grandes Projectos ora em curso, bem como os desafios e solu\u00e7\u00f5es para o aumento da capacidade profissional dos trabalhadores, atrav\u00e9s da intensifica\u00e7\u00e3o de ac\u00e7\u00f5es de forma\u00e7\u00e3o e avalia\u00e7\u00e3o de desempenho profissional permanentes.\" \/>\n<meta property=\"og:url\" content=\"https:\/\/www.cfm.co.mz\/en\/2014\/05\/06\/cfm-realiza-o-xviii-conselho-de-directores\/\" \/>\n<meta property=\"og:site_name\" content=\"CFM - Caminhos De Ferros de Mo\u00e7ambique\" \/>\n<meta property=\"article:publisher\" content=\"https:\/\/www.facebook.com\/CFMMoz\" \/>\n<meta property=\"article:published_time\" content=\"2014-05-06T10:18:30+00:00\" \/>\n<meta property=\"og:image\" content=\"https:\/\/www.cfm.co.mz\/wp-content\/uploads\/2014\/05\/conselho-directores1.jpg\" \/>\n\t<meta property=\"og:image:width\" content=\"250\" \/>\n\t<meta property=\"og:image:height\" content=\"147\" \/>\n\t<meta property=\"og:image:type\" content=\"image\/jpeg\" \/>\n<meta name=\"author\" content=\"Super User\" \/>\n<meta name=\"twitter:card\" content=\"summary_large_image\" \/>\n<meta name=\"twitter:label1\" content=\"Written by\" \/>\n\t<meta name=\"twitter:data1\" content=\"Super User\" \/>\n\t<meta name=\"twitter:label2\" content=\"Est. reading time\" \/>\n\t<meta name=\"twitter:data2\" content=\"2 minutes\" \/>\n<script type=\"application\/ld+json\" class=\"yoast-schema-graph\">{\"@context\":\"https:\/\/schema.org\",\"@graph\":[{\"@type\":\"Article\",\"@id\":\"https:\/\/www.cfm.co.mz\/2014\/05\/06\/cfm-realiza-o-xviii-conselho-de-directores\/#article\",\"isPartOf\":{\"@id\":\"https:\/\/www.cfm.co.mz\/2014\/05\/06\/cfm-realiza-o-xviii-conselho-de-directores\/\"},\"author\":{\"name\":\"Super User\",\"@id\":\"https:\/\/www.cfm.co.mz\/#\/schema\/person\/3e9ce142c56e7938ec1a4908f0636cc2\"},\"headline\":\"CFM realiza o XVIII Conselho de Directores\",\"datePublished\":\"2014-05-06T10:18:30+00:00\",\"mainEntityOfPage\":{\"@id\":\"https:\/\/www.cfm.co.mz\/2014\/05\/06\/cfm-realiza-o-xviii-conselho-de-directores\/\"},\"wordCount\":451,\"commentCount\":0,\"publisher\":{\"@id\":\"https:\/\/www.cfm.co.mz\/#organization\"},\"image\":{\"@id\":\"https:\/\/www.cfm.co.mz\/2014\/05\/06\/cfm-realiza-o-xviii-conselho-de-directores\/#primaryimage\"},\"thumbnailUrl\":\"https:\/\/www.cfm.co.mz\/wp-content\/uploads\/2014\/05\/conselho-directores1.jpg\",\"articleSection\":[\"Noticias\"],\"inLanguage\":\"en-US\",\"potentialAction\":[{\"@type\":\"CommentAction\",\"name\":\"Comment\",\"target\":[\"https:\/\/www.cfm.co.mz\/2014\/05\/06\/cfm-realiza-o-xviii-conselho-de-directores\/#respond\"]}]},{\"@type\":\"WebPage\",\"@id\":\"https:\/\/www.cfm.co.mz\/2014\/05\/06\/cfm-realiza-o-xviii-conselho-de-directores\/\",\"url\":\"https:\/\/www.cfm.co.mz\/2014\/05\/06\/cfm-realiza-o-xviii-conselho-de-directores\/\",\"name\":\"CFM realiza o XVIII Conselho de Directores - CFM - Caminhos De Ferros de Mo\u00e7ambique\",\"isPartOf\":{\"@id\":\"https:\/\/www.cfm.co.mz\/#website\"},\"primaryImageOfPage\":{\"@id\":\"https:\/\/www.cfm.co.mz\/2014\/05\/06\/cfm-realiza-o-xviii-conselho-de-directores\/#primaryimage\"},\"image\":{\"@id\":\"https:\/\/www.cfm.co.mz\/2014\/05\/06\/cfm-realiza-o-xviii-conselho-de-directores\/#primaryimage\"},\"thumbnailUrl\":\"https:\/\/www.cfm.co.mz\/wp-content\/uploads\/2014\/05\/conselho-directores1.jpg\",\"datePublished\":\"2014-05-06T10:18:30+00:00\",\"breadcrumb\":{\"@id\":\"https:\/\/www.cfm.co.mz\/2014\/05\/06\/cfm-realiza-o-xviii-conselho-de-directores\/#breadcrumb\"},\"inLanguage\":\"en-US\",\"potentialAction\":[{\"@type\":\"ReadAction\",\"target\":[\"https:\/\/www.cfm.co.mz\/2014\/05\/06\/cfm-realiza-o-xviii-conselho-de-directores\/\"]}]},{\"@type\":\"ImageObject\",\"inLanguage\":\"en-US\",\"@id\":\"https:\/\/www.cfm.co.mz\/2014\/05\/06\/cfm-realiza-o-xviii-conselho-de-directores\/#primaryimage\",\"url\":\"https:\/\/www.cfm.co.mz\/wp-content\/uploads\/2014\/05\/conselho-directores1.jpg\",\"contentUrl\":\"https:\/\/www.cfm.co.mz\/wp-content\/uploads\/2014\/05\/conselho-directores1.jpg\",\"width\":250,\"height\":147,\"caption\":\"conselho-directores1\"},{\"@type\":\"BreadcrumbList\",\"@id\":\"https:\/\/www.cfm.co.mz\/2014\/05\/06\/cfm-realiza-o-xviii-conselho-de-directores\/#breadcrumb\",\"itemListElement\":[{\"@type\":\"ListItem\",\"position\":1,\"name\":\"Home\",\"item\":\"https:\/\/www.cfm.co.mz\/\"},{\"@type\":\"ListItem\",\"position\":2,\"name\":\"CFM realiza o XVIII Conselho de Directores\"}]},{\"@type\":\"WebSite\",\"@id\":\"https:\/\/www.cfm.co.mz\/#website\",\"url\":\"https:\/\/www.cfm.co.mz\/\",\"name\":\"CFM - Caminhos De Ferros de Mo\u00e7ambique\",\"description\":\"Ampliando Horizontes\",\"publisher\":{\"@id\":\"https:\/\/www.cfm.co.mz\/#organization\"},\"potentialAction\":[{\"@type\":\"SearchAction\",\"target\":{\"@type\":\"EntryPoint\",\"urlTemplate\":\"https:\/\/www.cfm.co.mz\/?s={search_term_string}\"},\"query-input\":{\"@type\":\"PropertyValueSpecification\",\"valueRequired\":true,\"valueName\":\"search_term_string\"}}],\"inLanguage\":\"en-US\"},{\"@type\":\"Organization\",\"@id\":\"https:\/\/www.cfm.co.mz\/#organization\",\"name\":\"CFM - Caminhos De Ferros de Mo\u00e7ambique\",\"url\":\"https:\/\/www.cfm.co.mz\/\",\"logo\":{\"@type\":\"ImageObject\",\"inLanguage\":\"en-US\",\"@id\":\"https:\/\/www.cfm.co.mz\/#\/schema\/logo\/image\/\",\"url\":\"https:\/\/www.cfm.co.mz\/wp-content\/uploads\/2025\/07\/be5f0679-4f5b-4d02-9719-a26ceed29162.jpg\",\"contentUrl\":\"https:\/\/www.cfm.co.mz\/wp-content\/uploads\/2025\/07\/be5f0679-4f5b-4d02-9719-a26ceed29162.jpg\",\"width\":400,\"height\":65,\"caption\":\"CFM - Caminhos De Ferros de Mo\u00e7ambique\"},\"image\":{\"@id\":\"https:\/\/www.cfm.co.mz\/#\/schema\/logo\/image\/\"},\"sameAs\":[\"https:\/\/www.facebook.com\/CFMMoz\",\"https:\/\/www.linkedin.com\/company\/caminhos-de-ferro-de-moambique\/\"]},{\"@type\":\"Person\",\"@id\":\"https:\/\/www.cfm.co.mz\/#\/schema\/person\/3e9ce142c56e7938ec1a4908f0636cc2\",\"name\":\"Super User\",\"image\":{\"@type\":\"ImageObject\",\"inLanguage\":\"en-US\",\"@id\":\"https:\/\/www.cfm.co.mz\/#\/schema\/person\/image\/\",\"url\":\"https:\/\/www.cfm.co.mz\/wp-content\/litespeed\/avatar\/1950724abc4e9ac04a0d842cb44cc541.jpg?ver=1777454475\",\"contentUrl\":\"https:\/\/www.cfm.co.mz\/wp-content\/litespeed\/avatar\/1950724abc4e9ac04a0d842cb44cc541.jpg?ver=1777454475\",\"caption\":\"Super User\"},\"url\":\"https:\/\/www.cfm.co.mz\/en\/author\/dotcom\/\"}]}<\/script>\n<!-- \/ Yoast SEO plugin. -->","yoast_head_json":{"title":"CFM realiza o XVIII Conselho de Directores - CFM - Caminhos De Ferros de Mo\u00e7ambique","robots":{"index":"index","follow":"follow","max-snippet":"max-snippet:-1","max-image-preview":"max-image-preview:large","max-video-preview":"max-video-preview:-1"},"canonical":"https:\/\/www.cfm.co.mz\/en\/2014\/05\/06\/cfm-realiza-o-xviii-conselho-de-directores\/","og_locale":"en_US","og_type":"article","og_title":"CFM realiza o XVIII Conselho de Directores - CFM - Caminhos De Ferros de Mo\u00e7ambique","og_description":"Decorreu, no edif\u00edcio da Direc\u00e7\u00e3o Executiva Centro, na cidade da Beira, nos dias 24 e 25 de Abril de 2014, o XVIII Conselho de Directores da Empresa Portos e Caminhos de Ferro de Mo\u00e7ambique- CFM, um evento que visava discutir sobre os aspectos de gest\u00e3o da empresa, com destaque para a mensura\u00e7\u00e3o do grau de implementa\u00e7\u00e3o dos grandes Projectos ora em curso, bem como os desafios e solu\u00e7\u00f5es para o aumento da capacidade profissional dos trabalhadores, atrav\u00e9s da intensifica\u00e7\u00e3o de ac\u00e7\u00f5es de forma\u00e7\u00e3o e avalia\u00e7\u00e3o de desempenho profissional permanentes.","og_url":"https:\/\/www.cfm.co.mz\/en\/2014\/05\/06\/cfm-realiza-o-xviii-conselho-de-directores\/","og_site_name":"CFM - Caminhos De Ferros de Mo\u00e7ambique","article_publisher":"https:\/\/www.facebook.com\/CFMMoz","article_published_time":"2014-05-06T10:18:30+00:00","og_image":[{"width":250,"height":147,"url":"https:\/\/www.cfm.co.mz\/wp-content\/uploads\/2014\/05\/conselho-directores1.jpg","type":"image\/jpeg"}],"author":"Super User","twitter_card":"summary_large_image","twitter_misc":{"Written by":"Super User","Est. reading time":"2 minutes"},"schema":{"@context":"https:\/\/schema.org","@graph":[{"@type":"Article","@id":"https:\/\/www.cfm.co.mz\/2014\/05\/06\/cfm-realiza-o-xviii-conselho-de-directores\/#article","isPartOf":{"@id":"https:\/\/www.cfm.co.mz\/2014\/05\/06\/cfm-realiza-o-xviii-conselho-de-directores\/"},"author":{"name":"Super User","@id":"https:\/\/www.cfm.co.mz\/#\/schema\/person\/3e9ce142c56e7938ec1a4908f0636cc2"},"headline":"CFM realiza o XVIII Conselho de Directores","datePublished":"2014-05-06T10:18:30+00:00","mainEntityOfPage":{"@id":"https:\/\/www.cfm.co.mz\/2014\/05\/06\/cfm-realiza-o-xviii-conselho-de-directores\/"},"wordCount":451,"commentCount":0,"publisher":{"@id":"https:\/\/www.cfm.co.mz\/#organization"},"image":{"@id":"https:\/\/www.cfm.co.mz\/2014\/05\/06\/cfm-realiza-o-xviii-conselho-de-directores\/#primaryimage"},"thumbnailUrl":"https:\/\/www.cfm.co.mz\/wp-content\/uploads\/2014\/05\/conselho-directores1.jpg","articleSection":["Noticias"],"inLanguage":"en-US","potentialAction":[{"@type":"CommentAction","name":"Comment","target":["https:\/\/www.cfm.co.mz\/2014\/05\/06\/cfm-realiza-o-xviii-conselho-de-directores\/#respond"]}]},{"@type":"WebPage","@id":"https:\/\/www.cfm.co.mz\/2014\/05\/06\/cfm-realiza-o-xviii-conselho-de-directores\/","url":"https:\/\/www.cfm.co.mz\/2014\/05\/06\/cfm-realiza-o-xviii-conselho-de-directores\/","name":"CFM realiza o XVIII Conselho de Directores - CFM - Caminhos De Ferros de Mo\u00e7ambique","isPartOf":{"@id":"https:\/\/www.cfm.co.mz\/#website"},"primaryImageOfPage":{"@id":"https:\/\/www.cfm.co.mz\/2014\/05\/06\/cfm-realiza-o-xviii-conselho-de-directores\/#primaryimage"},"image":{"@id":"https:\/\/www.cfm.co.mz\/2014\/05\/06\/cfm-realiza-o-xviii-conselho-de-directores\/#primaryimage"},"thumbnailUrl":"https:\/\/www.cfm.co.mz\/wp-content\/uploads\/2014\/05\/conselho-directores1.jpg","datePublished":"2014-05-06T10:18:30+00:00","breadcrumb":{"@id":"https:\/\/www.cfm.co.mz\/2014\/05\/06\/cfm-realiza-o-xviii-conselho-de-directores\/#breadcrumb"},"inLanguage":"en-US","potentialAction":[{"@type":"ReadAction","target":["https:\/\/www.cfm.co.mz\/2014\/05\/06\/cfm-realiza-o-xviii-conselho-de-directores\/"]}]},{"@type":"ImageObject","inLanguage":"en-US","@id":"https:\/\/www.cfm.co.mz\/2014\/05\/06\/cfm-realiza-o-xviii-conselho-de-directores\/#primaryimage","url":"https:\/\/www.cfm.co.mz\/wp-content\/uploads\/2014\/05\/conselho-directores1.jpg","contentUrl":"https:\/\/www.cfm.co.mz\/wp-content\/uploads\/2014\/05\/conselho-directores1.jpg","width":250,"height":147,"caption":"conselho-directores1"},{"@type":"BreadcrumbList","@id":"https:\/\/www.cfm.co.mz\/2014\/05\/06\/cfm-realiza-o-xviii-conselho-de-directores\/#breadcrumb","itemListElement":[{"@type":"ListItem","position":1,"name":"Home","item":"https:\/\/www.cfm.co.mz\/"},{"@type":"ListItem","position":2,"name":"CFM realiza o XVIII Conselho de Directores"}]},{"@type":"WebSite","@id":"https:\/\/www.cfm.co.mz\/#website","url":"https:\/\/www.cfm.co.mz\/","name":"CFM - Caminhos De Ferros de Mo\u00e7ambique","description":"Ampliando Horizontes","publisher":{"@id":"https:\/\/www.cfm.co.mz\/#organization"},"potentialAction":[{"@type":"SearchAction","target":{"@type":"EntryPoint","urlTemplate":"https:\/\/www.cfm.co.mz\/?s={search_term_string}"},"query-input":{"@type":"PropertyValueSpecification","valueRequired":true,"valueName":"search_term_string"}}],"inLanguage":"en-US"},{"@type":"Organization","@id":"https:\/\/www.cfm.co.mz\/#organization","name":"CFM - Caminhos De Ferros de Mo\u00e7ambique","url":"https:\/\/www.cfm.co.mz\/","logo":{"@type":"ImageObject","inLanguage":"en-US","@id":"https:\/\/www.cfm.co.mz\/#\/schema\/logo\/image\/","url":"https:\/\/www.cfm.co.mz\/wp-content\/uploads\/2025\/07\/be5f0679-4f5b-4d02-9719-a26ceed29162.jpg","contentUrl":"https:\/\/www.cfm.co.mz\/wp-content\/uploads\/2025\/07\/be5f0679-4f5b-4d02-9719-a26ceed29162.jpg","width":400,"height":65,"caption":"CFM - Caminhos De Ferros de Mo\u00e7ambique"},"image":{"@id":"https:\/\/www.cfm.co.mz\/#\/schema\/logo\/image\/"},"sameAs":["https:\/\/www.facebook.com\/CFMMoz","https:\/\/www.linkedin.com\/company\/caminhos-de-ferro-de-moambique\/"]},{"@type":"Person","@id":"https:\/\/www.cfm.co.mz\/#\/schema\/person\/3e9ce142c56e7938ec1a4908f0636cc2","name":"Super User","image":{"@type":"ImageObject","inLanguage":"en-US","@id":"https:\/\/www.cfm.co.mz\/#\/schema\/person\/image\/","url":"https:\/\/www.cfm.co.mz\/wp-content\/litespeed\/avatar\/1950724abc4e9ac04a0d842cb44cc541.jpg?ver=1777454475","contentUrl":"https:\/\/www.cfm.co.mz\/wp-content\/litespeed\/avatar\/1950724abc4e9ac04a0d842cb44cc541.jpg?ver=1777454475","caption":"Super User"},"url":"https:\/\/www.cfm.co.mz\/en\/author\/dotcom\/"}]}},"_links":{"self":[{"href":"https:\/\/www.cfm.co.mz\/en\/wp-json\/wp\/v2\/posts\/8597","targetHints":{"allow":["GET"]}}],"collection":[{"href":"https:\/\/www.cfm.co.mz\/en\/wp-json\/wp\/v2\/posts"}],"about":[{"href":"https:\/\/www.cfm.co.mz\/en\/wp-json\/wp\/v2\/types\/post"}],"author":[{"embeddable":true,"href":"https:\/\/www.cfm.co.mz\/en\/wp-json\/wp\/v2\/users\/89"}],"replies":[{"embeddable":true,"href":"https:\/\/www.cfm.co.mz\/en\/wp-json\/wp\/v2\/comments?post=8597"}],"version-history":[{"count":0,"href":"https:\/\/www.cfm.co.mz\/en\/wp-json\/wp\/v2\/posts\/8597\/revisions"}],"wp:featuredmedia":[{"embeddable":true,"href":"https:\/\/www.cfm.co.mz\/en\/wp-json\/wp\/v2\/media\/8594"}],"wp:attachment":[{"href":"https:\/\/www.cfm.co.mz\/en\/wp-json\/wp\/v2\/media?parent=8597"}],"wp:term":[{"taxonomy":"category","embeddable":true,"href":"https:\/\/www.cfm.co.mz\/en\/wp-json\/wp\/v2\/categories?post=8597"},{"taxonomy":"post_tag","embeddable":true,"href":"https:\/\/www.cfm.co.mz\/en\/wp-json\/wp\/v2\/tags?post=8597"}],"curies":[{"name":"wp","href":"https:\/\/api.w.org\/{rel}","templated":true}]}}