{"id":8583,"date":"2014-03-18T05:59:00","date_gmt":"2014-03-18T05:59:00","guid":{"rendered":"https:\/\/www.cfm.co.mz\/2014\/03\/18\/pca-do-cfm-participa-do-lancamento-da-primeira-pedra-da-reabilitacao-do-porto-de-nacala\/"},"modified":"2014-03-18T05:59:00","modified_gmt":"2014-03-18T05:59:00","slug":"pca-do-cfm-participa-do-lancamento-da-primeira-pedra-da-reabilitacao-do-porto-de-nacala","status":"publish","type":"post","link":"https:\/\/www.cfm.co.mz\/en\/2014\/03\/18\/pca-do-cfm-participa-do-lancamento-da-primeira-pedra-da-reabilitacao-do-porto-de-nacala\/","title":{"rendered":"PCA do CFM participa do Lan\u00e7amento da Primeira Pedra da Reabilita\u00e7\u00e3o do Porto de Nacala"},"content":{"rendered":"<p><img decoding=\"async\" class=\"alignleft size-full wp-image-8580\" style=\"margin-right: 10px; float: left;\" src=\"http:\/\/www.cfm.co.mz\/wp-content\/uploads\/2014\/03\/lancamento-1-pedra.jpg\" alt=\"lancamento-1-pedra\" width=\"200\" height=\"146\" \/>O Presidente do Conselho de Administra\u00e7\u00e3o do CFM, Dr. Victor Gomes, participou, no passado dia 12 de Mar\u00e7o, na cidade portu\u00e1ria de Nacala, prov\u00edncia de Nampula, da Cerim\u00f3nia de Lan\u00e7amento da 1\u00aa Pedra das Obras de Reabilita\u00e7\u00e3o do Porto de Nacala.<\/p>\n<p><!--more--><\/p>\n<p>Estiveram presentes na Cerim\u00f3nia, para al\u00e9m de Sua Excel\u00eancia o Ministro dos Transportes e Comunica\u00e7\u00f5es, Dr. Gabriel Muthisse, que presidiu o acto, o Presidente do Conselho Municipal de Nacala, o Embaixador do Jap\u00e3o em Mo\u00e7ambique, Representantes das empresas JICA e Penta Ocean, bem como o Director Executivo do Corredor de Desenvolvimento Norte (CDN) e o Presidente da Comiss\u00e3o Executiva da Portos Norte.<\/p>\n<p><img decoding=\"async\" class=\"alignright size-full wp-image-8581\" style=\"margin-left: 10px; float: right;\" src=\"http:\/\/www.cfm.co.mz\/wp-content\/uploads\/2014\/03\/lancamento-2-pedra.jpg\" alt=\"lancamento-2-pedra\" width=\"200\" height=\"113\" \/>Na sua interven\u00e7\u00e3o, o PCA do CFM considerou que, com o lan\u00e7amento da 1\u00aa pedra, <em>\u201cestamos convictos de que iremos concretizar os objectivos preconizados no rol das estrat\u00e9gias de neg\u00f3cios do CDN, atrav\u00e9s do desenvolvimento de uma nova din\u00e2mica na presta\u00e7\u00e3o de servi\u00e7os com padr\u00f5es internacionalmente aceites.\u201d<\/em><\/p>\n<p>Victor Gomes destacou que, ap\u00f3s a conclus\u00e3o das obras, o valor do Porto de Nacala poder\u00e1 ser medido em 3 dimens\u00f5es: <em>\u201cecon\u00f3mica, social e ambiental\u201d<\/em>, elementos que ajudar\u00e3o a <em>\u201cestimular o comercio inter-regional, bem como de aumentar o potencial das economias dos pa\u00edses da regi\u00e3o, sobretudo, de Mo\u00e7ambique, Malawi e Z\u00e2mbia.\u201d<\/em><\/p>\n<p><a class=\"jcepopup icon-bottom-right\" type=\"image\" href=\"http:\/\/www.cfm.co.mz\/wp-content\/uploads\/2014\/03\/porto-Nacala.jpg\" target=\"_blank\" data-mediabox=\"caption[Porto de Nacala]\" rel=\"noopener\"><img decoding=\"async\" style=\"margin: 5px; float: left;\" src=\"http:\/\/www.cfm.co.mz\/wp-content\/uploads\/2014\/03\/porto-Nacala.jpg\" alt=\"porto-Nacala\" width=\"250\" height=\"160\" \/><\/a>\u00c0 margem desta Cerim\u00f3nia, o Dr. Victor Gomes aproveitou para efectuar uma visita de trabalho \u00e0 Delega\u00e7\u00e3o do CFM- Norte, tendo exortado aos trabalhadores um maior empenho, sobretudo, face \u00e0s mudan\u00e7as de opera\u00e7\u00f5es derivadas das obras ora em curso.<\/p>\n<p>&nbsp;<\/p>","protected":false},"excerpt":{"rendered":"<p>O Presidente do Conselho de Administra\u00e7\u00e3o do CFM, Dr. Victor Gomes, participou, no passado dia 12 de Mar\u00e7o, na cidade portu\u00e1ria de Nacala, prov\u00edncia de Nampula, da Cerim\u00f3nia de Lan\u00e7amento da 1\u00aa Pedra das Obras de Reabilita\u00e7\u00e3o do Porto de Nacala.<\/p>","protected":false},"author":89,"featured_media":8580,"comment_status":"open","ping_status":"open","sticky":false,"template":"","format":"standard","meta":{"_acf_changed":false,"pgc_sgb_lightbox_settings":"","footnotes":""},"categories":[680],"tags":[],"class_list":["post-8583","post","type-post","status-publish","format-standard","has-post-thumbnail","hentry","category-noticias"],"acf":[],"yoast_head":"<!-- This site is optimized with the Yoast SEO plugin v26.5 - https:\/\/yoast.com\/wordpress\/plugins\/seo\/ -->\n<title>PCA do CFM participa do Lan\u00e7amento da Primeira Pedra da Reabilita\u00e7\u00e3o do Porto de Nacala - CFM - Caminhos De Ferros de Mo\u00e7ambique<\/title>\n<meta name=\"robots\" content=\"index, follow, max-snippet:-1, max-image-preview:large, max-video-preview:-1\" \/>\n<link rel=\"canonical\" href=\"https:\/\/www.cfm.co.mz\/en\/2014\/03\/18\/pca-do-cfm-participa-do-lancamento-da-primeira-pedra-da-reabilitacao-do-porto-de-nacala\/\" \/>\n<meta property=\"og:locale\" content=\"en_US\" \/>\n<meta property=\"og:type\" content=\"article\" \/>\n<meta property=\"og:title\" content=\"PCA do CFM participa do Lan\u00e7amento da Primeira Pedra da Reabilita\u00e7\u00e3o do Porto de Nacala - CFM - Caminhos De Ferros de Mo\u00e7ambique\" \/>\n<meta property=\"og:description\" content=\"O Presidente do Conselho de Administra\u00e7\u00e3o do CFM, Dr. Victor Gomes, participou, no passado dia 12 de Mar\u00e7o, na cidade portu\u00e1ria de Nacala, prov\u00edncia de Nampula, da Cerim\u00f3nia de Lan\u00e7amento da 1\u00aa Pedra das Obras de Reabilita\u00e7\u00e3o do Porto de Nacala.\" \/>\n<meta property=\"og:url\" content=\"https:\/\/www.cfm.co.mz\/en\/2014\/03\/18\/pca-do-cfm-participa-do-lancamento-da-primeira-pedra-da-reabilitacao-do-porto-de-nacala\/\" \/>\n<meta property=\"og:site_name\" content=\"CFM - Caminhos De Ferros de Mo\u00e7ambique\" \/>\n<meta property=\"article:publisher\" content=\"https:\/\/www.facebook.com\/CFMMoz\" \/>\n<meta property=\"article:published_time\" content=\"2014-03-18T05:59:00+00:00\" \/>\n<meta property=\"og:image\" content=\"https:\/\/www.cfm.co.mz\/wp-content\/uploads\/2014\/03\/lancamento-1-pedra.jpg\" \/>\n\t<meta property=\"og:image:width\" content=\"200\" \/>\n\t<meta property=\"og:image:height\" content=\"146\" \/>\n\t<meta property=\"og:image:type\" content=\"image\/jpeg\" \/>\n<meta name=\"author\" content=\"Super User\" \/>\n<meta name=\"twitter:card\" content=\"summary_large_image\" \/>\n<meta name=\"twitter:label1\" content=\"Written by\" \/>\n\t<meta name=\"twitter:data1\" content=\"Super User\" \/>\n\t<meta name=\"twitter:label2\" content=\"Est. reading time\" \/>\n\t<meta name=\"twitter:data2\" content=\"1 minute\" \/>\n<script type=\"application\/ld+json\" class=\"yoast-schema-graph\">{\"@context\":\"https:\/\/schema.org\",\"@graph\":[{\"@type\":\"Article\",\"@id\":\"https:\/\/www.cfm.co.mz\/2014\/03\/18\/pca-do-cfm-participa-do-lancamento-da-primeira-pedra-da-reabilitacao-do-porto-de-nacala\/#article\",\"isPartOf\":{\"@id\":\"https:\/\/www.cfm.co.mz\/2014\/03\/18\/pca-do-cfm-participa-do-lancamento-da-primeira-pedra-da-reabilitacao-do-porto-de-nacala\/\"},\"author\":{\"name\":\"Super User\",\"@id\":\"https:\/\/www.cfm.co.mz\/#\/schema\/person\/3e9ce142c56e7938ec1a4908f0636cc2\"},\"headline\":\"PCA do CFM participa do Lan\u00e7amento da Primeira Pedra da Reabilita\u00e7\u00e3o do Porto de Nacala\",\"datePublished\":\"2014-03-18T05:59:00+00:00\",\"mainEntityOfPage\":{\"@id\":\"https:\/\/www.cfm.co.mz\/2014\/03\/18\/pca-do-cfm-participa-do-lancamento-da-primeira-pedra-da-reabilitacao-do-porto-de-nacala\/\"},\"wordCount\":288,\"commentCount\":0,\"publisher\":{\"@id\":\"https:\/\/www.cfm.co.mz\/#organization\"},\"image\":{\"@id\":\"https:\/\/www.cfm.co.mz\/2014\/03\/18\/pca-do-cfm-participa-do-lancamento-da-primeira-pedra-da-reabilitacao-do-porto-de-nacala\/#primaryimage\"},\"thumbnailUrl\":\"https:\/\/www.cfm.co.mz\/wp-content\/uploads\/2014\/03\/lancamento-1-pedra.jpg\",\"articleSection\":[\"Noticias\"],\"inLanguage\":\"en-US\",\"potentialAction\":[{\"@type\":\"CommentAction\",\"name\":\"Comment\",\"target\":[\"https:\/\/www.cfm.co.mz\/2014\/03\/18\/pca-do-cfm-participa-do-lancamento-da-primeira-pedra-da-reabilitacao-do-porto-de-nacala\/#respond\"]}]},{\"@type\":\"WebPage\",\"@id\":\"https:\/\/www.cfm.co.mz\/2014\/03\/18\/pca-do-cfm-participa-do-lancamento-da-primeira-pedra-da-reabilitacao-do-porto-de-nacala\/\",\"url\":\"https:\/\/www.cfm.co.mz\/2014\/03\/18\/pca-do-cfm-participa-do-lancamento-da-primeira-pedra-da-reabilitacao-do-porto-de-nacala\/\",\"name\":\"PCA do CFM participa do Lan\u00e7amento da Primeira Pedra da Reabilita\u00e7\u00e3o do Porto de Nacala - CFM - Caminhos De Ferros de Mo\u00e7ambique\",\"isPartOf\":{\"@id\":\"https:\/\/www.cfm.co.mz\/#website\"},\"primaryImageOfPage\":{\"@id\":\"https:\/\/www.cfm.co.mz\/2014\/03\/18\/pca-do-cfm-participa-do-lancamento-da-primeira-pedra-da-reabilitacao-do-porto-de-nacala\/#primaryimage\"},\"image\":{\"@id\":\"https:\/\/www.cfm.co.mz\/2014\/03\/18\/pca-do-cfm-participa-do-lancamento-da-primeira-pedra-da-reabilitacao-do-porto-de-nacala\/#primaryimage\"},\"thumbnailUrl\":\"https:\/\/www.cfm.co.mz\/wp-content\/uploads\/2014\/03\/lancamento-1-pedra.jpg\",\"datePublished\":\"2014-03-18T05:59:00+00:00\",\"breadcrumb\":{\"@id\":\"https:\/\/www.cfm.co.mz\/2014\/03\/18\/pca-do-cfm-participa-do-lancamento-da-primeira-pedra-da-reabilitacao-do-porto-de-nacala\/#breadcrumb\"},\"inLanguage\":\"en-US\",\"potentialAction\":[{\"@type\":\"ReadAction\",\"target\":[\"https:\/\/www.cfm.co.mz\/2014\/03\/18\/pca-do-cfm-participa-do-lancamento-da-primeira-pedra-da-reabilitacao-do-porto-de-nacala\/\"]}]},{\"@type\":\"ImageObject\",\"inLanguage\":\"en-US\",\"@id\":\"https:\/\/www.cfm.co.mz\/2014\/03\/18\/pca-do-cfm-participa-do-lancamento-da-primeira-pedra-da-reabilitacao-do-porto-de-nacala\/#primaryimage\",\"url\":\"https:\/\/www.cfm.co.mz\/wp-content\/uploads\/2014\/03\/lancamento-1-pedra.jpg\",\"contentUrl\":\"https:\/\/www.cfm.co.mz\/wp-content\/uploads\/2014\/03\/lancamento-1-pedra.jpg\",\"width\":200,\"height\":146,\"caption\":\"lancamento-1-pedra\"},{\"@type\":\"BreadcrumbList\",\"@id\":\"https:\/\/www.cfm.co.mz\/2014\/03\/18\/pca-do-cfm-participa-do-lancamento-da-primeira-pedra-da-reabilitacao-do-porto-de-nacala\/#breadcrumb\",\"itemListElement\":[{\"@type\":\"ListItem\",\"position\":1,\"name\":\"Home\",\"item\":\"https:\/\/www.cfm.co.mz\/\"},{\"@type\":\"ListItem\",\"position\":2,\"name\":\"PCA do CFM participa do Lan\u00e7amento da Primeira Pedra da Reabilita\u00e7\u00e3o do Porto de Nacala\"}]},{\"@type\":\"WebSite\",\"@id\":\"https:\/\/www.cfm.co.mz\/#website\",\"url\":\"https:\/\/www.cfm.co.mz\/\",\"name\":\"CFM - Caminhos De Ferros de Mo\u00e7ambique\",\"description\":\"Ampliando Horizontes\",\"publisher\":{\"@id\":\"https:\/\/www.cfm.co.mz\/#organization\"},\"potentialAction\":[{\"@type\":\"SearchAction\",\"target\":{\"@type\":\"EntryPoint\",\"urlTemplate\":\"https:\/\/www.cfm.co.mz\/?s={search_term_string}\"},\"query-input\":{\"@type\":\"PropertyValueSpecification\",\"valueRequired\":true,\"valueName\":\"search_term_string\"}}],\"inLanguage\":\"en-US\"},{\"@type\":\"Organization\",\"@id\":\"https:\/\/www.cfm.co.mz\/#organization\",\"name\":\"CFM - Caminhos De Ferros de Mo\u00e7ambique\",\"url\":\"https:\/\/www.cfm.co.mz\/\",\"logo\":{\"@type\":\"ImageObject\",\"inLanguage\":\"en-US\",\"@id\":\"https:\/\/www.cfm.co.mz\/#\/schema\/logo\/image\/\",\"url\":\"https:\/\/www.cfm.co.mz\/wp-content\/uploads\/2025\/07\/be5f0679-4f5b-4d02-9719-a26ceed29162.jpg\",\"contentUrl\":\"https:\/\/www.cfm.co.mz\/wp-content\/uploads\/2025\/07\/be5f0679-4f5b-4d02-9719-a26ceed29162.jpg\",\"width\":400,\"height\":65,\"caption\":\"CFM - Caminhos De Ferros de Mo\u00e7ambique\"},\"image\":{\"@id\":\"https:\/\/www.cfm.co.mz\/#\/schema\/logo\/image\/\"},\"sameAs\":[\"https:\/\/www.facebook.com\/CFMMoz\",\"https:\/\/www.linkedin.com\/company\/caminhos-de-ferro-de-moambique\/\"]},{\"@type\":\"Person\",\"@id\":\"https:\/\/www.cfm.co.mz\/#\/schema\/person\/3e9ce142c56e7938ec1a4908f0636cc2\",\"name\":\"Super User\",\"image\":{\"@type\":\"ImageObject\",\"inLanguage\":\"en-US\",\"@id\":\"https:\/\/www.cfm.co.mz\/#\/schema\/person\/image\/\",\"url\":\"https:\/\/www.cfm.co.mz\/wp-content\/litespeed\/avatar\/1950724abc4e9ac04a0d842cb44cc541.jpg?ver=1777454475\",\"contentUrl\":\"https:\/\/www.cfm.co.mz\/wp-content\/litespeed\/avatar\/1950724abc4e9ac04a0d842cb44cc541.jpg?ver=1777454475\",\"caption\":\"Super User\"},\"url\":\"https:\/\/www.cfm.co.mz\/en\/author\/dotcom\/\"}]}<\/script>\n<!-- \/ Yoast SEO plugin. -->","yoast_head_json":{"title":"PCA do CFM participa do Lan\u00e7amento da Primeira Pedra da Reabilita\u00e7\u00e3o do Porto de Nacala - CFM - Caminhos De Ferros de Mo\u00e7ambique","robots":{"index":"index","follow":"follow","max-snippet":"max-snippet:-1","max-image-preview":"max-image-preview:large","max-video-preview":"max-video-preview:-1"},"canonical":"https:\/\/www.cfm.co.mz\/en\/2014\/03\/18\/pca-do-cfm-participa-do-lancamento-da-primeira-pedra-da-reabilitacao-do-porto-de-nacala\/","og_locale":"en_US","og_type":"article","og_title":"PCA do CFM participa do Lan\u00e7amento da Primeira Pedra da Reabilita\u00e7\u00e3o do Porto de Nacala - CFM - Caminhos De Ferros de Mo\u00e7ambique","og_description":"O Presidente do Conselho de Administra\u00e7\u00e3o do CFM, Dr. Victor Gomes, participou, no passado dia 12 de Mar\u00e7o, na cidade portu\u00e1ria de Nacala, prov\u00edncia de Nampula, da Cerim\u00f3nia de Lan\u00e7amento da 1\u00aa Pedra das Obras de Reabilita\u00e7\u00e3o do Porto de Nacala.","og_url":"https:\/\/www.cfm.co.mz\/en\/2014\/03\/18\/pca-do-cfm-participa-do-lancamento-da-primeira-pedra-da-reabilitacao-do-porto-de-nacala\/","og_site_name":"CFM - Caminhos De Ferros de Mo\u00e7ambique","article_publisher":"https:\/\/www.facebook.com\/CFMMoz","article_published_time":"2014-03-18T05:59:00+00:00","og_image":[{"width":200,"height":146,"url":"https:\/\/www.cfm.co.mz\/wp-content\/uploads\/2014\/03\/lancamento-1-pedra.jpg","type":"image\/jpeg"}],"author":"Super User","twitter_card":"summary_large_image","twitter_misc":{"Written by":"Super User","Est. reading time":"1 minute"},"schema":{"@context":"https:\/\/schema.org","@graph":[{"@type":"Article","@id":"https:\/\/www.cfm.co.mz\/2014\/03\/18\/pca-do-cfm-participa-do-lancamento-da-primeira-pedra-da-reabilitacao-do-porto-de-nacala\/#article","isPartOf":{"@id":"https:\/\/www.cfm.co.mz\/2014\/03\/18\/pca-do-cfm-participa-do-lancamento-da-primeira-pedra-da-reabilitacao-do-porto-de-nacala\/"},"author":{"name":"Super User","@id":"https:\/\/www.cfm.co.mz\/#\/schema\/person\/3e9ce142c56e7938ec1a4908f0636cc2"},"headline":"PCA do CFM participa do Lan\u00e7amento da Primeira Pedra da Reabilita\u00e7\u00e3o do Porto de Nacala","datePublished":"2014-03-18T05:59:00+00:00","mainEntityOfPage":{"@id":"https:\/\/www.cfm.co.mz\/2014\/03\/18\/pca-do-cfm-participa-do-lancamento-da-primeira-pedra-da-reabilitacao-do-porto-de-nacala\/"},"wordCount":288,"commentCount":0,"publisher":{"@id":"https:\/\/www.cfm.co.mz\/#organization"},"image":{"@id":"https:\/\/www.cfm.co.mz\/2014\/03\/18\/pca-do-cfm-participa-do-lancamento-da-primeira-pedra-da-reabilitacao-do-porto-de-nacala\/#primaryimage"},"thumbnailUrl":"https:\/\/www.cfm.co.mz\/wp-content\/uploads\/2014\/03\/lancamento-1-pedra.jpg","articleSection":["Noticias"],"inLanguage":"en-US","potentialAction":[{"@type":"CommentAction","name":"Comment","target":["https:\/\/www.cfm.co.mz\/2014\/03\/18\/pca-do-cfm-participa-do-lancamento-da-primeira-pedra-da-reabilitacao-do-porto-de-nacala\/#respond"]}]},{"@type":"WebPage","@id":"https:\/\/www.cfm.co.mz\/2014\/03\/18\/pca-do-cfm-participa-do-lancamento-da-primeira-pedra-da-reabilitacao-do-porto-de-nacala\/","url":"https:\/\/www.cfm.co.mz\/2014\/03\/18\/pca-do-cfm-participa-do-lancamento-da-primeira-pedra-da-reabilitacao-do-porto-de-nacala\/","name":"PCA do CFM participa do Lan\u00e7amento da Primeira Pedra da Reabilita\u00e7\u00e3o do Porto de Nacala - CFM - Caminhos De Ferros de Mo\u00e7ambique","isPartOf":{"@id":"https:\/\/www.cfm.co.mz\/#website"},"primaryImageOfPage":{"@id":"https:\/\/www.cfm.co.mz\/2014\/03\/18\/pca-do-cfm-participa-do-lancamento-da-primeira-pedra-da-reabilitacao-do-porto-de-nacala\/#primaryimage"},"image":{"@id":"https:\/\/www.cfm.co.mz\/2014\/03\/18\/pca-do-cfm-participa-do-lancamento-da-primeira-pedra-da-reabilitacao-do-porto-de-nacala\/#primaryimage"},"thumbnailUrl":"https:\/\/www.cfm.co.mz\/wp-content\/uploads\/2014\/03\/lancamento-1-pedra.jpg","datePublished":"2014-03-18T05:59:00+00:00","breadcrumb":{"@id":"https:\/\/www.cfm.co.mz\/2014\/03\/18\/pca-do-cfm-participa-do-lancamento-da-primeira-pedra-da-reabilitacao-do-porto-de-nacala\/#breadcrumb"},"inLanguage":"en-US","potentialAction":[{"@type":"ReadAction","target":["https:\/\/www.cfm.co.mz\/2014\/03\/18\/pca-do-cfm-participa-do-lancamento-da-primeira-pedra-da-reabilitacao-do-porto-de-nacala\/"]}]},{"@type":"ImageObject","inLanguage":"en-US","@id":"https:\/\/www.cfm.co.mz\/2014\/03\/18\/pca-do-cfm-participa-do-lancamento-da-primeira-pedra-da-reabilitacao-do-porto-de-nacala\/#primaryimage","url":"https:\/\/www.cfm.co.mz\/wp-content\/uploads\/2014\/03\/lancamento-1-pedra.jpg","contentUrl":"https:\/\/www.cfm.co.mz\/wp-content\/uploads\/2014\/03\/lancamento-1-pedra.jpg","width":200,"height":146,"caption":"lancamento-1-pedra"},{"@type":"BreadcrumbList","@id":"https:\/\/www.cfm.co.mz\/2014\/03\/18\/pca-do-cfm-participa-do-lancamento-da-primeira-pedra-da-reabilitacao-do-porto-de-nacala\/#breadcrumb","itemListElement":[{"@type":"ListItem","position":1,"name":"Home","item":"https:\/\/www.cfm.co.mz\/"},{"@type":"ListItem","position":2,"name":"PCA do CFM participa do Lan\u00e7amento da Primeira Pedra da Reabilita\u00e7\u00e3o do Porto de Nacala"}]},{"@type":"WebSite","@id":"https:\/\/www.cfm.co.mz\/#website","url":"https:\/\/www.cfm.co.mz\/","name":"CFM - Caminhos De Ferros de Mo\u00e7ambique","description":"Ampliando Horizontes","publisher":{"@id":"https:\/\/www.cfm.co.mz\/#organization"},"potentialAction":[{"@type":"SearchAction","target":{"@type":"EntryPoint","urlTemplate":"https:\/\/www.cfm.co.mz\/?s={search_term_string}"},"query-input":{"@type":"PropertyValueSpecification","valueRequired":true,"valueName":"search_term_string"}}],"inLanguage":"en-US"},{"@type":"Organization","@id":"https:\/\/www.cfm.co.mz\/#organization","name":"CFM - Caminhos De Ferros de Mo\u00e7ambique","url":"https:\/\/www.cfm.co.mz\/","logo":{"@type":"ImageObject","inLanguage":"en-US","@id":"https:\/\/www.cfm.co.mz\/#\/schema\/logo\/image\/","url":"https:\/\/www.cfm.co.mz\/wp-content\/uploads\/2025\/07\/be5f0679-4f5b-4d02-9719-a26ceed29162.jpg","contentUrl":"https:\/\/www.cfm.co.mz\/wp-content\/uploads\/2025\/07\/be5f0679-4f5b-4d02-9719-a26ceed29162.jpg","width":400,"height":65,"caption":"CFM - Caminhos De Ferros de Mo\u00e7ambique"},"image":{"@id":"https:\/\/www.cfm.co.mz\/#\/schema\/logo\/image\/"},"sameAs":["https:\/\/www.facebook.com\/CFMMoz","https:\/\/www.linkedin.com\/company\/caminhos-de-ferro-de-moambique\/"]},{"@type":"Person","@id":"https:\/\/www.cfm.co.mz\/#\/schema\/person\/3e9ce142c56e7938ec1a4908f0636cc2","name":"Super User","image":{"@type":"ImageObject","inLanguage":"en-US","@id":"https:\/\/www.cfm.co.mz\/#\/schema\/person\/image\/","url":"https:\/\/www.cfm.co.mz\/wp-content\/litespeed\/avatar\/1950724abc4e9ac04a0d842cb44cc541.jpg?ver=1777454475","contentUrl":"https:\/\/www.cfm.co.mz\/wp-content\/litespeed\/avatar\/1950724abc4e9ac04a0d842cb44cc541.jpg?ver=1777454475","caption":"Super User"},"url":"https:\/\/www.cfm.co.mz\/en\/author\/dotcom\/"}]}},"_links":{"self":[{"href":"https:\/\/www.cfm.co.mz\/en\/wp-json\/wp\/v2\/posts\/8583","targetHints":{"allow":["GET"]}}],"collection":[{"href":"https:\/\/www.cfm.co.mz\/en\/wp-json\/wp\/v2\/posts"}],"about":[{"href":"https:\/\/www.cfm.co.mz\/en\/wp-json\/wp\/v2\/types\/post"}],"author":[{"embeddable":true,"href":"https:\/\/www.cfm.co.mz\/en\/wp-json\/wp\/v2\/users\/89"}],"replies":[{"embeddable":true,"href":"https:\/\/www.cfm.co.mz\/en\/wp-json\/wp\/v2\/comments?post=8583"}],"version-history":[{"count":0,"href":"https:\/\/www.cfm.co.mz\/en\/wp-json\/wp\/v2\/posts\/8583\/revisions"}],"wp:featuredmedia":[{"embeddable":true,"href":"https:\/\/www.cfm.co.mz\/en\/wp-json\/wp\/v2\/media\/8580"}],"wp:attachment":[{"href":"https:\/\/www.cfm.co.mz\/en\/wp-json\/wp\/v2\/media?parent=8583"}],"wp:term":[{"taxonomy":"category","embeddable":true,"href":"https:\/\/www.cfm.co.mz\/en\/wp-json\/wp\/v2\/categories?post=8583"},{"taxonomy":"post_tag","embeddable":true,"href":"https:\/\/www.cfm.co.mz\/en\/wp-json\/wp\/v2\/tags?post=8583"}],"curies":[{"name":"wp","href":"https:\/\/api.w.org\/{rel}","templated":true}]}}