{"id":8579,"date":"2014-03-07T05:43:54","date_gmt":"2014-03-07T05:43:54","guid":{"rendered":"https:\/\/www.cfm.co.mz\/2014\/03\/07\/cfm-cede-espaco-para-montagem-do-estaleiro-da-obra\/"},"modified":"2014-03-07T05:43:54","modified_gmt":"2014-03-07T05:43:54","slug":"cfm-cede-espaco-para-montagem-do-estaleiro-da-obra","status":"publish","type":"post","link":"https:\/\/www.cfm.co.mz\/en\/2014\/03\/07\/cfm-cede-espaco-para-montagem-do-estaleiro-da-obra\/","title":{"rendered":"CFM cede espa\u00e7o para montagem do Estaleiro da Obra"},"content":{"rendered":"<p><img decoding=\"async\" class=\"alignleft size-full wp-image-8577\" style=\"margin-right: 10px; float: left;\" src=\"http:\/\/www.cfm.co.mz\/wp-content\/uploads\/2014\/03\/assinatura.jpg\" alt=\"assinatura\" width=\"200\" height=\"133\" \/>A Empresa Portos e Caminhos de Ferro de Mo\u00e7ambique- CFM cedeu um espa\u00e7o, dentro do seu recinto, para a instala\u00e7\u00e3o do Estaleiro que facilitar\u00e1 a execu\u00e7\u00e3o das obras da constru\u00e7\u00e3o da ponte que ligar\u00e1 a cidade de Maputo ao distrito Municipal Ka-Tembe.<\/p>\n<p><!--more--><\/p>\n<p>A Cerim\u00f3nia oficial da ced\u00eancia tempor\u00e1ria do espa\u00e7o, constitu\u00eddo por 3 talh\u00f5es totalizando 58.000m2, decorreu no passado dia 6 de Mar\u00e7o de 2014, na Sala do Conselho de Administra\u00e7\u00e3o dos CFM, atrav\u00e9s da assinatura de um <em><strong>\u201cContrato de Ced\u00eancia de espa\u00e7o\u201d<\/strong><\/em>.<\/p>\n<p>No acto, a Empresa CFM esteve representada pelo Dr. Victor Gomes, na qualidade de Presidente do Conselho de Administra\u00e7\u00e3o (PCA) e pelo Eng. Sancho Quipi\u00e7o, na qualidade de Administrador Executivo. E a Empresa de Desenvolvimento de Maputo Sul E.P. (MAPUTO SUL), esteve representada pelo Eng. Elias Paulo, na qualidade de Presidente do Conselho de Administra\u00e7\u00e3o.<\/p>\n<p><img decoding=\"async\" class=\"alignright size-full wp-image-8578\" style=\"margin-left: 10px; float: right;\" src=\"http:\/\/www.cfm.co.mz\/wp-content\/uploads\/2014\/03\/falapca.jpg\" alt=\"falapca\" width=\"200\" height=\"133\" \/>Falando na ocasi\u00e3o, o PCA do CFM manifestou grande satisfa\u00e7\u00e3o por sentir que a empresa CFM est\u00e1 a contribuir para a concretiza\u00e7\u00e3o de um projecto de \u00e2mbito nacional. <em>\u201cSe \u00e9 para vermos a ponte que vai ligar Maputo-Katembe, porque n\u00e3o cooperarmos?!\u201d<\/em>&#8211; resumiu o Dr. Victor Gomes.<\/p>","protected":false},"excerpt":{"rendered":"<p>A Empresa Portos e Caminhos de Ferro de Mo\u00e7ambique- CFM cedeu um espa\u00e7o, dentro do seu recinto, para a instala\u00e7\u00e3o do Estaleiro que facilitar\u00e1 a execu\u00e7\u00e3o das obras da constru\u00e7\u00e3o da ponte que ligar\u00e1 a cidade de Maputo ao distrito Municipal Ka-Tembe.<\/p>","protected":false},"author":89,"featured_media":8577,"comment_status":"open","ping_status":"open","sticky":false,"template":"","format":"standard","meta":{"_acf_changed":false,"pgc_sgb_lightbox_settings":"","footnotes":""},"categories":[680],"tags":[],"class_list":["post-8579","post","type-post","status-publish","format-standard","has-post-thumbnail","hentry","category-noticias"],"acf":[],"yoast_head":"<!-- This site is optimized with the Yoast SEO plugin v26.5 - https:\/\/yoast.com\/wordpress\/plugins\/seo\/ -->\n<title>CFM cede espa\u00e7o para montagem do Estaleiro da Obra - CFM - Caminhos De Ferros de Mo\u00e7ambique<\/title>\n<meta name=\"robots\" content=\"index, follow, max-snippet:-1, max-image-preview:large, max-video-preview:-1\" \/>\n<link rel=\"canonical\" href=\"https:\/\/www.cfm.co.mz\/en\/2014\/03\/07\/cfm-cede-espaco-para-montagem-do-estaleiro-da-obra\/\" \/>\n<meta property=\"og:locale\" content=\"en_US\" \/>\n<meta property=\"og:type\" content=\"article\" \/>\n<meta property=\"og:title\" content=\"CFM cede espa\u00e7o para montagem do Estaleiro da Obra - CFM - Caminhos De Ferros de Mo\u00e7ambique\" \/>\n<meta property=\"og:description\" content=\"A Empresa Portos e Caminhos de Ferro de Mo\u00e7ambique- CFM cedeu um espa\u00e7o, dentro do seu recinto, para a instala\u00e7\u00e3o do Estaleiro que facilitar\u00e1 a execu\u00e7\u00e3o das obras da constru\u00e7\u00e3o da ponte que ligar\u00e1 a cidade de Maputo ao distrito Municipal Ka-Tembe.\" \/>\n<meta property=\"og:url\" content=\"https:\/\/www.cfm.co.mz\/en\/2014\/03\/07\/cfm-cede-espaco-para-montagem-do-estaleiro-da-obra\/\" \/>\n<meta property=\"og:site_name\" content=\"CFM - Caminhos De Ferros de Mo\u00e7ambique\" \/>\n<meta property=\"article:publisher\" content=\"https:\/\/www.facebook.com\/CFMMoz\" \/>\n<meta property=\"article:published_time\" content=\"2014-03-07T05:43:54+00:00\" \/>\n<meta property=\"og:image\" content=\"https:\/\/www.cfm.co.mz\/wp-content\/uploads\/2014\/03\/assinatura.jpg\" \/>\n\t<meta property=\"og:image:width\" content=\"200\" \/>\n\t<meta property=\"og:image:height\" content=\"133\" \/>\n\t<meta property=\"og:image:type\" content=\"image\/jpeg\" \/>\n<meta name=\"author\" content=\"Super User\" \/>\n<meta name=\"twitter:card\" content=\"summary_large_image\" \/>\n<meta name=\"twitter:label1\" content=\"Written by\" \/>\n\t<meta name=\"twitter:data1\" content=\"Super User\" \/>\n\t<meta name=\"twitter:label2\" content=\"Est. reading time\" \/>\n\t<meta name=\"twitter:data2\" content=\"1 minute\" \/>\n<script type=\"application\/ld+json\" class=\"yoast-schema-graph\">{\"@context\":\"https:\/\/schema.org\",\"@graph\":[{\"@type\":\"Article\",\"@id\":\"https:\/\/www.cfm.co.mz\/2014\/03\/07\/cfm-cede-espaco-para-montagem-do-estaleiro-da-obra\/#article\",\"isPartOf\":{\"@id\":\"https:\/\/www.cfm.co.mz\/2014\/03\/07\/cfm-cede-espaco-para-montagem-do-estaleiro-da-obra\/\"},\"author\":{\"name\":\"Super User\",\"@id\":\"https:\/\/www.cfm.co.mz\/#\/schema\/person\/3e9ce142c56e7938ec1a4908f0636cc2\"},\"headline\":\"CFM cede espa\u00e7o para montagem do Estaleiro da Obra\",\"datePublished\":\"2014-03-07T05:43:54+00:00\",\"mainEntityOfPage\":{\"@id\":\"https:\/\/www.cfm.co.mz\/2014\/03\/07\/cfm-cede-espaco-para-montagem-do-estaleiro-da-obra\/\"},\"wordCount\":215,\"commentCount\":0,\"publisher\":{\"@id\":\"https:\/\/www.cfm.co.mz\/#organization\"},\"image\":{\"@id\":\"https:\/\/www.cfm.co.mz\/2014\/03\/07\/cfm-cede-espaco-para-montagem-do-estaleiro-da-obra\/#primaryimage\"},\"thumbnailUrl\":\"https:\/\/www.cfm.co.mz\/wp-content\/uploads\/2014\/03\/assinatura.jpg\",\"articleSection\":[\"Noticias\"],\"inLanguage\":\"en-US\",\"potentialAction\":[{\"@type\":\"CommentAction\",\"name\":\"Comment\",\"target\":[\"https:\/\/www.cfm.co.mz\/2014\/03\/07\/cfm-cede-espaco-para-montagem-do-estaleiro-da-obra\/#respond\"]}]},{\"@type\":\"WebPage\",\"@id\":\"https:\/\/www.cfm.co.mz\/2014\/03\/07\/cfm-cede-espaco-para-montagem-do-estaleiro-da-obra\/\",\"url\":\"https:\/\/www.cfm.co.mz\/2014\/03\/07\/cfm-cede-espaco-para-montagem-do-estaleiro-da-obra\/\",\"name\":\"CFM cede espa\u00e7o para montagem do Estaleiro da Obra - CFM - Caminhos De Ferros de Mo\u00e7ambique\",\"isPartOf\":{\"@id\":\"https:\/\/www.cfm.co.mz\/#website\"},\"primaryImageOfPage\":{\"@id\":\"https:\/\/www.cfm.co.mz\/2014\/03\/07\/cfm-cede-espaco-para-montagem-do-estaleiro-da-obra\/#primaryimage\"},\"image\":{\"@id\":\"https:\/\/www.cfm.co.mz\/2014\/03\/07\/cfm-cede-espaco-para-montagem-do-estaleiro-da-obra\/#primaryimage\"},\"thumbnailUrl\":\"https:\/\/www.cfm.co.mz\/wp-content\/uploads\/2014\/03\/assinatura.jpg\",\"datePublished\":\"2014-03-07T05:43:54+00:00\",\"breadcrumb\":{\"@id\":\"https:\/\/www.cfm.co.mz\/2014\/03\/07\/cfm-cede-espaco-para-montagem-do-estaleiro-da-obra\/#breadcrumb\"},\"inLanguage\":\"en-US\",\"potentialAction\":[{\"@type\":\"ReadAction\",\"target\":[\"https:\/\/www.cfm.co.mz\/2014\/03\/07\/cfm-cede-espaco-para-montagem-do-estaleiro-da-obra\/\"]}]},{\"@type\":\"ImageObject\",\"inLanguage\":\"en-US\",\"@id\":\"https:\/\/www.cfm.co.mz\/2014\/03\/07\/cfm-cede-espaco-para-montagem-do-estaleiro-da-obra\/#primaryimage\",\"url\":\"https:\/\/www.cfm.co.mz\/wp-content\/uploads\/2014\/03\/assinatura.jpg\",\"contentUrl\":\"https:\/\/www.cfm.co.mz\/wp-content\/uploads\/2014\/03\/assinatura.jpg\",\"width\":200,\"height\":133,\"caption\":\"assinatura\"},{\"@type\":\"BreadcrumbList\",\"@id\":\"https:\/\/www.cfm.co.mz\/2014\/03\/07\/cfm-cede-espaco-para-montagem-do-estaleiro-da-obra\/#breadcrumb\",\"itemListElement\":[{\"@type\":\"ListItem\",\"position\":1,\"name\":\"Home\",\"item\":\"https:\/\/www.cfm.co.mz\/\"},{\"@type\":\"ListItem\",\"position\":2,\"name\":\"CFM cede espa\u00e7o para montagem do Estaleiro da Obra\"}]},{\"@type\":\"WebSite\",\"@id\":\"https:\/\/www.cfm.co.mz\/#website\",\"url\":\"https:\/\/www.cfm.co.mz\/\",\"name\":\"CFM - Caminhos De Ferros de Mo\u00e7ambique\",\"description\":\"Ampliando Horizontes\",\"publisher\":{\"@id\":\"https:\/\/www.cfm.co.mz\/#organization\"},\"potentialAction\":[{\"@type\":\"SearchAction\",\"target\":{\"@type\":\"EntryPoint\",\"urlTemplate\":\"https:\/\/www.cfm.co.mz\/?s={search_term_string}\"},\"query-input\":{\"@type\":\"PropertyValueSpecification\",\"valueRequired\":true,\"valueName\":\"search_term_string\"}}],\"inLanguage\":\"en-US\"},{\"@type\":\"Organization\",\"@id\":\"https:\/\/www.cfm.co.mz\/#organization\",\"name\":\"CFM - Caminhos De Ferros de Mo\u00e7ambique\",\"url\":\"https:\/\/www.cfm.co.mz\/\",\"logo\":{\"@type\":\"ImageObject\",\"inLanguage\":\"en-US\",\"@id\":\"https:\/\/www.cfm.co.mz\/#\/schema\/logo\/image\/\",\"url\":\"https:\/\/www.cfm.co.mz\/wp-content\/uploads\/2025\/07\/be5f0679-4f5b-4d02-9719-a26ceed29162.jpg\",\"contentUrl\":\"https:\/\/www.cfm.co.mz\/wp-content\/uploads\/2025\/07\/be5f0679-4f5b-4d02-9719-a26ceed29162.jpg\",\"width\":400,\"height\":65,\"caption\":\"CFM - Caminhos De Ferros de Mo\u00e7ambique\"},\"image\":{\"@id\":\"https:\/\/www.cfm.co.mz\/#\/schema\/logo\/image\/\"},\"sameAs\":[\"https:\/\/www.facebook.com\/CFMMoz\",\"https:\/\/www.linkedin.com\/company\/caminhos-de-ferro-de-moambique\/\"]},{\"@type\":\"Person\",\"@id\":\"https:\/\/www.cfm.co.mz\/#\/schema\/person\/3e9ce142c56e7938ec1a4908f0636cc2\",\"name\":\"Super User\",\"image\":{\"@type\":\"ImageObject\",\"inLanguage\":\"en-US\",\"@id\":\"https:\/\/www.cfm.co.mz\/#\/schema\/person\/image\/\",\"url\":\"https:\/\/www.cfm.co.mz\/wp-content\/litespeed\/avatar\/1950724abc4e9ac04a0d842cb44cc541.jpg?ver=1777454475\",\"contentUrl\":\"https:\/\/www.cfm.co.mz\/wp-content\/litespeed\/avatar\/1950724abc4e9ac04a0d842cb44cc541.jpg?ver=1777454475\",\"caption\":\"Super User\"},\"url\":\"https:\/\/www.cfm.co.mz\/en\/author\/dotcom\/\"}]}<\/script>\n<!-- \/ Yoast SEO plugin. -->","yoast_head_json":{"title":"CFM cede espa\u00e7o para montagem do Estaleiro da Obra - CFM - Caminhos De Ferros de Mo\u00e7ambique","robots":{"index":"index","follow":"follow","max-snippet":"max-snippet:-1","max-image-preview":"max-image-preview:large","max-video-preview":"max-video-preview:-1"},"canonical":"https:\/\/www.cfm.co.mz\/en\/2014\/03\/07\/cfm-cede-espaco-para-montagem-do-estaleiro-da-obra\/","og_locale":"en_US","og_type":"article","og_title":"CFM cede espa\u00e7o para montagem do Estaleiro da Obra - CFM - Caminhos De Ferros de Mo\u00e7ambique","og_description":"A Empresa Portos e Caminhos de Ferro de Mo\u00e7ambique- CFM cedeu um espa\u00e7o, dentro do seu recinto, para a instala\u00e7\u00e3o do Estaleiro que facilitar\u00e1 a execu\u00e7\u00e3o das obras da constru\u00e7\u00e3o da ponte que ligar\u00e1 a cidade de Maputo ao distrito Municipal Ka-Tembe.","og_url":"https:\/\/www.cfm.co.mz\/en\/2014\/03\/07\/cfm-cede-espaco-para-montagem-do-estaleiro-da-obra\/","og_site_name":"CFM - Caminhos De Ferros de Mo\u00e7ambique","article_publisher":"https:\/\/www.facebook.com\/CFMMoz","article_published_time":"2014-03-07T05:43:54+00:00","og_image":[{"width":200,"height":133,"url":"https:\/\/www.cfm.co.mz\/wp-content\/uploads\/2014\/03\/assinatura.jpg","type":"image\/jpeg"}],"author":"Super User","twitter_card":"summary_large_image","twitter_misc":{"Written by":"Super User","Est. reading time":"1 minute"},"schema":{"@context":"https:\/\/schema.org","@graph":[{"@type":"Article","@id":"https:\/\/www.cfm.co.mz\/2014\/03\/07\/cfm-cede-espaco-para-montagem-do-estaleiro-da-obra\/#article","isPartOf":{"@id":"https:\/\/www.cfm.co.mz\/2014\/03\/07\/cfm-cede-espaco-para-montagem-do-estaleiro-da-obra\/"},"author":{"name":"Super User","@id":"https:\/\/www.cfm.co.mz\/#\/schema\/person\/3e9ce142c56e7938ec1a4908f0636cc2"},"headline":"CFM cede espa\u00e7o para montagem do Estaleiro da Obra","datePublished":"2014-03-07T05:43:54+00:00","mainEntityOfPage":{"@id":"https:\/\/www.cfm.co.mz\/2014\/03\/07\/cfm-cede-espaco-para-montagem-do-estaleiro-da-obra\/"},"wordCount":215,"commentCount":0,"publisher":{"@id":"https:\/\/www.cfm.co.mz\/#organization"},"image":{"@id":"https:\/\/www.cfm.co.mz\/2014\/03\/07\/cfm-cede-espaco-para-montagem-do-estaleiro-da-obra\/#primaryimage"},"thumbnailUrl":"https:\/\/www.cfm.co.mz\/wp-content\/uploads\/2014\/03\/assinatura.jpg","articleSection":["Noticias"],"inLanguage":"en-US","potentialAction":[{"@type":"CommentAction","name":"Comment","target":["https:\/\/www.cfm.co.mz\/2014\/03\/07\/cfm-cede-espaco-para-montagem-do-estaleiro-da-obra\/#respond"]}]},{"@type":"WebPage","@id":"https:\/\/www.cfm.co.mz\/2014\/03\/07\/cfm-cede-espaco-para-montagem-do-estaleiro-da-obra\/","url":"https:\/\/www.cfm.co.mz\/2014\/03\/07\/cfm-cede-espaco-para-montagem-do-estaleiro-da-obra\/","name":"CFM cede espa\u00e7o para montagem do Estaleiro da Obra - CFM - Caminhos De Ferros de Mo\u00e7ambique","isPartOf":{"@id":"https:\/\/www.cfm.co.mz\/#website"},"primaryImageOfPage":{"@id":"https:\/\/www.cfm.co.mz\/2014\/03\/07\/cfm-cede-espaco-para-montagem-do-estaleiro-da-obra\/#primaryimage"},"image":{"@id":"https:\/\/www.cfm.co.mz\/2014\/03\/07\/cfm-cede-espaco-para-montagem-do-estaleiro-da-obra\/#primaryimage"},"thumbnailUrl":"https:\/\/www.cfm.co.mz\/wp-content\/uploads\/2014\/03\/assinatura.jpg","datePublished":"2014-03-07T05:43:54+00:00","breadcrumb":{"@id":"https:\/\/www.cfm.co.mz\/2014\/03\/07\/cfm-cede-espaco-para-montagem-do-estaleiro-da-obra\/#breadcrumb"},"inLanguage":"en-US","potentialAction":[{"@type":"ReadAction","target":["https:\/\/www.cfm.co.mz\/2014\/03\/07\/cfm-cede-espaco-para-montagem-do-estaleiro-da-obra\/"]}]},{"@type":"ImageObject","inLanguage":"en-US","@id":"https:\/\/www.cfm.co.mz\/2014\/03\/07\/cfm-cede-espaco-para-montagem-do-estaleiro-da-obra\/#primaryimage","url":"https:\/\/www.cfm.co.mz\/wp-content\/uploads\/2014\/03\/assinatura.jpg","contentUrl":"https:\/\/www.cfm.co.mz\/wp-content\/uploads\/2014\/03\/assinatura.jpg","width":200,"height":133,"caption":"assinatura"},{"@type":"BreadcrumbList","@id":"https:\/\/www.cfm.co.mz\/2014\/03\/07\/cfm-cede-espaco-para-montagem-do-estaleiro-da-obra\/#breadcrumb","itemListElement":[{"@type":"ListItem","position":1,"name":"Home","item":"https:\/\/www.cfm.co.mz\/"},{"@type":"ListItem","position":2,"name":"CFM cede espa\u00e7o para montagem do Estaleiro da Obra"}]},{"@type":"WebSite","@id":"https:\/\/www.cfm.co.mz\/#website","url":"https:\/\/www.cfm.co.mz\/","name":"CFM - Caminhos De Ferros de Mo\u00e7ambique","description":"Ampliando Horizontes","publisher":{"@id":"https:\/\/www.cfm.co.mz\/#organization"},"potentialAction":[{"@type":"SearchAction","target":{"@type":"EntryPoint","urlTemplate":"https:\/\/www.cfm.co.mz\/?s={search_term_string}"},"query-input":{"@type":"PropertyValueSpecification","valueRequired":true,"valueName":"search_term_string"}}],"inLanguage":"en-US"},{"@type":"Organization","@id":"https:\/\/www.cfm.co.mz\/#organization","name":"CFM - Caminhos De Ferros de Mo\u00e7ambique","url":"https:\/\/www.cfm.co.mz\/","logo":{"@type":"ImageObject","inLanguage":"en-US","@id":"https:\/\/www.cfm.co.mz\/#\/schema\/logo\/image\/","url":"https:\/\/www.cfm.co.mz\/wp-content\/uploads\/2025\/07\/be5f0679-4f5b-4d02-9719-a26ceed29162.jpg","contentUrl":"https:\/\/www.cfm.co.mz\/wp-content\/uploads\/2025\/07\/be5f0679-4f5b-4d02-9719-a26ceed29162.jpg","width":400,"height":65,"caption":"CFM - Caminhos De Ferros de Mo\u00e7ambique"},"image":{"@id":"https:\/\/www.cfm.co.mz\/#\/schema\/logo\/image\/"},"sameAs":["https:\/\/www.facebook.com\/CFMMoz","https:\/\/www.linkedin.com\/company\/caminhos-de-ferro-de-moambique\/"]},{"@type":"Person","@id":"https:\/\/www.cfm.co.mz\/#\/schema\/person\/3e9ce142c56e7938ec1a4908f0636cc2","name":"Super User","image":{"@type":"ImageObject","inLanguage":"en-US","@id":"https:\/\/www.cfm.co.mz\/#\/schema\/person\/image\/","url":"https:\/\/www.cfm.co.mz\/wp-content\/litespeed\/avatar\/1950724abc4e9ac04a0d842cb44cc541.jpg?ver=1777454475","contentUrl":"https:\/\/www.cfm.co.mz\/wp-content\/litespeed\/avatar\/1950724abc4e9ac04a0d842cb44cc541.jpg?ver=1777454475","caption":"Super User"},"url":"https:\/\/www.cfm.co.mz\/en\/author\/dotcom\/"}]}},"_links":{"self":[{"href":"https:\/\/www.cfm.co.mz\/en\/wp-json\/wp\/v2\/posts\/8579","targetHints":{"allow":["GET"]}}],"collection":[{"href":"https:\/\/www.cfm.co.mz\/en\/wp-json\/wp\/v2\/posts"}],"about":[{"href":"https:\/\/www.cfm.co.mz\/en\/wp-json\/wp\/v2\/types\/post"}],"author":[{"embeddable":true,"href":"https:\/\/www.cfm.co.mz\/en\/wp-json\/wp\/v2\/users\/89"}],"replies":[{"embeddable":true,"href":"https:\/\/www.cfm.co.mz\/en\/wp-json\/wp\/v2\/comments?post=8579"}],"version-history":[{"count":0,"href":"https:\/\/www.cfm.co.mz\/en\/wp-json\/wp\/v2\/posts\/8579\/revisions"}],"wp:featuredmedia":[{"embeddable":true,"href":"https:\/\/www.cfm.co.mz\/en\/wp-json\/wp\/v2\/media\/8577"}],"wp:attachment":[{"href":"https:\/\/www.cfm.co.mz\/en\/wp-json\/wp\/v2\/media?parent=8579"}],"wp:term":[{"taxonomy":"category","embeddable":true,"href":"https:\/\/www.cfm.co.mz\/en\/wp-json\/wp\/v2\/categories?post=8579"},{"taxonomy":"post_tag","embeddable":true,"href":"https:\/\/www.cfm.co.mz\/en\/wp-json\/wp\/v2\/tags?post=8579"}],"curies":[{"name":"wp","href":"https:\/\/api.w.org\/{rel}","templated":true}]}}