{"id":8567,"date":"2014-02-24T10:42:58","date_gmt":"2014-02-24T10:42:58","guid":{"rendered":"https:\/\/www.cfm.co.mz\/2014\/02\/24\/cfm-reitera-disponibilidade-em-cooperar-com-o-sinpocaf\/"},"modified":"2014-02-24T10:42:58","modified_gmt":"2014-02-24T10:42:58","slug":"cfm-reitera-disponibilidade-em-cooperar-com-o-sinpocaf","status":"publish","type":"post","link":"https:\/\/www.cfm.co.mz\/en\/2014\/02\/24\/cfm-reitera-disponibilidade-em-cooperar-com-o-sinpocaf\/","title":{"rendered":"CFM reitera disponibilidade em cooperar com o SINPOCAF"},"content":{"rendered":"<p style=\"text-align: justify;\"><img decoding=\"async\" class=\"alignleft size-full wp-image-8565\" style=\"margin-right: 10px; margin-bottom: 10px; float: left;\" src=\"http:\/\/www.cfm.co.mz\/wp-content\/uploads\/2014\/02\/V-Sinpocaf.jpg\" alt=\"V-Sinpocaf\" width=\"200\" height=\"101\" \/>A Empresa Portos e Caminhos de Ferro de Mo\u00e7ambique- CFM mostrou disponibilidade em continuar a cooperar&nbsp;com o Sindicato Nacional dos Trabalhadores dos Portos e Caminhos de Ferro (SINPOCAF) no que concerne \u00e0 discuss\u00e3o e solu\u00e7\u00e3o dos problemas que possam surgir na rela\u00e7\u00e3o profissional entre os trabalhadores ferro-portu\u00e1rios e a administra\u00e7\u00e3o desta empresa.<\/p>\n<p><!--more--><\/p>\n<p style=\"text-align: justify;\">A garantia foi dada a conhecer pelo PCA do CFM, Dr. V\u00edctor Gomes durante a sua interven\u00e7\u00e3o na Cerim\u00f3nia de<img decoding=\"async\" class=\"alignright size-full wp-image-8566\" style=\"margin-top: 10px; margin-bottom: 10px; margin-left: 10px; float: right;\" src=\"http:\/\/www.cfm.co.mz\/wp-content\/uploads\/2014\/02\/congressistas-sinpocaf.jpg\" alt=\"congressistas-sinpocaf\" width=\"200\" height=\"150\" \/> abertura do V Congresso do SINPOCAF que decorreu na cidade de Maputo, entre os dias 20 e 21 de Fevereiro de 2014, na Sala de Confer\u00eancias das Oficinas Gerais do CFM.<\/p>\n<p style=\"text-align: justify;\"><strong>Congressistas- SINPOCAF<\/strong><\/p>\n<p style=\"text-align: justify;\">Na cerim\u00f3nia, que contou com a honrosa presen\u00e7a de Sua Excel\u00eancia o Ministro dos Transportes e Comunica\u00e7\u00f5es, Gabriel Muthisse, o PCA do CFM lembrou as boas rela\u00e7\u00f5es que sempre existiram entre o SINPOCAF e a Empresa Portos e Caminhos de Ferro de Mo\u00e7ambique desde da cria\u00e7\u00e3o daquela agremia\u00e7\u00e3o. <em>\u201cAquando da sua funda\u00e7\u00e3o, em 1985, este Sindicato tinha como principal objectivo, reunir os funcion\u00e1rios do CFM para discutirem os problemas do seu dia-a-dia no local de trabalho, e cujas solu\u00e7\u00f5es muito beneficiam a produtividade da empresa\u201d<\/em>.<\/p>\n<p style=\"text-align: justify;\">V\u00edctor Gomes aproveitou, ainda, a ocasi\u00e3o para transmitir uma mensagem de encorajamento ao SINPOCAF porque, segundo ele, \u201ctemos a convic\u00e7\u00e3o de que este F\u00f3rum constitui uma oportunidade \u00edmpar para partilha de casos pr\u00e1ticos, experi\u00eancias e de exerc\u00edcio de esfor\u00e7os tendentes a encontrar solu\u00e7\u00f5es pragm\u00e1ticas e real\u00edsticas dos problemas que afectam os trabalhadores no exerc\u00edcio das suas actividades, bem como a discuss\u00e3o de aspectos inerentes \u00e0 empresa na presta\u00e7\u00e3o de servi\u00e7os aos clientes\u201d.<\/p>","protected":false},"excerpt":{"rendered":"<p>A Empresa Portos e Caminhos de Ferro de Mo\u00e7ambique- CFM mostrou disponibilidade em continuar a cooperar&nbsp;com o Sindicato Nacional dos Trabalhadores dos Portos e Caminhos de Ferro (SINPOCAF) no que concerne \u00e0 discuss\u00e3o e solu\u00e7\u00e3o dos problemas que possam surgir na rela\u00e7\u00e3o profissional entre os trabalhadores ferro-portu\u00e1rios e a administra\u00e7\u00e3o desta empresa.<\/p>","protected":false},"author":90,"featured_media":8565,"comment_status":"open","ping_status":"open","sticky":false,"template":"","format":"standard","meta":{"_acf_changed":false,"pgc_sgb_lightbox_settings":"","footnotes":""},"categories":[680],"tags":[],"class_list":["post-8567","post","type-post","status-publish","format-standard","has-post-thumbnail","hentry","category-noticias"],"acf":[],"yoast_head":"<!-- This site is optimized with the Yoast SEO plugin v26.5 - https:\/\/yoast.com\/wordpress\/plugins\/seo\/ -->\n<title>CFM reitera disponibilidade em cooperar com o SINPOCAF - CFM - Caminhos De Ferros de Mo\u00e7ambique<\/title>\n<meta name=\"robots\" content=\"index, follow, max-snippet:-1, max-image-preview:large, max-video-preview:-1\" \/>\n<link rel=\"canonical\" href=\"https:\/\/www.cfm.co.mz\/en\/2014\/02\/24\/cfm-reitera-disponibilidade-em-cooperar-com-o-sinpocaf\/\" \/>\n<meta property=\"og:locale\" content=\"en_US\" \/>\n<meta property=\"og:type\" content=\"article\" \/>\n<meta property=\"og:title\" content=\"CFM reitera disponibilidade em cooperar com o SINPOCAF - CFM - Caminhos De Ferros de Mo\u00e7ambique\" \/>\n<meta property=\"og:description\" content=\"A Empresa Portos e Caminhos de Ferro de Mo\u00e7ambique- CFM mostrou disponibilidade em continuar a cooperar&nbsp;com o Sindicato Nacional dos Trabalhadores dos Portos e Caminhos de Ferro (SINPOCAF) no que concerne \u00e0 discuss\u00e3o e solu\u00e7\u00e3o dos problemas que possam surgir na rela\u00e7\u00e3o profissional entre os trabalhadores ferro-portu\u00e1rios e a administra\u00e7\u00e3o desta empresa.\" \/>\n<meta property=\"og:url\" content=\"https:\/\/www.cfm.co.mz\/en\/2014\/02\/24\/cfm-reitera-disponibilidade-em-cooperar-com-o-sinpocaf\/\" \/>\n<meta property=\"og:site_name\" content=\"CFM - Caminhos De Ferros de Mo\u00e7ambique\" \/>\n<meta property=\"article:publisher\" content=\"https:\/\/www.facebook.com\/CFMMoz\" \/>\n<meta property=\"article:published_time\" content=\"2014-02-24T10:42:58+00:00\" \/>\n<meta property=\"og:image\" content=\"https:\/\/www.cfm.co.mz\/wp-content\/uploads\/2014\/02\/V-Sinpocaf.jpg\" \/>\n\t<meta property=\"og:image:width\" content=\"200\" \/>\n\t<meta property=\"og:image:height\" content=\"101\" \/>\n\t<meta property=\"og:image:type\" content=\"image\/jpeg\" \/>\n<meta name=\"author\" content=\"Dario Ribeiro\" \/>\n<meta name=\"twitter:card\" content=\"summary_large_image\" \/>\n<meta name=\"twitter:label1\" content=\"Written by\" \/>\n\t<meta name=\"twitter:data1\" content=\"Dario Ribeiro\" \/>\n\t<meta name=\"twitter:label2\" content=\"Est. reading time\" \/>\n\t<meta name=\"twitter:data2\" content=\"1 minute\" \/>\n<script type=\"application\/ld+json\" class=\"yoast-schema-graph\">{\"@context\":\"https:\/\/schema.org\",\"@graph\":[{\"@type\":\"Article\",\"@id\":\"https:\/\/www.cfm.co.mz\/2014\/02\/24\/cfm-reitera-disponibilidade-em-cooperar-com-o-sinpocaf\/#article\",\"isPartOf\":{\"@id\":\"https:\/\/www.cfm.co.mz\/2014\/02\/24\/cfm-reitera-disponibilidade-em-cooperar-com-o-sinpocaf\/\"},\"author\":{\"name\":\"Dario Ribeiro\",\"@id\":\"https:\/\/www.cfm.co.mz\/#\/schema\/person\/1cd6105e8dd71cf7bc410f73e81c4a8c\"},\"headline\":\"CFM reitera disponibilidade em cooperar com o SINPOCAF\",\"datePublished\":\"2014-02-24T10:42:58+00:00\",\"mainEntityOfPage\":{\"@id\":\"https:\/\/www.cfm.co.mz\/2014\/02\/24\/cfm-reitera-disponibilidade-em-cooperar-com-o-sinpocaf\/\"},\"wordCount\":302,\"commentCount\":0,\"publisher\":{\"@id\":\"https:\/\/www.cfm.co.mz\/#organization\"},\"image\":{\"@id\":\"https:\/\/www.cfm.co.mz\/2014\/02\/24\/cfm-reitera-disponibilidade-em-cooperar-com-o-sinpocaf\/#primaryimage\"},\"thumbnailUrl\":\"https:\/\/www.cfm.co.mz\/wp-content\/uploads\/2014\/02\/V-Sinpocaf.jpg\",\"articleSection\":[\"Noticias\"],\"inLanguage\":\"en-US\",\"potentialAction\":[{\"@type\":\"CommentAction\",\"name\":\"Comment\",\"target\":[\"https:\/\/www.cfm.co.mz\/2014\/02\/24\/cfm-reitera-disponibilidade-em-cooperar-com-o-sinpocaf\/#respond\"]}]},{\"@type\":\"WebPage\",\"@id\":\"https:\/\/www.cfm.co.mz\/2014\/02\/24\/cfm-reitera-disponibilidade-em-cooperar-com-o-sinpocaf\/\",\"url\":\"https:\/\/www.cfm.co.mz\/2014\/02\/24\/cfm-reitera-disponibilidade-em-cooperar-com-o-sinpocaf\/\",\"name\":\"CFM reitera disponibilidade em cooperar com o SINPOCAF - CFM - Caminhos De Ferros de Mo\u00e7ambique\",\"isPartOf\":{\"@id\":\"https:\/\/www.cfm.co.mz\/#website\"},\"primaryImageOfPage\":{\"@id\":\"https:\/\/www.cfm.co.mz\/2014\/02\/24\/cfm-reitera-disponibilidade-em-cooperar-com-o-sinpocaf\/#primaryimage\"},\"image\":{\"@id\":\"https:\/\/www.cfm.co.mz\/2014\/02\/24\/cfm-reitera-disponibilidade-em-cooperar-com-o-sinpocaf\/#primaryimage\"},\"thumbnailUrl\":\"https:\/\/www.cfm.co.mz\/wp-content\/uploads\/2014\/02\/V-Sinpocaf.jpg\",\"datePublished\":\"2014-02-24T10:42:58+00:00\",\"breadcrumb\":{\"@id\":\"https:\/\/www.cfm.co.mz\/2014\/02\/24\/cfm-reitera-disponibilidade-em-cooperar-com-o-sinpocaf\/#breadcrumb\"},\"inLanguage\":\"en-US\",\"potentialAction\":[{\"@type\":\"ReadAction\",\"target\":[\"https:\/\/www.cfm.co.mz\/2014\/02\/24\/cfm-reitera-disponibilidade-em-cooperar-com-o-sinpocaf\/\"]}]},{\"@type\":\"ImageObject\",\"inLanguage\":\"en-US\",\"@id\":\"https:\/\/www.cfm.co.mz\/2014\/02\/24\/cfm-reitera-disponibilidade-em-cooperar-com-o-sinpocaf\/#primaryimage\",\"url\":\"https:\/\/www.cfm.co.mz\/wp-content\/uploads\/2014\/02\/V-Sinpocaf.jpg\",\"contentUrl\":\"https:\/\/www.cfm.co.mz\/wp-content\/uploads\/2014\/02\/V-Sinpocaf.jpg\",\"width\":200,\"height\":101,\"caption\":\"V-Sinpocaf\"},{\"@type\":\"BreadcrumbList\",\"@id\":\"https:\/\/www.cfm.co.mz\/2014\/02\/24\/cfm-reitera-disponibilidade-em-cooperar-com-o-sinpocaf\/#breadcrumb\",\"itemListElement\":[{\"@type\":\"ListItem\",\"position\":1,\"name\":\"Home\",\"item\":\"https:\/\/www.cfm.co.mz\/\"},{\"@type\":\"ListItem\",\"position\":2,\"name\":\"CFM reitera disponibilidade em cooperar com o SINPOCAF\"}]},{\"@type\":\"WebSite\",\"@id\":\"https:\/\/www.cfm.co.mz\/#website\",\"url\":\"https:\/\/www.cfm.co.mz\/\",\"name\":\"CFM - Caminhos De Ferros de Mo\u00e7ambique\",\"description\":\"Ampliando Horizontes\",\"publisher\":{\"@id\":\"https:\/\/www.cfm.co.mz\/#organization\"},\"potentialAction\":[{\"@type\":\"SearchAction\",\"target\":{\"@type\":\"EntryPoint\",\"urlTemplate\":\"https:\/\/www.cfm.co.mz\/?s={search_term_string}\"},\"query-input\":{\"@type\":\"PropertyValueSpecification\",\"valueRequired\":true,\"valueName\":\"search_term_string\"}}],\"inLanguage\":\"en-US\"},{\"@type\":\"Organization\",\"@id\":\"https:\/\/www.cfm.co.mz\/#organization\",\"name\":\"CFM - Caminhos De Ferros de Mo\u00e7ambique\",\"url\":\"https:\/\/www.cfm.co.mz\/\",\"logo\":{\"@type\":\"ImageObject\",\"inLanguage\":\"en-US\",\"@id\":\"https:\/\/www.cfm.co.mz\/#\/schema\/logo\/image\/\",\"url\":\"https:\/\/www.cfm.co.mz\/wp-content\/uploads\/2025\/07\/be5f0679-4f5b-4d02-9719-a26ceed29162.jpg\",\"contentUrl\":\"https:\/\/www.cfm.co.mz\/wp-content\/uploads\/2025\/07\/be5f0679-4f5b-4d02-9719-a26ceed29162.jpg\",\"width\":400,\"height\":65,\"caption\":\"CFM - Caminhos De Ferros de Mo\u00e7ambique\"},\"image\":{\"@id\":\"https:\/\/www.cfm.co.mz\/#\/schema\/logo\/image\/\"},\"sameAs\":[\"https:\/\/www.facebook.com\/CFMMoz\",\"https:\/\/www.linkedin.com\/company\/caminhos-de-ferro-de-moambique\/\"]},{\"@type\":\"Person\",\"@id\":\"https:\/\/www.cfm.co.mz\/#\/schema\/person\/1cd6105e8dd71cf7bc410f73e81c4a8c\",\"name\":\"Dario Ribeiro\",\"image\":{\"@type\":\"ImageObject\",\"inLanguage\":\"en-US\",\"@id\":\"https:\/\/www.cfm.co.mz\/#\/schema\/person\/image\/\",\"url\":\"https:\/\/www.cfm.co.mz\/wp-content\/litespeed\/avatar\/3725821b4b770d3e64a90a10cc9e5f75.jpg?ver=1777454659\",\"contentUrl\":\"https:\/\/www.cfm.co.mz\/wp-content\/litespeed\/avatar\/3725821b4b770d3e64a90a10cc9e5f75.jpg?ver=1777454659\",\"caption\":\"Dario Ribeiro\"},\"url\":\"https:\/\/www.cfm.co.mz\/en\/author\/dario\/\"}]}<\/script>\n<!-- \/ Yoast SEO plugin. -->","yoast_head_json":{"title":"CFM reitera disponibilidade em cooperar com o SINPOCAF - CFM - Caminhos De Ferros de Mo\u00e7ambique","robots":{"index":"index","follow":"follow","max-snippet":"max-snippet:-1","max-image-preview":"max-image-preview:large","max-video-preview":"max-video-preview:-1"},"canonical":"https:\/\/www.cfm.co.mz\/en\/2014\/02\/24\/cfm-reitera-disponibilidade-em-cooperar-com-o-sinpocaf\/","og_locale":"en_US","og_type":"article","og_title":"CFM reitera disponibilidade em cooperar com o SINPOCAF - CFM - Caminhos De Ferros de Mo\u00e7ambique","og_description":"A Empresa Portos e Caminhos de Ferro de Mo\u00e7ambique- CFM mostrou disponibilidade em continuar a cooperar&nbsp;com o Sindicato Nacional dos Trabalhadores dos Portos e Caminhos de Ferro (SINPOCAF) no que concerne \u00e0 discuss\u00e3o e solu\u00e7\u00e3o dos problemas que possam surgir na rela\u00e7\u00e3o profissional entre os trabalhadores ferro-portu\u00e1rios e a administra\u00e7\u00e3o desta empresa.","og_url":"https:\/\/www.cfm.co.mz\/en\/2014\/02\/24\/cfm-reitera-disponibilidade-em-cooperar-com-o-sinpocaf\/","og_site_name":"CFM - Caminhos De Ferros de Mo\u00e7ambique","article_publisher":"https:\/\/www.facebook.com\/CFMMoz","article_published_time":"2014-02-24T10:42:58+00:00","og_image":[{"width":200,"height":101,"url":"https:\/\/www.cfm.co.mz\/wp-content\/uploads\/2014\/02\/V-Sinpocaf.jpg","type":"image\/jpeg"}],"author":"Dario Ribeiro","twitter_card":"summary_large_image","twitter_misc":{"Written by":"Dario Ribeiro","Est. reading time":"1 minute"},"schema":{"@context":"https:\/\/schema.org","@graph":[{"@type":"Article","@id":"https:\/\/www.cfm.co.mz\/2014\/02\/24\/cfm-reitera-disponibilidade-em-cooperar-com-o-sinpocaf\/#article","isPartOf":{"@id":"https:\/\/www.cfm.co.mz\/2014\/02\/24\/cfm-reitera-disponibilidade-em-cooperar-com-o-sinpocaf\/"},"author":{"name":"Dario Ribeiro","@id":"https:\/\/www.cfm.co.mz\/#\/schema\/person\/1cd6105e8dd71cf7bc410f73e81c4a8c"},"headline":"CFM reitera disponibilidade em cooperar com o SINPOCAF","datePublished":"2014-02-24T10:42:58+00:00","mainEntityOfPage":{"@id":"https:\/\/www.cfm.co.mz\/2014\/02\/24\/cfm-reitera-disponibilidade-em-cooperar-com-o-sinpocaf\/"},"wordCount":302,"commentCount":0,"publisher":{"@id":"https:\/\/www.cfm.co.mz\/#organization"},"image":{"@id":"https:\/\/www.cfm.co.mz\/2014\/02\/24\/cfm-reitera-disponibilidade-em-cooperar-com-o-sinpocaf\/#primaryimage"},"thumbnailUrl":"https:\/\/www.cfm.co.mz\/wp-content\/uploads\/2014\/02\/V-Sinpocaf.jpg","articleSection":["Noticias"],"inLanguage":"en-US","potentialAction":[{"@type":"CommentAction","name":"Comment","target":["https:\/\/www.cfm.co.mz\/2014\/02\/24\/cfm-reitera-disponibilidade-em-cooperar-com-o-sinpocaf\/#respond"]}]},{"@type":"WebPage","@id":"https:\/\/www.cfm.co.mz\/2014\/02\/24\/cfm-reitera-disponibilidade-em-cooperar-com-o-sinpocaf\/","url":"https:\/\/www.cfm.co.mz\/2014\/02\/24\/cfm-reitera-disponibilidade-em-cooperar-com-o-sinpocaf\/","name":"CFM reitera disponibilidade em cooperar com o SINPOCAF - CFM - Caminhos De Ferros de Mo\u00e7ambique","isPartOf":{"@id":"https:\/\/www.cfm.co.mz\/#website"},"primaryImageOfPage":{"@id":"https:\/\/www.cfm.co.mz\/2014\/02\/24\/cfm-reitera-disponibilidade-em-cooperar-com-o-sinpocaf\/#primaryimage"},"image":{"@id":"https:\/\/www.cfm.co.mz\/2014\/02\/24\/cfm-reitera-disponibilidade-em-cooperar-com-o-sinpocaf\/#primaryimage"},"thumbnailUrl":"https:\/\/www.cfm.co.mz\/wp-content\/uploads\/2014\/02\/V-Sinpocaf.jpg","datePublished":"2014-02-24T10:42:58+00:00","breadcrumb":{"@id":"https:\/\/www.cfm.co.mz\/2014\/02\/24\/cfm-reitera-disponibilidade-em-cooperar-com-o-sinpocaf\/#breadcrumb"},"inLanguage":"en-US","potentialAction":[{"@type":"ReadAction","target":["https:\/\/www.cfm.co.mz\/2014\/02\/24\/cfm-reitera-disponibilidade-em-cooperar-com-o-sinpocaf\/"]}]},{"@type":"ImageObject","inLanguage":"en-US","@id":"https:\/\/www.cfm.co.mz\/2014\/02\/24\/cfm-reitera-disponibilidade-em-cooperar-com-o-sinpocaf\/#primaryimage","url":"https:\/\/www.cfm.co.mz\/wp-content\/uploads\/2014\/02\/V-Sinpocaf.jpg","contentUrl":"https:\/\/www.cfm.co.mz\/wp-content\/uploads\/2014\/02\/V-Sinpocaf.jpg","width":200,"height":101,"caption":"V-Sinpocaf"},{"@type":"BreadcrumbList","@id":"https:\/\/www.cfm.co.mz\/2014\/02\/24\/cfm-reitera-disponibilidade-em-cooperar-com-o-sinpocaf\/#breadcrumb","itemListElement":[{"@type":"ListItem","position":1,"name":"Home","item":"https:\/\/www.cfm.co.mz\/"},{"@type":"ListItem","position":2,"name":"CFM reitera disponibilidade em cooperar com o SINPOCAF"}]},{"@type":"WebSite","@id":"https:\/\/www.cfm.co.mz\/#website","url":"https:\/\/www.cfm.co.mz\/","name":"CFM - Caminhos De Ferros de Mo\u00e7ambique","description":"Ampliando Horizontes","publisher":{"@id":"https:\/\/www.cfm.co.mz\/#organization"},"potentialAction":[{"@type":"SearchAction","target":{"@type":"EntryPoint","urlTemplate":"https:\/\/www.cfm.co.mz\/?s={search_term_string}"},"query-input":{"@type":"PropertyValueSpecification","valueRequired":true,"valueName":"search_term_string"}}],"inLanguage":"en-US"},{"@type":"Organization","@id":"https:\/\/www.cfm.co.mz\/#organization","name":"CFM - Caminhos De Ferros de Mo\u00e7ambique","url":"https:\/\/www.cfm.co.mz\/","logo":{"@type":"ImageObject","inLanguage":"en-US","@id":"https:\/\/www.cfm.co.mz\/#\/schema\/logo\/image\/","url":"https:\/\/www.cfm.co.mz\/wp-content\/uploads\/2025\/07\/be5f0679-4f5b-4d02-9719-a26ceed29162.jpg","contentUrl":"https:\/\/www.cfm.co.mz\/wp-content\/uploads\/2025\/07\/be5f0679-4f5b-4d02-9719-a26ceed29162.jpg","width":400,"height":65,"caption":"CFM - Caminhos De Ferros de Mo\u00e7ambique"},"image":{"@id":"https:\/\/www.cfm.co.mz\/#\/schema\/logo\/image\/"},"sameAs":["https:\/\/www.facebook.com\/CFMMoz","https:\/\/www.linkedin.com\/company\/caminhos-de-ferro-de-moambique\/"]},{"@type":"Person","@id":"https:\/\/www.cfm.co.mz\/#\/schema\/person\/1cd6105e8dd71cf7bc410f73e81c4a8c","name":"Dario Ribeiro","image":{"@type":"ImageObject","inLanguage":"en-US","@id":"https:\/\/www.cfm.co.mz\/#\/schema\/person\/image\/","url":"https:\/\/www.cfm.co.mz\/wp-content\/litespeed\/avatar\/3725821b4b770d3e64a90a10cc9e5f75.jpg?ver=1777454659","contentUrl":"https:\/\/www.cfm.co.mz\/wp-content\/litespeed\/avatar\/3725821b4b770d3e64a90a10cc9e5f75.jpg?ver=1777454659","caption":"Dario Ribeiro"},"url":"https:\/\/www.cfm.co.mz\/en\/author\/dario\/"}]}},"_links":{"self":[{"href":"https:\/\/www.cfm.co.mz\/en\/wp-json\/wp\/v2\/posts\/8567","targetHints":{"allow":["GET"]}}],"collection":[{"href":"https:\/\/www.cfm.co.mz\/en\/wp-json\/wp\/v2\/posts"}],"about":[{"href":"https:\/\/www.cfm.co.mz\/en\/wp-json\/wp\/v2\/types\/post"}],"author":[{"embeddable":true,"href":"https:\/\/www.cfm.co.mz\/en\/wp-json\/wp\/v2\/users\/90"}],"replies":[{"embeddable":true,"href":"https:\/\/www.cfm.co.mz\/en\/wp-json\/wp\/v2\/comments?post=8567"}],"version-history":[{"count":0,"href":"https:\/\/www.cfm.co.mz\/en\/wp-json\/wp\/v2\/posts\/8567\/revisions"}],"wp:featuredmedia":[{"embeddable":true,"href":"https:\/\/www.cfm.co.mz\/en\/wp-json\/wp\/v2\/media\/8565"}],"wp:attachment":[{"href":"https:\/\/www.cfm.co.mz\/en\/wp-json\/wp\/v2\/media?parent=8567"}],"wp:term":[{"taxonomy":"category","embeddable":true,"href":"https:\/\/www.cfm.co.mz\/en\/wp-json\/wp\/v2\/categories?post=8567"},{"taxonomy":"post_tag","embeddable":true,"href":"https:\/\/www.cfm.co.mz\/en\/wp-json\/wp\/v2\/tags?post=8567"}],"curies":[{"name":"wp","href":"https:\/\/api.w.org\/{rel}","templated":true}]}}