{"id":8564,"date":"2014-02-24T10:22:38","date_gmt":"2014-02-24T10:22:38","guid":{"rendered":"https:\/\/www.cfm.co.mz\/2014\/02\/24\/discurso-de-apresentacao-do-presidente-do-conselho-de-administracao-do-cfm-dr-victor-gomes\/"},"modified":"2014-02-24T10:22:38","modified_gmt":"2014-02-24T10:22:38","slug":"discurso-de-apresentacao-do-presidente-do-conselho-de-administracao-do-cfm-dr-victor-gomes","status":"publish","type":"post","link":"https:\/\/www.cfm.co.mz\/en\/2014\/02\/24\/discurso-de-apresentacao-do-presidente-do-conselho-de-administracao-do-cfm-dr-victor-gomes\/","title":{"rendered":"Discurso de Apresenta\u00e7\u00e3o do Presidente do Conselho de Administra\u00e7\u00e3o do CFM, Dr Victor Gomes"},"content":{"rendered":"<p><strong><img decoding=\"async\" class=\"alignleft size-full wp-image-8563\" style=\"margin-right: 10px; margin-bottom: 10px; float: left;\" src=\"http:\/\/www.cfm.co.mz\/wp-content\/uploads\/2014\/02\/PCA2.jpg\" alt=\"PCA2\" width=\"200\" height=\"119\" \/>Excelent\u00edssimos Senhores Membros do Conselho de Administra\u00e7\u00e3o;<\/strong><br \/><strong>Excelent\u00edssimos Senhores Directores Executivos e por Fun\u00e7\u00e3o;<\/strong><br \/><strong>Dign\u00edssimos Senhores Consultores e Assessores;<\/strong><br \/><strong>Estimados Senhores Representantes Comerciais;<\/strong><br \/><strong>Distintos Convidados;<\/strong><br \/><strong>Caros colegas;<\/strong><br \/><strong>Minhas Senhoras e meus Senhores;<\/strong><\/p>\n<p><!--more--><\/p>\n<p><span style=\"line-height: 18.66666603088379px;\">Dr. Victor Gomes, Presidente do Conselho de Administracao do CFM<\/span><\/p>\n<p style=\"text-align: justify;\">Permitam-me, antes de mais, manifestar a minha satisfa\u00e7\u00e3o em integrar esta maravilhosa fam\u00edlia ferro-portu\u00e1ria, como membro desta magn\u00edfica empresa secular, com tradi\u00e7\u00e3o pr\u00f3pria e um legado de incomensur\u00e1vel valor.<\/p>\n<p style=\"text-align: justify;\">Falar dos Portos e Caminhos de Ferro de Mo\u00e7ambique \u00e9 falar de um dos alicerces da economia nacional e regional pelo seu papel fundamental no transporte e manuseamento de mercadorias, atrav\u00e9s dos nossos sistemas ferro-portu\u00e1rios do Norte, Centro e Sul, que servem ao pa\u00eds e aos pa\u00edses do hinterland, sem, no entanto, descurar o transporte de passageiros \u2013 nossa importante contribui\u00e7\u00e3o na facilita\u00e7\u00e3o da mobilidade das popula\u00e7\u00f5es e seus bens.<\/p>\n<p style=\"text-align: justify;\"><strong>Caros Colegas,<\/strong><\/p>\n<p style=\"text-align: justify;\">Estou ciente de que assumo o cargo de Presidente do Conselho de Administra\u00e7\u00e3o desta Empresa Estrat\u00e9gica, num momento particularmente de m\u00faltiplos desafios. O pa\u00eds est\u00e1 a registar um crescimento assinal\u00e1vel no dom\u00ednio de trocas comerciais e da produ\u00e7\u00e3o alimentar. O fluxo de mercadorias a circular cresceu. Assim, por um lado, o escoamento de mercadorias \u00e9 uma necessidade vital. Os camponeses esperam colocar os seus produtos nos postos de venda em tempo \u00fatil.<\/p>\n<p style=\"text-align: justify;\">Por outro lado, as crescentes descobertas de minerais e hidrocarbonetos em diversas regi\u00f5es do pa\u00eds e nos pa\u00edses do hinterland, demandam respostas log\u00edsticas para o escoamento e manuseamento portu\u00e1rio dos mesmos.<\/p>\n<p style=\"text-align: justify;\">Neste contexto, os CFM s\u00e3o chamados a dar respostas concretas e c\u00e9leres, atrav\u00e9s do fomento de investimentos na reabilita\u00e7\u00e3o, expans\u00e3o e moderniza\u00e7\u00e3o da rede ferro-portu\u00e1ria nacional. Precisamos de dar continuidade aos projectos em curso, em carteira e futuros; na forma\u00e7\u00e3o e adequa\u00e7\u00e3o da nossa for\u00e7a de trabalho, bem como na capacita\u00e7\u00e3o da empresa em meios de trac\u00e7\u00e3o e material circulante, para garantirmos a circula\u00e7\u00e3o de pessoas e mercadorias com seguran\u00e7a.<\/p>\n<p style=\"text-align: justify;\">Estou a herdar, segundo pude perceber dos relat\u00f3rios de desempenho e outras informa\u00e7\u00f5es a que tive acesso, uma empresa que vem registando um crescimento assinal\u00e1vel quer no desempenho financeiro como no transporte de passageiros e mercadorias e no que tange ao desenvolvimento de infra-estruturas ferro-portu\u00e1rias. Temos, por conseguinte, uma responsabilidade acrescida de fazer vingar o papel estrat\u00e9gico dos CFM, para que se mantenha funcional, vi\u00e1vel e merecedora de confian\u00e7a, mesmo diante dos actuais e futuros desafios.<\/p>\n<p style=\"text-align: justify;\">Assim, reconhecendo a riqueza de experi\u00eancia e de conhecimentos que os nossos quadros acumularam ao longo dos anos e ainda o facto de muitos de voc\u00eas terem participado, activamente, em todo o processo de mudan\u00e7as que foi necess\u00e1rio instaurar, tanto no sector portu\u00e1rio como no ferrovi\u00e1rio, e para lograr os melhores \u00eaxitos, gostaria de convidar os gestores, consultores, assessores, t\u00e9cnicos, oper\u00e1rios, ou seja, todos os trabalhadores em geral (da via e obras, das oficinas, da revis\u00e3o do material, do movimento, da trac\u00e7\u00e3o, das manobras, dos portos e das \u00e1reas de apoio, entre outros) \u00e0 participa\u00e7\u00e3o activa e incondicional em todos os processos e actividades do dia-a-dia da nossa empresa.<\/p>\n<p style=\"text-align: justify;\">Acredito que a inclus\u00e3o de todos os quadros da empresa em todos os processos, \u00e9 uma mais-valia, porque permite aglutinar experi\u00eancias, saberes e vis\u00f5es que s\u00e3o alicerces de decis\u00f5es s\u00e1bias, informadas e oportunas para que possamos, em todas as \u00e1reas, continuar a prestar servi\u00e7os de qualidade que todos n\u00f3s almejamos.<\/p>\n<p style=\"text-align: justify;\">Contamos, conforme tem sido tradi\u00e7\u00e3o nesta fam\u00edlia, com o apoio dos \u00f3rg\u00e3os sindicais na resolu\u00e7\u00e3o dos poss\u00edveis conflitos que possam afectar de forma nefasta o desempenho da nossa valiosa massa laboral.<\/p>\n<p style=\"text-align: justify;\">Na nossa lideran\u00e7a continuaremos a privilegiar o di\u00e1logo por isso, a interactividade, a inclus\u00e3o, a participa\u00e7\u00e3o de todos, s\u00e3o aspectos que sempre teremos em conta e iremos cultivar.<\/p>\n<p style=\"text-align: justify;\">Para terminar, gostaria de reiterar o nosso apelo ao comprometimento de todos, cada um no seu sector, \u00e0 disciplina, profissionalismo, responsabilidade, empenho, respeito, exig\u00eancia e transpar\u00eancia, lutando sempre pelos objectivos empresariais e rigor no trabalho para atingirmos a efic\u00e1cia e efici\u00eancia necess\u00e1rias na presta\u00e7\u00e3o dos servi\u00e7os aos nossos clientes e ao p\u00fablico em geral.<\/p>\n<p style=\"text-align: justify;\">Pela Vossa aten\u00e7\u00e3o,<br \/>Muito obrigado!<\/p>\n<p style=\"text-align: justify;\">Maputo, 05 de Fevereiro de 2014<\/p>","protected":false},"excerpt":{"rendered":"<p>Excelent\u00edssimos Senhores Membros do Conselho de Administra\u00e7\u00e3o;Excelent\u00edssimos Senhores Directores Executivos e por Fun\u00e7\u00e3o;Dign\u00edssimos Senhores Consultores e Assessores;Estimados Senhores Representantes Comerciais;Distintos Convidados;Caros colegas;Minhas Senhoras e meus Senhores;<\/p>","protected":false},"author":90,"featured_media":8563,"comment_status":"open","ping_status":"open","sticky":false,"template":"","format":"standard","meta":{"_acf_changed":false,"pgc_sgb_lightbox_settings":"","footnotes":""},"categories":[680],"tags":[],"class_list":["post-8564","post","type-post","status-publish","format-standard","has-post-thumbnail","hentry","category-noticias"],"acf":[],"yoast_head":"<!-- This site is optimized with the Yoast SEO plugin v26.5 - https:\/\/yoast.com\/wordpress\/plugins\/seo\/ -->\n<title>Discurso de Apresenta\u00e7\u00e3o do Presidente do Conselho de Administra\u00e7\u00e3o do CFM, Dr Victor Gomes - CFM - Caminhos De Ferros de Mo\u00e7ambique<\/title>\n<meta name=\"robots\" content=\"index, follow, max-snippet:-1, max-image-preview:large, max-video-preview:-1\" \/>\n<link rel=\"canonical\" href=\"https:\/\/www.cfm.co.mz\/en\/2014\/02\/24\/discurso-de-apresentacao-do-presidente-do-conselho-de-administracao-do-cfm-dr-victor-gomes\/\" \/>\n<meta property=\"og:locale\" content=\"en_US\" \/>\n<meta property=\"og:type\" content=\"article\" \/>\n<meta property=\"og:title\" content=\"Discurso de Apresenta\u00e7\u00e3o do Presidente do Conselho de Administra\u00e7\u00e3o do CFM, Dr Victor Gomes - CFM - Caminhos De Ferros de Mo\u00e7ambique\" \/>\n<meta property=\"og:description\" content=\"Excelent\u00edssimos Senhores Membros do Conselho de Administra\u00e7\u00e3o;Excelent\u00edssimos Senhores Directores Executivos e por Fun\u00e7\u00e3o;Dign\u00edssimos Senhores Consultores e Assessores;Estimados Senhores Representantes Comerciais;Distintos Convidados;Caros colegas;Minhas Senhoras e meus Senhores;\" \/>\n<meta property=\"og:url\" content=\"https:\/\/www.cfm.co.mz\/en\/2014\/02\/24\/discurso-de-apresentacao-do-presidente-do-conselho-de-administracao-do-cfm-dr-victor-gomes\/\" \/>\n<meta property=\"og:site_name\" content=\"CFM - Caminhos De Ferros de Mo\u00e7ambique\" \/>\n<meta property=\"article:publisher\" content=\"https:\/\/www.facebook.com\/CFMMoz\" \/>\n<meta property=\"article:published_time\" content=\"2014-02-24T10:22:38+00:00\" \/>\n<meta property=\"og:image\" content=\"https:\/\/www.cfm.co.mz\/wp-content\/uploads\/2014\/02\/PCA2.jpg\" \/>\n\t<meta property=\"og:image:width\" content=\"200\" \/>\n\t<meta property=\"og:image:height\" content=\"119\" \/>\n\t<meta property=\"og:image:type\" content=\"image\/jpeg\" \/>\n<meta name=\"author\" content=\"Dario Ribeiro\" \/>\n<meta name=\"twitter:card\" content=\"summary_large_image\" \/>\n<meta name=\"twitter:label1\" content=\"Written by\" \/>\n\t<meta name=\"twitter:data1\" content=\"Dario Ribeiro\" \/>\n\t<meta name=\"twitter:label2\" content=\"Est. reading time\" \/>\n\t<meta name=\"twitter:data2\" content=\"4 minutes\" \/>\n<script type=\"application\/ld+json\" class=\"yoast-schema-graph\">{\"@context\":\"https:\/\/schema.org\",\"@graph\":[{\"@type\":\"Article\",\"@id\":\"https:\/\/www.cfm.co.mz\/2014\/02\/24\/discurso-de-apresentacao-do-presidente-do-conselho-de-administracao-do-cfm-dr-victor-gomes\/#article\",\"isPartOf\":{\"@id\":\"https:\/\/www.cfm.co.mz\/2014\/02\/24\/discurso-de-apresentacao-do-presidente-do-conselho-de-administracao-do-cfm-dr-victor-gomes\/\"},\"author\":{\"name\":\"Dario Ribeiro\",\"@id\":\"https:\/\/www.cfm.co.mz\/#\/schema\/person\/1cd6105e8dd71cf7bc410f73e81c4a8c\"},\"headline\":\"Discurso de Apresenta\u00e7\u00e3o do Presidente do Conselho de Administra\u00e7\u00e3o do CFM, Dr Victor Gomes\",\"datePublished\":\"2014-02-24T10:22:38+00:00\",\"mainEntityOfPage\":{\"@id\":\"https:\/\/www.cfm.co.mz\/2014\/02\/24\/discurso-de-apresentacao-do-presidente-do-conselho-de-administracao-do-cfm-dr-victor-gomes\/\"},\"wordCount\":774,\"commentCount\":0,\"publisher\":{\"@id\":\"https:\/\/www.cfm.co.mz\/#organization\"},\"image\":{\"@id\":\"https:\/\/www.cfm.co.mz\/2014\/02\/24\/discurso-de-apresentacao-do-presidente-do-conselho-de-administracao-do-cfm-dr-victor-gomes\/#primaryimage\"},\"thumbnailUrl\":\"https:\/\/www.cfm.co.mz\/wp-content\/uploads\/2014\/02\/PCA2.jpg\",\"articleSection\":[\"Noticias\"],\"inLanguage\":\"en-US\",\"potentialAction\":[{\"@type\":\"CommentAction\",\"name\":\"Comment\",\"target\":[\"https:\/\/www.cfm.co.mz\/2014\/02\/24\/discurso-de-apresentacao-do-presidente-do-conselho-de-administracao-do-cfm-dr-victor-gomes\/#respond\"]}]},{\"@type\":\"WebPage\",\"@id\":\"https:\/\/www.cfm.co.mz\/2014\/02\/24\/discurso-de-apresentacao-do-presidente-do-conselho-de-administracao-do-cfm-dr-victor-gomes\/\",\"url\":\"https:\/\/www.cfm.co.mz\/2014\/02\/24\/discurso-de-apresentacao-do-presidente-do-conselho-de-administracao-do-cfm-dr-victor-gomes\/\",\"name\":\"Discurso de Apresenta\u00e7\u00e3o do Presidente do Conselho de Administra\u00e7\u00e3o do CFM, Dr Victor Gomes - CFM - Caminhos De Ferros de Mo\u00e7ambique\",\"isPartOf\":{\"@id\":\"https:\/\/www.cfm.co.mz\/#website\"},\"primaryImageOfPage\":{\"@id\":\"https:\/\/www.cfm.co.mz\/2014\/02\/24\/discurso-de-apresentacao-do-presidente-do-conselho-de-administracao-do-cfm-dr-victor-gomes\/#primaryimage\"},\"image\":{\"@id\":\"https:\/\/www.cfm.co.mz\/2014\/02\/24\/discurso-de-apresentacao-do-presidente-do-conselho-de-administracao-do-cfm-dr-victor-gomes\/#primaryimage\"},\"thumbnailUrl\":\"https:\/\/www.cfm.co.mz\/wp-content\/uploads\/2014\/02\/PCA2.jpg\",\"datePublished\":\"2014-02-24T10:22:38+00:00\",\"breadcrumb\":{\"@id\":\"https:\/\/www.cfm.co.mz\/2014\/02\/24\/discurso-de-apresentacao-do-presidente-do-conselho-de-administracao-do-cfm-dr-victor-gomes\/#breadcrumb\"},\"inLanguage\":\"en-US\",\"potentialAction\":[{\"@type\":\"ReadAction\",\"target\":[\"https:\/\/www.cfm.co.mz\/2014\/02\/24\/discurso-de-apresentacao-do-presidente-do-conselho-de-administracao-do-cfm-dr-victor-gomes\/\"]}]},{\"@type\":\"ImageObject\",\"inLanguage\":\"en-US\",\"@id\":\"https:\/\/www.cfm.co.mz\/2014\/02\/24\/discurso-de-apresentacao-do-presidente-do-conselho-de-administracao-do-cfm-dr-victor-gomes\/#primaryimage\",\"url\":\"https:\/\/www.cfm.co.mz\/wp-content\/uploads\/2014\/02\/PCA2.jpg\",\"contentUrl\":\"https:\/\/www.cfm.co.mz\/wp-content\/uploads\/2014\/02\/PCA2.jpg\",\"width\":200,\"height\":119,\"caption\":\"PCA2\"},{\"@type\":\"BreadcrumbList\",\"@id\":\"https:\/\/www.cfm.co.mz\/2014\/02\/24\/discurso-de-apresentacao-do-presidente-do-conselho-de-administracao-do-cfm-dr-victor-gomes\/#breadcrumb\",\"itemListElement\":[{\"@type\":\"ListItem\",\"position\":1,\"name\":\"Home\",\"item\":\"https:\/\/www.cfm.co.mz\/\"},{\"@type\":\"ListItem\",\"position\":2,\"name\":\"Discurso de Apresenta\u00e7\u00e3o do Presidente do Conselho de Administra\u00e7\u00e3o do CFM, Dr Victor Gomes\"}]},{\"@type\":\"WebSite\",\"@id\":\"https:\/\/www.cfm.co.mz\/#website\",\"url\":\"https:\/\/www.cfm.co.mz\/\",\"name\":\"CFM - Caminhos De Ferros de Mo\u00e7ambique\",\"description\":\"Ampliando Horizontes\",\"publisher\":{\"@id\":\"https:\/\/www.cfm.co.mz\/#organization\"},\"potentialAction\":[{\"@type\":\"SearchAction\",\"target\":{\"@type\":\"EntryPoint\",\"urlTemplate\":\"https:\/\/www.cfm.co.mz\/?s={search_term_string}\"},\"query-input\":{\"@type\":\"PropertyValueSpecification\",\"valueRequired\":true,\"valueName\":\"search_term_string\"}}],\"inLanguage\":\"en-US\"},{\"@type\":\"Organization\",\"@id\":\"https:\/\/www.cfm.co.mz\/#organization\",\"name\":\"CFM - Caminhos De Ferros de Mo\u00e7ambique\",\"url\":\"https:\/\/www.cfm.co.mz\/\",\"logo\":{\"@type\":\"ImageObject\",\"inLanguage\":\"en-US\",\"@id\":\"https:\/\/www.cfm.co.mz\/#\/schema\/logo\/image\/\",\"url\":\"https:\/\/www.cfm.co.mz\/wp-content\/uploads\/2025\/07\/be5f0679-4f5b-4d02-9719-a26ceed29162.jpg\",\"contentUrl\":\"https:\/\/www.cfm.co.mz\/wp-content\/uploads\/2025\/07\/be5f0679-4f5b-4d02-9719-a26ceed29162.jpg\",\"width\":400,\"height\":65,\"caption\":\"CFM - Caminhos De Ferros de Mo\u00e7ambique\"},\"image\":{\"@id\":\"https:\/\/www.cfm.co.mz\/#\/schema\/logo\/image\/\"},\"sameAs\":[\"https:\/\/www.facebook.com\/CFMMoz\",\"https:\/\/www.linkedin.com\/company\/caminhos-de-ferro-de-moambique\/\"]},{\"@type\":\"Person\",\"@id\":\"https:\/\/www.cfm.co.mz\/#\/schema\/person\/1cd6105e8dd71cf7bc410f73e81c4a8c\",\"name\":\"Dario Ribeiro\",\"image\":{\"@type\":\"ImageObject\",\"inLanguage\":\"en-US\",\"@id\":\"https:\/\/www.cfm.co.mz\/#\/schema\/person\/image\/\",\"url\":\"https:\/\/www.cfm.co.mz\/wp-content\/litespeed\/avatar\/3725821b4b770d3e64a90a10cc9e5f75.jpg?ver=1777454659\",\"contentUrl\":\"https:\/\/www.cfm.co.mz\/wp-content\/litespeed\/avatar\/3725821b4b770d3e64a90a10cc9e5f75.jpg?ver=1777454659\",\"caption\":\"Dario Ribeiro\"},\"url\":\"https:\/\/www.cfm.co.mz\/en\/author\/dario\/\"}]}<\/script>\n<!-- \/ Yoast SEO plugin. -->","yoast_head_json":{"title":"Discurso de Apresenta\u00e7\u00e3o do Presidente do Conselho de Administra\u00e7\u00e3o do CFM, Dr Victor Gomes - CFM - Caminhos De Ferros de Mo\u00e7ambique","robots":{"index":"index","follow":"follow","max-snippet":"max-snippet:-1","max-image-preview":"max-image-preview:large","max-video-preview":"max-video-preview:-1"},"canonical":"https:\/\/www.cfm.co.mz\/en\/2014\/02\/24\/discurso-de-apresentacao-do-presidente-do-conselho-de-administracao-do-cfm-dr-victor-gomes\/","og_locale":"en_US","og_type":"article","og_title":"Discurso de Apresenta\u00e7\u00e3o do Presidente do Conselho de Administra\u00e7\u00e3o do CFM, Dr Victor Gomes - CFM - Caminhos De Ferros de Mo\u00e7ambique","og_description":"Excelent\u00edssimos Senhores Membros do Conselho de Administra\u00e7\u00e3o;Excelent\u00edssimos Senhores Directores Executivos e por Fun\u00e7\u00e3o;Dign\u00edssimos Senhores Consultores e Assessores;Estimados Senhores Representantes Comerciais;Distintos Convidados;Caros colegas;Minhas Senhoras e meus Senhores;","og_url":"https:\/\/www.cfm.co.mz\/en\/2014\/02\/24\/discurso-de-apresentacao-do-presidente-do-conselho-de-administracao-do-cfm-dr-victor-gomes\/","og_site_name":"CFM - Caminhos De Ferros de Mo\u00e7ambique","article_publisher":"https:\/\/www.facebook.com\/CFMMoz","article_published_time":"2014-02-24T10:22:38+00:00","og_image":[{"width":200,"height":119,"url":"https:\/\/www.cfm.co.mz\/wp-content\/uploads\/2014\/02\/PCA2.jpg","type":"image\/jpeg"}],"author":"Dario Ribeiro","twitter_card":"summary_large_image","twitter_misc":{"Written by":"Dario Ribeiro","Est. reading time":"4 minutes"},"schema":{"@context":"https:\/\/schema.org","@graph":[{"@type":"Article","@id":"https:\/\/www.cfm.co.mz\/2014\/02\/24\/discurso-de-apresentacao-do-presidente-do-conselho-de-administracao-do-cfm-dr-victor-gomes\/#article","isPartOf":{"@id":"https:\/\/www.cfm.co.mz\/2014\/02\/24\/discurso-de-apresentacao-do-presidente-do-conselho-de-administracao-do-cfm-dr-victor-gomes\/"},"author":{"name":"Dario Ribeiro","@id":"https:\/\/www.cfm.co.mz\/#\/schema\/person\/1cd6105e8dd71cf7bc410f73e81c4a8c"},"headline":"Discurso de Apresenta\u00e7\u00e3o do Presidente do Conselho de Administra\u00e7\u00e3o do CFM, Dr Victor Gomes","datePublished":"2014-02-24T10:22:38+00:00","mainEntityOfPage":{"@id":"https:\/\/www.cfm.co.mz\/2014\/02\/24\/discurso-de-apresentacao-do-presidente-do-conselho-de-administracao-do-cfm-dr-victor-gomes\/"},"wordCount":774,"commentCount":0,"publisher":{"@id":"https:\/\/www.cfm.co.mz\/#organization"},"image":{"@id":"https:\/\/www.cfm.co.mz\/2014\/02\/24\/discurso-de-apresentacao-do-presidente-do-conselho-de-administracao-do-cfm-dr-victor-gomes\/#primaryimage"},"thumbnailUrl":"https:\/\/www.cfm.co.mz\/wp-content\/uploads\/2014\/02\/PCA2.jpg","articleSection":["Noticias"],"inLanguage":"en-US","potentialAction":[{"@type":"CommentAction","name":"Comment","target":["https:\/\/www.cfm.co.mz\/2014\/02\/24\/discurso-de-apresentacao-do-presidente-do-conselho-de-administracao-do-cfm-dr-victor-gomes\/#respond"]}]},{"@type":"WebPage","@id":"https:\/\/www.cfm.co.mz\/2014\/02\/24\/discurso-de-apresentacao-do-presidente-do-conselho-de-administracao-do-cfm-dr-victor-gomes\/","url":"https:\/\/www.cfm.co.mz\/2014\/02\/24\/discurso-de-apresentacao-do-presidente-do-conselho-de-administracao-do-cfm-dr-victor-gomes\/","name":"Discurso de Apresenta\u00e7\u00e3o do Presidente do Conselho de Administra\u00e7\u00e3o do CFM, Dr Victor Gomes - CFM - Caminhos De Ferros de Mo\u00e7ambique","isPartOf":{"@id":"https:\/\/www.cfm.co.mz\/#website"},"primaryImageOfPage":{"@id":"https:\/\/www.cfm.co.mz\/2014\/02\/24\/discurso-de-apresentacao-do-presidente-do-conselho-de-administracao-do-cfm-dr-victor-gomes\/#primaryimage"},"image":{"@id":"https:\/\/www.cfm.co.mz\/2014\/02\/24\/discurso-de-apresentacao-do-presidente-do-conselho-de-administracao-do-cfm-dr-victor-gomes\/#primaryimage"},"thumbnailUrl":"https:\/\/www.cfm.co.mz\/wp-content\/uploads\/2014\/02\/PCA2.jpg","datePublished":"2014-02-24T10:22:38+00:00","breadcrumb":{"@id":"https:\/\/www.cfm.co.mz\/2014\/02\/24\/discurso-de-apresentacao-do-presidente-do-conselho-de-administracao-do-cfm-dr-victor-gomes\/#breadcrumb"},"inLanguage":"en-US","potentialAction":[{"@type":"ReadAction","target":["https:\/\/www.cfm.co.mz\/2014\/02\/24\/discurso-de-apresentacao-do-presidente-do-conselho-de-administracao-do-cfm-dr-victor-gomes\/"]}]},{"@type":"ImageObject","inLanguage":"en-US","@id":"https:\/\/www.cfm.co.mz\/2014\/02\/24\/discurso-de-apresentacao-do-presidente-do-conselho-de-administracao-do-cfm-dr-victor-gomes\/#primaryimage","url":"https:\/\/www.cfm.co.mz\/wp-content\/uploads\/2014\/02\/PCA2.jpg","contentUrl":"https:\/\/www.cfm.co.mz\/wp-content\/uploads\/2014\/02\/PCA2.jpg","width":200,"height":119,"caption":"PCA2"},{"@type":"BreadcrumbList","@id":"https:\/\/www.cfm.co.mz\/2014\/02\/24\/discurso-de-apresentacao-do-presidente-do-conselho-de-administracao-do-cfm-dr-victor-gomes\/#breadcrumb","itemListElement":[{"@type":"ListItem","position":1,"name":"Home","item":"https:\/\/www.cfm.co.mz\/"},{"@type":"ListItem","position":2,"name":"Discurso de Apresenta\u00e7\u00e3o do Presidente do Conselho de Administra\u00e7\u00e3o do CFM, Dr Victor Gomes"}]},{"@type":"WebSite","@id":"https:\/\/www.cfm.co.mz\/#website","url":"https:\/\/www.cfm.co.mz\/","name":"CFM - Caminhos De Ferros de Mo\u00e7ambique","description":"Ampliando Horizontes","publisher":{"@id":"https:\/\/www.cfm.co.mz\/#organization"},"potentialAction":[{"@type":"SearchAction","target":{"@type":"EntryPoint","urlTemplate":"https:\/\/www.cfm.co.mz\/?s={search_term_string}"},"query-input":{"@type":"PropertyValueSpecification","valueRequired":true,"valueName":"search_term_string"}}],"inLanguage":"en-US"},{"@type":"Organization","@id":"https:\/\/www.cfm.co.mz\/#organization","name":"CFM - Caminhos De Ferros de Mo\u00e7ambique","url":"https:\/\/www.cfm.co.mz\/","logo":{"@type":"ImageObject","inLanguage":"en-US","@id":"https:\/\/www.cfm.co.mz\/#\/schema\/logo\/image\/","url":"https:\/\/www.cfm.co.mz\/wp-content\/uploads\/2025\/07\/be5f0679-4f5b-4d02-9719-a26ceed29162.jpg","contentUrl":"https:\/\/www.cfm.co.mz\/wp-content\/uploads\/2025\/07\/be5f0679-4f5b-4d02-9719-a26ceed29162.jpg","width":400,"height":65,"caption":"CFM - Caminhos De Ferros de Mo\u00e7ambique"},"image":{"@id":"https:\/\/www.cfm.co.mz\/#\/schema\/logo\/image\/"},"sameAs":["https:\/\/www.facebook.com\/CFMMoz","https:\/\/www.linkedin.com\/company\/caminhos-de-ferro-de-moambique\/"]},{"@type":"Person","@id":"https:\/\/www.cfm.co.mz\/#\/schema\/person\/1cd6105e8dd71cf7bc410f73e81c4a8c","name":"Dario Ribeiro","image":{"@type":"ImageObject","inLanguage":"en-US","@id":"https:\/\/www.cfm.co.mz\/#\/schema\/person\/image\/","url":"https:\/\/www.cfm.co.mz\/wp-content\/litespeed\/avatar\/3725821b4b770d3e64a90a10cc9e5f75.jpg?ver=1777454659","contentUrl":"https:\/\/www.cfm.co.mz\/wp-content\/litespeed\/avatar\/3725821b4b770d3e64a90a10cc9e5f75.jpg?ver=1777454659","caption":"Dario Ribeiro"},"url":"https:\/\/www.cfm.co.mz\/en\/author\/dario\/"}]}},"_links":{"self":[{"href":"https:\/\/www.cfm.co.mz\/en\/wp-json\/wp\/v2\/posts\/8564","targetHints":{"allow":["GET"]}}],"collection":[{"href":"https:\/\/www.cfm.co.mz\/en\/wp-json\/wp\/v2\/posts"}],"about":[{"href":"https:\/\/www.cfm.co.mz\/en\/wp-json\/wp\/v2\/types\/post"}],"author":[{"embeddable":true,"href":"https:\/\/www.cfm.co.mz\/en\/wp-json\/wp\/v2\/users\/90"}],"replies":[{"embeddable":true,"href":"https:\/\/www.cfm.co.mz\/en\/wp-json\/wp\/v2\/comments?post=8564"}],"version-history":[{"count":0,"href":"https:\/\/www.cfm.co.mz\/en\/wp-json\/wp\/v2\/posts\/8564\/revisions"}],"wp:featuredmedia":[{"embeddable":true,"href":"https:\/\/www.cfm.co.mz\/en\/wp-json\/wp\/v2\/media\/8563"}],"wp:attachment":[{"href":"https:\/\/www.cfm.co.mz\/en\/wp-json\/wp\/v2\/media?parent=8564"}],"wp:term":[{"taxonomy":"category","embeddable":true,"href":"https:\/\/www.cfm.co.mz\/en\/wp-json\/wp\/v2\/categories?post=8564"},{"taxonomy":"post_tag","embeddable":true,"href":"https:\/\/www.cfm.co.mz\/en\/wp-json\/wp\/v2\/tags?post=8564"}],"curies":[{"name":"wp","href":"https:\/\/api.w.org\/{rel}","templated":true}]}}