{"id":8562,"date":"2014-02-24T10:18:30","date_gmt":"2014-02-24T10:18:30","guid":{"rendered":"https:\/\/www.cfm.co.mz\/2014\/02\/24\/empossados-4-novos-administradores\/"},"modified":"2014-02-24T10:18:30","modified_gmt":"2014-02-24T10:18:30","slug":"empossados-4-novos-administradores","status":"publish","type":"post","link":"https:\/\/www.cfm.co.mz\/en\/2014\/02\/24\/empossados-4-novos-administradores\/","title":{"rendered":"Empossados 4 novos Administradores"},"content":{"rendered":"<p style=\"text-align: justify;\"><img decoding=\"async\" class=\"alignleft size-full wp-image-8561\" style=\"margin-right: 10px; margin-bottom: 10px; float: left;\" src=\"http:\/\/www.cfm.co.mz\/wp-content\/uploads\/2014\/02\/CA-CFM.jpg\" alt=\"CA-CFM\" width=\"200\" height=\"76\" \/>Foram empossados ontem, dia 18\/02\/2014, quatro Administradores executivos da empresa Portos e Caminhos de&nbsp;Ferro de Mo\u00e7ambique, numa cerim\u00f3nia dirigida pelo Ministro dos Transportes e Comunica\u00e7\u00f5es, Gabriel Muthisse.&nbsp;Trata-se de Maria Alice Mangore, Jo\u00e3o Mateus Mabota, Salatiel Feliciano Massango e Sancho Quipi\u00e7o J\u00fanior.<\/p>\n<p><!--more--><\/p>\n<p style=\"text-align: justify;\">Na ocasi\u00e3o, o ministro desafiou aos rec\u00e9m-empossados a redobrarem esfor\u00e7os de modo a garantirem maior efici\u00eancia dos transportes ferrovi\u00e1rios no pa\u00eds, tendo em conta que, vivemos actualmente, uma situa\u00e7\u00e3o em que n\u00e3o \u00e9 apenas a empresa estatal que opera nas linhas-f\u00e9rreas, mas tamb\u00e9m outras companhias, com equipamentos e administra\u00e7\u00e3o pr\u00f3prios.<\/p>\n<p style=\"text-align: justify;\">Na esteira das recomenda\u00e7\u00f5es o ministro instou os novos administradores a prestarem maior aten\u00e7\u00e3o aos projectos de implanta\u00e7\u00e3o e melhoria das infra-estruturas ferro-portu\u00e1rias em Nacala, Beira, Maputo, Macuse e Savane que dever\u00e3o ser finalizados a breve trecho. \u201c\u00c9 importante trabalhar de maneira muito dedicada e \u00e1rdua, para que, no tempo requerido, estas infra-estruturas estejam no lugar\u201d.<\/p>\n<p style=\"text-align: justify;\">Recorde-se que os novos Administradores assumem as fun\u00e7\u00f5es poucas semanas ap\u00f3s a tomada de posse do novo Presidente do Conselho de Administra\u00e7\u00e3o (PCA), Dr. V\u00edctor Pedro Gomes.<\/p>","protected":false},"excerpt":{"rendered":"<p>Foram empossados ontem, dia 18\/02\/2014, quatro Administradores executivos da empresa Portos e Caminhos de&nbsp;Ferro de Mo\u00e7ambique, numa cerim\u00f3nia dirigida pelo Ministro dos Transportes e Comunica\u00e7\u00f5es, Gabriel Muthisse.&nbsp;Trata-se de Maria Alice Mangore, Jo\u00e3o Mateus Mabota, Salatiel Feliciano Massango e Sancho Quipi\u00e7o J\u00fanior.<\/p>","protected":false},"author":90,"featured_media":8561,"comment_status":"open","ping_status":"open","sticky":false,"template":"","format":"standard","meta":{"_acf_changed":false,"pgc_sgb_lightbox_settings":"","footnotes":""},"categories":[680],"tags":[],"class_list":["post-8562","post","type-post","status-publish","format-standard","has-post-thumbnail","hentry","category-noticias"],"acf":[],"yoast_head":"<!-- This site is optimized with the Yoast SEO plugin v26.5 - https:\/\/yoast.com\/wordpress\/plugins\/seo\/ -->\n<title>Empossados 4 novos Administradores - CFM - Caminhos De Ferros de Mo\u00e7ambique<\/title>\n<meta name=\"robots\" content=\"index, follow, max-snippet:-1, max-image-preview:large, max-video-preview:-1\" \/>\n<link rel=\"canonical\" href=\"https:\/\/www.cfm.co.mz\/en\/2014\/02\/24\/empossados-4-novos-administradores\/\" \/>\n<meta property=\"og:locale\" content=\"en_US\" \/>\n<meta property=\"og:type\" content=\"article\" \/>\n<meta property=\"og:title\" content=\"Empossados 4 novos Administradores - CFM - Caminhos De Ferros de Mo\u00e7ambique\" \/>\n<meta property=\"og:description\" content=\"Foram empossados ontem, dia 18\/02\/2014, quatro Administradores executivos da empresa Portos e Caminhos de&nbsp;Ferro de Mo\u00e7ambique, numa cerim\u00f3nia dirigida pelo Ministro dos Transportes e Comunica\u00e7\u00f5es, Gabriel Muthisse.&nbsp;Trata-se de Maria Alice Mangore, Jo\u00e3o Mateus Mabota, Salatiel Feliciano Massango e Sancho Quipi\u00e7o J\u00fanior.\" \/>\n<meta property=\"og:url\" content=\"https:\/\/www.cfm.co.mz\/en\/2014\/02\/24\/empossados-4-novos-administradores\/\" \/>\n<meta property=\"og:site_name\" content=\"CFM - Caminhos De Ferros de Mo\u00e7ambique\" \/>\n<meta property=\"article:publisher\" content=\"https:\/\/www.facebook.com\/CFMMoz\" \/>\n<meta property=\"article:published_time\" content=\"2014-02-24T10:18:30+00:00\" \/>\n<meta property=\"og:image\" content=\"https:\/\/www.cfm.co.mz\/wp-content\/uploads\/2014\/02\/CA-CFM.jpg\" \/>\n\t<meta property=\"og:image:width\" content=\"200\" \/>\n\t<meta property=\"og:image:height\" content=\"76\" \/>\n\t<meta property=\"og:image:type\" content=\"image\/jpeg\" \/>\n<meta name=\"author\" content=\"Dario Ribeiro\" \/>\n<meta name=\"twitter:card\" content=\"summary_large_image\" \/>\n<meta name=\"twitter:label1\" content=\"Written by\" \/>\n\t<meta name=\"twitter:data1\" content=\"Dario Ribeiro\" \/>\n\t<meta name=\"twitter:label2\" content=\"Est. reading time\" \/>\n\t<meta name=\"twitter:data2\" content=\"1 minute\" \/>\n<script type=\"application\/ld+json\" class=\"yoast-schema-graph\">{\"@context\":\"https:\/\/schema.org\",\"@graph\":[{\"@type\":\"Article\",\"@id\":\"https:\/\/www.cfm.co.mz\/2014\/02\/24\/empossados-4-novos-administradores\/#article\",\"isPartOf\":{\"@id\":\"https:\/\/www.cfm.co.mz\/2014\/02\/24\/empossados-4-novos-administradores\/\"},\"author\":{\"name\":\"Dario Ribeiro\",\"@id\":\"https:\/\/www.cfm.co.mz\/#\/schema\/person\/1cd6105e8dd71cf7bc410f73e81c4a8c\"},\"headline\":\"Empossados 4 novos Administradores\",\"datePublished\":\"2014-02-24T10:18:30+00:00\",\"mainEntityOfPage\":{\"@id\":\"https:\/\/www.cfm.co.mz\/2014\/02\/24\/empossados-4-novos-administradores\/\"},\"wordCount\":205,\"commentCount\":0,\"publisher\":{\"@id\":\"https:\/\/www.cfm.co.mz\/#organization\"},\"image\":{\"@id\":\"https:\/\/www.cfm.co.mz\/2014\/02\/24\/empossados-4-novos-administradores\/#primaryimage\"},\"thumbnailUrl\":\"https:\/\/www.cfm.co.mz\/wp-content\/uploads\/2014\/02\/CA-CFM.jpg\",\"articleSection\":[\"Noticias\"],\"inLanguage\":\"en-US\",\"potentialAction\":[{\"@type\":\"CommentAction\",\"name\":\"Comment\",\"target\":[\"https:\/\/www.cfm.co.mz\/2014\/02\/24\/empossados-4-novos-administradores\/#respond\"]}]},{\"@type\":\"WebPage\",\"@id\":\"https:\/\/www.cfm.co.mz\/2014\/02\/24\/empossados-4-novos-administradores\/\",\"url\":\"https:\/\/www.cfm.co.mz\/2014\/02\/24\/empossados-4-novos-administradores\/\",\"name\":\"Empossados 4 novos Administradores - CFM - Caminhos De Ferros de Mo\u00e7ambique\",\"isPartOf\":{\"@id\":\"https:\/\/www.cfm.co.mz\/#website\"},\"primaryImageOfPage\":{\"@id\":\"https:\/\/www.cfm.co.mz\/2014\/02\/24\/empossados-4-novos-administradores\/#primaryimage\"},\"image\":{\"@id\":\"https:\/\/www.cfm.co.mz\/2014\/02\/24\/empossados-4-novos-administradores\/#primaryimage\"},\"thumbnailUrl\":\"https:\/\/www.cfm.co.mz\/wp-content\/uploads\/2014\/02\/CA-CFM.jpg\",\"datePublished\":\"2014-02-24T10:18:30+00:00\",\"breadcrumb\":{\"@id\":\"https:\/\/www.cfm.co.mz\/2014\/02\/24\/empossados-4-novos-administradores\/#breadcrumb\"},\"inLanguage\":\"en-US\",\"potentialAction\":[{\"@type\":\"ReadAction\",\"target\":[\"https:\/\/www.cfm.co.mz\/2014\/02\/24\/empossados-4-novos-administradores\/\"]}]},{\"@type\":\"ImageObject\",\"inLanguage\":\"en-US\",\"@id\":\"https:\/\/www.cfm.co.mz\/2014\/02\/24\/empossados-4-novos-administradores\/#primaryimage\",\"url\":\"https:\/\/www.cfm.co.mz\/wp-content\/uploads\/2014\/02\/CA-CFM.jpg\",\"contentUrl\":\"https:\/\/www.cfm.co.mz\/wp-content\/uploads\/2014\/02\/CA-CFM.jpg\",\"width\":200,\"height\":76,\"caption\":\"CA-CFM\"},{\"@type\":\"BreadcrumbList\",\"@id\":\"https:\/\/www.cfm.co.mz\/2014\/02\/24\/empossados-4-novos-administradores\/#breadcrumb\",\"itemListElement\":[{\"@type\":\"ListItem\",\"position\":1,\"name\":\"Home\",\"item\":\"https:\/\/www.cfm.co.mz\/\"},{\"@type\":\"ListItem\",\"position\":2,\"name\":\"Empossados 4 novos Administradores\"}]},{\"@type\":\"WebSite\",\"@id\":\"https:\/\/www.cfm.co.mz\/#website\",\"url\":\"https:\/\/www.cfm.co.mz\/\",\"name\":\"CFM - Caminhos De Ferros de Mo\u00e7ambique\",\"description\":\"Ampliando Horizontes\",\"publisher\":{\"@id\":\"https:\/\/www.cfm.co.mz\/#organization\"},\"potentialAction\":[{\"@type\":\"SearchAction\",\"target\":{\"@type\":\"EntryPoint\",\"urlTemplate\":\"https:\/\/www.cfm.co.mz\/?s={search_term_string}\"},\"query-input\":{\"@type\":\"PropertyValueSpecification\",\"valueRequired\":true,\"valueName\":\"search_term_string\"}}],\"inLanguage\":\"en-US\"},{\"@type\":\"Organization\",\"@id\":\"https:\/\/www.cfm.co.mz\/#organization\",\"name\":\"CFM - Caminhos De Ferros de Mo\u00e7ambique\",\"url\":\"https:\/\/www.cfm.co.mz\/\",\"logo\":{\"@type\":\"ImageObject\",\"inLanguage\":\"en-US\",\"@id\":\"https:\/\/www.cfm.co.mz\/#\/schema\/logo\/image\/\",\"url\":\"https:\/\/www.cfm.co.mz\/wp-content\/uploads\/2025\/07\/be5f0679-4f5b-4d02-9719-a26ceed29162.jpg\",\"contentUrl\":\"https:\/\/www.cfm.co.mz\/wp-content\/uploads\/2025\/07\/be5f0679-4f5b-4d02-9719-a26ceed29162.jpg\",\"width\":400,\"height\":65,\"caption\":\"CFM - Caminhos De Ferros de Mo\u00e7ambique\"},\"image\":{\"@id\":\"https:\/\/www.cfm.co.mz\/#\/schema\/logo\/image\/\"},\"sameAs\":[\"https:\/\/www.facebook.com\/CFMMoz\",\"https:\/\/www.linkedin.com\/company\/caminhos-de-ferro-de-moambique\/\"]},{\"@type\":\"Person\",\"@id\":\"https:\/\/www.cfm.co.mz\/#\/schema\/person\/1cd6105e8dd71cf7bc410f73e81c4a8c\",\"name\":\"Dario Ribeiro\",\"image\":{\"@type\":\"ImageObject\",\"inLanguage\":\"en-US\",\"@id\":\"https:\/\/www.cfm.co.mz\/#\/schema\/person\/image\/\",\"url\":\"https:\/\/www.cfm.co.mz\/wp-content\/litespeed\/avatar\/3725821b4b770d3e64a90a10cc9e5f75.jpg?ver=1777454659\",\"contentUrl\":\"https:\/\/www.cfm.co.mz\/wp-content\/litespeed\/avatar\/3725821b4b770d3e64a90a10cc9e5f75.jpg?ver=1777454659\",\"caption\":\"Dario Ribeiro\"},\"url\":\"https:\/\/www.cfm.co.mz\/en\/author\/dario\/\"}]}<\/script>\n<!-- \/ Yoast SEO plugin. -->","yoast_head_json":{"title":"Empossados 4 novos Administradores - CFM - Caminhos De Ferros de Mo\u00e7ambique","robots":{"index":"index","follow":"follow","max-snippet":"max-snippet:-1","max-image-preview":"max-image-preview:large","max-video-preview":"max-video-preview:-1"},"canonical":"https:\/\/www.cfm.co.mz\/en\/2014\/02\/24\/empossados-4-novos-administradores\/","og_locale":"en_US","og_type":"article","og_title":"Empossados 4 novos Administradores - CFM - Caminhos De Ferros de Mo\u00e7ambique","og_description":"Foram empossados ontem, dia 18\/02\/2014, quatro Administradores executivos da empresa Portos e Caminhos de&nbsp;Ferro de Mo\u00e7ambique, numa cerim\u00f3nia dirigida pelo Ministro dos Transportes e Comunica\u00e7\u00f5es, Gabriel Muthisse.&nbsp;Trata-se de Maria Alice Mangore, Jo\u00e3o Mateus Mabota, Salatiel Feliciano Massango e Sancho Quipi\u00e7o J\u00fanior.","og_url":"https:\/\/www.cfm.co.mz\/en\/2014\/02\/24\/empossados-4-novos-administradores\/","og_site_name":"CFM - Caminhos De Ferros de Mo\u00e7ambique","article_publisher":"https:\/\/www.facebook.com\/CFMMoz","article_published_time":"2014-02-24T10:18:30+00:00","og_image":[{"width":200,"height":76,"url":"https:\/\/www.cfm.co.mz\/wp-content\/uploads\/2014\/02\/CA-CFM.jpg","type":"image\/jpeg"}],"author":"Dario Ribeiro","twitter_card":"summary_large_image","twitter_misc":{"Written by":"Dario Ribeiro","Est. reading time":"1 minute"},"schema":{"@context":"https:\/\/schema.org","@graph":[{"@type":"Article","@id":"https:\/\/www.cfm.co.mz\/2014\/02\/24\/empossados-4-novos-administradores\/#article","isPartOf":{"@id":"https:\/\/www.cfm.co.mz\/2014\/02\/24\/empossados-4-novos-administradores\/"},"author":{"name":"Dario Ribeiro","@id":"https:\/\/www.cfm.co.mz\/#\/schema\/person\/1cd6105e8dd71cf7bc410f73e81c4a8c"},"headline":"Empossados 4 novos Administradores","datePublished":"2014-02-24T10:18:30+00:00","mainEntityOfPage":{"@id":"https:\/\/www.cfm.co.mz\/2014\/02\/24\/empossados-4-novos-administradores\/"},"wordCount":205,"commentCount":0,"publisher":{"@id":"https:\/\/www.cfm.co.mz\/#organization"},"image":{"@id":"https:\/\/www.cfm.co.mz\/2014\/02\/24\/empossados-4-novos-administradores\/#primaryimage"},"thumbnailUrl":"https:\/\/www.cfm.co.mz\/wp-content\/uploads\/2014\/02\/CA-CFM.jpg","articleSection":["Noticias"],"inLanguage":"en-US","potentialAction":[{"@type":"CommentAction","name":"Comment","target":["https:\/\/www.cfm.co.mz\/2014\/02\/24\/empossados-4-novos-administradores\/#respond"]}]},{"@type":"WebPage","@id":"https:\/\/www.cfm.co.mz\/2014\/02\/24\/empossados-4-novos-administradores\/","url":"https:\/\/www.cfm.co.mz\/2014\/02\/24\/empossados-4-novos-administradores\/","name":"Empossados 4 novos Administradores - CFM - Caminhos De Ferros de Mo\u00e7ambique","isPartOf":{"@id":"https:\/\/www.cfm.co.mz\/#website"},"primaryImageOfPage":{"@id":"https:\/\/www.cfm.co.mz\/2014\/02\/24\/empossados-4-novos-administradores\/#primaryimage"},"image":{"@id":"https:\/\/www.cfm.co.mz\/2014\/02\/24\/empossados-4-novos-administradores\/#primaryimage"},"thumbnailUrl":"https:\/\/www.cfm.co.mz\/wp-content\/uploads\/2014\/02\/CA-CFM.jpg","datePublished":"2014-02-24T10:18:30+00:00","breadcrumb":{"@id":"https:\/\/www.cfm.co.mz\/2014\/02\/24\/empossados-4-novos-administradores\/#breadcrumb"},"inLanguage":"en-US","potentialAction":[{"@type":"ReadAction","target":["https:\/\/www.cfm.co.mz\/2014\/02\/24\/empossados-4-novos-administradores\/"]}]},{"@type":"ImageObject","inLanguage":"en-US","@id":"https:\/\/www.cfm.co.mz\/2014\/02\/24\/empossados-4-novos-administradores\/#primaryimage","url":"https:\/\/www.cfm.co.mz\/wp-content\/uploads\/2014\/02\/CA-CFM.jpg","contentUrl":"https:\/\/www.cfm.co.mz\/wp-content\/uploads\/2014\/02\/CA-CFM.jpg","width":200,"height":76,"caption":"CA-CFM"},{"@type":"BreadcrumbList","@id":"https:\/\/www.cfm.co.mz\/2014\/02\/24\/empossados-4-novos-administradores\/#breadcrumb","itemListElement":[{"@type":"ListItem","position":1,"name":"Home","item":"https:\/\/www.cfm.co.mz\/"},{"@type":"ListItem","position":2,"name":"Empossados 4 novos Administradores"}]},{"@type":"WebSite","@id":"https:\/\/www.cfm.co.mz\/#website","url":"https:\/\/www.cfm.co.mz\/","name":"CFM - Caminhos De Ferros de Mo\u00e7ambique","description":"Ampliando Horizontes","publisher":{"@id":"https:\/\/www.cfm.co.mz\/#organization"},"potentialAction":[{"@type":"SearchAction","target":{"@type":"EntryPoint","urlTemplate":"https:\/\/www.cfm.co.mz\/?s={search_term_string}"},"query-input":{"@type":"PropertyValueSpecification","valueRequired":true,"valueName":"search_term_string"}}],"inLanguage":"en-US"},{"@type":"Organization","@id":"https:\/\/www.cfm.co.mz\/#organization","name":"CFM - Caminhos De Ferros de Mo\u00e7ambique","url":"https:\/\/www.cfm.co.mz\/","logo":{"@type":"ImageObject","inLanguage":"en-US","@id":"https:\/\/www.cfm.co.mz\/#\/schema\/logo\/image\/","url":"https:\/\/www.cfm.co.mz\/wp-content\/uploads\/2025\/07\/be5f0679-4f5b-4d02-9719-a26ceed29162.jpg","contentUrl":"https:\/\/www.cfm.co.mz\/wp-content\/uploads\/2025\/07\/be5f0679-4f5b-4d02-9719-a26ceed29162.jpg","width":400,"height":65,"caption":"CFM - Caminhos De Ferros de Mo\u00e7ambique"},"image":{"@id":"https:\/\/www.cfm.co.mz\/#\/schema\/logo\/image\/"},"sameAs":["https:\/\/www.facebook.com\/CFMMoz","https:\/\/www.linkedin.com\/company\/caminhos-de-ferro-de-moambique\/"]},{"@type":"Person","@id":"https:\/\/www.cfm.co.mz\/#\/schema\/person\/1cd6105e8dd71cf7bc410f73e81c4a8c","name":"Dario Ribeiro","image":{"@type":"ImageObject","inLanguage":"en-US","@id":"https:\/\/www.cfm.co.mz\/#\/schema\/person\/image\/","url":"https:\/\/www.cfm.co.mz\/wp-content\/litespeed\/avatar\/3725821b4b770d3e64a90a10cc9e5f75.jpg?ver=1777454659","contentUrl":"https:\/\/www.cfm.co.mz\/wp-content\/litespeed\/avatar\/3725821b4b770d3e64a90a10cc9e5f75.jpg?ver=1777454659","caption":"Dario Ribeiro"},"url":"https:\/\/www.cfm.co.mz\/en\/author\/dario\/"}]}},"_links":{"self":[{"href":"https:\/\/www.cfm.co.mz\/en\/wp-json\/wp\/v2\/posts\/8562","targetHints":{"allow":["GET"]}}],"collection":[{"href":"https:\/\/www.cfm.co.mz\/en\/wp-json\/wp\/v2\/posts"}],"about":[{"href":"https:\/\/www.cfm.co.mz\/en\/wp-json\/wp\/v2\/types\/post"}],"author":[{"embeddable":true,"href":"https:\/\/www.cfm.co.mz\/en\/wp-json\/wp\/v2\/users\/90"}],"replies":[{"embeddable":true,"href":"https:\/\/www.cfm.co.mz\/en\/wp-json\/wp\/v2\/comments?post=8562"}],"version-history":[{"count":0,"href":"https:\/\/www.cfm.co.mz\/en\/wp-json\/wp\/v2\/posts\/8562\/revisions"}],"wp:featuredmedia":[{"embeddable":true,"href":"https:\/\/www.cfm.co.mz\/en\/wp-json\/wp\/v2\/media\/8561"}],"wp:attachment":[{"href":"https:\/\/www.cfm.co.mz\/en\/wp-json\/wp\/v2\/media?parent=8562"}],"wp:term":[{"taxonomy":"category","embeddable":true,"href":"https:\/\/www.cfm.co.mz\/en\/wp-json\/wp\/v2\/categories?post=8562"},{"taxonomy":"post_tag","embeddable":true,"href":"https:\/\/www.cfm.co.mz\/en\/wp-json\/wp\/v2\/tags?post=8562"}],"curies":[{"name":"wp","href":"https:\/\/api.w.org\/{rel}","templated":true}]}}