{"id":8558,"date":"2014-02-24T10:08:17","date_gmt":"2014-02-24T10:08:17","guid":{"rendered":"https:\/\/www.cfm.co.mz\/2014\/02\/24\/cfm-assume-presidencia-da-assembleia-geral-da-aplop\/"},"modified":"2014-02-24T10:08:17","modified_gmt":"2014-02-24T10:08:17","slug":"cfm-assume-presidencia-da-assembleia-geral-da-aplop","status":"publish","type":"post","link":"https:\/\/www.cfm.co.mz\/en\/2014\/02\/24\/cfm-assume-presidencia-da-assembleia-geral-da-aplop\/","title":{"rendered":"CFM Assume Presid\u00eancia da Assembleia Geral da APLOP"},"content":{"rendered":"<p style=\"text-align: justify;\"><img decoding=\"async\" class=\"alignleft size-full wp-image-8557\" style=\"margin-right: 10px; float: left;\" src=\"http:\/\/www.cfm.co.mz\/wp-content\/uploads\/2014\/02\/apresentacao-CFM-VII-APLOP.jpg\" alt=\"apresentacao-CFM-VII-APLOP\" width=\"200\" height=\"103\" \/>A Empresa Portos e Caminhos de Ferro de Mo\u00e7ambique assumiu a presid\u00eancia da Assembleia Geral da Associa\u00e7\u00e3o&nbsp;dos Portos de L\u00edngua Portuguesa (APLOP) para o pr\u00f3ximo mandato 2014-2015.<\/p>\n<p><!--more--><\/p>\n<p style=\"text-align: justify;\">A elei\u00e7\u00e3o do CFM surgiu no contexto do <a href=\"http:\/\/www.aplop.org\/\">VII Congresso dos Portos de L\u00edngua Portuguesa<\/a> que decorreu nos dias 17 e 18 de Outubro na cidade portu\u00e1ria de Lobito- Angola. No evento, o CFM fez-se representar pela Administradora Executiva Marta Mapilele que apresentou uma Comunica\u00e7\u00e3o relacionada com a \u201cCapacidade Log\u00edstica dos Portos e Caminhos de Ferro de Mo\u00e7ambique face a Demanda dos Produtos Mineraleiros e sua Import\u00e2ncia para o Mercado Mo\u00e7ambicano\u201d.<\/p>\n<p style=\"text-align: justify;\">Recorde-se que a APLOP \u00e9 uma associa\u00e7\u00e3o criada em 2011 com o objectivo de refor\u00e7ar os la\u00e7os de coopera\u00e7\u00e3o e aumentar as trocas comerciais entre os pa\u00edses da CPLP.<\/p>","protected":false},"excerpt":{"rendered":"<p>A Empresa Portos e Caminhos de Ferro de Mo\u00e7ambique assumiu a presid\u00eancia da Assembleia Geral da Associa\u00e7\u00e3o&nbsp;dos Portos de L\u00edngua Portuguesa (APLOP) para o pr\u00f3ximo mandato 2014-2015.<\/p>","protected":false},"author":90,"featured_media":8557,"comment_status":"open","ping_status":"open","sticky":false,"template":"","format":"standard","meta":{"_acf_changed":false,"pgc_sgb_lightbox_settings":"","footnotes":""},"categories":[680],"tags":[],"class_list":["post-8558","post","type-post","status-publish","format-standard","has-post-thumbnail","hentry","category-noticias"],"acf":[],"yoast_head":"<!-- This site is optimized with the Yoast SEO plugin v26.5 - https:\/\/yoast.com\/wordpress\/plugins\/seo\/ -->\n<title>CFM Assume Presid\u00eancia da Assembleia Geral da APLOP - CFM - Caminhos De Ferros de Mo\u00e7ambique<\/title>\n<meta name=\"robots\" content=\"index, follow, max-snippet:-1, max-image-preview:large, max-video-preview:-1\" \/>\n<link rel=\"canonical\" href=\"https:\/\/www.cfm.co.mz\/en\/2014\/02\/24\/cfm-assume-presidencia-da-assembleia-geral-da-aplop\/\" \/>\n<meta property=\"og:locale\" content=\"en_US\" \/>\n<meta property=\"og:type\" content=\"article\" \/>\n<meta property=\"og:title\" content=\"CFM Assume Presid\u00eancia da Assembleia Geral da APLOP - CFM - Caminhos De Ferros de Mo\u00e7ambique\" \/>\n<meta property=\"og:description\" content=\"A Empresa Portos e Caminhos de Ferro de Mo\u00e7ambique assumiu a presid\u00eancia da Assembleia Geral da Associa\u00e7\u00e3o&nbsp;dos Portos de L\u00edngua Portuguesa (APLOP) para o pr\u00f3ximo mandato 2014-2015.\" \/>\n<meta property=\"og:url\" content=\"https:\/\/www.cfm.co.mz\/en\/2014\/02\/24\/cfm-assume-presidencia-da-assembleia-geral-da-aplop\/\" \/>\n<meta property=\"og:site_name\" content=\"CFM - Caminhos De Ferros de Mo\u00e7ambique\" \/>\n<meta property=\"article:publisher\" content=\"https:\/\/www.facebook.com\/CFMMoz\" \/>\n<meta property=\"article:published_time\" content=\"2014-02-24T10:08:17+00:00\" \/>\n<meta property=\"og:image\" content=\"https:\/\/www.cfm.co.mz\/wp-content\/uploads\/2014\/02\/apresentacao-CFM-VII-APLOP.jpg\" \/>\n\t<meta property=\"og:image:width\" content=\"132\" \/>\n\t<meta property=\"og:image:height\" content=\"68\" \/>\n\t<meta property=\"og:image:type\" content=\"image\/jpeg\" \/>\n<meta name=\"author\" content=\"Dario Ribeiro\" \/>\n<meta name=\"twitter:card\" content=\"summary_large_image\" \/>\n<meta name=\"twitter:label1\" content=\"Written by\" \/>\n\t<meta name=\"twitter:data1\" content=\"Dario Ribeiro\" \/>\n\t<meta name=\"twitter:label2\" content=\"Est. reading time\" \/>\n\t<meta name=\"twitter:data2\" content=\"1 minute\" \/>\n<script type=\"application\/ld+json\" class=\"yoast-schema-graph\">{\"@context\":\"https:\/\/schema.org\",\"@graph\":[{\"@type\":\"Article\",\"@id\":\"https:\/\/www.cfm.co.mz\/2014\/02\/24\/cfm-assume-presidencia-da-assembleia-geral-da-aplop\/#article\",\"isPartOf\":{\"@id\":\"https:\/\/www.cfm.co.mz\/2014\/02\/24\/cfm-assume-presidencia-da-assembleia-geral-da-aplop\/\"},\"author\":{\"name\":\"Dario Ribeiro\",\"@id\":\"https:\/\/www.cfm.co.mz\/#\/schema\/person\/1cd6105e8dd71cf7bc410f73e81c4a8c\"},\"headline\":\"CFM Assume Presid\u00eancia da Assembleia Geral da APLOP\",\"datePublished\":\"2014-02-24T10:08:17+00:00\",\"mainEntityOfPage\":{\"@id\":\"https:\/\/www.cfm.co.mz\/2014\/02\/24\/cfm-assume-presidencia-da-assembleia-geral-da-aplop\/\"},\"wordCount\":152,\"commentCount\":0,\"publisher\":{\"@id\":\"https:\/\/www.cfm.co.mz\/#organization\"},\"image\":{\"@id\":\"https:\/\/www.cfm.co.mz\/2014\/02\/24\/cfm-assume-presidencia-da-assembleia-geral-da-aplop\/#primaryimage\"},\"thumbnailUrl\":\"https:\/\/www.cfm.co.mz\/wp-content\/uploads\/2014\/02\/apresentacao-CFM-VII-APLOP.jpg\",\"articleSection\":[\"Noticias\"],\"inLanguage\":\"en-US\",\"potentialAction\":[{\"@type\":\"CommentAction\",\"name\":\"Comment\",\"target\":[\"https:\/\/www.cfm.co.mz\/2014\/02\/24\/cfm-assume-presidencia-da-assembleia-geral-da-aplop\/#respond\"]}]},{\"@type\":\"WebPage\",\"@id\":\"https:\/\/www.cfm.co.mz\/2014\/02\/24\/cfm-assume-presidencia-da-assembleia-geral-da-aplop\/\",\"url\":\"https:\/\/www.cfm.co.mz\/2014\/02\/24\/cfm-assume-presidencia-da-assembleia-geral-da-aplop\/\",\"name\":\"CFM Assume Presid\u00eancia da Assembleia Geral da APLOP - CFM - Caminhos De Ferros de Mo\u00e7ambique\",\"isPartOf\":{\"@id\":\"https:\/\/www.cfm.co.mz\/#website\"},\"primaryImageOfPage\":{\"@id\":\"https:\/\/www.cfm.co.mz\/2014\/02\/24\/cfm-assume-presidencia-da-assembleia-geral-da-aplop\/#primaryimage\"},\"image\":{\"@id\":\"https:\/\/www.cfm.co.mz\/2014\/02\/24\/cfm-assume-presidencia-da-assembleia-geral-da-aplop\/#primaryimage\"},\"thumbnailUrl\":\"https:\/\/www.cfm.co.mz\/wp-content\/uploads\/2014\/02\/apresentacao-CFM-VII-APLOP.jpg\",\"datePublished\":\"2014-02-24T10:08:17+00:00\",\"breadcrumb\":{\"@id\":\"https:\/\/www.cfm.co.mz\/2014\/02\/24\/cfm-assume-presidencia-da-assembleia-geral-da-aplop\/#breadcrumb\"},\"inLanguage\":\"en-US\",\"potentialAction\":[{\"@type\":\"ReadAction\",\"target\":[\"https:\/\/www.cfm.co.mz\/2014\/02\/24\/cfm-assume-presidencia-da-assembleia-geral-da-aplop\/\"]}]},{\"@type\":\"ImageObject\",\"inLanguage\":\"en-US\",\"@id\":\"https:\/\/www.cfm.co.mz\/2014\/02\/24\/cfm-assume-presidencia-da-assembleia-geral-da-aplop\/#primaryimage\",\"url\":\"https:\/\/www.cfm.co.mz\/wp-content\/uploads\/2014\/02\/apresentacao-CFM-VII-APLOP.jpg\",\"contentUrl\":\"https:\/\/www.cfm.co.mz\/wp-content\/uploads\/2014\/02\/apresentacao-CFM-VII-APLOP.jpg\",\"width\":132,\"height\":68,\"caption\":\"apresentacao-CFM-VII-APLOP\"},{\"@type\":\"BreadcrumbList\",\"@id\":\"https:\/\/www.cfm.co.mz\/2014\/02\/24\/cfm-assume-presidencia-da-assembleia-geral-da-aplop\/#breadcrumb\",\"itemListElement\":[{\"@type\":\"ListItem\",\"position\":1,\"name\":\"Home\",\"item\":\"https:\/\/www.cfm.co.mz\/\"},{\"@type\":\"ListItem\",\"position\":2,\"name\":\"CFM Assume Presid\u00eancia da Assembleia Geral da APLOP\"}]},{\"@type\":\"WebSite\",\"@id\":\"https:\/\/www.cfm.co.mz\/#website\",\"url\":\"https:\/\/www.cfm.co.mz\/\",\"name\":\"CFM - Caminhos De Ferros de Mo\u00e7ambique\",\"description\":\"Ampliando Horizontes\",\"publisher\":{\"@id\":\"https:\/\/www.cfm.co.mz\/#organization\"},\"potentialAction\":[{\"@type\":\"SearchAction\",\"target\":{\"@type\":\"EntryPoint\",\"urlTemplate\":\"https:\/\/www.cfm.co.mz\/?s={search_term_string}\"},\"query-input\":{\"@type\":\"PropertyValueSpecification\",\"valueRequired\":true,\"valueName\":\"search_term_string\"}}],\"inLanguage\":\"en-US\"},{\"@type\":\"Organization\",\"@id\":\"https:\/\/www.cfm.co.mz\/#organization\",\"name\":\"CFM - Caminhos De Ferros de Mo\u00e7ambique\",\"url\":\"https:\/\/www.cfm.co.mz\/\",\"logo\":{\"@type\":\"ImageObject\",\"inLanguage\":\"en-US\",\"@id\":\"https:\/\/www.cfm.co.mz\/#\/schema\/logo\/image\/\",\"url\":\"https:\/\/www.cfm.co.mz\/wp-content\/uploads\/2025\/07\/be5f0679-4f5b-4d02-9719-a26ceed29162.jpg\",\"contentUrl\":\"https:\/\/www.cfm.co.mz\/wp-content\/uploads\/2025\/07\/be5f0679-4f5b-4d02-9719-a26ceed29162.jpg\",\"width\":400,\"height\":65,\"caption\":\"CFM - Caminhos De Ferros de Mo\u00e7ambique\"},\"image\":{\"@id\":\"https:\/\/www.cfm.co.mz\/#\/schema\/logo\/image\/\"},\"sameAs\":[\"https:\/\/www.facebook.com\/CFMMoz\",\"https:\/\/www.linkedin.com\/company\/caminhos-de-ferro-de-moambique\/\"]},{\"@type\":\"Person\",\"@id\":\"https:\/\/www.cfm.co.mz\/#\/schema\/person\/1cd6105e8dd71cf7bc410f73e81c4a8c\",\"name\":\"Dario Ribeiro\",\"image\":{\"@type\":\"ImageObject\",\"inLanguage\":\"en-US\",\"@id\":\"https:\/\/www.cfm.co.mz\/#\/schema\/person\/image\/\",\"url\":\"https:\/\/www.cfm.co.mz\/wp-content\/litespeed\/avatar\/3725821b4b770d3e64a90a10cc9e5f75.jpg?ver=1777454659\",\"contentUrl\":\"https:\/\/www.cfm.co.mz\/wp-content\/litespeed\/avatar\/3725821b4b770d3e64a90a10cc9e5f75.jpg?ver=1777454659\",\"caption\":\"Dario Ribeiro\"},\"url\":\"https:\/\/www.cfm.co.mz\/en\/author\/dario\/\"}]}<\/script>\n<!-- \/ Yoast SEO plugin. -->","yoast_head_json":{"title":"CFM Assume Presid\u00eancia da Assembleia Geral da APLOP - CFM - Caminhos De Ferros de Mo\u00e7ambique","robots":{"index":"index","follow":"follow","max-snippet":"max-snippet:-1","max-image-preview":"max-image-preview:large","max-video-preview":"max-video-preview:-1"},"canonical":"https:\/\/www.cfm.co.mz\/en\/2014\/02\/24\/cfm-assume-presidencia-da-assembleia-geral-da-aplop\/","og_locale":"en_US","og_type":"article","og_title":"CFM Assume Presid\u00eancia da Assembleia Geral da APLOP - CFM - Caminhos De Ferros de Mo\u00e7ambique","og_description":"A Empresa Portos e Caminhos de Ferro de Mo\u00e7ambique assumiu a presid\u00eancia da Assembleia Geral da Associa\u00e7\u00e3o&nbsp;dos Portos de L\u00edngua Portuguesa (APLOP) para o pr\u00f3ximo mandato 2014-2015.","og_url":"https:\/\/www.cfm.co.mz\/en\/2014\/02\/24\/cfm-assume-presidencia-da-assembleia-geral-da-aplop\/","og_site_name":"CFM - Caminhos De Ferros de Mo\u00e7ambique","article_publisher":"https:\/\/www.facebook.com\/CFMMoz","article_published_time":"2014-02-24T10:08:17+00:00","og_image":[{"width":132,"height":68,"url":"https:\/\/www.cfm.co.mz\/wp-content\/uploads\/2014\/02\/apresentacao-CFM-VII-APLOP.jpg","type":"image\/jpeg"}],"author":"Dario Ribeiro","twitter_card":"summary_large_image","twitter_misc":{"Written by":"Dario Ribeiro","Est. reading time":"1 minute"},"schema":{"@context":"https:\/\/schema.org","@graph":[{"@type":"Article","@id":"https:\/\/www.cfm.co.mz\/2014\/02\/24\/cfm-assume-presidencia-da-assembleia-geral-da-aplop\/#article","isPartOf":{"@id":"https:\/\/www.cfm.co.mz\/2014\/02\/24\/cfm-assume-presidencia-da-assembleia-geral-da-aplop\/"},"author":{"name":"Dario Ribeiro","@id":"https:\/\/www.cfm.co.mz\/#\/schema\/person\/1cd6105e8dd71cf7bc410f73e81c4a8c"},"headline":"CFM Assume Presid\u00eancia da Assembleia Geral da APLOP","datePublished":"2014-02-24T10:08:17+00:00","mainEntityOfPage":{"@id":"https:\/\/www.cfm.co.mz\/2014\/02\/24\/cfm-assume-presidencia-da-assembleia-geral-da-aplop\/"},"wordCount":152,"commentCount":0,"publisher":{"@id":"https:\/\/www.cfm.co.mz\/#organization"},"image":{"@id":"https:\/\/www.cfm.co.mz\/2014\/02\/24\/cfm-assume-presidencia-da-assembleia-geral-da-aplop\/#primaryimage"},"thumbnailUrl":"https:\/\/www.cfm.co.mz\/wp-content\/uploads\/2014\/02\/apresentacao-CFM-VII-APLOP.jpg","articleSection":["Noticias"],"inLanguage":"en-US","potentialAction":[{"@type":"CommentAction","name":"Comment","target":["https:\/\/www.cfm.co.mz\/2014\/02\/24\/cfm-assume-presidencia-da-assembleia-geral-da-aplop\/#respond"]}]},{"@type":"WebPage","@id":"https:\/\/www.cfm.co.mz\/2014\/02\/24\/cfm-assume-presidencia-da-assembleia-geral-da-aplop\/","url":"https:\/\/www.cfm.co.mz\/2014\/02\/24\/cfm-assume-presidencia-da-assembleia-geral-da-aplop\/","name":"CFM Assume Presid\u00eancia da Assembleia Geral da APLOP - CFM - Caminhos De Ferros de Mo\u00e7ambique","isPartOf":{"@id":"https:\/\/www.cfm.co.mz\/#website"},"primaryImageOfPage":{"@id":"https:\/\/www.cfm.co.mz\/2014\/02\/24\/cfm-assume-presidencia-da-assembleia-geral-da-aplop\/#primaryimage"},"image":{"@id":"https:\/\/www.cfm.co.mz\/2014\/02\/24\/cfm-assume-presidencia-da-assembleia-geral-da-aplop\/#primaryimage"},"thumbnailUrl":"https:\/\/www.cfm.co.mz\/wp-content\/uploads\/2014\/02\/apresentacao-CFM-VII-APLOP.jpg","datePublished":"2014-02-24T10:08:17+00:00","breadcrumb":{"@id":"https:\/\/www.cfm.co.mz\/2014\/02\/24\/cfm-assume-presidencia-da-assembleia-geral-da-aplop\/#breadcrumb"},"inLanguage":"en-US","potentialAction":[{"@type":"ReadAction","target":["https:\/\/www.cfm.co.mz\/2014\/02\/24\/cfm-assume-presidencia-da-assembleia-geral-da-aplop\/"]}]},{"@type":"ImageObject","inLanguage":"en-US","@id":"https:\/\/www.cfm.co.mz\/2014\/02\/24\/cfm-assume-presidencia-da-assembleia-geral-da-aplop\/#primaryimage","url":"https:\/\/www.cfm.co.mz\/wp-content\/uploads\/2014\/02\/apresentacao-CFM-VII-APLOP.jpg","contentUrl":"https:\/\/www.cfm.co.mz\/wp-content\/uploads\/2014\/02\/apresentacao-CFM-VII-APLOP.jpg","width":132,"height":68,"caption":"apresentacao-CFM-VII-APLOP"},{"@type":"BreadcrumbList","@id":"https:\/\/www.cfm.co.mz\/2014\/02\/24\/cfm-assume-presidencia-da-assembleia-geral-da-aplop\/#breadcrumb","itemListElement":[{"@type":"ListItem","position":1,"name":"Home","item":"https:\/\/www.cfm.co.mz\/"},{"@type":"ListItem","position":2,"name":"CFM Assume Presid\u00eancia da Assembleia Geral da APLOP"}]},{"@type":"WebSite","@id":"https:\/\/www.cfm.co.mz\/#website","url":"https:\/\/www.cfm.co.mz\/","name":"CFM - Caminhos De Ferros de Mo\u00e7ambique","description":"Ampliando Horizontes","publisher":{"@id":"https:\/\/www.cfm.co.mz\/#organization"},"potentialAction":[{"@type":"SearchAction","target":{"@type":"EntryPoint","urlTemplate":"https:\/\/www.cfm.co.mz\/?s={search_term_string}"},"query-input":{"@type":"PropertyValueSpecification","valueRequired":true,"valueName":"search_term_string"}}],"inLanguage":"en-US"},{"@type":"Organization","@id":"https:\/\/www.cfm.co.mz\/#organization","name":"CFM - Caminhos De Ferros de Mo\u00e7ambique","url":"https:\/\/www.cfm.co.mz\/","logo":{"@type":"ImageObject","inLanguage":"en-US","@id":"https:\/\/www.cfm.co.mz\/#\/schema\/logo\/image\/","url":"https:\/\/www.cfm.co.mz\/wp-content\/uploads\/2025\/07\/be5f0679-4f5b-4d02-9719-a26ceed29162.jpg","contentUrl":"https:\/\/www.cfm.co.mz\/wp-content\/uploads\/2025\/07\/be5f0679-4f5b-4d02-9719-a26ceed29162.jpg","width":400,"height":65,"caption":"CFM - Caminhos De Ferros de Mo\u00e7ambique"},"image":{"@id":"https:\/\/www.cfm.co.mz\/#\/schema\/logo\/image\/"},"sameAs":["https:\/\/www.facebook.com\/CFMMoz","https:\/\/www.linkedin.com\/company\/caminhos-de-ferro-de-moambique\/"]},{"@type":"Person","@id":"https:\/\/www.cfm.co.mz\/#\/schema\/person\/1cd6105e8dd71cf7bc410f73e81c4a8c","name":"Dario Ribeiro","image":{"@type":"ImageObject","inLanguage":"en-US","@id":"https:\/\/www.cfm.co.mz\/#\/schema\/person\/image\/","url":"https:\/\/www.cfm.co.mz\/wp-content\/litespeed\/avatar\/3725821b4b770d3e64a90a10cc9e5f75.jpg?ver=1777454659","contentUrl":"https:\/\/www.cfm.co.mz\/wp-content\/litespeed\/avatar\/3725821b4b770d3e64a90a10cc9e5f75.jpg?ver=1777454659","caption":"Dario Ribeiro"},"url":"https:\/\/www.cfm.co.mz\/en\/author\/dario\/"}]}},"_links":{"self":[{"href":"https:\/\/www.cfm.co.mz\/en\/wp-json\/wp\/v2\/posts\/8558","targetHints":{"allow":["GET"]}}],"collection":[{"href":"https:\/\/www.cfm.co.mz\/en\/wp-json\/wp\/v2\/posts"}],"about":[{"href":"https:\/\/www.cfm.co.mz\/en\/wp-json\/wp\/v2\/types\/post"}],"author":[{"embeddable":true,"href":"https:\/\/www.cfm.co.mz\/en\/wp-json\/wp\/v2\/users\/90"}],"replies":[{"embeddable":true,"href":"https:\/\/www.cfm.co.mz\/en\/wp-json\/wp\/v2\/comments?post=8558"}],"version-history":[{"count":0,"href":"https:\/\/www.cfm.co.mz\/en\/wp-json\/wp\/v2\/posts\/8558\/revisions"}],"wp:featuredmedia":[{"embeddable":true,"href":"https:\/\/www.cfm.co.mz\/en\/wp-json\/wp\/v2\/media\/8557"}],"wp:attachment":[{"href":"https:\/\/www.cfm.co.mz\/en\/wp-json\/wp\/v2\/media?parent=8558"}],"wp:term":[{"taxonomy":"category","embeddable":true,"href":"https:\/\/www.cfm.co.mz\/en\/wp-json\/wp\/v2\/categories?post=8558"},{"taxonomy":"post_tag","embeddable":true,"href":"https:\/\/www.cfm.co.mz\/en\/wp-json\/wp\/v2\/tags?post=8558"}],"curies":[{"name":"wp","href":"https:\/\/api.w.org\/{rel}","templated":true}]}}