{"id":14368,"date":"2025-09-18T09:27:15","date_gmt":"2025-09-18T09:27:15","guid":{"rendered":"https:\/\/www.cfm.co.mz\/?p=14368"},"modified":"2025-09-18T09:43:15","modified_gmt":"2025-09-18T09:43:15","slug":"cfm-inaugura-duas-novas-locomotivas","status":"publish","type":"post","link":"https:\/\/www.cfm.co.mz\/en\/2025\/09\/18\/cfm-inaugura-duas-novas-locomotivas\/","title":{"rendered":"CFM inaugura duas Novas Locomotivas"},"content":{"rendered":"<p>Foram inauguradas em Maputo, no passado dia 12 de setembro do ano em curso, duas novas locomotivas que ir\u00e3o refor\u00e7ar a frota da Empresa Portos e Camihos de Ferro de Mo\u00e7ambique (CFM).<\/p>\n\n\n\n<p>A aquisi\u00e7\u00e3o das Locomotivas enquadra-se no Plano Estrat\u00e9gico da Empresa que prev\u00ea o apetrechamento e moderniza\u00e7\u00e3o do material circulante e equipamentos ferro-portu\u00e1rios. As duas locomotivas fazem parte de um lote de 10 por receber ainda este ano e ir\u00e3o responder a demanda que o mercado imp\u00f5e, sobretudo o Zimbabweano e Sul Africano.<\/p>\n\n\n\n<p>A cerimn\u00f3nia de inaugura\u00e7\u00e3o foi dirigida pelo Ministro dos Transportes e Log\u00edstica, Eng\u00b0. Jo\u00e3o Matlombe e enquadrou-se no \u00e2mbito do I Conselho Coordenador do Mnist\u00e9rio dosTransportes e Log\u00edstica.<\/p>\n\n\n\n<p>Matlombe felicitou o CFM pela vis\u00e3o e determina\u00e7\u00e3o em encarar o enorme desafio, frisando a necessidade de empresas p\u00fablicas fortes, focadas em resultados, capazes de gerar impacto directo na vida dos mo\u00e7ambicanos rumo a mais oportunidades de emprego, integra\u00e7\u00e3o e esperan\u00e7a. \u201c<em>As duas locomotivas para carga adquiridas, mais que um refor\u00e7o da frota, simbolizam compromisso com o futuro, com a moderniza\u00e7\u00e3o e transforma\u00e7\u00e3o estrutural do sector log\u00edstico nacional, como motores para o desenvolvimento futuro, provando o investimento num sistema ferro-portu\u00e1rio moderno, eficiente, competitivo e preparado para servir a economia nacional e a regi\u00e3o, aliado pela vantagem estrat\u00e9gica de Mo\u00e7ambique<\/em>\u201d- referiu o Governante para o sector dos transportes e log\u00edstica.<\/p>\n\n\n\n<p>Por seu turno, o PCA do CFM, Eng\u00b0. Agostinho Francisco Langa J\u00fanior, destacou que a presen\u00e7a do Ministro para dirigir a cerim\u00f3nia motiva e encoraja o CFM a prosseguir com as orienta\u00e7\u00f5es dadas pelo Governo a partir do Minist\u00e9rio dos Transportes e Log\u00edstica.<\/p>\n\n\n\n<figure class=\"wp-block-gallery has-nested-images columns-default is-cropped wp-block-gallery-1 is-layout-flex wp-block-gallery-is-layout-flex\">\n<figure class=\"wp-block-image size-large\"><img fetchpriority=\"high\" decoding=\"async\" width=\"1024\" height=\"683\" data-id=\"14374\" src=\"https:\/\/www.cfm.co.mz\/wp-content\/uploads\/2025\/09\/INAUGURACAO-DUAS-LOCOMOTIVAS-SETEMBRO-2025-2-1024x683.jpg\" alt=\"\" class=\"wp-image-14374\" srcset=\"https:\/\/www.cfm.co.mz\/wp-content\/uploads\/2025\/09\/INAUGURACAO-DUAS-LOCOMOTIVAS-SETEMBRO-2025-2-1024x683.jpg 1024w, https:\/\/www.cfm.co.mz\/wp-content\/uploads\/2025\/09\/INAUGURACAO-DUAS-LOCOMOTIVAS-SETEMBRO-2025-2-300x200.jpg 300w, https:\/\/www.cfm.co.mz\/wp-content\/uploads\/2025\/09\/INAUGURACAO-DUAS-LOCOMOTIVAS-SETEMBRO-2025-2-768x512.jpg 768w, https:\/\/www.cfm.co.mz\/wp-content\/uploads\/2025\/09\/INAUGURACAO-DUAS-LOCOMOTIVAS-SETEMBRO-2025-2-1536x1024.jpg 1536w, https:\/\/www.cfm.co.mz\/wp-content\/uploads\/2025\/09\/INAUGURACAO-DUAS-LOCOMOTIVAS-SETEMBRO-2025-2-2048x1365.jpg 2048w, https:\/\/www.cfm.co.mz\/wp-content\/uploads\/2025\/09\/INAUGURACAO-DUAS-LOCOMOTIVAS-SETEMBRO-2025-2-18x12.jpg 18w\" sizes=\"(max-width: 1024px) 100vw, 1024px\" \/><\/figure>\n\n\n\n<figure class=\"wp-block-image size-large\"><img decoding=\"async\" width=\"1024\" height=\"683\" data-id=\"14375\" src=\"https:\/\/www.cfm.co.mz\/wp-content\/uploads\/2025\/09\/INAUGURACAO-DUAS-LOCOMOTIVAS-SETEMBRO-2025-PCA-1-1024x683.jpg\" alt=\"\" class=\"wp-image-14375\" srcset=\"https:\/\/www.cfm.co.mz\/wp-content\/uploads\/2025\/09\/INAUGURACAO-DUAS-LOCOMOTIVAS-SETEMBRO-2025-PCA-1-1024x683.jpg 1024w, https:\/\/www.cfm.co.mz\/wp-content\/uploads\/2025\/09\/INAUGURACAO-DUAS-LOCOMOTIVAS-SETEMBRO-2025-PCA-1-300x200.jpg 300w, https:\/\/www.cfm.co.mz\/wp-content\/uploads\/2025\/09\/INAUGURACAO-DUAS-LOCOMOTIVAS-SETEMBRO-2025-PCA-1-768x512.jpg 768w, https:\/\/www.cfm.co.mz\/wp-content\/uploads\/2025\/09\/INAUGURACAO-DUAS-LOCOMOTIVAS-SETEMBRO-2025-PCA-1-1536x1024.jpg 1536w, https:\/\/www.cfm.co.mz\/wp-content\/uploads\/2025\/09\/INAUGURACAO-DUAS-LOCOMOTIVAS-SETEMBRO-2025-PCA-1-2048x1365.jpg 2048w, https:\/\/www.cfm.co.mz\/wp-content\/uploads\/2025\/09\/INAUGURACAO-DUAS-LOCOMOTIVAS-SETEMBRO-2025-PCA-1-18x12.jpg 18w\" sizes=\"(max-width: 1024px) 100vw, 1024px\" \/><\/figure>\n\n\n\n<figure class=\"wp-block-image size-large\"><img decoding=\"async\" width=\"1024\" height=\"683\" data-id=\"14383\" src=\"https:\/\/www.cfm.co.mz\/wp-content\/uploads\/2025\/09\/INAUGURACAO-DUAS-LOCOMOTIVAS-SETEMBRO-2025-4-2-1024x683.jpg\" alt=\"\" class=\"wp-image-14383\" srcset=\"https:\/\/www.cfm.co.mz\/wp-content\/uploads\/2025\/09\/INAUGURACAO-DUAS-LOCOMOTIVAS-SETEMBRO-2025-4-2-1024x683.jpg 1024w, https:\/\/www.cfm.co.mz\/wp-content\/uploads\/2025\/09\/INAUGURACAO-DUAS-LOCOMOTIVAS-SETEMBRO-2025-4-2-300x200.jpg 300w, https:\/\/www.cfm.co.mz\/wp-content\/uploads\/2025\/09\/INAUGURACAO-DUAS-LOCOMOTIVAS-SETEMBRO-2025-4-2-768x512.jpg 768w, https:\/\/www.cfm.co.mz\/wp-content\/uploads\/2025\/09\/INAUGURACAO-DUAS-LOCOMOTIVAS-SETEMBRO-2025-4-2-1536x1024.jpg 1536w, https:\/\/www.cfm.co.mz\/wp-content\/uploads\/2025\/09\/INAUGURACAO-DUAS-LOCOMOTIVAS-SETEMBRO-2025-4-2-2048x1365.jpg 2048w, https:\/\/www.cfm.co.mz\/wp-content\/uploads\/2025\/09\/INAUGURACAO-DUAS-LOCOMOTIVAS-SETEMBRO-2025-4-2-18x12.jpg 18w\" sizes=\"(max-width: 1024px) 100vw, 1024px\" \/><figcaption class=\"wp-element-caption\">Explica\u00e7\u00e3o sobre as especifica\u00e7\u00f5es das locomotivas<\/figcaption><\/figure>\n<\/figure>\n\n\n\n<p>As Locomotivas foram adquiridas na \u00cdndia, custaram cerca de 3,449.000,00 USD\/cada e resultam do apoio dos parceiros nomeadamente, Banco Africano de Desenvolvimento, Standard Bank e BCI.<\/p>\n\n\n\n<p><\/p>","protected":false},"excerpt":{"rendered":"<p>Foram inauguradas em Maputo, no passado dia 12 de setembro do ano em curso, duas novas locomotivas que ir\u00e3o refor\u00e7ar a frota da Empresa Portos e Camihos de Ferro de Mo\u00e7ambique (CFM). A aquisi\u00e7\u00e3o das Locomotivas enquadra-se no Plano Estrat\u00e9gico da Empresa que prev\u00ea o apetrechamento e moderniza\u00e7\u00e3o do material circulante e equipamentos ferro-portu\u00e1rios. As duas locomotivas fazem parte de um lote de 10 por receber ainda este ano e ir\u00e3o responder a demanda que o mercado imp\u00f5e, sobretudo o Zimbabweano e Sul Africano. A cerimn\u00f3nia de inaugura\u00e7\u00e3o foi dirigida pelo Ministro dos Transportes e Log\u00edstica, Eng\u00b0. Jo\u00e3o Matlombe e enquadrou-se no \u00e2mbito do I Conselho Coordenador do Mnist\u00e9rio dosTransportes e Log\u00edstica. Matlombe felicitou o CFM pela vis\u00e3o e determina\u00e7\u00e3o em encarar o enorme desafio, frisando a necessidade de empresas p\u00fablicas fortes, focadas em resultados, capazes de gerar impacto directo na vida dos mo\u00e7ambicanos rumo a mais oportunidades de emprego, integra\u00e7\u00e3o e esperan\u00e7a. \u201cAs duas locomotivas para carga adquiridas, mais que um refor\u00e7o da frota, simbolizam compromisso com o futuro, com a moderniza\u00e7\u00e3o e transforma\u00e7\u00e3o estrutural do sector log\u00edstico nacional, como motores para o desenvolvimento futuro, provando o investimento num sistema ferro-portu\u00e1rio moderno, eficiente, competitivo e preparado para servir a economia nacional e a regi\u00e3o, aliado pela vantagem estrat\u00e9gica de Mo\u00e7ambique\u201d- referiu o Governante para o sector dos transportes e log\u00edstica. Por seu turno, o PCA do CFM, Eng\u00b0. Agostinho Francisco Langa J\u00fanior, destacou que a presen\u00e7a do Ministro para dirigir a cerim\u00f3nia motiva e encoraja o CFM a prosseguir com as orienta\u00e7\u00f5es dadas pelo Governo a partir do Minist\u00e9rio dos Transportes e Log\u00edstica. As Locomotivas foram adquiridas na \u00cdndia, custaram cerca de 3,449.000,00 USD\/cada e resultam do apoio dos parceiros nomeadamente, Banco Africano de Desenvolvimento, Standard Bank e BCI.<\/p>","protected":false},"author":94,"featured_media":14369,"comment_status":"open","ping_status":"open","sticky":false,"template":"","format":"standard","meta":{"_acf_changed":false,"pgc_sgb_lightbox_settings":"","footnotes":""},"categories":[680],"tags":[],"class_list":["post-14368","post","type-post","status-publish","format-standard","has-post-thumbnail","hentry","category-noticias"],"acf":[],"yoast_head":"<!-- This site is optimized with the Yoast SEO plugin v26.5 - https:\/\/yoast.com\/wordpress\/plugins\/seo\/ -->\n<title>CFM inaugura duas Novas Locomotivas - CFM - Caminhos De Ferros de Mo\u00e7ambique<\/title>\n<meta name=\"robots\" content=\"index, follow, max-snippet:-1, max-image-preview:large, max-video-preview:-1\" \/>\n<link rel=\"canonical\" href=\"https:\/\/www.cfm.co.mz\/en\/2025\/09\/18\/cfm-inaugura-duas-novas-locomotivas\/\" \/>\n<meta property=\"og:locale\" content=\"en_US\" \/>\n<meta property=\"og:type\" content=\"article\" \/>\n<meta property=\"og:title\" content=\"CFM inaugura duas Novas Locomotivas - CFM - Caminhos De Ferros de Mo\u00e7ambique\" \/>\n<meta property=\"og:description\" content=\"Foram inauguradas em Maputo, no passado dia 12 de setembro do ano em curso, duas novas locomotivas que ir\u00e3o refor\u00e7ar a frota da Empresa Portos e Camihos de Ferro de Mo\u00e7ambique (CFM). A aquisi\u00e7\u00e3o das Locomotivas enquadra-se no Plano Estrat\u00e9gico da Empresa que prev\u00ea o apetrechamento e moderniza\u00e7\u00e3o do material circulante e equipamentos ferro-portu\u00e1rios. As duas locomotivas fazem parte de um lote de 10 por receber ainda este ano e ir\u00e3o responder a demanda que o mercado imp\u00f5e, sobretudo o Zimbabweano e Sul Africano. A cerimn\u00f3nia de inaugura\u00e7\u00e3o foi dirigida pelo Ministro dos Transportes e Log\u00edstica, Eng\u00b0. Jo\u00e3o Matlombe e enquadrou-se no \u00e2mbito do I Conselho Coordenador do Mnist\u00e9rio dosTransportes e Log\u00edstica. Matlombe felicitou o CFM pela vis\u00e3o e determina\u00e7\u00e3o em encarar o enorme desafio, frisando a necessidade de empresas p\u00fablicas fortes, focadas em resultados, capazes de gerar impacto directo na vida dos mo\u00e7ambicanos rumo a mais oportunidades de emprego, integra\u00e7\u00e3o e esperan\u00e7a. \u201cAs duas locomotivas para carga adquiridas, mais que um refor\u00e7o da frota, simbolizam compromisso com o futuro, com a moderniza\u00e7\u00e3o e transforma\u00e7\u00e3o estrutural do sector log\u00edstico nacional, como motores para o desenvolvimento futuro, provando o investimento num sistema ferro-portu\u00e1rio moderno, eficiente, competitivo e preparado para servir a economia nacional e a regi\u00e3o, aliado pela vantagem estrat\u00e9gica de Mo\u00e7ambique\u201d- referiu o Governante para o sector dos transportes e log\u00edstica. Por seu turno, o PCA do CFM, Eng\u00b0. Agostinho Francisco Langa J\u00fanior, destacou que a presen\u00e7a do Ministro para dirigir a cerim\u00f3nia motiva e encoraja o CFM a prosseguir com as orienta\u00e7\u00f5es dadas pelo Governo a partir do Minist\u00e9rio dos Transportes e Log\u00edstica. As Locomotivas foram adquiridas na \u00cdndia, custaram cerca de 3,449.000,00 USD\/cada e resultam do apoio dos parceiros nomeadamente, Banco Africano de Desenvolvimento, Standard Bank e BCI.\" \/>\n<meta property=\"og:url\" content=\"https:\/\/www.cfm.co.mz\/en\/2025\/09\/18\/cfm-inaugura-duas-novas-locomotivas\/\" \/>\n<meta property=\"og:site_name\" content=\"CFM - Caminhos De Ferros de Mo\u00e7ambique\" \/>\n<meta property=\"article:publisher\" content=\"https:\/\/www.facebook.com\/CFMMoz\" \/>\n<meta property=\"article:published_time\" content=\"2025-09-18T09:27:15+00:00\" \/>\n<meta property=\"article:modified_time\" content=\"2025-09-18T09:43:15+00:00\" \/>\n<meta property=\"og:image\" content=\"https:\/\/www.cfm.co.mz\/wp-content\/uploads\/2025\/09\/INAUGURACAO-DUAS-LOCOMOTIVAS-MTL-2025-scaled.jpg\" \/>\n\t<meta property=\"og:image:width\" content=\"2560\" \/>\n\t<meta property=\"og:image:height\" content=\"1707\" \/>\n\t<meta property=\"og:image:type\" content=\"image\/jpeg\" \/>\n<meta name=\"author\" content=\"D\u00e9rcio Badru\" \/>\n<meta name=\"twitter:card\" content=\"summary_large_image\" \/>\n<meta name=\"twitter:label1\" content=\"Written by\" \/>\n\t<meta name=\"twitter:data1\" content=\"D\u00e9rcio Badru\" \/>\n\t<meta name=\"twitter:label2\" content=\"Est. reading time\" \/>\n\t<meta name=\"twitter:data2\" content=\"3 minutes\" \/>\n<script type=\"application\/ld+json\" class=\"yoast-schema-graph\">{\"@context\":\"https:\/\/schema.org\",\"@graph\":[{\"@type\":\"Article\",\"@id\":\"https:\/\/www.cfm.co.mz\/2025\/09\/18\/cfm-inaugura-duas-novas-locomotivas\/#article\",\"isPartOf\":{\"@id\":\"https:\/\/www.cfm.co.mz\/2025\/09\/18\/cfm-inaugura-duas-novas-locomotivas\/\"},\"author\":{\"name\":\"D\u00e9rcio Badru\",\"@id\":\"https:\/\/www.cfm.co.mz\/#\/schema\/person\/1bb663f3c59dc61900f6f9b1c2b53552\"},\"headline\":\"CFM inaugura duas Novas Locomotivas\",\"datePublished\":\"2025-09-18T09:27:15+00:00\",\"dateModified\":\"2025-09-18T09:43:15+00:00\",\"mainEntityOfPage\":{\"@id\":\"https:\/\/www.cfm.co.mz\/2025\/09\/18\/cfm-inaugura-duas-novas-locomotivas\/\"},\"wordCount\":338,\"commentCount\":0,\"publisher\":{\"@id\":\"https:\/\/www.cfm.co.mz\/#organization\"},\"image\":{\"@id\":\"https:\/\/www.cfm.co.mz\/2025\/09\/18\/cfm-inaugura-duas-novas-locomotivas\/#primaryimage\"},\"thumbnailUrl\":\"https:\/\/www.cfm.co.mz\/wp-content\/uploads\/2025\/09\/INAUGURACAO-DUAS-LOCOMOTIVAS-MTL-2025-scaled.jpg\",\"articleSection\":[\"Noticias\"],\"inLanguage\":\"en-US\",\"potentialAction\":[{\"@type\":\"CommentAction\",\"name\":\"Comment\",\"target\":[\"https:\/\/www.cfm.co.mz\/2025\/09\/18\/cfm-inaugura-duas-novas-locomotivas\/#respond\"]}]},{\"@type\":\"WebPage\",\"@id\":\"https:\/\/www.cfm.co.mz\/2025\/09\/18\/cfm-inaugura-duas-novas-locomotivas\/\",\"url\":\"https:\/\/www.cfm.co.mz\/2025\/09\/18\/cfm-inaugura-duas-novas-locomotivas\/\",\"name\":\"CFM inaugura duas Novas Locomotivas - CFM - Caminhos De Ferros de Mo\u00e7ambique\",\"isPartOf\":{\"@id\":\"https:\/\/www.cfm.co.mz\/#website\"},\"primaryImageOfPage\":{\"@id\":\"https:\/\/www.cfm.co.mz\/2025\/09\/18\/cfm-inaugura-duas-novas-locomotivas\/#primaryimage\"},\"image\":{\"@id\":\"https:\/\/www.cfm.co.mz\/2025\/09\/18\/cfm-inaugura-duas-novas-locomotivas\/#primaryimage\"},\"thumbnailUrl\":\"https:\/\/www.cfm.co.mz\/wp-content\/uploads\/2025\/09\/INAUGURACAO-DUAS-LOCOMOTIVAS-MTL-2025-scaled.jpg\",\"datePublished\":\"2025-09-18T09:27:15+00:00\",\"dateModified\":\"2025-09-18T09:43:15+00:00\",\"breadcrumb\":{\"@id\":\"https:\/\/www.cfm.co.mz\/2025\/09\/18\/cfm-inaugura-duas-novas-locomotivas\/#breadcrumb\"},\"inLanguage\":\"en-US\",\"potentialAction\":[{\"@type\":\"ReadAction\",\"target\":[\"https:\/\/www.cfm.co.mz\/2025\/09\/18\/cfm-inaugura-duas-novas-locomotivas\/\"]}]},{\"@type\":\"ImageObject\",\"inLanguage\":\"en-US\",\"@id\":\"https:\/\/www.cfm.co.mz\/2025\/09\/18\/cfm-inaugura-duas-novas-locomotivas\/#primaryimage\",\"url\":\"https:\/\/www.cfm.co.mz\/wp-content\/uploads\/2025\/09\/INAUGURACAO-DUAS-LOCOMOTIVAS-MTL-2025-scaled.jpg\",\"contentUrl\":\"https:\/\/www.cfm.co.mz\/wp-content\/uploads\/2025\/09\/INAUGURACAO-DUAS-LOCOMOTIVAS-MTL-2025-scaled.jpg\",\"width\":2560,\"height\":1707},{\"@type\":\"BreadcrumbList\",\"@id\":\"https:\/\/www.cfm.co.mz\/2025\/09\/18\/cfm-inaugura-duas-novas-locomotivas\/#breadcrumb\",\"itemListElement\":[{\"@type\":\"ListItem\",\"position\":1,\"name\":\"Home\",\"item\":\"https:\/\/www.cfm.co.mz\/\"},{\"@type\":\"ListItem\",\"position\":2,\"name\":\"CFM inaugura duas Novas Locomotivas\"}]},{\"@type\":\"WebSite\",\"@id\":\"https:\/\/www.cfm.co.mz\/#website\",\"url\":\"https:\/\/www.cfm.co.mz\/\",\"name\":\"CFM - Caminhos De Ferros de Mo\u00e7ambique\",\"description\":\"Ampliando Horizontes\",\"publisher\":{\"@id\":\"https:\/\/www.cfm.co.mz\/#organization\"},\"potentialAction\":[{\"@type\":\"SearchAction\",\"target\":{\"@type\":\"EntryPoint\",\"urlTemplate\":\"https:\/\/www.cfm.co.mz\/?s={search_term_string}\"},\"query-input\":{\"@type\":\"PropertyValueSpecification\",\"valueRequired\":true,\"valueName\":\"search_term_string\"}}],\"inLanguage\":\"en-US\"},{\"@type\":\"Organization\",\"@id\":\"https:\/\/www.cfm.co.mz\/#organization\",\"name\":\"CFM - Caminhos De Ferros de Mo\u00e7ambique\",\"url\":\"https:\/\/www.cfm.co.mz\/\",\"logo\":{\"@type\":\"ImageObject\",\"inLanguage\":\"en-US\",\"@id\":\"https:\/\/www.cfm.co.mz\/#\/schema\/logo\/image\/\",\"url\":\"https:\/\/www.cfm.co.mz\/wp-content\/uploads\/2025\/07\/be5f0679-4f5b-4d02-9719-a26ceed29162.jpg\",\"contentUrl\":\"https:\/\/www.cfm.co.mz\/wp-content\/uploads\/2025\/07\/be5f0679-4f5b-4d02-9719-a26ceed29162.jpg\",\"width\":400,\"height\":65,\"caption\":\"CFM - Caminhos De Ferros de Mo\u00e7ambique\"},\"image\":{\"@id\":\"https:\/\/www.cfm.co.mz\/#\/schema\/logo\/image\/\"},\"sameAs\":[\"https:\/\/www.facebook.com\/CFMMoz\",\"https:\/\/www.linkedin.com\/company\/caminhos-de-ferro-de-moambique\/\"]},{\"@type\":\"Person\",\"@id\":\"https:\/\/www.cfm.co.mz\/#\/schema\/person\/1bb663f3c59dc61900f6f9b1c2b53552\",\"name\":\"D\u00e9rcio Badru\",\"image\":{\"@type\":\"ImageObject\",\"inLanguage\":\"en-US\",\"@id\":\"https:\/\/www.cfm.co.mz\/#\/schema\/person\/image\/\",\"url\":\"https:\/\/www.cfm.co.mz\/wp-content\/litespeed\/avatar\/be89d6955942d7259ef76de4577d21b3.jpg?ver=1777454359\",\"contentUrl\":\"https:\/\/www.cfm.co.mz\/wp-content\/litespeed\/avatar\/be89d6955942d7259ef76de4577d21b3.jpg?ver=1777454359\",\"caption\":\"D\u00e9rcio Badru\"},\"url\":\"https:\/\/www.cfm.co.mz\/en\/author\/dercio\/\"}]}<\/script>\n<!-- \/ Yoast SEO plugin. -->","yoast_head_json":{"title":"CFM inaugura duas Novas Locomotivas - CFM - Caminhos De Ferros de Mo\u00e7ambique","robots":{"index":"index","follow":"follow","max-snippet":"max-snippet:-1","max-image-preview":"max-image-preview:large","max-video-preview":"max-video-preview:-1"},"canonical":"https:\/\/www.cfm.co.mz\/en\/2025\/09\/18\/cfm-inaugura-duas-novas-locomotivas\/","og_locale":"en_US","og_type":"article","og_title":"CFM inaugura duas Novas Locomotivas - CFM - Caminhos De Ferros de Mo\u00e7ambique","og_description":"Foram inauguradas em Maputo, no passado dia 12 de setembro do ano em curso, duas novas locomotivas que ir\u00e3o refor\u00e7ar a frota da Empresa Portos e Camihos de Ferro de Mo\u00e7ambique (CFM). A aquisi\u00e7\u00e3o das Locomotivas enquadra-se no Plano Estrat\u00e9gico da Empresa que prev\u00ea o apetrechamento e moderniza\u00e7\u00e3o do material circulante e equipamentos ferro-portu\u00e1rios. As duas locomotivas fazem parte de um lote de 10 por receber ainda este ano e ir\u00e3o responder a demanda que o mercado imp\u00f5e, sobretudo o Zimbabweano e Sul Africano. A cerimn\u00f3nia de inaugura\u00e7\u00e3o foi dirigida pelo Ministro dos Transportes e Log\u00edstica, Eng\u00b0. Jo\u00e3o Matlombe e enquadrou-se no \u00e2mbito do I Conselho Coordenador do Mnist\u00e9rio dosTransportes e Log\u00edstica. Matlombe felicitou o CFM pela vis\u00e3o e determina\u00e7\u00e3o em encarar o enorme desafio, frisando a necessidade de empresas p\u00fablicas fortes, focadas em resultados, capazes de gerar impacto directo na vida dos mo\u00e7ambicanos rumo a mais oportunidades de emprego, integra\u00e7\u00e3o e esperan\u00e7a. \u201cAs duas locomotivas para carga adquiridas, mais que um refor\u00e7o da frota, simbolizam compromisso com o futuro, com a moderniza\u00e7\u00e3o e transforma\u00e7\u00e3o estrutural do sector log\u00edstico nacional, como motores para o desenvolvimento futuro, provando o investimento num sistema ferro-portu\u00e1rio moderno, eficiente, competitivo e preparado para servir a economia nacional e a regi\u00e3o, aliado pela vantagem estrat\u00e9gica de Mo\u00e7ambique\u201d- referiu o Governante para o sector dos transportes e log\u00edstica. Por seu turno, o PCA do CFM, Eng\u00b0. Agostinho Francisco Langa J\u00fanior, destacou que a presen\u00e7a do Ministro para dirigir a cerim\u00f3nia motiva e encoraja o CFM a prosseguir com as orienta\u00e7\u00f5es dadas pelo Governo a partir do Minist\u00e9rio dos Transportes e Log\u00edstica. As Locomotivas foram adquiridas na \u00cdndia, custaram cerca de 3,449.000,00 USD\/cada e resultam do apoio dos parceiros nomeadamente, Banco Africano de Desenvolvimento, Standard Bank e BCI.","og_url":"https:\/\/www.cfm.co.mz\/en\/2025\/09\/18\/cfm-inaugura-duas-novas-locomotivas\/","og_site_name":"CFM - Caminhos De Ferros de Mo\u00e7ambique","article_publisher":"https:\/\/www.facebook.com\/CFMMoz","article_published_time":"2025-09-18T09:27:15+00:00","article_modified_time":"2025-09-18T09:43:15+00:00","og_image":[{"width":2560,"height":1707,"url":"https:\/\/www.cfm.co.mz\/wp-content\/uploads\/2025\/09\/INAUGURACAO-DUAS-LOCOMOTIVAS-MTL-2025-scaled.jpg","type":"image\/jpeg"}],"author":"D\u00e9rcio Badru","twitter_card":"summary_large_image","twitter_misc":{"Written by":"D\u00e9rcio Badru","Est. reading time":"3 minutes"},"schema":{"@context":"https:\/\/schema.org","@graph":[{"@type":"Article","@id":"https:\/\/www.cfm.co.mz\/2025\/09\/18\/cfm-inaugura-duas-novas-locomotivas\/#article","isPartOf":{"@id":"https:\/\/www.cfm.co.mz\/2025\/09\/18\/cfm-inaugura-duas-novas-locomotivas\/"},"author":{"name":"D\u00e9rcio Badru","@id":"https:\/\/www.cfm.co.mz\/#\/schema\/person\/1bb663f3c59dc61900f6f9b1c2b53552"},"headline":"CFM inaugura duas Novas Locomotivas","datePublished":"2025-09-18T09:27:15+00:00","dateModified":"2025-09-18T09:43:15+00:00","mainEntityOfPage":{"@id":"https:\/\/www.cfm.co.mz\/2025\/09\/18\/cfm-inaugura-duas-novas-locomotivas\/"},"wordCount":338,"commentCount":0,"publisher":{"@id":"https:\/\/www.cfm.co.mz\/#organization"},"image":{"@id":"https:\/\/www.cfm.co.mz\/2025\/09\/18\/cfm-inaugura-duas-novas-locomotivas\/#primaryimage"},"thumbnailUrl":"https:\/\/www.cfm.co.mz\/wp-content\/uploads\/2025\/09\/INAUGURACAO-DUAS-LOCOMOTIVAS-MTL-2025-scaled.jpg","articleSection":["Noticias"],"inLanguage":"en-US","potentialAction":[{"@type":"CommentAction","name":"Comment","target":["https:\/\/www.cfm.co.mz\/2025\/09\/18\/cfm-inaugura-duas-novas-locomotivas\/#respond"]}]},{"@type":"WebPage","@id":"https:\/\/www.cfm.co.mz\/2025\/09\/18\/cfm-inaugura-duas-novas-locomotivas\/","url":"https:\/\/www.cfm.co.mz\/2025\/09\/18\/cfm-inaugura-duas-novas-locomotivas\/","name":"CFM inaugura duas Novas Locomotivas - CFM - Caminhos De Ferros de Mo\u00e7ambique","isPartOf":{"@id":"https:\/\/www.cfm.co.mz\/#website"},"primaryImageOfPage":{"@id":"https:\/\/www.cfm.co.mz\/2025\/09\/18\/cfm-inaugura-duas-novas-locomotivas\/#primaryimage"},"image":{"@id":"https:\/\/www.cfm.co.mz\/2025\/09\/18\/cfm-inaugura-duas-novas-locomotivas\/#primaryimage"},"thumbnailUrl":"https:\/\/www.cfm.co.mz\/wp-content\/uploads\/2025\/09\/INAUGURACAO-DUAS-LOCOMOTIVAS-MTL-2025-scaled.jpg","datePublished":"2025-09-18T09:27:15+00:00","dateModified":"2025-09-18T09:43:15+00:00","breadcrumb":{"@id":"https:\/\/www.cfm.co.mz\/2025\/09\/18\/cfm-inaugura-duas-novas-locomotivas\/#breadcrumb"},"inLanguage":"en-US","potentialAction":[{"@type":"ReadAction","target":["https:\/\/www.cfm.co.mz\/2025\/09\/18\/cfm-inaugura-duas-novas-locomotivas\/"]}]},{"@type":"ImageObject","inLanguage":"en-US","@id":"https:\/\/www.cfm.co.mz\/2025\/09\/18\/cfm-inaugura-duas-novas-locomotivas\/#primaryimage","url":"https:\/\/www.cfm.co.mz\/wp-content\/uploads\/2025\/09\/INAUGURACAO-DUAS-LOCOMOTIVAS-MTL-2025-scaled.jpg","contentUrl":"https:\/\/www.cfm.co.mz\/wp-content\/uploads\/2025\/09\/INAUGURACAO-DUAS-LOCOMOTIVAS-MTL-2025-scaled.jpg","width":2560,"height":1707},{"@type":"BreadcrumbList","@id":"https:\/\/www.cfm.co.mz\/2025\/09\/18\/cfm-inaugura-duas-novas-locomotivas\/#breadcrumb","itemListElement":[{"@type":"ListItem","position":1,"name":"Home","item":"https:\/\/www.cfm.co.mz\/"},{"@type":"ListItem","position":2,"name":"CFM inaugura duas Novas Locomotivas"}]},{"@type":"WebSite","@id":"https:\/\/www.cfm.co.mz\/#website","url":"https:\/\/www.cfm.co.mz\/","name":"CFM - Caminhos De Ferros de Mo\u00e7ambique","description":"Ampliando Horizontes","publisher":{"@id":"https:\/\/www.cfm.co.mz\/#organization"},"potentialAction":[{"@type":"SearchAction","target":{"@type":"EntryPoint","urlTemplate":"https:\/\/www.cfm.co.mz\/?s={search_term_string}"},"query-input":{"@type":"PropertyValueSpecification","valueRequired":true,"valueName":"search_term_string"}}],"inLanguage":"en-US"},{"@type":"Organization","@id":"https:\/\/www.cfm.co.mz\/#organization","name":"CFM - Caminhos De Ferros de Mo\u00e7ambique","url":"https:\/\/www.cfm.co.mz\/","logo":{"@type":"ImageObject","inLanguage":"en-US","@id":"https:\/\/www.cfm.co.mz\/#\/schema\/logo\/image\/","url":"https:\/\/www.cfm.co.mz\/wp-content\/uploads\/2025\/07\/be5f0679-4f5b-4d02-9719-a26ceed29162.jpg","contentUrl":"https:\/\/www.cfm.co.mz\/wp-content\/uploads\/2025\/07\/be5f0679-4f5b-4d02-9719-a26ceed29162.jpg","width":400,"height":65,"caption":"CFM - Caminhos De Ferros de Mo\u00e7ambique"},"image":{"@id":"https:\/\/www.cfm.co.mz\/#\/schema\/logo\/image\/"},"sameAs":["https:\/\/www.facebook.com\/CFMMoz","https:\/\/www.linkedin.com\/company\/caminhos-de-ferro-de-moambique\/"]},{"@type":"Person","@id":"https:\/\/www.cfm.co.mz\/#\/schema\/person\/1bb663f3c59dc61900f6f9b1c2b53552","name":"D\u00e9rcio Badru","image":{"@type":"ImageObject","inLanguage":"en-US","@id":"https:\/\/www.cfm.co.mz\/#\/schema\/person\/image\/","url":"https:\/\/www.cfm.co.mz\/wp-content\/litespeed\/avatar\/be89d6955942d7259ef76de4577d21b3.jpg?ver=1777454359","contentUrl":"https:\/\/www.cfm.co.mz\/wp-content\/litespeed\/avatar\/be89d6955942d7259ef76de4577d21b3.jpg?ver=1777454359","caption":"D\u00e9rcio Badru"},"url":"https:\/\/www.cfm.co.mz\/en\/author\/dercio\/"}]}},"_links":{"self":[{"href":"https:\/\/www.cfm.co.mz\/en\/wp-json\/wp\/v2\/posts\/14368","targetHints":{"allow":["GET"]}}],"collection":[{"href":"https:\/\/www.cfm.co.mz\/en\/wp-json\/wp\/v2\/posts"}],"about":[{"href":"https:\/\/www.cfm.co.mz\/en\/wp-json\/wp\/v2\/types\/post"}],"author":[{"embeddable":true,"href":"https:\/\/www.cfm.co.mz\/en\/wp-json\/wp\/v2\/users\/94"}],"replies":[{"embeddable":true,"href":"https:\/\/www.cfm.co.mz\/en\/wp-json\/wp\/v2\/comments?post=14368"}],"version-history":[{"count":5,"href":"https:\/\/www.cfm.co.mz\/en\/wp-json\/wp\/v2\/posts\/14368\/revisions"}],"predecessor-version":[{"id":14386,"href":"https:\/\/www.cfm.co.mz\/en\/wp-json\/wp\/v2\/posts\/14368\/revisions\/14386"}],"wp:featuredmedia":[{"embeddable":true,"href":"https:\/\/www.cfm.co.mz\/en\/wp-json\/wp\/v2\/media\/14369"}],"wp:attachment":[{"href":"https:\/\/www.cfm.co.mz\/en\/wp-json\/wp\/v2\/media?parent=14368"}],"wp:term":[{"taxonomy":"category","embeddable":true,"href":"https:\/\/www.cfm.co.mz\/en\/wp-json\/wp\/v2\/categories?post=14368"},{"taxonomy":"post_tag","embeddable":true,"href":"https:\/\/www.cfm.co.mz\/en\/wp-json\/wp\/v2\/tags?post=14368"}],"curies":[{"name":"wp","href":"https:\/\/api.w.org\/{rel}","templated":true}]}}