{"id":13568,"date":"2014-07-08T07:34:00","date_gmt":"2014-07-08T07:34:00","guid":{"rendered":"https:\/\/www.cfm.co.mz\/?p=13568"},"modified":"2025-07-08T07:37:38","modified_gmt":"2025-07-08T07:37:38","slug":"construcao-da-ponte-ao-km78650-lrg","status":"publish","type":"post","link":"https:\/\/www.cfm.co.mz\/en\/2014\/07\/08\/construcao-da-ponte-ao-km78650-lrg\/","title":{"rendered":"Constru\u00e7\u00e3o da Ponte ao Km78+650 &#8211; LRG"},"content":{"rendered":"<p>Trata-se de uma OA com uma extens\u00e3o de 25.00m entre eixos de apoio extremos. Na qual foram constru\u00eddos novos encontros por frente dos anteriores e substitui\u00e7\u00e3o do tabuleiro.<\/p>\n\n\n\n<p>O Projecto visou a constru\u00e7\u00e3o de nova ponte ferrovi\u00e1ria com uma capacidade das obras de arte da linha de Ressano Garcia de 18.5 Ton\/eixo para 27 Ton\/eixo, com vista a aumentar o volume de carga manuseada no respectivo corredor.<\/p>\n\n\n\n<p><strong>Valor do Contrato: <\/strong>1.52 milh\u00f5es USD<br><strong>Empreiteiro: <\/strong>Conduril Engenharia S.A<br><strong>Consultor<\/strong>: CFM<br><strong>Cronograma :\u00a0 <\/strong>Junho- Outubro 2014<\/p>\n\n\n\n<figure class=\"wp-block-gallery has-nested-images columns-default is-cropped wp-block-gallery-1 is-layout-flex wp-block-gallery-is-layout-flex\">\n<figure class=\"wp-block-image size-large\"><img fetchpriority=\"high\" decoding=\"async\" width=\"730\" height=\"311\" data-id=\"13569\" src=\"https:\/\/www.cfm.co.mz\/wp-content\/uploads\/2025\/07\/pontekm78lrg.webp\" alt=\"\" class=\"wp-image-13569\" srcset=\"https:\/\/www.cfm.co.mz\/wp-content\/uploads\/2025\/07\/pontekm78lrg.webp 730w, https:\/\/www.cfm.co.mz\/wp-content\/uploads\/2025\/07\/pontekm78lrg-300x128.webp 300w\" sizes=\"(max-width: 730px) 100vw, 730px\" \/><figcaption class=\"wp-element-caption\">Antes<\/figcaption><\/figure>\n\n\n\n<figure class=\"wp-block-image size-large\"><img decoding=\"async\" width=\"730\" height=\"311\" data-id=\"13570\" src=\"https:\/\/www.cfm.co.mz\/wp-content\/uploads\/2025\/07\/pontekm78lrg-1.webp\" alt=\"\" class=\"wp-image-13570\" srcset=\"https:\/\/www.cfm.co.mz\/wp-content\/uploads\/2025\/07\/pontekm78lrg-1.webp 730w, https:\/\/www.cfm.co.mz\/wp-content\/uploads\/2025\/07\/pontekm78lrg-1-300x128.webp 300w\" sizes=\"(max-width: 730px) 100vw, 730px\" \/><figcaption class=\"wp-element-caption\">Depois<\/figcaption><\/figure>\n<\/figure>","protected":false},"excerpt":{"rendered":"<p>Trata-se de uma OA com uma extens\u00e3o de 25.00m entre eixos de apoio extremos. Na qual foram constru\u00eddos novos encontros por frente dos anteriores e substitui\u00e7\u00e3o do tabuleiro. O Projecto visou a constru\u00e7\u00e3o de nova ponte ferrovi\u00e1ria com uma capacidade das obras de arte da linha de Ressano Garcia de 18.5 Ton\/eixo para 27 Ton\/eixo, com vista a aumentar o volume de carga manuseada no respectivo corredor. Valor do Contrato: 1.52 milh\u00f5es USDEmpreiteiro: Conduril Engenharia S.AConsultor: CFMCronograma :\u00a0 Junho- Outubro 2014<\/p>","protected":false},"author":1,"featured_media":0,"comment_status":"open","ping_status":"open","sticky":false,"template":"","format":"standard","meta":{"_acf_changed":false,"pgc_sgb_lightbox_settings":"","footnotes":""},"categories":[762],"tags":[],"class_list":["post-13568","post","type-post","status-publish","format-standard","hentry","category-linhas-ferreas-cfm-sul"],"acf":[],"yoast_head":"<!-- This site is optimized with the Yoast SEO plugin v26.5 - https:\/\/yoast.com\/wordpress\/plugins\/seo\/ -->\n<title>Constru\u00e7\u00e3o da Ponte ao Km78+650 - LRG - CFM - Caminhos De Ferros de Mo\u00e7ambique<\/title>\n<meta name=\"robots\" content=\"index, follow, max-snippet:-1, max-image-preview:large, max-video-preview:-1\" \/>\n<link rel=\"canonical\" href=\"https:\/\/www.cfm.co.mz\/en\/2014\/07\/08\/construcao-da-ponte-ao-km78650-lrg\/\" \/>\n<meta property=\"og:locale\" content=\"en_US\" \/>\n<meta property=\"og:type\" content=\"article\" \/>\n<meta property=\"og:title\" content=\"Constru\u00e7\u00e3o da Ponte ao Km78+650 - LRG - CFM - Caminhos De Ferros de Mo\u00e7ambique\" \/>\n<meta property=\"og:description\" content=\"Trata-se de uma OA com uma extens\u00e3o de 25.00m entre eixos de apoio extremos. Na qual foram constru\u00eddos novos encontros por frente dos anteriores e substitui\u00e7\u00e3o do tabuleiro. O Projecto visou a constru\u00e7\u00e3o de nova ponte ferrovi\u00e1ria com uma capacidade das obras de arte da linha de Ressano Garcia de 18.5 Ton\/eixo para 27 Ton\/eixo, com vista a aumentar o volume de carga manuseada no respectivo corredor. Valor do Contrato: 1.52 milh\u00f5es USDEmpreiteiro: Conduril Engenharia S.AConsultor: CFMCronograma :\u00a0 Junho- Outubro 2014\" \/>\n<meta property=\"og:url\" content=\"https:\/\/www.cfm.co.mz\/en\/2014\/07\/08\/construcao-da-ponte-ao-km78650-lrg\/\" \/>\n<meta property=\"og:site_name\" content=\"CFM - Caminhos De Ferros de Mo\u00e7ambique\" \/>\n<meta property=\"article:publisher\" content=\"https:\/\/www.facebook.com\/CFMMoz\" \/>\n<meta property=\"article:published_time\" content=\"2014-07-08T07:34:00+00:00\" \/>\n<meta property=\"article:modified_time\" content=\"2025-07-08T07:37:38+00:00\" \/>\n<meta property=\"og:image\" content=\"https:\/\/www.cfm.co.mz\/wp-content\/uploads\/2025\/07\/pontekm78lrg.webp\" \/>\n<meta name=\"author\" content=\"admin\" \/>\n<meta name=\"twitter:card\" content=\"summary_large_image\" \/>\n<meta name=\"twitter:label1\" content=\"Written by\" \/>\n\t<meta name=\"twitter:data1\" content=\"admin\" \/>\n<script type=\"application\/ld+json\" class=\"yoast-schema-graph\">{\"@context\":\"https:\/\/schema.org\",\"@graph\":[{\"@type\":\"Article\",\"@id\":\"https:\/\/www.cfm.co.mz\/2014\/07\/08\/construcao-da-ponte-ao-km78650-lrg\/#article\",\"isPartOf\":{\"@id\":\"https:\/\/www.cfm.co.mz\/2014\/07\/08\/construcao-da-ponte-ao-km78650-lrg\/\"},\"author\":{\"name\":\"admin\",\"@id\":\"https:\/\/www.cfm.co.mz\/#\/schema\/person\/157840ba70f0ef9580e250f10590d7d3\"},\"headline\":\"Constru\u00e7\u00e3o da Ponte ao Km78+650 &#8211; LRG\",\"datePublished\":\"2014-07-08T07:34:00+00:00\",\"dateModified\":\"2025-07-08T07:37:38+00:00\",\"mainEntityOfPage\":{\"@id\":\"https:\/\/www.cfm.co.mz\/2014\/07\/08\/construcao-da-ponte-ao-km78650-lrg\/\"},\"wordCount\":98,\"commentCount\":0,\"publisher\":{\"@id\":\"https:\/\/www.cfm.co.mz\/#organization\"},\"image\":{\"@id\":\"https:\/\/www.cfm.co.mz\/2014\/07\/08\/construcao-da-ponte-ao-km78650-lrg\/#primaryimage\"},\"thumbnailUrl\":\"https:\/\/www.cfm.co.mz\/wp-content\/uploads\/2025\/07\/pontekm78lrg.webp\",\"articleSection\":[\"Linhas F\u00e9rreas CFM Sul\"],\"inLanguage\":\"en-US\",\"potentialAction\":[{\"@type\":\"CommentAction\",\"name\":\"Comment\",\"target\":[\"https:\/\/www.cfm.co.mz\/2014\/07\/08\/construcao-da-ponte-ao-km78650-lrg\/#respond\"]}]},{\"@type\":\"WebPage\",\"@id\":\"https:\/\/www.cfm.co.mz\/2014\/07\/08\/construcao-da-ponte-ao-km78650-lrg\/\",\"url\":\"https:\/\/www.cfm.co.mz\/2014\/07\/08\/construcao-da-ponte-ao-km78650-lrg\/\",\"name\":\"Constru\u00e7\u00e3o da Ponte ao Km78+650 - LRG - CFM - Caminhos De Ferros de Mo\u00e7ambique\",\"isPartOf\":{\"@id\":\"https:\/\/www.cfm.co.mz\/#website\"},\"primaryImageOfPage\":{\"@id\":\"https:\/\/www.cfm.co.mz\/2014\/07\/08\/construcao-da-ponte-ao-km78650-lrg\/#primaryimage\"},\"image\":{\"@id\":\"https:\/\/www.cfm.co.mz\/2014\/07\/08\/construcao-da-ponte-ao-km78650-lrg\/#primaryimage\"},\"thumbnailUrl\":\"https:\/\/www.cfm.co.mz\/wp-content\/uploads\/2025\/07\/pontekm78lrg.webp\",\"datePublished\":\"2014-07-08T07:34:00+00:00\",\"dateModified\":\"2025-07-08T07:37:38+00:00\",\"breadcrumb\":{\"@id\":\"https:\/\/www.cfm.co.mz\/2014\/07\/08\/construcao-da-ponte-ao-km78650-lrg\/#breadcrumb\"},\"inLanguage\":\"en-US\",\"potentialAction\":[{\"@type\":\"ReadAction\",\"target\":[\"https:\/\/www.cfm.co.mz\/2014\/07\/08\/construcao-da-ponte-ao-km78650-lrg\/\"]}]},{\"@type\":\"ImageObject\",\"inLanguage\":\"en-US\",\"@id\":\"https:\/\/www.cfm.co.mz\/2014\/07\/08\/construcao-da-ponte-ao-km78650-lrg\/#primaryimage\",\"url\":\"https:\/\/www.cfm.co.mz\/wp-content\/uploads\/2025\/07\/pontekm78lrg.webp\",\"contentUrl\":\"https:\/\/www.cfm.co.mz\/wp-content\/uploads\/2025\/07\/pontekm78lrg.webp\"},{\"@type\":\"BreadcrumbList\",\"@id\":\"https:\/\/www.cfm.co.mz\/2014\/07\/08\/construcao-da-ponte-ao-km78650-lrg\/#breadcrumb\",\"itemListElement\":[{\"@type\":\"ListItem\",\"position\":1,\"name\":\"Home\",\"item\":\"https:\/\/www.cfm.co.mz\/\"},{\"@type\":\"ListItem\",\"position\":2,\"name\":\"Constru\u00e7\u00e3o da Ponte ao Km78+650 &#8211; LRG\"}]},{\"@type\":\"WebSite\",\"@id\":\"https:\/\/www.cfm.co.mz\/#website\",\"url\":\"https:\/\/www.cfm.co.mz\/\",\"name\":\"CFM - Caminhos De Ferros de Mo\u00e7ambique\",\"description\":\"Ampliando Horizontes\",\"publisher\":{\"@id\":\"https:\/\/www.cfm.co.mz\/#organization\"},\"potentialAction\":[{\"@type\":\"SearchAction\",\"target\":{\"@type\":\"EntryPoint\",\"urlTemplate\":\"https:\/\/www.cfm.co.mz\/?s={search_term_string}\"},\"query-input\":{\"@type\":\"PropertyValueSpecification\",\"valueRequired\":true,\"valueName\":\"search_term_string\"}}],\"inLanguage\":\"en-US\"},{\"@type\":\"Organization\",\"@id\":\"https:\/\/www.cfm.co.mz\/#organization\",\"name\":\"CFM - Caminhos De Ferros de Mo\u00e7ambique\",\"url\":\"https:\/\/www.cfm.co.mz\/\",\"logo\":{\"@type\":\"ImageObject\",\"inLanguage\":\"en-US\",\"@id\":\"https:\/\/www.cfm.co.mz\/#\/schema\/logo\/image\/\",\"url\":\"https:\/\/www.cfm.co.mz\/wp-content\/uploads\/2025\/07\/be5f0679-4f5b-4d02-9719-a26ceed29162.jpg\",\"contentUrl\":\"https:\/\/www.cfm.co.mz\/wp-content\/uploads\/2025\/07\/be5f0679-4f5b-4d02-9719-a26ceed29162.jpg\",\"width\":400,\"height\":65,\"caption\":\"CFM - Caminhos De Ferros de Mo\u00e7ambique\"},\"image\":{\"@id\":\"https:\/\/www.cfm.co.mz\/#\/schema\/logo\/image\/\"},\"sameAs\":[\"https:\/\/www.facebook.com\/CFMMoz\",\"https:\/\/www.linkedin.com\/company\/caminhos-de-ferro-de-moambique\/\"]},{\"@type\":\"Person\",\"@id\":\"https:\/\/www.cfm.co.mz\/#\/schema\/person\/157840ba70f0ef9580e250f10590d7d3\",\"name\":\"admin\",\"image\":{\"@type\":\"ImageObject\",\"inLanguage\":\"en-US\",\"@id\":\"https:\/\/www.cfm.co.mz\/#\/schema\/person\/image\/\",\"url\":\"https:\/\/www.cfm.co.mz\/wp-content\/litespeed\/avatar\/6fd0e3f342694c54b3609d1ca78366af.jpg?ver=1777454772\",\"contentUrl\":\"https:\/\/www.cfm.co.mz\/wp-content\/litespeed\/avatar\/6fd0e3f342694c54b3609d1ca78366af.jpg?ver=1777454772\",\"caption\":\"admin\"},\"sameAs\":[\"http:\/\/www.cfm.co.mz\"],\"url\":\"https:\/\/www.cfm.co.mz\/en\/author\/admin\/\"}]}<\/script>\n<!-- \/ Yoast SEO plugin. -->","yoast_head_json":{"title":"Constru\u00e7\u00e3o da Ponte ao Km78+650 - LRG - CFM - Caminhos De Ferros de Mo\u00e7ambique","robots":{"index":"index","follow":"follow","max-snippet":"max-snippet:-1","max-image-preview":"max-image-preview:large","max-video-preview":"max-video-preview:-1"},"canonical":"https:\/\/www.cfm.co.mz\/en\/2014\/07\/08\/construcao-da-ponte-ao-km78650-lrg\/","og_locale":"en_US","og_type":"article","og_title":"Constru\u00e7\u00e3o da Ponte ao Km78+650 - LRG - CFM - Caminhos De Ferros de Mo\u00e7ambique","og_description":"Trata-se de uma OA com uma extens\u00e3o de 25.00m entre eixos de apoio extremos. Na qual foram constru\u00eddos novos encontros por frente dos anteriores e substitui\u00e7\u00e3o do tabuleiro. O Projecto visou a constru\u00e7\u00e3o de nova ponte ferrovi\u00e1ria com uma capacidade das obras de arte da linha de Ressano Garcia de 18.5 Ton\/eixo para 27 Ton\/eixo, com vista a aumentar o volume de carga manuseada no respectivo corredor. Valor do Contrato: 1.52 milh\u00f5es USDEmpreiteiro: Conduril Engenharia S.AConsultor: CFMCronograma :\u00a0 Junho- Outubro 2014","og_url":"https:\/\/www.cfm.co.mz\/en\/2014\/07\/08\/construcao-da-ponte-ao-km78650-lrg\/","og_site_name":"CFM - Caminhos De Ferros de Mo\u00e7ambique","article_publisher":"https:\/\/www.facebook.com\/CFMMoz","article_published_time":"2014-07-08T07:34:00+00:00","article_modified_time":"2025-07-08T07:37:38+00:00","og_image":[{"url":"https:\/\/www.cfm.co.mz\/wp-content\/uploads\/2025\/07\/pontekm78lrg.webp","type":"","width":"","height":""}],"author":"admin","twitter_card":"summary_large_image","twitter_misc":{"Written by":"admin"},"schema":{"@context":"https:\/\/schema.org","@graph":[{"@type":"Article","@id":"https:\/\/www.cfm.co.mz\/2014\/07\/08\/construcao-da-ponte-ao-km78650-lrg\/#article","isPartOf":{"@id":"https:\/\/www.cfm.co.mz\/2014\/07\/08\/construcao-da-ponte-ao-km78650-lrg\/"},"author":{"name":"admin","@id":"https:\/\/www.cfm.co.mz\/#\/schema\/person\/157840ba70f0ef9580e250f10590d7d3"},"headline":"Constru\u00e7\u00e3o da Ponte ao Km78+650 &#8211; LRG","datePublished":"2014-07-08T07:34:00+00:00","dateModified":"2025-07-08T07:37:38+00:00","mainEntityOfPage":{"@id":"https:\/\/www.cfm.co.mz\/2014\/07\/08\/construcao-da-ponte-ao-km78650-lrg\/"},"wordCount":98,"commentCount":0,"publisher":{"@id":"https:\/\/www.cfm.co.mz\/#organization"},"image":{"@id":"https:\/\/www.cfm.co.mz\/2014\/07\/08\/construcao-da-ponte-ao-km78650-lrg\/#primaryimage"},"thumbnailUrl":"https:\/\/www.cfm.co.mz\/wp-content\/uploads\/2025\/07\/pontekm78lrg.webp","articleSection":["Linhas F\u00e9rreas CFM Sul"],"inLanguage":"en-US","potentialAction":[{"@type":"CommentAction","name":"Comment","target":["https:\/\/www.cfm.co.mz\/2014\/07\/08\/construcao-da-ponte-ao-km78650-lrg\/#respond"]}]},{"@type":"WebPage","@id":"https:\/\/www.cfm.co.mz\/2014\/07\/08\/construcao-da-ponte-ao-km78650-lrg\/","url":"https:\/\/www.cfm.co.mz\/2014\/07\/08\/construcao-da-ponte-ao-km78650-lrg\/","name":"Constru\u00e7\u00e3o da Ponte ao Km78+650 - LRG - CFM - Caminhos De Ferros de Mo\u00e7ambique","isPartOf":{"@id":"https:\/\/www.cfm.co.mz\/#website"},"primaryImageOfPage":{"@id":"https:\/\/www.cfm.co.mz\/2014\/07\/08\/construcao-da-ponte-ao-km78650-lrg\/#primaryimage"},"image":{"@id":"https:\/\/www.cfm.co.mz\/2014\/07\/08\/construcao-da-ponte-ao-km78650-lrg\/#primaryimage"},"thumbnailUrl":"https:\/\/www.cfm.co.mz\/wp-content\/uploads\/2025\/07\/pontekm78lrg.webp","datePublished":"2014-07-08T07:34:00+00:00","dateModified":"2025-07-08T07:37:38+00:00","breadcrumb":{"@id":"https:\/\/www.cfm.co.mz\/2014\/07\/08\/construcao-da-ponte-ao-km78650-lrg\/#breadcrumb"},"inLanguage":"en-US","potentialAction":[{"@type":"ReadAction","target":["https:\/\/www.cfm.co.mz\/2014\/07\/08\/construcao-da-ponte-ao-km78650-lrg\/"]}]},{"@type":"ImageObject","inLanguage":"en-US","@id":"https:\/\/www.cfm.co.mz\/2014\/07\/08\/construcao-da-ponte-ao-km78650-lrg\/#primaryimage","url":"https:\/\/www.cfm.co.mz\/wp-content\/uploads\/2025\/07\/pontekm78lrg.webp","contentUrl":"https:\/\/www.cfm.co.mz\/wp-content\/uploads\/2025\/07\/pontekm78lrg.webp"},{"@type":"BreadcrumbList","@id":"https:\/\/www.cfm.co.mz\/2014\/07\/08\/construcao-da-ponte-ao-km78650-lrg\/#breadcrumb","itemListElement":[{"@type":"ListItem","position":1,"name":"Home","item":"https:\/\/www.cfm.co.mz\/"},{"@type":"ListItem","position":2,"name":"Constru\u00e7\u00e3o da Ponte ao Km78+650 &#8211; LRG"}]},{"@type":"WebSite","@id":"https:\/\/www.cfm.co.mz\/#website","url":"https:\/\/www.cfm.co.mz\/","name":"CFM - Caminhos De Ferros de Mo\u00e7ambique","description":"Ampliando Horizontes","publisher":{"@id":"https:\/\/www.cfm.co.mz\/#organization"},"potentialAction":[{"@type":"SearchAction","target":{"@type":"EntryPoint","urlTemplate":"https:\/\/www.cfm.co.mz\/?s={search_term_string}"},"query-input":{"@type":"PropertyValueSpecification","valueRequired":true,"valueName":"search_term_string"}}],"inLanguage":"en-US"},{"@type":"Organization","@id":"https:\/\/www.cfm.co.mz\/#organization","name":"CFM - Caminhos De Ferros de Mo\u00e7ambique","url":"https:\/\/www.cfm.co.mz\/","logo":{"@type":"ImageObject","inLanguage":"en-US","@id":"https:\/\/www.cfm.co.mz\/#\/schema\/logo\/image\/","url":"https:\/\/www.cfm.co.mz\/wp-content\/uploads\/2025\/07\/be5f0679-4f5b-4d02-9719-a26ceed29162.jpg","contentUrl":"https:\/\/www.cfm.co.mz\/wp-content\/uploads\/2025\/07\/be5f0679-4f5b-4d02-9719-a26ceed29162.jpg","width":400,"height":65,"caption":"CFM - Caminhos De Ferros de Mo\u00e7ambique"},"image":{"@id":"https:\/\/www.cfm.co.mz\/#\/schema\/logo\/image\/"},"sameAs":["https:\/\/www.facebook.com\/CFMMoz","https:\/\/www.linkedin.com\/company\/caminhos-de-ferro-de-moambique\/"]},{"@type":"Person","@id":"https:\/\/www.cfm.co.mz\/#\/schema\/person\/157840ba70f0ef9580e250f10590d7d3","name":"admin","image":{"@type":"ImageObject","inLanguage":"en-US","@id":"https:\/\/www.cfm.co.mz\/#\/schema\/person\/image\/","url":"https:\/\/www.cfm.co.mz\/wp-content\/litespeed\/avatar\/6fd0e3f342694c54b3609d1ca78366af.jpg?ver=1777454772","contentUrl":"https:\/\/www.cfm.co.mz\/wp-content\/litespeed\/avatar\/6fd0e3f342694c54b3609d1ca78366af.jpg?ver=1777454772","caption":"admin"},"sameAs":["http:\/\/www.cfm.co.mz"],"url":"https:\/\/www.cfm.co.mz\/en\/author\/admin\/"}]}},"_links":{"self":[{"href":"https:\/\/www.cfm.co.mz\/en\/wp-json\/wp\/v2\/posts\/13568","targetHints":{"allow":["GET"]}}],"collection":[{"href":"https:\/\/www.cfm.co.mz\/en\/wp-json\/wp\/v2\/posts"}],"about":[{"href":"https:\/\/www.cfm.co.mz\/en\/wp-json\/wp\/v2\/types\/post"}],"author":[{"embeddable":true,"href":"https:\/\/www.cfm.co.mz\/en\/wp-json\/wp\/v2\/users\/1"}],"replies":[{"embeddable":true,"href":"https:\/\/www.cfm.co.mz\/en\/wp-json\/wp\/v2\/comments?post=13568"}],"version-history":[{"count":1,"href":"https:\/\/www.cfm.co.mz\/en\/wp-json\/wp\/v2\/posts\/13568\/revisions"}],"predecessor-version":[{"id":13571,"href":"https:\/\/www.cfm.co.mz\/en\/wp-json\/wp\/v2\/posts\/13568\/revisions\/13571"}],"wp:attachment":[{"href":"https:\/\/www.cfm.co.mz\/en\/wp-json\/wp\/v2\/media?parent=13568"}],"wp:term":[{"taxonomy":"category","embeddable":true,"href":"https:\/\/www.cfm.co.mz\/en\/wp-json\/wp\/v2\/categories?post=13568"},{"taxonomy":"post_tag","embeddable":true,"href":"https:\/\/www.cfm.co.mz\/en\/wp-json\/wp\/v2\/tags?post=13568"}],"curies":[{"name":"wp","href":"https:\/\/api.w.org\/{rel}","templated":true}]}}